{"id":23971,"date":"2020-05-22T07:30:52","date_gmt":"2020-05-22T10:30:52","guid":{"rendered":"https:\/\/www.greenpeace.org\/brasil\/?p=23971"},"modified":"2024-04-03T18:46:57","modified_gmt":"2024-04-03T21:46:57","slug":"o-que-e-biodiversidade-e-quais-as-ameacas","status":"publish","type":"post","link":"https:\/\/www.greenpeace.org\/brasil\/blog\/o-que-e-biodiversidade-e-quais-as-ameacas\/","title":{"rendered":"O que \u00e9 biodiversidade: veja agora e saiba sua import\u00e2ncia"},"content":{"rendered":"\n<p>Saiba o que \u00e9 diversidade biol\u00f3gica e por que temos que fazer escolhas para garantir sua manuten\u00e7\u00e3o.<\/p>\n\n<figure class=\"wp-block-image size-large  caption-style-blue-overlay caption-alignment-center\"><img loading=\"lazy\" decoding=\"async\" width=\"1024\" height=\"683\" src=\"https:\/\/www.greenpeace.org\/static\/planet4-brasil-stateless\/2020\/05\/3db11578-gp0stqgbd_medium_res-1024x683.jpg\" alt=\"\" class=\"wp-image-23972\" srcset=\"https:\/\/www.greenpeace.org\/static\/planet4-brasil-stateless\/2020\/05\/3db11578-gp0stqgbd_medium_res-1024x683.jpg 1024w, https:\/\/www.greenpeace.org\/static\/planet4-brasil-stateless\/2020\/05\/3db11578-gp0stqgbd_medium_res-300x200.jpg 300w, https:\/\/www.greenpeace.org\/static\/planet4-brasil-stateless\/2020\/05\/3db11578-gp0stqgbd_medium_res-768x512.jpg 768w, https:\/\/www.greenpeace.org\/static\/planet4-brasil-stateless\/2020\/05\/3db11578-gp0stqgbd_medium_res-510x340.jpg 510w, https:\/\/www.greenpeace.org\/static\/planet4-brasil-stateless\/2020\/05\/3db11578-gp0stqgbd_medium_res.jpg 1200w\" sizes=\"auto, (max-width: 1024px) 100vw, 1024px\" \/><figcaption class=\"wp-element-caption\">Cuxi\u00fa-preto (Chiropotes satanas) na Amaz\u00f4nia. (foto: Jos\u00e9 Caldas)<\/figcaption><\/figure>\n\n<p>No dia 22 de maio \u00e9 celebrado o Dia Internacional da Biodiversidade, uma data institu\u00edda pela Organiza\u00e7\u00e3o das Na\u00e7\u00f5es Unidas (ONU) para alertar sobre a import\u00e2ncia de proteg\u00ea-la. Mas voc\u00ea sabe o que \u00e9 isso?<\/p>\n\n<h2 class=\"wp-block-heading\">O que \u00e9 biodiversidade?<\/h2>\n\n<p><strong>A biodiversidade, ou diversidade biol\u00f3gica, \u00e9 o conjunto de todos os seres vivos existentes, o que inclui todos os animais, plantas e microrganismos da Terra.<\/strong> E \u00e9 justamente essa diversidade e a intera\u00e7\u00e3o entre essas diferentes esp\u00e9cies que torna nosso planeta t\u00e3o especial.&nbsp;<\/p>\n\n<p>Como explica o <a href=\"https:\/\/brasil.un.org\/pt-br\" target=\"_blank\" rel=\"noreferrer noopener\">site da ONU<\/a>, o ar que respiramos, os alimentos que ingerimos, a energia que usamos e os materiais de que precisamos para todos os fins, s\u00e3o todos frutos da intera\u00e7\u00e3o dessa biodiversidade. Sem as plantas, por exemplo, n\u00e3o ter\u00edamos oxig\u00eanio. <a href=\"https:\/\/www.greenpeace.org\/brasil\/blog\/ainda-ha-tempo-para-salvar-o-reinado-mais-importante-da-natureza\/\" target=\"_blank\" rel=\"noreferrer noopener\">Com o desaparecimento da sabelhas e outros insetos<\/a>, por exemplo, n\u00e3o ter\u00edamos colheitas, n\u00e3o ter\u00edamos comida. Sem os fungos, n\u00e3o ter\u00edamos a decomposi\u00e7\u00e3o e a reciclagem das mat\u00e9rias.&nbsp;<\/p>\n\n<p>Mas estamos colocando esse equil\u00edbrio biol\u00f3gico em grave risco. De acordo com a ONU, cerca de 25% de todas as esp\u00e9cies animais e vegetais do mundo est\u00e3o amea\u00e7adas de extin\u00e7\u00e3o e grande parte desta situa\u00e7\u00e3o pode ser atribu\u00edda diretamente \u00e0 a\u00e7\u00e3o humana.&nbsp;<\/p>\n\n<h2 class=\"wp-block-heading\">Qual \u00e9 o impacto da perda da biodiversidade?<\/h2>\n\n<p>A perda da biodiversidade e a destrui\u00e7\u00e3o do meio ambiente impactam diretamente nossas vidas e, neste momento, estamos vendo um exemplo disso. Quanto mais <a href=\"https:\/\/www.greenpeace.org\/brasil\/blog\/como-o-desmatamento-tem-nos-deixado-mais-doentes\/\" target=\"_blank\" rel=\"noreferrer noopener\">destru\u00edmos ecossistemas naturais, mais facilitamos o aparecimento de doen\u00e7as<\/a>, que podem se transformar em epidemias e pandemias que podem impactar toda a sociedade &#8211; e este fato vem sendo alertado pela ci\u00eancia h\u00e1 anos.&nbsp;<\/p>\n\n<p>Isso porque a transforma\u00e7\u00e3o de paisagens naturais tem feito com que entremos cada vez mais em contato com seres que carregam pat\u00f3genos, que s\u00e3o capazes de afetar a nossa sa\u00fade e causar doen\u00e7as infecciosas.&nbsp;<\/p>\n\n<p>Por outro lado, uma <a href=\"https:\/\/www.greenpeace.org\/brasil\/blog\/saude-que-vem-da-floresta-da-amazonia-para-sua-casa\/\" target=\"_blank\" rel=\"noreferrer noopener\">biodiversidade forte e protegida s\u00f3 traz benef\u00edcios<\/a> ao planeta e a n\u00f3s, seres humanos.<\/p>\n\n<h2 class=\"wp-block-heading\">Quais s\u00e3o as amea\u00e7as \u00e0 biodiversidade?<\/h2>\n\n<h3 class=\"wp-block-heading\">Desmatamento da floresta<\/h3>\n\n<p>No Brasil, a Amaz\u00f4nia, a floresta mais biodiversa do mundo, vem sofrendo impactos severos devido ao avan\u00e7o brutal do desmatamento. De agosto de 2019 a abril de 2020, os alertas de desmatamento indicam a perda de 5.483 km\u00b2 de floresta. Esse \u00e9 o maior \u00edndice dos \u00faltimos cinco anos, e quase o dobro do que o registrado em 2019 no mesmo per\u00edodo.<\/p>\n\n<p>E enquanto o desmatamento avan\u00e7a, vai levando consigo toda a vida e a diversidade da floresta, <a href=\"https:\/\/www.greenpeace.org\/brasil\/protegendo-o-desconhecido\/\">grande parte ainda desconhecida pela ci\u00eancia<\/a>. Quem mora longe da Amaz\u00f4nia pode pensar \u201ce o que isso tem a ver comigo?\u201d. A resposta \u00e9: TUDO! N\u00e3o podemos esquecer que n\u00f3s, como seres vivos, tamb\u00e9m fazemos parte da biodiversidade. Al\u00e9m disso, a Amaz\u00f4nia regula os regimes de chuva e o clima de todo o Brasil.<\/p>\n\n<h3 class=\"wp-block-heading\">A humanidade<\/h3>\n\n<p>Estamos enfrentando uma crise clim\u00e1tica global, e a Terra, nosso planeta, est\u00e1 doente. Uma das principais causas desse mal-estar \u00e9 a maneira abusiva com que interagimos com a natureza. Nossos sistemas produtivos, em muitos aspectos, s\u00e3o a fonte dessa enfermidade. Para reverter esse quadro, ser\u00e1 necess\u00e1rio confrontar essa realidade de frente.<\/p>\n\n<p>Atualmente, o Brasil conta com um um modelo preocupante de produ\u00e7\u00e3o e consumo de commodities. Tal modelo avan\u00e7a sobre nossas florestas, violenta a popula\u00e7\u00e3o do campo, utiliza quantidades alarmantes&nbsp; de agrot\u00f3xicos e concentra poder, terra, renda e influ\u00eancia no cen\u00e1rio pol\u00edtico nacional, <a href=\"https:\/\/www.greenpeace.org\/brasil\/blog\/mp-da-grilagem-vira-pl-da-grilagem-e-ameaca-as-florestas-continua\/\" target=\"_blank\" rel=\"noreferrer noopener\">permitindo que os interesses de poucos sejam facilmente atendidos<\/a>.<\/p>\n\n<p>Aliadas a esse modo de produ\u00e7\u00e3o, est\u00e3o algumas empresas que se tornam c\u00famplices da destrui\u00e7\u00e3o, que nada fazem para mudar essa rota. Pelo contr\u00e1rio: a perpetuam.&nbsp;<\/p>\n\n<p>O Greenpeace Alemanha lan\u00e7ou recentemente um relat\u00f3rio que destaca como estamos \u00e0 merc\u00ea dessas empresas, destacando o envolvimento de duas das principais empresas qu\u00edmicas alem\u00e3s que continuam a lucrar com a venda de agrot\u00f3xicos proibidos na Uni\u00e3o Europeia para o Brasil, apesar dos graves danos que causam \u00e0 biodiversidade.<\/p>\n\n<h2 class=\"wp-block-heading\">Como podemos salvar a biodiversidade?<\/h2>\n\n<p>Se persistirmos no caminho de retrocesso, destrui\u00e7\u00e3o e incentivo ao crime ambiental, como observado em certos governos, especialmente no Brasil em 2020, sem d\u00favida caminharemos rumo a um futuro no qual nossa pr\u00f3pria sobreviv\u00eancia estar\u00e1 em xeque.<\/p>\n\n<p>Ainda temos a oportunidade de reverter esse cen\u00e1rio sombrio e deixar um legado positivo para as futuras gera\u00e7\u00f5es. Podemos optar por <a href=\"https:\/\/www.greenpeace.org\/brasil\/blog\/pesquisar-e-preciso-conheca-os-18-cientistas-contemplados-pelo-edital-do-greenpeace\/\" target=\"_blank\" rel=\"noreferrer noopener\">investir em pesquisas<\/a>, promover a economia baseada na preserva\u00e7\u00e3o das florestas, adotar pr\u00e1ticas agroecol\u00f3gicas e proteger nossos preciosos recursos naturais.<\/p>\n\n<p>H\u00e1 muito tempo, cientistas v\u00eam alertando sobre esses perigos que agora est\u00e3o \u00e0 nossa porta. Vamos ouvi-los agora?<\/p>\n\n<div class=\"wp-block-buttons is-content-justification-center is-layout-flex wp-container-core-buttons-is-layout-16018d1d wp-block-buttons-is-layout-flex\">\n<div class=\"wp-block-button is-style-cta\"><a class=\"wp-block-button__link has-text-align-center wp-element-button\" href=\"https:\/\/www.greenpeace.org.br\/todos-pela-amazonia?_ga=2.87473756.579016606.1706200385-524735937.1700138524\" target=\"_blank\" rel=\"noreferrer noopener\">Ajude a proteger a Amaz\u00f4nia e sua biodiversidade<\/a><\/div>\n<\/div>\n\n<h2 class=\"wp-block-heading\">Biodiversidade: saiba mais sobre o tema<\/h2>\n\n<p>Ao entender o que \u00e9 <a href=\"https:\/\/www.greenpeace.org\/brasil\/informe-se\/amazonia\/biodiversidade\/\" target=\"_blank\" rel=\"noreferrer noopener\">biodiversidade<\/a>, fica mais f\u00e1cil compreender o impacto que ela tem na vida no planeta, de forma ampla. Assim, \u00e9 essencial fazer parte da mobiliza\u00e7\u00e3o para proteg\u00ea-la.<\/p>\n\n<p>O conhecimento \u00e9 um poderoso instrumento nessa&nbsp; luta pela <strong>preserva\u00e7\u00e3o da biodiversidade<\/strong>, impactando positivamente os oceanos, florestas e outros ecossistemas. Por isso, \u00e9 fundamental se aprofundar nas informa\u00e7\u00f5es sobre este tema.&nbsp;<\/p>\n\n<h3 class=\"wp-block-heading\">Por que \u00e9 importante preservar a biodiversidade?<\/h3>\n\n<p><strong>Preservar a biodiversidade \u00e9 preservar a vida<\/strong>, em diferentes n\u00edveis. Ao cuidar da variedade gen\u00e9tica e de esp\u00e9cies, \u00e9 poss\u00edvel evitar consequ\u00eancias ambientais e ter mais resili\u00eancia ambiental. Entenda como isso ocorre!<\/p>\n\n<h4 class=\"wp-block-heading\">Equil\u00edbrio ecol\u00f3gico<\/h4>\n\n<p>A biodiversidade \u00e9 essencial para <strong>manter o equil\u00edbrio ecol\u00f3gico<\/strong>. Afinal, cada ser desempenha uma fun\u00e7\u00e3o indispens\u00e1vel para o bom funcionamento do ecossistema. O impacto em apenas uma esp\u00e9cie pode ser suficiente para afetar todo um ecossistema e as rela\u00e7\u00f5es que existem entre os seres.<\/p>\n\n<p>Ao preservar a biodiversidade, portanto, conseguimos <strong>proteger essas rela\u00e7\u00f5es e seus efeitos<\/strong>. Essa \u00e9 uma forma de garantir a harmonia entre os seres habitantes da Terra.<\/p>\n\n<h4 class=\"wp-block-heading\">Adapta\u00e7\u00e3o a mudan\u00e7as clim\u00e1ticas<\/h4>\n\n<p>Quando a biodiversidade est\u00e1 presente, saud\u00e1vel e preservada, os ambientes <strong>apresentam mais resili\u00eancia \u00e0s mudan\u00e7as<\/strong>. Em um cen\u00e1rio de emerg\u00eancia clim\u00e1tica, preservar a biodiversidade pode ajudar a diminuir a intensidade das mudan\u00e7as, como o aumento das temperaturas ou a ocorr\u00eancia de eventos extremos.<\/p>\n\n<p>Al\u00e9m disso, muitos ecossistemas s\u00e3o capazes de <strong>mitigar impactos de eventos clim\u00e1ticos extremos<\/strong>. Eles podem conseguir absorver melhor um fluxo de chuva mais intenso ou lidar melhor com ciclones, por exemplo.<\/p>\n\n<h4 class=\"wp-block-heading\">Sobreviv\u00eancia humana<\/h4>\n\n<p>Um dos motivos mais inquestion\u00e1veis para atuarmos na prote\u00e7\u00e3o da biodiversidade \u00e9 que ela est\u00e1 diretamente ligada \u00e0 <strong>sobreviv\u00eancia da esp\u00e9cie humana<\/strong>. Para sobrevivermos, precisamos das intera\u00e7\u00f5es finamente equilibradas entre todos os seres, de microrganismos a plantas e animais.<\/p>\n\n<p>Ou seja, proteger a biodiversidade tamb\u00e9m significa nos proteger. Inclusive, a relev\u00e2ncia da biodiversidade vai muito al\u00e9m de quest\u00f5es relacionadas \u00e0 economia ou \u00e0 subsist\u00eancia, pois envolve de forma mais profunda a qualidade de vida e o papel que a esp\u00e9cie humana desempenha nos ecossistemas.<\/p>\n\n<h3 class=\"wp-block-heading\">Quais s\u00e3o as amea\u00e7as \u00e0 biodiversidade?<\/h3>\n\n<p>Apesar de ser essencial cuidar da biodiversidade do planeta, enfrentamos numerosas <strong>amea\u00e7as que afetam as esp\u00e9cies e os ecossistemas.<\/strong> Conhecendo essas amea\u00e7as,&nbsp; torna-se mais claro como agir e quais aspectos precisam ser considerados para proteger a nossa biodiversidade.&nbsp;<\/p>\n\n<p>Veja algumas das principais <strong>amea\u00e7as \u00e0 biodiversidade!<\/strong><\/p>\n\n<ul class=\"wp-block-list\">\n<li><strong>Perda de habitats naturais<\/strong>: esse quadro est\u00e1 ligado \u00e0 destrui\u00e7\u00e3o ou \u00e0 fragmenta\u00e7\u00e3o dos locais em que as esp\u00e9cies vivem naturalmente. Com a destrui\u00e7\u00e3o dos habitats, muitas esp\u00e9cies precisam se deslocar, aumentando a competi\u00e7\u00e3o por recursos e at\u00e9 levando ao processo de extin\u00e7\u00e3o.<\/li>\n\n\n\n<li><strong>Polui\u00e7\u00e3o<\/strong>: subst\u00e2ncias qu\u00edmicas e metais pesados, al\u00e9m de gases do efeito estufa, afetam a biodiversidade. Em muitos casos, o mero contato com a polui\u00e7\u00e3o afeta o comportamento e at\u00e9 mata esp\u00e9cies. Al\u00e9m disso, esse quadro interfere diretamente em comportamentos reprodutivos e migrat\u00f3rios das esp\u00e9cies.<\/li>\n\n\n\n<li><strong>Explora\u00e7\u00e3o excessiva de recursos naturais<\/strong>: essa amea\u00e7a se relaciona \u00e0 explora\u00e7\u00e3o n\u00e3o sustent\u00e1vel de recursos naturais, como a pesca excessiva ou fora das condi\u00e7\u00f5es recomendadas, a explora\u00e7\u00e3o de madeira, a minera\u00e7\u00e3o e outras atividades, impactando popula\u00e7\u00f5es, gerando res\u00edduos e destruindo habitats.<\/li>\n\n\n\n<li><strong>Atua\u00e7\u00e3o de esp\u00e9cies invasoras<\/strong>: a introdu\u00e7\u00e3o de esp\u00e9cies n\u00e3o nativas de plantas e animais em ecossistemas anteriormente equilibrados tamb\u00e9m \u00e9 uma amea\u00e7a. Essas esp\u00e9cies muitas vezes n\u00e3o t\u00eam predadores naturais ou encontram condi\u00e7\u00f5es favor\u00e1veis, inviabilizando a sobreviv\u00eancia das esp\u00e9cies nativas.<\/li>\n\n\n\n<li><strong>Mudan\u00e7as clim\u00e1ticas<\/strong>: a amea\u00e7a causada pelas altera\u00e7\u00f5es clim\u00e1ticas envolve o fato de muitas esp\u00e9cies n\u00e3o conseguirem sobreviver a certas mudan\u00e7as, como o aumento da temperatura dos oceanos. As modifica\u00e7\u00f5es dos padr\u00f5es clim\u00e1ticos podem causar efeitos em comportamentos migrat\u00f3rios e de reprodu\u00e7\u00e3o.<\/li>\n<\/ul>\n\n<h3 class=\"wp-block-heading\">Quais s\u00e3o as consequ\u00eancias da perda de biodiversidade?<\/h3>\n\n<p>Diante da sua relev\u00e2ncia para todas as esp\u00e9cies, a perda da biodiversidade pode causar <strong>graves consequ\u00eancias para ecossistemas variados<\/strong>. Desde a <a href=\"https:\/\/www.greenpeace.org\/brasil\/blog\/seca-na-amazonia\/\" target=\"_blank\" rel=\"noreferrer noopener\">seca na Amaz\u00f4nia<\/a> at\u00e9 a perda de esp\u00e9cies inteiras, os efeitos podem ser catastr\u00f3ficos. Descubra as principais!<\/p>\n\n<h4 class=\"wp-block-heading\">Extin\u00e7\u00e3o de esp\u00e9cies<\/h4>\n\n<p>Um dos principais efeitos da perda de diversidade se relaciona ao <strong>aumento do risco da extin\u00e7\u00e3o de esp\u00e9cies<\/strong>. Como os ecossistemas se tornam mais inst\u00e1veis e h\u00e1 menos equil\u00edbrio entre todos os participantes, pode ocorrer a perda irrepar\u00e1vel e definitiva de muitas esp\u00e9cies.<\/p>\n\n<h4 class=\"wp-block-heading\">Amea\u00e7as \u00e0 seguran\u00e7a alimentar<\/h4>\n\n<p>A perda de biodiversidade tamb\u00e9m pode <strong>comprometer a seguran\u00e7a alimentar de todo o planeta<\/strong>. Com ecossistemas menos diversos, v\u00e1rias esp\u00e9cies de alimentos podem se tornar mais suscet\u00edveis a pragas.<\/p>\n\n<p>Al\u00e9m disso, a quantidade de terras f\u00e9rteis e cultiv\u00e1veis pode se tornar menor, devido \u00e0 desertifica\u00e7\u00e3o de \u00e1reas. Como consequ\u00eancia, muitos alimentos podem deixar de ser produzidos ou a quantidade produzida pode n\u00e3o ser suficiente para alimentar popula\u00e7\u00f5es.<\/p>\n\n<h4 class=\"wp-block-heading\">Riscos para a sa\u00fade humana<\/h4>\n\n<p>A <strong>sa\u00fade humana tamb\u00e9m fica mais suscet\u00edvel<\/strong> diante da perda de biodiversidade. Com um contato cada vez mais profundo com diversos pat\u00f3genos, os riscos de novas pandemias aumentam.<\/p>\n\n<p>A diminui\u00e7\u00e3o da diversidade gen\u00e9tica tamb\u00e9m afeta as pesquisas m\u00e9dicas baseadas em recursos naturais. Com isso, pode ser mais dif\u00edcil criar medicamentos e tratamentos com compostos naturais.<\/p>\n\n<h4 class=\"wp-block-heading\">Intensifica\u00e7\u00e3o das mudan\u00e7as clim\u00e1ticas<\/h4>\n\n<p>Tamb\u00e9m vale considerar que um mundo menos biodiverso fica mais <strong>suscet\u00edvel \u00e0s mudan\u00e7as clim\u00e1ticas<\/strong>, que se tornam mais intensas. O <a href=\"https:\/\/www.greenpeace.org\/brasil\/blog\/desmatamento-na-amazonia\/\" target=\"_blank\" rel=\"noreferrer noopener\">desmatamento na Amaz\u00f4nia<\/a>, por exemplo, pode afetar os regimes de chuvas e causar secas na regi\u00e3o e em todo o Brasil. Logo, ondas de calor tendem a se tornar ainda mais intensas.<\/p>\n\n<p>J\u00e1 a perda de vegeta\u00e7\u00e3o no solo pode aumentar os riscos de enchentes e deslizamentos, devido \u00e0 dificuldade de absor\u00e7\u00e3o da \u00e1gua. Por sua vez, o aumento na temperatura dos oceanos pode potencializar tempestades tropicais e furac\u00f5es, tornando o clima cada vez mais extremo.<\/p>\n\n<h4 class=\"wp-block-heading\">Menor disponibilidade de recursos<\/h4>\n\n<p>No geral, um mundo menos biodiverso \u00e9 um cen\u00e1rio com <strong>menos recursos dispon\u00edveis<\/strong>, e isso afeta todas as esp\u00e9cies, incluindo os humanos. Isso significa maior competi\u00e7\u00e3o entre as esp\u00e9cies por recursos, afetando seus comportamentos.<\/p>\n\n<p>Para os humanos, essa menor disponibilidade ocorre na forma de menos variedade gen\u00e9tica e menos acesso \u00e0 \u00e1gua, comida e terras f\u00e9rteis. Al\u00e9m de causar impactos na economia como um todo, essa quest\u00e3o pode gerar deslocamentos de popula\u00e7\u00f5es inteiras.<\/p>\n\n<h3 class=\"wp-block-heading\">Quais s\u00e3o os desafios para a biodiversidade?<\/h3>\n\n<p>Apesar de a biodiversidade ser essencial para a exist\u00eancia como conhecemos, h\u00e1 diversos desafios enfrentados por ela, o que pode afetar o fino equil\u00edbrio entre ecossistemas. Alguns deles incluem:<\/p>\n\n<ul class=\"wp-block-list\">\n<li>Crescimento populacional e avan\u00e7o da urbaniza\u00e7\u00e3o;<\/li>\n\n\n\n<li>Realiza\u00e7\u00e3o de obras com a desculpa de serem para desenvolvimento social;<\/li>\n\n\n\n<li>Aus\u00eancia de iniciativas relacionadas \u00e0 conserva\u00e7\u00e3o da natureza;<\/li>\n\n\n\n<li>Falta de engajamento de pessoas, empresas e governos para a sua prote\u00e7\u00e3o.<\/li>\n<\/ul>\n\n<p>Tamb\u00e9m vale considerar que as amea\u00e7as podem refor\u00e7ar esses desafios, como \u00e9 o caso da perda de habitat e o ac\u00famulo de polui\u00e7\u00e3o. Sendo assim, \u00e9 fundamental agir tanto para mitigar as amea\u00e7as quanto para superar esses obst\u00e1culos.<\/p>\n\n<h3 class=\"wp-block-heading\">O que podemos fazer para proteger a biodiversidade?<\/h3>\n\n<p>T\u00e3o importante quanto saber o que \u00e9 e <strong>o que amea\u00e7a a biodiversidade<\/strong> \u00e9 entender como preserv\u00e1-la. Afinal, h\u00e1 muito que pode ser feito. Confira quais s\u00e3o as principais iniciativas!<\/p>\n\n<h4 class=\"wp-block-heading\">Pressionar por pol\u00edticas p\u00fablicas mais efetivas<\/h4>\n\n<p>Uma das principais formas de proteger os ecossistemas \u00e9 <strong>pressionar os governos por pol\u00edticas p\u00fablicas ambientais <\/strong>mais efetivas. Isso envolve, por exemplo, a ades\u00e3o a pactos e compromissos para uma atua\u00e7\u00e3o sustent\u00e1vel no longo prazo.<\/p>\n\n<p>Tamb\u00e9m \u00e9 preciso ter leis mais r\u00edgidas contra a degrada\u00e7\u00e3o ambiental e um bom planejamento focado na prote\u00e7\u00e3o cont\u00ednua e ampla da biodiversidade. Somente assim \u00e9 poss\u00edvel mitigar ou evitar a degrada\u00e7\u00e3o dos oceanos e das florestas.<\/p>\n\n<h4 class=\"wp-block-heading\">Acabar com o uso dos combust\u00edveis f\u00f3sseis<\/h4>\n\n<p>\u00c9 essencial ocorrer uma <strong>transi\u00e7\u00e3o energ\u00e9tica para fontes renov\u00e1veis e limpas<\/strong>. Afinal, o uso de combust\u00edveis f\u00f3sseis afeta toda a biodiversidade, em especial pela polui\u00e7\u00e3o gerada e pelos impactos da explora\u00e7\u00e3o de recursos.<\/p>\n\n<p>Com fontes de energia limpa, como a energia solar, e\u00f3lica e de biomassa, \u00e9 poss\u00edvel suprir as necessidades energ\u00e9ticas sem causar danos maiores ao meio ambiente. Nesse sentido, tamb\u00e9m \u00e9 preciso pressionar governos para que os investimentos necess\u00e1rios sejam feitos para essa transi\u00e7\u00e3o ocorrer.<\/p>\n\n<h4 class=\"wp-block-heading\">Transformar os h\u00e1bitos cotidianos<\/h4>\n\n<p>Individualmente, \u00e9 poss\u00edvel ajudar a proteger a biodiversidade ao <strong>mudar os padr\u00f5es de comportamento<\/strong>, em busca de uma atua\u00e7\u00e3o mais sustent\u00e1vel. Diminuir o consumo de carne, por exemplo, \u00e9 uma das respostas de <a href=\"https:\/\/www.greenpeace.org\/brasil\/blog\/como-salvar-a-amazonia\/\" target=\"_blank\" rel=\"noreferrer noopener\">como salvar a Amaz\u00f4nia<\/a>, j\u00e1 que o avan\u00e7o indiscriminado do agroneg\u00f3cio sobre a floresta \u00e9 uma das causas da degrada\u00e7\u00e3o do bioma.<\/p>\n\n<p>Tamb\u00e9m \u00e9 interessante focar em um consumo mais sustent\u00e1vel e consciente. Isso inclui desde comprar alimentos da \u00e9poca e org\u00e2nicos at\u00e9 a redu\u00e7\u00e3o de embalagens desnecess\u00e1rias.<\/p>\n\n<p>Desde que as a\u00e7\u00f5es individuais sejam combinadas a iniciativas coletivas e governamentais, h\u00e1 como contribuir para uma prote\u00e7\u00e3o mais elevada da biodiversidade.<\/p>\n\n<h4 class=\"wp-block-heading\">Apoiar o Greenpeace<\/h4>\n\n<p>O <a href=\"https:\/\/www.greenpeace.org\/\" target=\"_blank\" rel=\"noreferrer noopener\">Greenpeace<\/a> atua de forma comprometida com a prote\u00e7\u00e3o da biodiversidade em diversas esferas. Desde a conscientiza\u00e7\u00e3o e mobiliza\u00e7\u00e3o das pessoas at\u00e9 a apresenta\u00e7\u00e3o de demandas para governos e autoridades, lutamos pela <strong>&nbsp;prote\u00e7\u00e3o das florestas, dos oceanos e de outros ecossistemas<\/strong>.<\/p>\n\n<p>Voc\u00ea pode fazer parte disso: <a href=\"https:\/\/doe.greenpeace.org.br\/doar\/p\" target=\"_blank\" rel=\"noreferrer noopener\">&nbsp;doe e ajude a proteger a Amaz\u00f4nia!<\/a> Participe das nossas iniciativas em busca de um mundo mais justo e sustent\u00e1vel.<\/p>\n\n<p>Ao saber o que \u00e9 e qual a <strong>import\u00e2ncia da biodiversidade<\/strong> para a vida no planeta, fica mais f\u00e1cil entender a necessidade urgente de proteg\u00ea-la. Com as iniciativas individuais e coletivas, podemos cuidar melhor das esp\u00e9cies e dos ecossistemas.<\/p>\n\n<p>Ajude a fazer essa mensagem chegar a mais pessoas. Compartilhe este conte\u00fado!!<\/p>\n","protected":false},"excerpt":{"rendered":"<p>Descubra o que \u00e9 biodiversidade, porque \u00e9 crucial para o equil\u00edbrio ambiental e suas amea\u00e7as. Saiba mais em nosso blog com o Greenpeace Brasil.<\/p>\n","protected":false},"author":24,"featured_media":23974,"comment_status":"open","ping_status":"closed","sticky":false,"template":"","format":"standard","meta":{"ep_exclude_from_search":false,"p4_og_title":"O que \u00e9 biodiversidade? Entenda de uma vez!","p4_og_description":"Descubra o que \u00e9 biodiversidade, porque \u00e9 crucial para o equil\u00edbrio ambiental e suas amea\u00e7as. Saiba mais em nosso blog com o Greenpeace Brasil.","p4_og_image":"","p4_og_image_id":"","p4_seo_canonical_url":"https:\/\/www.greenpeace.org\/brasil\/blog\/o-que-e-biodiversidade-e-quais-as-ameacas\/","p4_campaign_name":"Local Campaign","p4_local_project":"not set","p4_basket_name":"not set","p4_department":"","footnotes":""},"categories":[3],"tags":[22,26],"p4-page-type":[16],"class_list":["post-23971","post","type-post","status-publish","format-standard","has-post-thumbnail","hentry","category-proteja-a-natureza","tag-florestas","tag-biodiversidade","p4-page-type-blog"],"_links":{"self":[{"href":"https:\/\/www.greenpeace.org\/brasil\/wp-json\/wp\/v2\/posts\/23971","targetHints":{"allow":["GET"]}}],"collection":[{"href":"https:\/\/www.greenpeace.org\/brasil\/wp-json\/wp\/v2\/posts"}],"about":[{"href":"https:\/\/www.greenpeace.org\/brasil\/wp-json\/wp\/v2\/types\/post"}],"author":[{"embeddable":true,"href":"https:\/\/www.greenpeace.org\/brasil\/wp-json\/wp\/v2\/users\/24"}],"replies":[{"embeddable":true,"href":"https:\/\/www.greenpeace.org\/brasil\/wp-json\/wp\/v2\/comments?post=23971"}],"version-history":[{"count":18,"href":"https:\/\/www.greenpeace.org\/brasil\/wp-json\/wp\/v2\/posts\/23971\/revisions"}],"predecessor-version":[{"id":52083,"href":"https:\/\/www.greenpeace.org\/brasil\/wp-json\/wp\/v2\/posts\/23971\/revisions\/52083"}],"wp:featuredmedia":[{"embeddable":true,"href":"https:\/\/www.greenpeace.org\/brasil\/wp-json\/wp\/v2\/media\/23974"}],"wp:attachment":[{"href":"https:\/\/www.greenpeace.org\/brasil\/wp-json\/wp\/v2\/media?parent=23971"}],"wp:term":[{"taxonomy":"category","embeddable":true,"href":"https:\/\/www.greenpeace.org\/brasil\/wp-json\/wp\/v2\/categories?post=23971"},{"taxonomy":"post_tag","embeddable":true,"href":"https:\/\/www.greenpeace.org\/brasil\/wp-json\/wp\/v2\/tags?post=23971"},{"taxonomy":"p4-page-type","embeddable":true,"href":"https:\/\/www.greenpeace.org\/brasil\/wp-json\/wp\/v2\/p4-page-type?post=23971"}],"curies":[{"name":"wp","href":"https:\/\/api.w.org\/{rel}","templated":true}]}}