{"id":24029,"date":"2020-05-28T14:43:46","date_gmt":"2020-05-28T17:43:46","guid":{"rendered":"https:\/\/www.greenpeace.org\/brasil\/?p=24029"},"modified":"2020-05-28T14:43:48","modified_gmt":"2020-05-28T17:43:48","slug":"dia-da-biodiversidade-dia-mundial-da-abelha-e-muito-mais-veja-como-foi-a-semana-recorde-de-mobilizacoes","status":"publish","type":"post","link":"https:\/\/www.greenpeace.org\/brasil\/voluntarios\/dia-da-biodiversidade-dia-mundial-da-abelha-e-muito-mais-veja-como-foi-a-semana-recorde-de-mobilizacoes\/","title":{"rendered":"Dia da Biodiversidade, Dia Mundial da Abelha e muito mais: Veja como foi a semana recorde de mobiliza\u00e7\u00f5es"},"content":{"rendered":"\n<h4 class=\"wp-block-heading\"><em>Nos \u00faltimos 7 dias, os volunt\u00e1rios aproveitaram as diversas datas especiais para organizar mais de 15 atividades virtuais diferentes, al\u00e9m de propor engajamento atrav\u00e9s de receitas e tutoriais sustent\u00e1veis <\/em><\/h4>\n\n<p><strong>13\/05 &#8211; 6\u00b0 encontro com comunidades &lt;3<\/strong><\/p>\n\n<p>No nosso \u00faltimo encontro com os voluntas, contamos com a presen\u00e7a de mais de 35 voluntas e do Diogo Gonzaga, membro do Green internacional. Ele compartilhou um pouco da sua trajet\u00f3ria em storytelling e deu dicas para os voluntas sobre como contar uma boa hist\u00f3ria &#8211; e a import\u00e2ncia que isso tem. Os participantes tamb\u00e9m tiveram a oportunidade de realizar um exerc\u00edcio para treinar a comunica\u00e7\u00e3o neste momento em que estamos.\u00a0<\/p>\n\n<figure class=\"wp-block-image size-large is-resized  caption-style-blue-overlay caption-alignment-center\"><img loading=\"lazy\" decoding=\"async\" src=\"https:\/\/www.greenpeace.org\/static\/planet4-brasil-stateless\/2020\/05\/3bf4ca66-comuni-1024x576.png\" alt=\"\" class=\"wp-image-24030\" width=\"591\" height=\"332\" srcset=\"https:\/\/www.greenpeace.org\/static\/planet4-brasil-stateless\/2020\/05\/3bf4ca66-comuni-1024x576.png 1024w, https:\/\/www.greenpeace.org\/static\/planet4-brasil-stateless\/2020\/05\/3bf4ca66-comuni-300x169.png 300w, https:\/\/www.greenpeace.org\/static\/planet4-brasil-stateless\/2020\/05\/3bf4ca66-comuni-768x432.png 768w, https:\/\/www.greenpeace.org\/static\/planet4-brasil-stateless\/2020\/05\/3bf4ca66-comuni-510x287.png 510w, https:\/\/www.greenpeace.org\/static\/planet4-brasil-stateless\/2020\/05\/3bf4ca66-comuni.png 1366w\" sizes=\"auto, (max-width: 591px) 100vw, 591px\" \/><figcaption><div class=\"credit icon-left\"> \u00a9 Greenpeace Brasil<\/div><\/figcaption><\/figure>\n\n<p><strong>20\/05 &#8211; Recep\u00e7\u00e3o Virtual de Macap\u00e1<\/strong><\/p>\n\n<p>Para receber os voluntas novos do grupo, os veteranos de Macap\u00e1 organizaram uma confraterniza\u00e7\u00e3o online para todos se conhecerem melhor e alinharem os objetivos do grupo daqui pra frente.\u00a0<\/p>\n\n<figure class=\"wp-block-image size-large is-resized  caption-style-blue-overlay caption-alignment-center\"><img loading=\"lazy\" decoding=\"async\" src=\"https:\/\/www.greenpeace.org\/static\/planet4-brasil-stateless\/2020\/05\/8149063a-recep\u00e7\u00e3o.png\" alt=\"\" class=\"wp-image-24031\" width=\"601\" height=\"229\" srcset=\"https:\/\/www.greenpeace.org\/static\/planet4-brasil-stateless\/2020\/05\/8149063a-recep\u00e7\u00e3o.png 820w, https:\/\/www.greenpeace.org\/static\/planet4-brasil-stateless\/2020\/05\/8149063a-recep\u00e7\u00e3o-300x114.png 300w, https:\/\/www.greenpeace.org\/static\/planet4-brasil-stateless\/2020\/05\/8149063a-recep\u00e7\u00e3o-768x292.png 768w, https:\/\/www.greenpeace.org\/static\/planet4-brasil-stateless\/2020\/05\/8149063a-recep\u00e7\u00e3o-510x194.png 510w\" sizes=\"auto, (max-width: 601px) 100vw, 601px\" \/><figcaption><div class=\"credit icon-left\"> \u00a9 Grupo de Volunt\u00e1rios do Macap\u00e1<\/div><\/figcaption><\/figure>\n\n<p><strong>20\/05 &#8211; Dia Mundial da Abelha <\/strong><strong>\ud83d\udc1d<\/strong><\/p>\n\n<p>Como data de conscientiza\u00e7\u00e3o da import\u00e2ncia das abelhas no ecossistema, principalmente na poliniza\u00e7\u00e3o para o desenvolvimento sustent\u00e1vel, o Dia Mundial da Abelha busca levar mais informa\u00e7\u00e3o \u00e0s pessoas sobre como tudo no meio ambiente est\u00e1 conectado. Pensando nisso, o grupo do ABC Paulista divulgou a data nas redes sociais:<\/p>\n\n<figure class=\"wp-block-image size-large is-resized  caption-style-blue-overlay caption-alignment-center\"><img loading=\"lazy\" decoding=\"async\" src=\"https:\/\/www.greenpeace.org\/static\/planet4-brasil-stateless\/2020\/05\/72477bfd-abc.png\" alt=\"\" class=\"wp-image-24032\" width=\"400\" height=\"408\" srcset=\"https:\/\/www.greenpeace.org\/static\/planet4-brasil-stateless\/2020\/05\/72477bfd-abc.png 584w, https:\/\/www.greenpeace.org\/static\/planet4-brasil-stateless\/2020\/05\/72477bfd-abc-295x300.png 295w, https:\/\/www.greenpeace.org\/static\/planet4-brasil-stateless\/2020\/05\/72477bfd-abc-334x340.png 334w\" sizes=\"auto, (max-width: 400px) 100vw, 400px\" \/><figcaption><div class=\"credit icon-left\"> \u00a9 Grupo de volunt\u00e1rios do ABC Paulista<\/div><\/figcaption><\/figure>\n\n<p><strong>22\/05 &#8211; Dia Internacional da Biodiversidade&nbsp;<\/strong><\/p>\n\n<p>Com mensagens de mobiliza\u00e7\u00e3o e conscientiza\u00e7\u00e3o da import\u00e2ncia de protegermos nosso ecossistema, v\u00e1rios grupos se engajaram nas redes e no Conex\u00e3o Verde com posts e textos sobre o Dia Internacional da Biodiversidade; olha s\u00f3:\u00a0<\/p>\n\n<figure class=\"wp-block-image size-large is-resized  caption-style-blue-overlay caption-alignment-center\"><img loading=\"lazy\" decoding=\"async\" src=\"https:\/\/www.greenpeace.org\/static\/planet4-brasil-stateless\/2020\/05\/70f1b9d9-manaus-1024x1024.png\" alt=\"\" class=\"wp-image-24033\" width=\"351\" height=\"351\" srcset=\"https:\/\/www.greenpeace.org\/static\/planet4-brasil-stateless\/2020\/05\/70f1b9d9-manaus-1024x1024.png 1024w, https:\/\/www.greenpeace.org\/static\/planet4-brasil-stateless\/2020\/05\/70f1b9d9-manaus-300x300.png 300w, https:\/\/www.greenpeace.org\/static\/planet4-brasil-stateless\/2020\/05\/70f1b9d9-manaus-150x150.png 150w, https:\/\/www.greenpeace.org\/static\/planet4-brasil-stateless\/2020\/05\/70f1b9d9-manaus-768x768.png 768w, https:\/\/www.greenpeace.org\/static\/planet4-brasil-stateless\/2020\/05\/70f1b9d9-manaus-340x340.png 340w, https:\/\/www.greenpeace.org\/static\/planet4-brasil-stateless\/2020\/05\/70f1b9d9-manaus.png 1080w\" sizes=\"auto, (max-width: 351px) 100vw, 351px\" \/><figcaption><div class=\"credit icon-left\"> \u00a9 Grupo de volunt\u00e1rios de Manaus<\/div><\/figcaption><\/figure>\n\n<figure class=\"wp-block-image size-large is-resized  caption-style-blue-overlay caption-alignment-center\"><img loading=\"lazy\" decoding=\"async\" src=\"https:\/\/www.greenpeace.org\/static\/planet4-brasil-stateless\/2020\/05\/bf5d006c-a.png\" alt=\"\" class=\"wp-image-24034\" width=\"450\" height=\"289\" srcset=\"https:\/\/www.greenpeace.org\/static\/planet4-brasil-stateless\/2020\/05\/bf5d006c-a.png 924w, https:\/\/www.greenpeace.org\/static\/planet4-brasil-stateless\/2020\/05\/bf5d006c-a-300x193.png 300w, https:\/\/www.greenpeace.org\/static\/planet4-brasil-stateless\/2020\/05\/bf5d006c-a-768x494.png 768w, https:\/\/www.greenpeace.org\/static\/planet4-brasil-stateless\/2020\/05\/bf5d006c-a-510x328.png 510w\" sizes=\"auto, (max-width: 450px) 100vw, 450px\" \/><figcaption><div class=\"credit icon-left\"> \u00a9 Grupo de volunt\u00e1rios de Bras\u00edlia<\/div><\/figcaption><\/figure>\n\n<p><strong>22\/05 &#8211; Dia do Apicultor&nbsp;<\/strong><\/p>\n\n<p>Para valorizar e lembrar da import\u00e2ncia do trabalho das pessoas dessa \u00e1rea, os voluntas de BH fizeram uma homenagem a todos os apicultores do Brasil.\u00a0<\/p>\n\n<figure class=\"wp-block-image size-large is-resized  caption-style-blue-overlay caption-alignment-center\"><img loading=\"lazy\" decoding=\"async\" src=\"https:\/\/www.greenpeace.org\/static\/planet4-brasil-stateless\/2020\/05\/bb39033f-apicultor-767x1024.jpeg\" alt=\"\" class=\"wp-image-24035\" width=\"376\" height=\"502\" srcset=\"https:\/\/www.greenpeace.org\/static\/planet4-brasil-stateless\/2020\/05\/bb39033f-apicultor-767x1024.jpeg 767w, https:\/\/www.greenpeace.org\/static\/planet4-brasil-stateless\/2020\/05\/bb39033f-apicultor-225x300.jpeg 225w, https:\/\/www.greenpeace.org\/static\/planet4-brasil-stateless\/2020\/05\/bb39033f-apicultor-768x1025.jpeg 768w, https:\/\/www.greenpeace.org\/static\/planet4-brasil-stateless\/2020\/05\/bb39033f-apicultor-255x340.jpeg 255w, https:\/\/www.greenpeace.org\/static\/planet4-brasil-stateless\/2020\/05\/bb39033f-apicultor.jpeg 959w\" sizes=\"auto, (max-width: 376px) 100vw, 376px\" \/><figcaption><div class=\"credit icon-left\"> \u00a9 Grupo de volunt\u00e1rios de Belo Horizonte<\/div><\/figcaption><\/figure>\n\n<p><strong>22\/05 &#8211; Encontro dos Voluntas contra a MP910<\/strong><\/p>\n\n<p>Os grupos de S\u00e3o Lu\u00eds, Macap\u00e1, Manaus e Bel\u00e9m de reuniram atrav\u00e9s do Zoom para conversar sobre a ent\u00e3o MP910, seus malef\u00edcios e atrav\u00e9s de quais formas os voluntas podem se engajar para mobilizar o maior n\u00famero de pessoas poss\u00edvel.\u00a0<\/p>\n\n<figure class=\"wp-block-image size-large is-resized  caption-style-blue-overlay caption-alignment-center\"><img loading=\"lazy\" decoding=\"async\" src=\"https:\/\/www.greenpeace.org\/static\/planet4-brasil-stateless\/2020\/05\/a5ac4423-mesa-virtual.jpg\" alt=\"\" class=\"wp-image-24036\" width=\"454\" height=\"454\" srcset=\"https:\/\/www.greenpeace.org\/static\/planet4-brasil-stateless\/2020\/05\/a5ac4423-mesa-virtual.jpg 800w, https:\/\/www.greenpeace.org\/static\/planet4-brasil-stateless\/2020\/05\/a5ac4423-mesa-virtual-300x300.jpg 300w, https:\/\/www.greenpeace.org\/static\/planet4-brasil-stateless\/2020\/05\/a5ac4423-mesa-virtual-150x150.jpg 150w, https:\/\/www.greenpeace.org\/static\/planet4-brasil-stateless\/2020\/05\/a5ac4423-mesa-virtual-768x768.jpg 768w, https:\/\/www.greenpeace.org\/static\/planet4-brasil-stateless\/2020\/05\/a5ac4423-mesa-virtual-340x340.jpg 340w\" sizes=\"auto, (max-width: 454px) 100vw, 454px\" \/><figcaption><div class=\"credit icon-left\"> \u00a9 Grupo de volunt\u00e1rios de S\u00e3o Lu\u00eds, Macap\u00e1, Manaus e Bel\u00e9m<\/div><\/figcaption><\/figure>\n\n<p><strong>22\/05 &#8211; Live sobre a import\u00e2ncia da sustentabilidade na agricultura\u00a0 \u00a0 \u00a0 \u00a0 <\/strong>\u00a0\u00a0\u00a0\u00a0\u00a0\u00a0\u00a0\u00a0\u00a0\u00a0\u00a0\u00a0\u00a0\u00a0\u00a0\u00a0\u00a0\u00a0\u00a0\u00a0\u00a0\u00a0\u00a0\u00a0\u00a0\u00a0\u00a0\u00a0\u00a0\u00a0\u00a0\u00a0\u00a0\u00a0\u00a0\u00a0\u00a0                             <\/p>\n\n<p>O grupo de Fortaleza continua com as lives semanais, e o tema dessa semana foi a da sustentabilidade na agricultura. Para conversar sobre o assunto, os volunt\u00e1rios convidaram Luiz Tiago, engenheiro agr\u00f4nomo; Alexandre Caique, fundador da Ecoar Sintropia e Maria Vit\u00f3ria, graduanda em agronomia.\u00a0<\/p>\n\n<p><em>*Por problemas t\u00e9cnicos, a live, que estava prevista para acontecer em 20\/05, acabou acontecendo em 22\/05.<\/em><\/p>\n\n<figure class=\"wp-block-image size-large is-resized  caption-style-blue-overlay caption-alignment-center\"><img loading=\"lazy\" decoding=\"async\" src=\"https:\/\/www.greenpeace.org\/static\/planet4-brasil-stateless\/2020\/05\/947c21b3-fortaleza.png\" alt=\"\" class=\"wp-image-24037\" width=\"534\" height=\"336\" srcset=\"https:\/\/www.greenpeace.org\/static\/planet4-brasil-stateless\/2020\/05\/947c21b3-fortaleza.png 910w, https:\/\/www.greenpeace.org\/static\/planet4-brasil-stateless\/2020\/05\/947c21b3-fortaleza-300x189.png 300w, https:\/\/www.greenpeace.org\/static\/planet4-brasil-stateless\/2020\/05\/947c21b3-fortaleza-768x484.png 768w, https:\/\/www.greenpeace.org\/static\/planet4-brasil-stateless\/2020\/05\/947c21b3-fortaleza-510x322.png 510w\" sizes=\"auto, (max-width: 534px) 100vw, 534px\" \/><figcaption><div class=\"credit icon-left\"> \u00a9 Grupo de volunt\u00e1rios de Fortaleza<\/div><\/figcaption><\/figure>\n\n<p><strong>23\/05 &#8211; Dia da Tartaruga \u00a0 \u00a0 \u00a0 \u00a0 <\/strong>\u00a0\u00a0\u00a0\u00a0\u00a0\u00a0\u00a0\u00a0\u00a0\u00a0\u00a0\u00a0\u00a0\u00a0\u00a0\u00a0\u00a0\u00a0\u00a0\u00a0\u00a0\u00a0\u00a0\u00a0\u00a0\u00a0\u00a0\u00a0\u00a0\u00a0\u00a0\u00a0\u00a0\u00a0\u00a0\u00a0\u00a0\u00a0\u00a0\u00a0\u00a0\u00a0\u00a0\u00a0\u00a0\u00a0\u00a0\u00a0\u00a0\u00a0\u00a0\u00a0\u00a0\u00a0\u00a0\u00a0\u00a0\u00a0\u00a0\u00a0\u00a0\u00a0\u00a0\u00a0\u00a0\u00a0\u00a0\u00a0\u00a0\u00a0\u00a0\u00a0\u00a0\u00a0\u00a0\u00a0\u00a0\u00a0\u00a0\u00a0\u00a0\u00a0\u00a0\u00a0\u00a0\u00a0\u00a0\u00a0\u00a0\u00a0\u00a0\u00a0\u00a0\u00a0\u00a0\u00a0\u00a0\u00a0                                              <\/p>\n\n<p>Para informar sobre a import\u00e2ncia das tartarugas para a regula\u00e7\u00e3o do nosso ecossistema e explicar como podemos proteg\u00ea-las da extin\u00e7\u00e3o, os voluntas de Bras\u00edlia postaram conte\u00fados de mobiliza\u00e7\u00e3o:\u00a0<\/p>\n\n<figure class=\"wp-block-image size-large is-resized  caption-style-blue-overlay caption-alignment-center\"><img loading=\"lazy\" decoding=\"async\" src=\"https:\/\/www.greenpeace.org\/static\/planet4-brasil-stateless\/2020\/05\/78393a4e-tartaruga.png\" alt=\"\" class=\"wp-image-24038\" width=\"548\" height=\"352\" srcset=\"https:\/\/www.greenpeace.org\/static\/planet4-brasil-stateless\/2020\/05\/78393a4e-tartaruga.png 924w, https:\/\/www.greenpeace.org\/static\/planet4-brasil-stateless\/2020\/05\/78393a4e-tartaruga-300x193.png 300w, https:\/\/www.greenpeace.org\/static\/planet4-brasil-stateless\/2020\/05\/78393a4e-tartaruga-768x494.png 768w, https:\/\/www.greenpeace.org\/static\/planet4-brasil-stateless\/2020\/05\/78393a4e-tartaruga-510x328.png 510w\" sizes=\"auto, (max-width: 548px) 100vw, 548px\" \/><figcaption><div class=\"credit icon-left\"> \u00a9 Grupo de volunt\u00e1rios de Bras\u00edlia<\/div><\/figcaption><\/figure>\n\n<p><strong>24\/05 &#8211; Cine Debate &#8211; Ser T\u00e3o Velho Cerrado \u00a0 \u00a0 \u00a0 \u00a0 \u00a0 \u00a0 \u00a0 \u00a0 \u00a0 \u00a0 \u00a0 \u00a0 \u00a0 \u00a0 \u00a0 \u00a0 \u00a0 \u00a0 \u00a0 \u00a0 \u00a0 \u00a0 \u00a0 \u00a0 \u00a0 \u00a0 \u00a0 \u00a0 \u00a0 <\/strong>                                                          <\/p>\n\n<p>Dando sequ\u00eancia aos encontrinhos virtuais, o grupo de Bras\u00edlia resolveu se reunir atrav\u00e9s do Zoom para discutir sobre o filme \u201cSer T\u00e3o Velho Cerrado\u201d e debater sobre desmatamento e a perspectiva das pessoas que vivem nessa realidade. Os voluntas tamb\u00e9m fizeram a apresenta\u00e7\u00e3o do relat\u00f3rio \u201cSegure a Linha\u201d, que tr\u00e1s importantes dados sobre o avan\u00e7o da fronteira agropecu\u00e1ria no Cerrado.<\/p>\n\n<p>\u00a0Se estiver afim de assistir este filme tamb\u00e9m \u00e9 s\u00f3 clicar<a href=\"https:\/\/www.youtube.com\/watch?v=5BZoEyBvXpc&amp;t=186s\"> <strong>aqui<\/strong><\/a> \ud83d\ude42\u00a0<\/p>\n\n<figure class=\"wp-block-image size-large is-resized  caption-style-blue-overlay caption-alignment-center\"><img loading=\"lazy\" decoding=\"async\" src=\"https:\/\/www.greenpeace.org\/static\/planet4-brasil-stateless\/2020\/05\/9569a2ee-cine-debate.jpg\" alt=\"\" class=\"wp-image-24039\" width=\"370\" height=\"370\" srcset=\"https:\/\/www.greenpeace.org\/static\/planet4-brasil-stateless\/2020\/05\/9569a2ee-cine-debate.jpg 300w, https:\/\/www.greenpeace.org\/static\/planet4-brasil-stateless\/2020\/05\/9569a2ee-cine-debate-150x150.jpg 150w\" sizes=\"auto, (max-width: 370px) 100vw, 370px\" \/><figcaption><div class=\"credit icon-left\"> \u00a9 Reproduc\u00e7\u00e3o\/AdoroCinema<\/div><\/figcaption><\/figure>\n\n<p><strong>24\/05 &#8211; Reuni\u00e3o online &#8211; Salvador\u00a0 \u00a0 \u00a0 \u00a0 \u00a0 \u00a0 \u00a0 \u00a0 \u00a0 \u00a0 \u00a0 \u00a0 \u00a0 \u00a0 \u00a0 \u00a0 \u00a0 \u00a0 \u00a0 \u00a0 \u00a0 \u00a0 \u00a0 \u00a0 \u00a0 \u00a0 \u00a0 \u00a0 \u00a0 \u00a0 \u00a0 \u00a0 \u00a0 \u00a0 \u00a0 \u00a0 \u00a0 \u00a0      \u00a0                                                        <\/strong><\/p>\n\n<p>Para debater temas como o processo seletivo, grupo de estudos, programa\u00e7\u00e3o das atividades do m\u00eas e pr\u00f3ximas reuni\u00f5es, o grupo de Salvador se reuniu online.<\/p>\n\n<figure class=\"wp-block-image size-large is-resized  caption-style-blue-overlay caption-alignment-center\"><img loading=\"lazy\" decoding=\"async\" src=\"https:\/\/www.greenpeace.org\/static\/planet4-brasil-stateless\/2020\/05\/8f7798c6-salvador-1024x513.png\" alt=\"\" class=\"wp-image-24040\" width=\"401\" height=\"201\" srcset=\"https:\/\/www.greenpeace.org\/static\/planet4-brasil-stateless\/2020\/05\/8f7798c6-salvador-1024x513.png 1024w, https:\/\/www.greenpeace.org\/static\/planet4-brasil-stateless\/2020\/05\/8f7798c6-salvador-300x150.png 300w, https:\/\/www.greenpeace.org\/static\/planet4-brasil-stateless\/2020\/05\/8f7798c6-salvador-768x385.png 768w, https:\/\/www.greenpeace.org\/static\/planet4-brasil-stateless\/2020\/05\/8f7798c6-salvador-510x255.png 510w, https:\/\/www.greenpeace.org\/static\/planet4-brasil-stateless\/2020\/05\/8f7798c6-salvador.png 1182w\" sizes=\"auto, (max-width: 401px) 100vw, 401px\" \/><figcaption><div class=\"credit icon-left\"> \u00a9 Grupo de volunt\u00e1rios de Salvador<\/div><\/figcaption><\/figure>\n\n<p><strong>25\/05 &#8211; Dia do Trabalhador Rural\u00a0 <\/strong>\u00a0\u00a0\u00a0\u00a0\u00a0\u00a0\u00a0\u00a0\u00a0\u00a0\u00a0\u00a0\u00a0\u00a0\u00a0\u00a0\u00a0\u00a0\u00a0\u00a0\u00a0\u00a0\u00a0\u00a0\u00a0\u00a0\u00a0\u00a0\u00a0\u00a0\u00a0\u00a0\u00a0\u00a0\u00a0\u00a0\u00a0\u00a0\u00a0\u00a0\u00a0\u00a0\u00a0\u00a0\u00a0\u00a0\u00a0\u00a0\u00a0\u00a0\u00a0\u00a0\u00a0\u00a0\u00a0\u00a0\u00a0\u00a0\u00a0\u00a0\u00a0\u00a0\u00a0\u00a0\u00a0\u00a0\u00a0\u00a0\u00a0\u00a0\u00a0\u00a0\u00a0\u00a0\u00a0\u00a0\u00a0\u00a0\u00a0\u00a0\u00a0\u00a0\u00a0\u00a0\u00a0\u00a0\u00a0\u00a0\u00a0\u00a0\u00a0\u00a0\u00a0                                         \u00a0<\/p>\n\n<p>Para homenagear todos os trabalhadores rurais do Brasil, o grupo de Bras\u00edlia e Goi\u00e2nia tamb\u00e9m mobilizaram as redes sociais com textos e imagens:<\/p>\n\n<figure class=\"wp-block-image size-large is-resized  caption-style-blue-overlay caption-alignment-center\"><img loading=\"lazy\" decoding=\"async\" src=\"https:\/\/www.greenpeace.org\/static\/planet4-brasil-stateless\/2020\/05\/e8d9ccac-rural.png\" alt=\"\" class=\"wp-image-24041\" width=\"475\" height=\"302\" srcset=\"https:\/\/www.greenpeace.org\/static\/planet4-brasil-stateless\/2020\/05\/e8d9ccac-rural.png 906w, https:\/\/www.greenpeace.org\/static\/planet4-brasil-stateless\/2020\/05\/e8d9ccac-rural-300x191.png 300w, https:\/\/www.greenpeace.org\/static\/planet4-brasil-stateless\/2020\/05\/e8d9ccac-rural-768x488.png 768w, https:\/\/www.greenpeace.org\/static\/planet4-brasil-stateless\/2020\/05\/e8d9ccac-rural-510x324.png 510w\" sizes=\"auto, (max-width: 475px) 100vw, 475px\" \/><figcaption><div class=\"credit icon-left\"> \u00a9 Grupo de volunt\u00e1rios de Bras\u00edlia<\/div><\/figcaption><\/figure>\n\n<figure class=\"wp-block-image size-large is-resized  caption-style-blue-overlay caption-alignment-center\"><img loading=\"lazy\" decoding=\"async\" src=\"https:\/\/www.greenpeace.org\/static\/planet4-brasil-stateless\/2020\/05\/5644400e-dvg.png\" alt=\"\" class=\"wp-image-24042\" width=\"480\" height=\"304\" srcset=\"https:\/\/www.greenpeace.org\/static\/planet4-brasil-stateless\/2020\/05\/5644400e-dvg.png 922w, https:\/\/www.greenpeace.org\/static\/planet4-brasil-stateless\/2020\/05\/5644400e-dvg-300x190.png 300w, https:\/\/www.greenpeace.org\/static\/planet4-brasil-stateless\/2020\/05\/5644400e-dvg-768x486.png 768w, https:\/\/www.greenpeace.org\/static\/planet4-brasil-stateless\/2020\/05\/5644400e-dvg-510x323.png 510w\" sizes=\"auto, (max-width: 480px) 100vw, 480px\" \/><figcaption><div class=\"credit icon-left\"> \u00a9 Grupo de volunt\u00e1rios de Goi\u00e2nia<\/div><\/figcaption><\/figure>\n\n<p><strong>Mobiliza\u00e7\u00e3o contra a PL2633 \u00a0 \u00a0 \u00a0 \u00a0 \u00a0 \u00a0 \u00a0 \u00a0 \u00a0 \u00a0 \u00a0 \u00a0 \u00a0 \u00a0 \u00a0 \u00a0 \u00a0 \u00a0 \u00a0 \u00a0 \u00a0 \u00a0 \u00a0 \u00a0 \u00a0 \u00a0 \u00a0 \u00a0 \u00a0 \u00a0 \u00a0 \u00a0 \u00a0 \u00a0 \u00a0 \u00a0 \u00a0 \u00a0 \u00a0 \u00a0                                                        \u00a0 <\/strong><\/p>\n\n<p>Sabendo da import\u00e2ncia de n\u00e3o pararmos &#8211; principalmente agora &#8211; de nos mobilizar contra a PL2633, os volunt\u00e1rios de todo o Brasil continuam super engajados nas redes sociais. Como exemplo, estas foram as mobiliza\u00e7\u00f5es de S\u00e3o Paulo e Bel\u00e9m:<\/p>\n\n<figure class=\"wp-block-image size-large is-resized  caption-style-blue-overlay caption-alignment-center\"><img loading=\"lazy\" decoding=\"async\" src=\"https:\/\/www.greenpeace.org\/static\/planet4-brasil-stateless\/2020\/05\/fb437608-sp.png\" alt=\"\" class=\"wp-image-24043\" width=\"467\" height=\"460\" srcset=\"https:\/\/www.greenpeace.org\/static\/planet4-brasil-stateless\/2020\/05\/fb437608-sp.png 594w, https:\/\/www.greenpeace.org\/static\/planet4-brasil-stateless\/2020\/05\/fb437608-sp-300x295.png 300w, https:\/\/www.greenpeace.org\/static\/planet4-brasil-stateless\/2020\/05\/fb437608-sp-346x340.png 346w\" sizes=\"auto, (max-width: 467px) 100vw, 467px\" \/><figcaption><div class=\"credit icon-left\"> \u00a9 Grupo de volunt\u00e1rios de S\u00e3o Paulo<\/div><\/figcaption><\/figure>\n\n<figure class=\"wp-block-image size-large is-resized  caption-style-blue-overlay caption-alignment-center\"><img loading=\"lazy\" decoding=\"async\" src=\"https:\/\/www.greenpeace.org\/static\/planet4-brasil-stateless\/2020\/05\/40c1d2f8-belem.png\" alt=\"\" class=\"wp-image-24044\" width=\"471\" height=\"415\" srcset=\"https:\/\/www.greenpeace.org\/static\/planet4-brasil-stateless\/2020\/05\/40c1d2f8-belem.png 588w, https:\/\/www.greenpeace.org\/static\/planet4-brasil-stateless\/2020\/05\/40c1d2f8-belem-300x264.png 300w, https:\/\/www.greenpeace.org\/static\/planet4-brasil-stateless\/2020\/05\/40c1d2f8-belem-386x340.png 386w\" sizes=\"auto, (max-width: 471px) 100vw, 471px\" \/><figcaption><div class=\"credit icon-left\"> \u00a9 Grupo de volunt\u00e1rios de Bel\u00e9m<\/div><\/figcaption><\/figure>\n\n<p><strong>Tutorial &#8211; Como fazer vasinhos com garrafa pet &lt;3\u00a0 \u00a0 \u00a0 \u00a0 \u00a0 \u00a0 \u00a0 \u00a0 \u00a0 \u00a0 \u00a0 \u00a0 \u00a0 \u00a0 \u00a0 \u00a0 \u00a0 \u00a0 \u00a0 \u00a0 \u00a0 \u00a0 \u00a0 \u00a0 \u00a0 \u00a0 \u00a0 <\/strong>                                                      <\/p>\n\n<p>O grupo de volunt\u00e1rios do ABC Paulista come\u00e7ou uma s\u00e9rie no instagram sobre reciclagem, e o primeiro epis\u00f3dio foi sobre como transformar aquele monte de garrafas pet que a gente usa em vasinhos fofos.<\/p>\n\n<p><em>Pra quem quiser ver, o passo a passo est\u00e1 <\/em><a href=\"https:\/\/www.instagram.com\/p\/CAd1djmDzkm\/\"><em>aqui.<\/em><\/a><\/p>\n\n<figure class=\"wp-block-image size-large is-resized  caption-style-blue-overlay caption-alignment-center\"><img loading=\"lazy\" decoding=\"async\" src=\"https:\/\/www.greenpeace.org\/static\/planet4-brasil-stateless\/2020\/05\/7abcd7c2-igtv.png\" alt=\"\" class=\"wp-image-24045\" width=\"513\" height=\"434\" srcset=\"https:\/\/www.greenpeace.org\/static\/planet4-brasil-stateless\/2020\/05\/7abcd7c2-igtv.png 700w, https:\/\/www.greenpeace.org\/static\/planet4-brasil-stateless\/2020\/05\/7abcd7c2-igtv-300x254.png 300w, https:\/\/www.greenpeace.org\/static\/planet4-brasil-stateless\/2020\/05\/7abcd7c2-igtv-402x340.png 402w\" sizes=\"auto, (max-width: 513px) 100vw, 513px\" \/><figcaption><div class=\"credit icon-left\"> \u00a9 Grupo de volunt\u00e1rios do ABC Paulista<\/div><\/figcaption><\/figure>\n\n<p><strong>#Tbt &#8211; Aterrar Pra Qu\u00ea &#8211; Fortaleza\u00a0 \u00a0 \u00a0 \u00a0 \u00a0 \u00a0 \u00a0 \u00a0 \u00a0 \u00a0 \u00a0 \u00a0 \u00a0 \u00a0 \u00a0 \u00a0 \u00a0 \u00a0 \u00a0 \u00a0 \u00a0 \u00a0 \u00a0 \u00a0 \u00a0 \u00a0 \u00a0 \u00a0 \u00a0 \u00a0 \u00a0 \u00a0 \u00a0 \u00a0 \u00a0 \u00a0 \u00a0 \u00a0 \u00a0 <\/strong>                                                         <\/p>\n\n<p>Essa semana nosso volunta Paulo, de Fortaleza, nos lembrou de um momento muito marcante para o grupo em 2019 &#8211; o Aterrar Pra Qu\u00ea. Esse movimento defende a preserva\u00e7\u00e3o de esp\u00e9cies marinhas que vivem nas proximidades da Orla de Fortaleza. No dia retratado, os voluntas se reuniram para ir \u00e0 praia com dizeres do projeto e conscientizar as pessoas que estavam por l\u00e1.\u00a0<\/p>\n\n<figure class=\"wp-block-image size-large is-resized  caption-style-blue-overlay caption-alignment-center\"><img loading=\"lazy\" decoding=\"async\" src=\"https:\/\/www.greenpeace.org\/static\/planet4-brasil-stateless\/2020\/05\/0ca26ece-tbt-1024x767.jpg\" alt=\"\" class=\"wp-image-24046\" width=\"541\" height=\"405\" srcset=\"https:\/\/www.greenpeace.org\/static\/planet4-brasil-stateless\/2020\/05\/0ca26ece-tbt-1024x767.jpg 1024w, https:\/\/www.greenpeace.org\/static\/planet4-brasil-stateless\/2020\/05\/0ca26ece-tbt-300x225.jpg 300w, https:\/\/www.greenpeace.org\/static\/planet4-brasil-stateless\/2020\/05\/0ca26ece-tbt-768x575.jpg 768w, https:\/\/www.greenpeace.org\/static\/planet4-brasil-stateless\/2020\/05\/0ca26ece-tbt-454x340.jpg 454w, https:\/\/www.greenpeace.org\/static\/planet4-brasil-stateless\/2020\/05\/0ca26ece-tbt.jpg 1080w\" sizes=\"auto, (max-width: 541px) 100vw, 541px\" \/><figcaption><div class=\"credit icon-left\"> \u00a9 Grupo de volunt\u00e1rios de Fortaleza<\/div><\/figcaption><\/figure>\n\n<p><strong>Fique em casa &#8211; Navegantes &lt;3\u00a0 \u00a0 \u00a0 \u00a0 \u00a0 \u00a0 \u00a0 \u00a0 \u00a0 \u00a0 \u00a0 \u00a0 \u00a0 \u00a0 \u00a0 \u00a0 \u00a0 \u00a0 \u00a0 \u00a0 \u00a0 \u00a0 \u00a0 \u00a0 \u00a0 \u00a0 \u00a0 \u00a0 \u00a0 \u00a0 \u00a0 \u00a0 \u00a0 \u00a0 \u00a0 \u00a0 \u00a0 \u00a0 \u00a0 \u00a0 \u00a0 \u00a0 \u00a0 \u00a0 \u00a0 \u00a0 \u00a0 <\/strong>                                              <\/p>\n\n<p>Com o objetivo de mobilizar do melhor jeito as pessoas para que fiquem em casa, os voluntas de Navegantes gravaram um v\u00eddeo incentivando as pessoas a se cuidarem e usarem m\u00e1scara. O v\u00eddeo est\u00e1 dispon\u00edvel <a href=\"https:\/\/www.instagram.com\/p\/CARG-glH9i1\/\">aqui.<\/a> \ud83d\ude42\u00a0<\/p>\n\n<figure class=\"wp-block-image size-large is-resized  caption-style-blue-overlay caption-alignment-center\"><img loading=\"lazy\" decoding=\"async\" src=\"https:\/\/www.greenpeace.org\/static\/planet4-brasil-stateless\/2020\/05\/658ff941-navegantes.png\" alt=\"\" class=\"wp-image-24047\" width=\"441\" height=\"424\" srcset=\"https:\/\/www.greenpeace.org\/static\/planet4-brasil-stateless\/2020\/05\/658ff941-navegantes.png 592w, https:\/\/www.greenpeace.org\/static\/planet4-brasil-stateless\/2020\/05\/658ff941-navegantes-300x289.png 300w, https:\/\/www.greenpeace.org\/static\/planet4-brasil-stateless\/2020\/05\/658ff941-navegantes-353x340.png 353w\" sizes=\"auto, (max-width: 441px) 100vw, 441px\" \/><figcaption><div class=\"credit icon-left\"> \u00a9 Grupo de volunt\u00e1rios de Navegantes<\/div><\/figcaption><\/figure>\n\n<p><strong>Segunda Sem Carne &lt;3\u00a0 \u00a0 \u00a0 \u00a0 \u00a0 \u00a0 \u00a0 \u00a0 \u00a0 \u00a0 \u00a0 \u00a0 \u00a0 \u00a0 \u00a0 \u00a0 \u00a0 \u00a0 \u00a0 \u00a0 \u00a0 \u00a0 \u00a0 \u00a0 \u00a0 \u00a0 \u00a0 \u00a0 \u00a0 \u00a0 \u00a0 \u00a0 \u00a0 \u00a0 \u00a0 \u00a0 \u00a0 \u00a0 \u00a0 \u00a0 \u00a0 \u00a0 \u00a0 \u00a0 \u00a0 \u00a0 \u00a0 \u00a0 \u00a0 \u00a0 <\/strong>                                                                A receitinha gostosa e saud\u00e1vel dessa semana foi compartilhada pelo grupo de Bras\u00edlia! Eles ensinaram a fazer um cuscuz vegano \ud83d\ude42\u00a0<\/p>\n\n<figure class=\"wp-block-image size-large is-resized  caption-style-blue-overlay caption-alignment-center\"><img loading=\"lazy\" decoding=\"async\" src=\"https:\/\/www.greenpeace.org\/static\/planet4-brasil-stateless\/2020\/05\/5da219a9-segunda-sem-carne.png\" alt=\"\" class=\"wp-image-24048\" width=\"558\" height=\"358\" srcset=\"https:\/\/www.greenpeace.org\/static\/planet4-brasil-stateless\/2020\/05\/5da219a9-segunda-sem-carne.png 926w, https:\/\/www.greenpeace.org\/static\/planet4-brasil-stateless\/2020\/05\/5da219a9-segunda-sem-carne-300x192.png 300w, https:\/\/www.greenpeace.org\/static\/planet4-brasil-stateless\/2020\/05\/5da219a9-segunda-sem-carne-768x493.png 768w, https:\/\/www.greenpeace.org\/static\/planet4-brasil-stateless\/2020\/05\/5da219a9-segunda-sem-carne-510x327.png 510w\" sizes=\"auto, (max-width: 558px) 100vw, 558px\" \/><figcaption><div class=\"credit icon-left\"> \u00a9 Grupo de volunt\u00e1rios de Bras\u00edlia<\/div><\/figcaption><\/figure>\n\n<p><strong>Seguiremos atualizando e apoiando os grupos, afinal, estamos todes juntos nessa \ud83d\ude42<\/strong><\/p>\n","protected":false},"excerpt":{"rendered":"<p>Nos \u00faltimos 7 dias, os voluntas aproveitaram as diversas datas especiais para organizar mais de 15 atividades virtuais diferentes, al\u00e9m de inovar nas formas de engajar e int<\/p>\n","protected":false},"author":66,"featured_media":24043,"comment_status":"open","ping_status":"closed","sticky":false,"template":"","format":"standard","meta":{"ep_exclude_from_search":false,"p4_og_title":"","p4_og_description":"","p4_og_image":"","p4_og_image_id":"","p4_seo_canonical_url":"","p4_campaign_name":"not set","p4_local_project":"not set","p4_basket_name":"not set","p4_department":"","footnotes":""},"categories":[4],"tags":[23],"p4-page-type":[38],"class_list":["post-24029","post","type-post","status-publish","format-standard","has-post-thumbnail","hentry","category-ativismo","tag-mobilizacao","p4-page-type-voluntarios"],"_links":{"self":[{"href":"https:\/\/www.greenpeace.org\/brasil\/wp-json\/wp\/v2\/posts\/24029","targetHints":{"allow":["GET"]}}],"collection":[{"href":"https:\/\/www.greenpeace.org\/brasil\/wp-json\/wp\/v2\/posts"}],"about":[{"href":"https:\/\/www.greenpeace.org\/brasil\/wp-json\/wp\/v2\/types\/post"}],"author":[{"embeddable":true,"href":"https:\/\/www.greenpeace.org\/brasil\/wp-json\/wp\/v2\/users\/66"}],"replies":[{"embeddable":true,"href":"https:\/\/www.greenpeace.org\/brasil\/wp-json\/wp\/v2\/comments?post=24029"}],"version-history":[{"count":6,"href":"https:\/\/www.greenpeace.org\/brasil\/wp-json\/wp\/v2\/posts\/24029\/revisions"}],"predecessor-version":[{"id":24056,"href":"https:\/\/www.greenpeace.org\/brasil\/wp-json\/wp\/v2\/posts\/24029\/revisions\/24056"}],"wp:featuredmedia":[{"embeddable":true,"href":"https:\/\/www.greenpeace.org\/brasil\/wp-json\/wp\/v2\/media\/24043"}],"wp:attachment":[{"href":"https:\/\/www.greenpeace.org\/brasil\/wp-json\/wp\/v2\/media?parent=24029"}],"wp:term":[{"taxonomy":"category","embeddable":true,"href":"https:\/\/www.greenpeace.org\/brasil\/wp-json\/wp\/v2\/categories?post=24029"},{"taxonomy":"post_tag","embeddable":true,"href":"https:\/\/www.greenpeace.org\/brasil\/wp-json\/wp\/v2\/tags?post=24029"},{"taxonomy":"p4-page-type","embeddable":true,"href":"https:\/\/www.greenpeace.org\/brasil\/wp-json\/wp\/v2\/p4-page-type?post=24029"}],"curies":[{"name":"wp","href":"https:\/\/api.w.org\/{rel}","templated":true}]}}