{"id":24332,"date":"2020-06-13T13:37:51","date_gmt":"2020-06-13T16:37:51","guid":{"rendered":"https:\/\/www.greenpeace.org\/brasil\/?p=24332"},"modified":"2022-03-04T10:02:19","modified_gmt":"2022-03-04T13:02:19","slug":"as-arvores-somos-nozes-30-asas-da-emergencia-uma-rede-de-solidariedade-aos-povos-indigenas","status":"publish","type":"post","link":"https:\/\/www.greenpeace.org\/brasil\/podcast\/as-arvores-somos-nozes-30-asas-da-emergencia-uma-rede-de-solidariedade-aos-povos-indigenas\/","title":{"rendered":"As \u00c1rvores Somos Nozes 30 &#8211; Asas da Emerg\u00eancia, uma rede de solidariedade aos povos ind\u00edgenas"},"content":{"rendered":"\n<h4 class=\"wp-block-heading\"><br>Neste epis\u00f3dio, tratamos de um projeto que est\u00e1 levando equipamentos m\u00e9dicos e de higiene para comunidades remotas impactadas com a pandemia do novo coronav\u00edrus.<\/h4>\n\n<iframe loading=\"lazy\" src=\"https:\/\/anchor.fm\/as-arvores\/embed\/episodes\/30---Asas-da-Emergncia--uma-rede-de-solidariedade-aos-povos-indgenas-ep7s19\" height=\"120px\" width=\"700px\" frameborder=\"0\" scrolling=\"no\"><\/iframe>\n\n<p>Em uma rede de solidariedade de v\u00e1rias organiza\u00e7\u00f5es, entre elas o Greenpeace, o projeto Asas da Emerg\u00eancia est\u00e1 viabilizando que equipamentos m\u00e9dicos, de higiene e at\u00e9 alimenta\u00e7\u00e3o cheguem a povos ind\u00edgenas de \u00e1reas remotas na Amaz\u00f4nia. Itens como sab\u00e3o e \u00e1lcool gel, cilindros de oxig\u00eanio e m\u00e1scaras s\u00e3o praticamente inexistentes nesses territ\u00f3rios, mas s\u00e3o essenciais para garantir a prote\u00e7\u00e3o ao coronav\u00edrus neste momento de pandemia.<\/p>\n\n<p>Para falar disso, conversamos com a Carol Mar\u00e7al, do Greenpeace, com a Alessandra Korap, do povo Munduruku, no Par\u00e1, e com o Marivelton Barroso, do povo Bar\u00e9, no Amazonas.&nbsp;<\/p>\n\n<p>&nbsp;<a rel=\"noreferrer noopener\" href=\"http:\/\/feeds.feedburner.com\/asarvores\" target=\"_blank\">Assine o feed<\/a>&nbsp;|&nbsp;<a rel=\"noreferrer noopener\" href=\"https:\/\/open.spotify.com\/show\/51FYxkzZ0DPPUtd87T01ny\" target=\"_blank\">Ou\u00e7a no Spotify<\/a>&nbsp;|&nbsp;<a rel=\"noreferrer noopener\" href=\"https:\/\/itunes.apple.com\/br\/podcast\/as-%C3%A1rvores-somos-nozes\/id1436750884?mt=2#\" target=\"_blank\">Ou\u00e7a no iOS<\/a>&nbsp;|&nbsp;<a rel=\"noreferrer noopener\" href=\"https:\/\/subscribeonandroid.com\/feeds.feedburner.com\/asarvores\" target=\"_blank\">Ou\u00e7a no Android<\/a><\/p>\n\n<p>Links de refer\u00eancia sobre o tema:<\/p>\n\n<ul class=\"wp-block-list\"><li><a href=\"https:\/\/www.greenpeace.org\/brasil\/blog\/greenpeace-viabiliza-ajuda-emergencial-para-populacoes-indigenas-na-amazonia\/\">Greenpeace viabiliza ajuda emergencial para popula\u00e7\u00f5es ind\u00edgenas na Amaz\u00f4nia<\/a><\/li><li><a href=\"http:\/\/quarentenaindigena.info\/\">Quarentena Ind\u00edgena<\/a><strong> <\/strong>(divulga dados sobre coronav\u00edrus em povos ind\u00edgenas)<\/li><li><a href=\"https:\/\/www1.folha.uol.com.br\/cotidiano\/2020\/05\/greenpeace-leva-auxilio-emergencial-a-indigenas-da-amazonia-contra-a-covid-19.shtml\">Greenpeace leva aux\u00edlio emergencial a ind\u00edgenas da Amaz\u00f4nia contra a Covid-19<\/a><\/li><li><a href=\"https:\/\/www.em.com.br\/app\/noticia\/nacional\/2020\/05\/24\/interna_nacional,1150241\/a-luta-dos-indios-contra-o-virus.shtml\">A luta dos \u00edndios contra o v\u00edrus<\/a><\/li><li><a href=\"https:\/\/www1.folha.uol.com.br\/cotidiano\/2020\/05\/povo-indigena-mais-atingido-pela-covid-19-ve-negligencia-de-hospital-militar.shtml\">Povo ind\u00edgena mais atingido pela Covid-19 v\u00ea neglig\u00eancia de hospital militar<\/a><\/li><li><a href=\"https:\/\/www.vice.com\/pt_br\/article\/ep4ngz\/o-coronavirus-esta-matando-povos-indigenas-isolados-numa-taxa-alarmante\">O coronav\u00edrus est\u00e1 matando povos ind\u00edgenas isolados numa taxa alarmante<\/a><br><a href=\"http:\/\/www.ihu.unisinos.br\/78-noticias\/599581-pandemia-entre-indigenas-ja-atinge-os-nove-estados-da-amazonia-legal\">Pandemia entre ind\u00edgenas j\u00e1 atinge os nove estados da Amaz\u00f4nia Legal<\/a><\/li><\/ul>\n\n<p>Cr\u00e9ditos:<\/p>\n\n<ul class=\"wp-block-list\"><li>Apresenta\u00e7\u00e3o: Rafael Silva e Tha\u00eds Herrero;<\/li><li>Roteiro: Tha\u00eds Herrero;<\/li><li>Produ\u00e7\u00e3o: Camila Doretto;<\/li><li>Entrevistados: Carol Mar\u00e7al, Alessandra Korap e Marivelton Barroso;<\/li><li>Sound Design: Compasso Coolab;<\/li><li>Trilha original: Marcellus Meirelles e Alexandre Luppi;<\/li><li>Edi\u00e7\u00e3o: <a href=\"https:\/\/twitter.com\/yarthox\">P<\/a><a href=\"http:\/\/instagram.com\/pemoura42\">edro Moura.<\/a><\/li><\/ul>\n","protected":false},"excerpt":{"rendered":"<p>Neste epis\u00f3dio, tratamos de um projeto que est\u00e1 levando equipamentos m\u00e9dicos e de higiene para comunidades remotas impactadas com a pandemia do novo coronav\u00edrus.<\/p>\n","protected":false},"author":28,"featured_media":24411,"comment_status":"open","ping_status":"closed","sticky":false,"template":"","format":"standard","meta":{"ep_exclude_from_search":false,"p4_og_title":"","p4_og_description":"","p4_og_image":"","p4_og_image_id":"","p4_seo_canonical_url":"","p4_campaign_name":"not set","p4_local_project":"not set","p4_basket_name":"not set","p4_department":"","footnotes":""},"categories":[2],"tags":[22],"p4-page-type":[28],"class_list":["post-24332","post","type-post","status-publish","format-standard","has-post-thumbnail","hentry","category-transforme-a-sociedade","tag-florestas","p4-page-type-podcast"],"_links":{"self":[{"href":"https:\/\/www.greenpeace.org\/brasil\/wp-json\/wp\/v2\/posts\/24332","targetHints":{"allow":["GET"]}}],"collection":[{"href":"https:\/\/www.greenpeace.org\/brasil\/wp-json\/wp\/v2\/posts"}],"about":[{"href":"https:\/\/www.greenpeace.org\/brasil\/wp-json\/wp\/v2\/types\/post"}],"author":[{"embeddable":true,"href":"https:\/\/www.greenpeace.org\/brasil\/wp-json\/wp\/v2\/users\/28"}],"replies":[{"embeddable":true,"href":"https:\/\/www.greenpeace.org\/brasil\/wp-json\/wp\/v2\/comments?post=24332"}],"version-history":[{"count":6,"href":"https:\/\/www.greenpeace.org\/brasil\/wp-json\/wp\/v2\/posts\/24332\/revisions"}],"predecessor-version":[{"id":29325,"href":"https:\/\/www.greenpeace.org\/brasil\/wp-json\/wp\/v2\/posts\/24332\/revisions\/29325"}],"wp:featuredmedia":[{"embeddable":true,"href":"https:\/\/www.greenpeace.org\/brasil\/wp-json\/wp\/v2\/media\/24411"}],"wp:attachment":[{"href":"https:\/\/www.greenpeace.org\/brasil\/wp-json\/wp\/v2\/media?parent=24332"}],"wp:term":[{"taxonomy":"category","embeddable":true,"href":"https:\/\/www.greenpeace.org\/brasil\/wp-json\/wp\/v2\/categories?post=24332"},{"taxonomy":"post_tag","embeddable":true,"href":"https:\/\/www.greenpeace.org\/brasil\/wp-json\/wp\/v2\/tags?post=24332"},{"taxonomy":"p4-page-type","embeddable":true,"href":"https:\/\/www.greenpeace.org\/brasil\/wp-json\/wp\/v2\/p4-page-type?post=24332"}],"curies":[{"name":"wp","href":"https:\/\/api.w.org\/{rel}","templated":true}]}}