{"id":24401,"date":"2020-06-10T18:55:41","date_gmt":"2020-06-10T21:55:41","guid":{"rendered":"https:\/\/www.greenpeace.org\/brasil\/?p=24401"},"modified":"2020-06-25T17:30:56","modified_gmt":"2020-06-25T20:30:56","slug":"levando-comida-saudavel-para-a-periferia-durante-a-pandemia","status":"publish","type":"post","link":"https:\/\/www.greenpeace.org\/brasil\/blog\/levando-comida-saudavel-para-a-periferia-durante-a-pandemia\/","title":{"rendered":"Levando comida saud\u00e1vel para a periferia durante a pandemia"},"content":{"rendered":"\n<h4 class=\"wp-block-heading\">Diariamente, 100 marmitas est\u00e3o sendo entregues para fam\u00edlias da Zona Sul de S\u00e3o Paulo em uma iniciativa do Greenpeace junto \u00e0 Ag\u00eancia Solano Trindade.&nbsp;<\/h4>\n\n<p>Comida na mesa e solidariedade s\u00e3o fundamentais para alimentar nosso corpo e<a href=\"https:\/\/www.greenpeace.org\/brasil\/blog\/diante-da-atual-encruzilhada-qual-direcao-iremos-tomar\/\"> nosso esp\u00edrito de comunidade<\/a>. E nestes tempos de pandemia e de imin\u00eancia de crise econ\u00f4mica, s\u00e3o ainda mais importantes. Por isso, o Greenpeace se uniu \u00e0 Ag\u00eancia Solano Trindade para levar alimenta\u00e7\u00e3o saud\u00e1vel para fam\u00edlias no Campo Limpo, Zona Sul de S\u00e3o Paulo.<\/p>\n\n<p>Desde 1 de junho, <a href=\"https:\/\/www.greenpeace.org\/brasil\/blog\/comida-saudavel-para-todas-as-pessoas-queremos\/\">o Restaurante Organicamente Rango, <\/a>da Ag\u00eancia Solano Trindade, est\u00e1 distribuindo 100 marmitas diariamente para 50 fam\u00edlias. Algumas delas possuem crian\u00e7as de idade entre 2 e 7 anos que, por causa da quarentena, n\u00e3o est\u00e3o tendo aulas e est\u00e3o sem a merenda a que teriam direito. Outras s\u00e3o fam\u00edlias com pessoas acima de 60 anos, que s\u00e3o grupo de risco da Covid-19. A iniciativa vai durar 20 dias e ajudar essas fam\u00edlias a garantir alimenta\u00e7\u00e3o saud\u00e1vel, deixando o dinheiro que sobrar para outras necessidades importantes.<\/p>\n\n<p>Tia Nice, chef do restaurante, explica que <a href=\"https:\/\/www.greenpeace.org\/brasil\/blog\/levando-comida-de-verdade-aos-desertos-alimentares\/\">parte das verduras e legumes \u00e9 org\u00e2nico<\/a>, e que todos os ingredientes est\u00e3o sendo comprados no com\u00e9rcio local, como feiras e supermercados, como forma de ajudar a economia da comunidade. &#8220;A partir do momento que voc\u00ea valoriza o com\u00e9rcio da sua regi\u00e3o, todo mundo se levanta junto&#8221;, diz.<\/p>\n\n<p>Voc\u00ea tamb\u00e9m pode ajudar a Ag\u00eancia Solano Trindade a continuar apoiando as fam\u00edlias do extremo sul de S\u00e3o Paulo. <\/p>\n\n<p>Confira o v\u00eddeo:<\/p>\n\n<figure class=\"wp-block-embed-youtube wp-block-embed is-type-video is-provider-youtube wp-embed-aspect-16-9 wp-has-aspect-ratio\"><div class=\"wp-block-embed__wrapper\">\n<lite-youtube style=\"background-image: url('https:\/\/i.ytimg.com\/vi\/G3-Dj9UgJhE\/hqdefault.jpg');\" videoid=\"G3-Dj9UgJhE\" params=\"rel=0\"><\/lite-youtube>\n<\/div><\/figure>\n","protected":false},"excerpt":{"rendered":"<p>Diariamente, 100 marmitas est\u00e3o sendo entregues para fam\u00edlias da Zona Sul de S\u00e3o Paulo em uma iniciativa do Greenpeace junto \u00e0 Ag\u00eancia Solano Trindade. <\/p>\n","protected":false},"author":25,"featured_media":24403,"comment_status":"open","ping_status":"closed","sticky":false,"template":"","format":"standard","meta":{"ep_exclude_from_search":false,"p4_og_title":"","p4_og_description":"","p4_og_image":"","p4_og_image_id":"","p4_seo_canonical_url":"","p4_campaign_name":"Covid-19 Response","p4_local_project":"not set","p4_basket_name":"not set","p4_department":"","footnotes":""},"categories":[2],"tags":[13],"p4-page-type":[16],"class_list":["post-24401","post","type-post","status-publish","format-standard","has-post-thumbnail","hentry","category-transforme-a-sociedade","tag-greenpeace","p4-page-type-blog"],"_links":{"self":[{"href":"https:\/\/www.greenpeace.org\/brasil\/wp-json\/wp\/v2\/posts\/24401","targetHints":{"allow":["GET"]}}],"collection":[{"href":"https:\/\/www.greenpeace.org\/brasil\/wp-json\/wp\/v2\/posts"}],"about":[{"href":"https:\/\/www.greenpeace.org\/brasil\/wp-json\/wp\/v2\/types\/post"}],"author":[{"embeddable":true,"href":"https:\/\/www.greenpeace.org\/brasil\/wp-json\/wp\/v2\/users\/25"}],"replies":[{"embeddable":true,"href":"https:\/\/www.greenpeace.org\/brasil\/wp-json\/wp\/v2\/comments?post=24401"}],"version-history":[{"count":6,"href":"https:\/\/www.greenpeace.org\/brasil\/wp-json\/wp\/v2\/posts\/24401\/revisions"}],"predecessor-version":[{"id":24696,"href":"https:\/\/www.greenpeace.org\/brasil\/wp-json\/wp\/v2\/posts\/24401\/revisions\/24696"}],"wp:featuredmedia":[{"embeddable":true,"href":"https:\/\/www.greenpeace.org\/brasil\/wp-json\/wp\/v2\/media\/24403"}],"wp:attachment":[{"href":"https:\/\/www.greenpeace.org\/brasil\/wp-json\/wp\/v2\/media?parent=24401"}],"wp:term":[{"taxonomy":"category","embeddable":true,"href":"https:\/\/www.greenpeace.org\/brasil\/wp-json\/wp\/v2\/categories?post=24401"},{"taxonomy":"post_tag","embeddable":true,"href":"https:\/\/www.greenpeace.org\/brasil\/wp-json\/wp\/v2\/tags?post=24401"},{"taxonomy":"p4-page-type","embeddable":true,"href":"https:\/\/www.greenpeace.org\/brasil\/wp-json\/wp\/v2\/p4-page-type?post=24401"}],"curies":[{"name":"wp","href":"https:\/\/api.w.org\/{rel}","templated":true}]}}