{"id":24914,"date":"2020-07-08T18:59:33","date_gmt":"2020-07-08T21:59:33","guid":{"rendered":"https:\/\/www.greenpeace.org\/brasil\/?p=24914"},"modified":"2020-07-08T19:00:21","modified_gmt":"2020-07-08T22:00:21","slug":"entre-gafanhotos-ciclones-e-pandemia-onde-ficamos","status":"publish","type":"post","link":"https:\/\/www.greenpeace.org\/brasil\/blog\/entre-gafanhotos-ciclones-e-pandemia-onde-ficamos\/","title":{"rendered":"Entre gafanhotos, ciclones e pandemia. Onde ficamos?"},"content":{"rendered":"\n<h4 class=\"wp-block-heading\">Apesar dos estragos do ciclone que atingiu o Sul do Brasil e da amea\u00e7a da nuvem de gafanhotos, os vil\u00f5es somos n\u00f3s, que desequilibramos o ecossistema e provocamos esses fen\u00f4menos<\/h4>\n\n<figure class=\"wp-block-image size-large  caption-style-blue-overlay caption-alignment-center\"><img loading=\"lazy\" decoding=\"async\" width=\"768\" height=\"512\" src=\"https:\/\/www.greenpeace.org\/static\/planet4-brasil-stateless\/2020\/07\/10c35d84-ciclone-bomba.jpg\" alt=\"\" class=\"wp-image-24917\" srcset=\"https:\/\/www.greenpeace.org\/static\/planet4-brasil-stateless\/2020\/07\/10c35d84-ciclone-bomba.jpg 768w, https:\/\/www.greenpeace.org\/static\/planet4-brasil-stateless\/2020\/07\/10c35d84-ciclone-bomba-300x200.jpg 300w, https:\/\/www.greenpeace.org\/static\/planet4-brasil-stateless\/2020\/07\/10c35d84-ciclone-bomba-510x340.jpg 510w\" sizes=\"auto, (max-width: 768px) 100vw, 768px\" \/><figcaption>Ciclone bomba no Sul do Brasil. (Foto: Reuters)<\/figcaption><\/figure>\n\n<p>Apesar da pandemia de Covid-19 n\u00e3o parecer dar tr\u00e9gua, outro problema atinge os notici\u00e1rios e amea\u00e7a a vida e a seguran\u00e7a dos brasileiros: a doen\u00e7a cr\u00f4nica e n\u00e3o passageira <a href=\"https:\/\/www.greenpeace.org\/brasil\/blog\/falar-de-mudancas-climaticas-e-falar-sobre-a-sua-vida\/\">da crise do clima.&nbsp;<\/a><\/p>\n\n<p>Nuvens de gafanhoto amea\u00e7am as lavouras no sul do Brasil e, na \u00faltima semana, um ciclone causou mortes em Santa Catarina. Os vil\u00f5es n\u00e3o s\u00e3o nem o gafanhoto e nem o ciclone, mas a a\u00e7\u00e3o da humanidade, que desequilibra o ecossistema e faz com que <a href=\"https:\/\/www.greenpeace.org\/brasil\/blog\/tufao-nas-filipinas-precisamos-de-menos-discurso-e-mais-acao\/\">esses eventos se tornem mais frequentes e imprevis\u00edveis.<\/a><\/p>\n\n<p>Desde a d\u00e9cada de 1940, o Brasil n\u00e3o se preocupava com nuvens de gafanhotos. Os bichinhos se transformam em bandos de milh\u00f5es que comem lavouras quando h\u00e1 um desequil\u00edbrio ecol\u00f3gico, onde n\u00e3o h\u00e1 predadores para a sua esp\u00e9cie, aliado a um clima seco estendido. Foi o que ocorreu no centro-sul da Am\u00e9rica do Sul. A falta de florestas, causada pelo desmatamento, contribui para que a nuvem de gafanhotos tivesse maior capacidade para crescer e se locomover entre uma lavoura e outra. Houve at\u00e9 a tentativa de conter os animais com pesticidas, o que acaba matando importantes insetos polinizadores, como as abelhas e causando ainda mais desequil\u00edbrio biol\u00f3gico. E isso afeta safras futuras na regi\u00e3o.&nbsp;<\/p>\n\n<p>O homem tenta conter a praga com o veneno que contribuiu para o&nbsp; problema.&nbsp;<\/p>\n\n<p>Ironicamente, o que conteve a nuvem de gafanhotos, ap\u00f3s ter feito bastante estrago em outros pa\u00edses, como a Argentina e&nbsp; Paraguai, foi a baixa temperatura advinda de um ciclone extratropical, que atingiu principalmente o estado de Santa Catarina. O aumento da temperatura do oceano causou uma zona de alta press\u00e3o, que se transformou no que estudiosos chamam de \u201cciclone bomba\u201d. O evento clim\u00e1tico se formou no continente associado a um choque entre temperatura quente e fria, o que o fez ter maior intensidade.&nbsp;<\/p>\n\n<p>Apesar de esse fen\u00f4meno isoladamente n\u00e3o poder ser associado \u00e0 crise do clima, cientistas j\u00e1 alertaram para o fato de que os fen\u00f4menos possam se tornar mais frequentes e violentos pelo aumento da temperatura do mar e do n\u00edvel dos oceanos. O primeiro ciclone causou 13 mortos e ainda aguarda recursos federais; o segundo ciclone, de 8 de julho, causou at\u00e9 a data deste blog, a morte de uma pessoa no Rio Grandes do Sul e alagamentos em diversas regi\u00f5es do estado, fazendo com que 300 pessoas tenham que deixar suas casa.<\/p>\n\n<p>Esses fen\u00f4menos s\u00e3o naturais e existem desde os tempos b\u00edblicos. O problema \u00e9 a intensidade e frequ\u00eancia com que acontecem e a falta de planos n\u00e3o apenas de mitiga\u00e7\u00e3o, mas tamb\u00e9m de adapta\u00e7\u00e3o para que a produ\u00e7\u00e3o de alimentos n\u00e3o seja amea\u00e7ada, e para que vidas n\u00e3o sejam perdidas. A pandemia mostra uma crise passageira de aspectos mundiais, enquanto que a crise do clima se instaura como algo permanente, que precisa ser revertido para que a humanidade sobreviva com dignidade.&nbsp;<\/p>\n\n<p>Todas elas tem uma coisa em comum: atingem mais drasticamente a parte mais vulner\u00e1vel da sociedade. E a quest\u00e3o crucial torna-se n\u00e3o apenas a de resolver o aumento de emiss\u00f5es de gases de efeito estufa de cada pa\u00eds, mas sim de <a href=\"https:\/\/www.greenpeace.org\/brasil\/blog\/diante-da-atual-encruzilhada-qual-direcao-iremos-tomar\/\">mudan\u00e7a do sistema de produ\u00e7\u00e3o e da equidade<\/a> na distribui\u00e7\u00e3o de renda. <\/p>\n\n<p>A pandemia mostrou qu\u00e3o diferente \u00e9 a realidade de cada um frente \u00e0 doen\u00e7a, uma decis\u00e3o de vida e morte, assim tamb\u00e9m s\u00e3o os eventos extremos decorrentes da crise do clima. E nada disso deve ser normalizado, mas tratado como algo que deve ser revertido e contido de uma vez por todas. Uma quest\u00e3o de sobreviv\u00eancia conjunta.<\/p>\n","protected":false},"excerpt":{"rendered":"<p>Apesar dos estragos do ciclone que atingiu o Sul do Brasil e da amea\u00e7a da nuvem de gafanhotos, os vil\u00f5es somos n\u00f3s, que desequilibramos o ecossistema e provocamos esses fen\u00f4menos<\/p>\n","protected":false},"author":25,"featured_media":24917,"comment_status":"open","ping_status":"closed","sticky":false,"template":"","format":"standard","meta":{"ep_exclude_from_search":false,"p4_og_title":"","p4_og_description":"","p4_og_image":"","p4_og_image_id":"","p4_seo_canonical_url":"","p4_campaign_name":"not set","p4_local_project":"not set","p4_basket_name":"not set","p4_department":"","footnotes":""},"categories":[2],"tags":[6],"p4-page-type":[16],"class_list":["post-24914","post","type-post","status-publish","format-standard","has-post-thumbnail","hentry","category-transforme-a-sociedade","tag-clima","p4-page-type-blog"],"_links":{"self":[{"href":"https:\/\/www.greenpeace.org\/brasil\/wp-json\/wp\/v2\/posts\/24914","targetHints":{"allow":["GET"]}}],"collection":[{"href":"https:\/\/www.greenpeace.org\/brasil\/wp-json\/wp\/v2\/posts"}],"about":[{"href":"https:\/\/www.greenpeace.org\/brasil\/wp-json\/wp\/v2\/types\/post"}],"author":[{"embeddable":true,"href":"https:\/\/www.greenpeace.org\/brasil\/wp-json\/wp\/v2\/users\/25"}],"replies":[{"embeddable":true,"href":"https:\/\/www.greenpeace.org\/brasil\/wp-json\/wp\/v2\/comments?post=24914"}],"version-history":[{"count":4,"href":"https:\/\/www.greenpeace.org\/brasil\/wp-json\/wp\/v2\/posts\/24914\/revisions"}],"predecessor-version":[{"id":24919,"href":"https:\/\/www.greenpeace.org\/brasil\/wp-json\/wp\/v2\/posts\/24914\/revisions\/24919"}],"wp:featuredmedia":[{"embeddable":true,"href":"https:\/\/www.greenpeace.org\/brasil\/wp-json\/wp\/v2\/media\/24917"}],"wp:attachment":[{"href":"https:\/\/www.greenpeace.org\/brasil\/wp-json\/wp\/v2\/media?parent=24914"}],"wp:term":[{"taxonomy":"category","embeddable":true,"href":"https:\/\/www.greenpeace.org\/brasil\/wp-json\/wp\/v2\/categories?post=24914"},{"taxonomy":"post_tag","embeddable":true,"href":"https:\/\/www.greenpeace.org\/brasil\/wp-json\/wp\/v2\/tags?post=24914"},{"taxonomy":"p4-page-type","embeddable":true,"href":"https:\/\/www.greenpeace.org\/brasil\/wp-json\/wp\/v2\/p4-page-type?post=24914"}],"curies":[{"name":"wp","href":"https:\/\/api.w.org\/{rel}","templated":true}]}}