{"id":24937,"date":"2020-07-10T11:58:16","date_gmt":"2020-07-10T14:58:16","guid":{"rendered":"https:\/\/www.greenpeace.org\/brasil\/?p=24937"},"modified":"2025-07-02T04:33:17","modified_gmt":"2025-07-02T07:33:17","slug":"junho-tem-maior-area-com-alertas-de-desmatamento-na-amazonia-em-13-anos","status":"publish","type":"post","link":"https:\/\/www.greenpeace.org\/brasil\/blog\/junho-tem-maior-area-com-alertas-de-desmatamento-na-amazonia-em-13-anos\/","title":{"rendered":"Junho tem maior \u00e1rea com alertas de desmatamento na Amaz\u00f4nia em 13 anos"},"content":{"rendered":"\n<h4 class=\"wp-block-heading\">N\u00famero de alertas foi&nbsp; 11% maior que o registrado no mesmo m\u00eas de 2019, confirmando a tend\u00eancia de aumento do desmatamento na Amaz\u00f4nia<\/h4>\n\n<figure class=\"wp-block-image size-large  caption-style-blue-overlay caption-alignment-center\"><img loading=\"lazy\" decoding=\"async\" width=\"1024\" height=\"683\" src=\"https:\/\/www.greenpeace.org\/static\/planet4-brasil-stateless\/2020\/07\/e90d0192-maf_2020-05_greenpeace_2572-1024x683.jpg\" alt=\"\" class=\"wp-image-24938\" srcset=\"https:\/\/www.greenpeace.org\/static\/planet4-brasil-stateless\/2020\/07\/e90d0192-maf_2020-05_greenpeace_2572-1024x683.jpg 1024w, https:\/\/www.greenpeace.org\/static\/planet4-brasil-stateless\/2020\/07\/e90d0192-maf_2020-05_greenpeace_2572-300x200.jpg 300w, https:\/\/www.greenpeace.org\/static\/planet4-brasil-stateless\/2020\/07\/e90d0192-maf_2020-05_greenpeace_2572-768x512.jpg 768w, https:\/\/www.greenpeace.org\/static\/planet4-brasil-stateless\/2020\/07\/e90d0192-maf_2020-05_greenpeace_2572-1536x1024.jpg 1536w, https:\/\/www.greenpeace.org\/static\/planet4-brasil-stateless\/2020\/07\/e90d0192-maf_2020-05_greenpeace_2572-2048x1366.jpg 2048w, https:\/\/www.greenpeace.org\/static\/planet4-brasil-stateless\/2020\/07\/e90d0192-maf_2020-05_greenpeace_2572-510x340.jpg 510w\" sizes=\"auto, (max-width: 1024px) 100vw, 1024px\" \/><figcaption>\u00c1rea desmatada com cerca de 1000 ha na regi\u00e3o da rodovia BR 163, pr\u00f3ximo a Castelo dos Sonhos, Altamira (PA), com alerta de desmatamento do Deter detectado entre Janeiro e Junho de 2020 (\u00a9 Marcos Amend \/ Greenpeace)<\/figcaption><\/figure>\n\n<p>De acordo com dados divulgados hoje (10) pelo sistema DETER, do Instituto de Pesquisas Espaciais (Inpe), a destrui\u00e7\u00e3o segue avan\u00e7ando em ritmo acelerado na Amaz\u00f4nia. Em junho, a \u00e1rea com alertas de desmatamento foi 11% maior que o registrado no mesmo m\u00eas do ano passado. Com 1034 km\u00b2, junho foi o m\u00eas com a maior \u00e1rea de alertas de desmatamento do ano at\u00e9 o momento, o maior da s\u00e9rie Deter-B (nova metodologia adotada em Agosto de 2015) e o pior junho desde 2007, se observarmos o hist\u00f3rico para o m\u00eas.<\/p>\n\n<p>O Deter foi criado em 2004, com o objetivo de gerar informa\u00e7\u00f5es em tempo real para subsidiar o trabalho de fiscaliza\u00e7\u00e3o e opera\u00e7\u00f5es de combate ao desmatamento da Amaz\u00f4nia, permitindo que os \u00f3rg\u00e3os de fiscaliza\u00e7\u00e3o e controle planejem com mais precis\u00e3o suas atividades para coibir o desmatamento e as queimadas.&nbsp;<\/p>\n\n<p>O sistema aponta, ainda, a tend\u00eancia da taxa oficial de desmatamento (Prodes), divulgada anualmente, considerando sempre o per\u00edodo de agosto de um ano a julho do ano seguinte. Mesmo sem o \u00faltimo m\u00eas do chamado \u201cper\u00edodo Prodes\u201d, a \u00e1rea com alertas j\u00e1 soma 7.540 km\u00b2 (agosto de 2019-junho de 2020), 64% de aumento em rela\u00e7\u00e3o ao per\u00edodo anterior e 10% de crescimento em compara\u00e7\u00e3o com o ano anterior fechado (6.844km\u00b2 entre agosto de 2018 e julho 2019).&nbsp;<\/p>\n\n<p>\u00c9 o maior acumulado para o per\u00edodo Prodes da s\u00e9rie Deter-B e historicamente desde 2008. Como resultado j\u00e1 esperado deste cen\u00e1rio, a taxa oficial do desmatamento, que ultrapassou os 10.000 km\u00b2 em 2019, tende a ser ainda maior em 2020. \u201cEstamos seguimos na dire\u00e7\u00e3o contr\u00e1ria dos compromissos assumidos na Pol\u00edtica Nacional de Mudan\u00e7a do Clima, onde dever\u00edamos reduzir \u00e0 taxa de desmatamento na Amaz\u00f4nia para 3.900 km\u00b2 em 2020, os alertas divulgados hoje apontam para a possibilidade de ter uma taxa cerca de tr\u00eas ou quatro vezes maior que a meta estabelecida para 2020, contribuindo negativamente para as mudan\u00e7as clim\u00e1ticas e com a alarmante perda de biodiversidade\u201d, avalia Cristiane Mazzetti, da campanha de Amaz\u00f4nia do Greenpeace.\u00a0<\/p>\n\n<figure class=\"wp-block-image size-large  caption-style-blue-overlay caption-alignment-center\"><img loading=\"lazy\" decoding=\"async\" width=\"1024\" height=\"455\" src=\"https:\/\/www.greenpeace.org\/static\/planet4-brasil-stateless\/2020\/07\/aa0cb03f-antes-e-depois-apui-1024x455.png\" alt=\"\" class=\"wp-image-24943\" srcset=\"https:\/\/www.greenpeace.org\/static\/planet4-brasil-stateless\/2020\/07\/aa0cb03f-antes-e-depois-apui-1024x455.png 1024w, https:\/\/www.greenpeace.org\/static\/planet4-brasil-stateless\/2020\/07\/aa0cb03f-antes-e-depois-apui-300x133.png 300w, https:\/\/www.greenpeace.org\/static\/planet4-brasil-stateless\/2020\/07\/aa0cb03f-antes-e-depois-apui-768x341.png 768w, https:\/\/www.greenpeace.org\/static\/planet4-brasil-stateless\/2020\/07\/aa0cb03f-antes-e-depois-apui-510x227.png 510w, https:\/\/www.greenpeace.org\/static\/planet4-brasil-stateless\/2020\/07\/aa0cb03f-antes-e-depois-apui.png 1058w\" sizes=\"auto, (max-width: 1024px) 100vw, 1024px\" \/><figcaption><img loading=\"lazy\" decoding=\"async\" width=\"624\" height=\"277\" src=\"https:\/\/lh5.googleusercontent.com\/3_tFL2BuSBZlLveV7sTZblHymSv4F8o63kf8PkGaDZfBZZN0C3nE1TPA3-48J5jglxLThxOpo0ebqhArg5A7-CLaVttEfDe-JP1bY6nDVhkp_PVJV4OuLmkH1f9je1Ng9gNO3_0Y\"><br>Apu\u00ed (AM), pr\u00f3xima a rodovia Transamaz\u00f4nica. \u00c0 esquerda \u00e1rea em 28\/03\/2020 e \u00e0 direita estado da \u00e1rea em 16\/06\/2020.&nbsp;<br><\/figcaption><\/figure>\n\n<p><strong>Desmatamento e fogo<\/strong><\/p>\n\n<p>O fogo \u00e9 utilizado frequentemente no processo do desmatamento e os focos de calor tamb\u00e9m t\u00eam aumentado significativamente na Amaz\u00f4nia. Segundo o INPE, junho registrou o maior n\u00famero de focos desde 2007 e, apenas na primeira semana de julho foram registrados 556 focos, 36% de crescimento em rela\u00e7\u00e3o ao mesmo per\u00edodo em 2019.&nbsp;<\/p>\n\n<p>\u201cN\u00e3o podemos mais perder tempo, \u00e9 preciso agir de maneira r\u00e1pida e efetiva para punir e coibir o crime na floresta, pois se nada for feito, em poucas semanas veremos essas mesmas \u00e1reas em chamas\u201d, afirma Cristiane Mazzetti.<\/p>\n\n<p><strong>Governo t\u00eam se mostrado ineficaz<\/strong><\/p>\n\n<p>Apesar dos n\u00fameros crescentes, o governo federal segue incapaz de lidar com o problema, sem apresentar um plano efetivo de combate ao desmatamento e dando prosseguimento \u00e0 sua pol\u00edtica antiambiental, que fragilizou \u00f3rg\u00e3os de fiscaliza\u00e7\u00e3o, como Ibama e ICMBio, enquanto prev\u00ea um gasto 10 vezes maior que aquele utilizado pelo Ibama para<a href=\"https:\/\/www.greenpeace.org\/brasil\/blog\/muita-propaganda-para-pouca-acao\/\"> opera\u00e7\u00f5es militares ineficazes<\/a> comandadas pelo vice-presidente Mour\u00e3o.<\/p>\n\n<p>\u201cAo optar por n\u00e3o adotar medidas concretas para impedir o desmatamento e as queimadas na Amaz\u00f4nia, al\u00e9m de colocar vidas em risco, o governo brasileiro tamb\u00e9m aumenta dramaticamente a vulnerabilidade econ\u00f4mica do Brasil\u201d, observa Cristiane Mazzetti. Esta inseguran\u00e7a j\u00e1 se reflete na relut\u00e2ncia cada vez maior de alguns pa\u00edses europeus \u00e0 acordos comerciais com o Brasil, e nas cartas enviadas ao governo brasileiro por representantes de pa\u00edses, investidores e empresas internacionais pedindo a\u00e7\u00f5es efetivas para a&nbsp; defesa da maior floresta tropical do planeta.&nbsp;<\/p>\n\n<p>A rea\u00e7\u00e3o do governo \u00e0s press\u00f5es, entretanto, \u00e9 esconder o problema atr\u00e1s de uma cortina feita de campanha publicit\u00e1ria, viagens e a\u00e7\u00f5es de fachada. \u201cMitigar e reverter os danos causados \u00e0&nbsp; floresta e \u00e0 imagem do pa\u00eds exigir\u00e1 muito mais. Precisamos de resultados concretos e para isso ser\u00e1 necess\u00e1rio um plano robusto para conter tamanha destrui\u00e7\u00e3o, na linha do que foi o Plano de A\u00e7\u00e3o para Preven\u00e7\u00e3o e Controle do Desmatamento na Amaz\u00f4nia Legal (PPCDam), come\u00e7ando por a\u00e7\u00f5es de comando e controle permanentes e executadas por \u00f3rg\u00e3os competentes e bem aparelhados. Este \u00e9 um caminho j\u00e1 conhecido, mas que este governo infelizmente insiste em ignorar\u201d, afirma Mazzetti. \u201cOs n\u00fameros crescentes estampam a verdade, se enganam aqueles que aceitarem o que foi apresentado pelo governo at\u00e9 ent\u00e3o como uma garantia de mudan\u00e7a de cen\u00e1rio\u201d, completa.<\/p>\n<div data-render=\"planet4-blocks\/gallery\" data-attributes=\"{&quot;attributes&quot;:{&quot;gallery_block_title&quot;:&quot;Monitoramento de desmatamento - Julho 2020&quot;,&quot;multiple_image&quot;:&quot;24940,24939,24941&quot;,&quot;gallery_block_focus_points&quot;:&quot;{\\&quot;24945\\&quot;:\\&quot;70% 76%\\&quot;,\\&quot;24946\\&quot;:\\&quot;78% 83%\\&quot;,\\&quot;24947\\&quot;:\\&quot;50% 50%\\&quot;}&quot;,&quot;image_data&quot;:[{&quot;url&quot;:&quot;https:\\\/\\\/www.greenpeace.org\\\/static\\\/planet4-brasil-stateless\\\/2020\\\/07\\\/3023fc75-gp1su4io_medium_res.jpg&quot;,&quot;focalPoint&quot;:{&quot;x&quot;:0.5,&quot;y&quot;:0.5},&quot;id&quot;:24940},{&quot;url&quot;:&quot;https:\\\/\\\/www.greenpeace.org\\\/static\\\/planet4-brasil-stateless\\\/2020\\\/07\\\/3023fc75-gp1su4im_medium_res.jpg&quot;,&quot;focalPoint&quot;:{&quot;x&quot;:0.5,&quot;y&quot;:0.5},&quot;id&quot;:24939},{&quot;url&quot;:&quot;https:\\\/\\\/www.greenpeace.org\\\/static\\\/planet4-brasil-stateless\\\/2020\\\/07\\\/3023fc75-gp1su4iq_medium_res.jpg&quot;,&quot;focalPoint&quot;:{&quot;x&quot;:0.5,&quot;y&quot;:0.5},&quot;id&quot;:24941}],&quot;gallery_block_style&quot;:0,&quot;gallery_block_description&quot;:&quot;&quot;,&quot;images&quot;:[{&quot;image_src&quot;:&quot;https:\\\/\\\/www.greenpeace.org\\\/static\\\/planet4-brasil-stateless\\\/2020\\\/07\\\/3023fc75-gp1su4io_medium_res.jpg&quot;,&quot;image_srcset&quot;:&quot;https:\\\/\\\/www.greenpeace.org\\\/static\\\/planet4-brasil-stateless\\\/2020\\\/07\\\/3023fc75-gp1su4io_medium_res.jpg 1200w, https:\\\/\\\/www.greenpeace.org\\\/static\\\/planet4-brasil-stateless\\\/2020\\\/07\\\/3023fc75-gp1su4io_medium_res-300x200.jpg 300w, https:\\\/\\\/www.greenpeace.org\\\/static\\\/planet4-brasil-stateless\\\/2020\\\/07\\\/3023fc75-gp1su4io_medium_res-1024x684.jpg 1024w, https:\\\/\\\/www.greenpeace.org\\\/static\\\/planet4-brasil-stateless\\\/2020\\\/07\\\/3023fc75-gp1su4io_medium_res-768x513.jpg 768w, https:\\\/\\\/www.greenpeace.org\\\/static\\\/planet4-brasil-stateless\\\/2020\\\/07\\\/3023fc75-gp1su4io_medium_res-510x340.jpg 510w&quot;,&quot;image_sizes&quot;:false,&quot;alt_text&quot;:&quot;&quot;,&quot;caption&quot;:&quot;Sobrevoos feitos em julho de 2020 registraram desmatamento e degrada\\u00e7\\u00e3o na Amaz\\u00f4nia.\\n\\u00c1rea desmatada de 1.022 hectares na \\u00c1rea de Prote\\u00e7\\u00e3o Ambiental Triunfo do Xingu, na cidade de S\\u00e3o F\\u00e9lix do Xingu, no Par\\u00e1, com alerta de desmatamento do Deter de agosto de 2019 a junho de 2020.&quot;,&quot;focus_image&quot;:&quot;&quot;,&quot;credits&quot;:&quot; \\u00a9 Christian Braga \\\/ Greenpeace&quot;},{&quot;image_src&quot;:&quot;https:\\\/\\\/www.greenpeace.org\\\/static\\\/planet4-brasil-stateless\\\/2020\\\/07\\\/3023fc75-gp1su4im_medium_res.jpg&quot;,&quot;image_srcset&quot;:&quot;https:\\\/\\\/www.greenpeace.org\\\/static\\\/planet4-brasil-stateless\\\/2020\\\/07\\\/3023fc75-gp1su4im_medium_res.jpg 1200w, https:\\\/\\\/www.greenpeace.org\\\/static\\\/planet4-brasil-stateless\\\/2020\\\/07\\\/3023fc75-gp1su4im_medium_res-300x200.jpg 300w, https:\\\/\\\/www.greenpeace.org\\\/static\\\/planet4-brasil-stateless\\\/2020\\\/07\\\/3023fc75-gp1su4im_medium_res-1024x683.jpg 1024w, https:\\\/\\\/www.greenpeace.org\\\/static\\\/planet4-brasil-stateless\\\/2020\\\/07\\\/3023fc75-gp1su4im_medium_res-768x512.jpg 768w, https:\\\/\\\/www.greenpeace.org\\\/static\\\/planet4-brasil-stateless\\\/2020\\\/07\\\/3023fc75-gp1su4im_medium_res-510x340.jpg 510w&quot;,&quot;image_sizes&quot;:false,&quot;alt_text&quot;:&quot;&quot;,&quot;caption&quot;:&quot;Sobrevoos feitos em julho de 2020 registraram desmatamento e degrada\\u00e7\\u00e3o na Amaz\\u00f4nia.\\n\\u00c1rea desmatada de 1.022 hectares na \\u00c1rea de Prote\\u00e7\\u00e3o Ambiental Triunfo do Xingu, na cidade de S\\u00e3o F\\u00e9lix do Xingu, no Par\\u00e1, com alerta de desmatamento do Deter de agosto de 2019 a junho de 2020.&quot;,&quot;focus_image&quot;:&quot;&quot;,&quot;credits&quot;:&quot; \\u00a9 Christian Braga \\\/ Greenpeace&quot;},{&quot;image_src&quot;:&quot;https:\\\/\\\/www.greenpeace.org\\\/static\\\/planet4-brasil-stateless\\\/2020\\\/07\\\/3023fc75-gp1su4iq_medium_res.jpg&quot;,&quot;image_srcset&quot;:&quot;https:\\\/\\\/www.greenpeace.org\\\/static\\\/planet4-brasil-stateless\\\/2020\\\/07\\\/3023fc75-gp1su4iq_medium_res.jpg 1200w, https:\\\/\\\/www.greenpeace.org\\\/static\\\/planet4-brasil-stateless\\\/2020\\\/07\\\/3023fc75-gp1su4iq_medium_res-300x200.jpg 300w, https:\\\/\\\/www.greenpeace.org\\\/static\\\/planet4-brasil-stateless\\\/2020\\\/07\\\/3023fc75-gp1su4iq_medium_res-1024x684.jpg 1024w, https:\\\/\\\/www.greenpeace.org\\\/static\\\/planet4-brasil-stateless\\\/2020\\\/07\\\/3023fc75-gp1su4iq_medium_res-768x513.jpg 768w, https:\\\/\\\/www.greenpeace.org\\\/static\\\/planet4-brasil-stateless\\\/2020\\\/07\\\/3023fc75-gp1su4iq_medium_res-510x340.jpg 510w&quot;,&quot;image_sizes&quot;:false,&quot;alt_text&quot;:&quot;&quot;,&quot;caption&quot;:&quot;Sobrevoos feitos em julho de 2020 registraram desmatamento e degrada\\u00e7\\u00e3o na Amaz\\u00f4nia.\\n\\u00c1rea desmatada de 1.022 hectares na \\u00c1rea de Prote\\u00e7\\u00e3o Ambiental Triunfo do Xingu, na cidade de S\\u00e3o F\\u00e9lix do Xingu, no Par\\u00e1, com alerta de desmatamento do Deter de agosto de 2019 a junho de 2020.&quot;,&quot;focus_image&quot;:&quot;&quot;,&quot;credits&quot;:&quot; \\u00a9 Christian Braga \\\/ Greenpeace&quot;}]}}\"><\/div>","protected":false},"excerpt":{"rendered":"<p>N\u00famero de alertas foi\u00a011% maior que o registrado no mesmo m\u00eas de 2019, confirmando a tend\u00eancia de aumento do desmatamento na Amaz\u00f4nia<\/p>\n","protected":false},"author":24,"featured_media":24938,"comment_status":"open","ping_status":"closed","sticky":false,"template":"","format":"standard","meta":{"ep_exclude_from_search":false,"p4_og_title":"","p4_og_description":"","p4_og_image":"","p4_og_image_id":"","p4_seo_canonical_url":"","p4_campaign_name":"not set","p4_local_project":"not set","p4_basket_name":"not set","p4_department":"","footnotes":""},"categories":[49],"tags":[22],"p4-page-type":[16],"class_list":["post-24937","post","type-post","status-publish","format-standard","has-post-thumbnail","hentry","category-amazonia","tag-florestas","p4-page-type-blog"],"_links":{"self":[{"href":"https:\/\/www.greenpeace.org\/brasil\/wp-json\/wp\/v2\/posts\/24937","targetHints":{"allow":["GET"]}}],"collection":[{"href":"https:\/\/www.greenpeace.org\/brasil\/wp-json\/wp\/v2\/posts"}],"about":[{"href":"https:\/\/www.greenpeace.org\/brasil\/wp-json\/wp\/v2\/types\/post"}],"author":[{"embeddable":true,"href":"https:\/\/www.greenpeace.org\/brasil\/wp-json\/wp\/v2\/users\/24"}],"replies":[{"embeddable":true,"href":"https:\/\/www.greenpeace.org\/brasil\/wp-json\/wp\/v2\/comments?post=24937"}],"version-history":[{"count":9,"href":"https:\/\/www.greenpeace.org\/brasil\/wp-json\/wp\/v2\/posts\/24937\/revisions"}],"predecessor-version":[{"id":58715,"href":"https:\/\/www.greenpeace.org\/brasil\/wp-json\/wp\/v2\/posts\/24937\/revisions\/58715"}],"wp:featuredmedia":[{"embeddable":true,"href":"https:\/\/www.greenpeace.org\/brasil\/wp-json\/wp\/v2\/media\/24938"}],"wp:attachment":[{"href":"https:\/\/www.greenpeace.org\/brasil\/wp-json\/wp\/v2\/media?parent=24937"}],"wp:term":[{"taxonomy":"category","embeddable":true,"href":"https:\/\/www.greenpeace.org\/brasil\/wp-json\/wp\/v2\/categories?post=24937"},{"taxonomy":"post_tag","embeddable":true,"href":"https:\/\/www.greenpeace.org\/brasil\/wp-json\/wp\/v2\/tags?post=24937"},{"taxonomy":"p4-page-type","embeddable":true,"href":"https:\/\/www.greenpeace.org\/brasil\/wp-json\/wp\/v2\/p4-page-type?post=24937"}],"curies":[{"name":"wp","href":"https:\/\/api.w.org\/{rel}","templated":true}]}}