{"id":25152,"date":"2020-06-24T16:34:00","date_gmt":"2020-06-24T19:34:00","guid":{"rendered":"https:\/\/www.greenpeace.org\/brasil\/?p=25152"},"modified":"2022-06-30T16:35:46","modified_gmt":"2022-06-30T19:35:46","slug":"forcas-armadas-na-amazonia","status":"publish","type":"post","link":"https:\/\/www.greenpeace.org\/brasil\/imprensa\/forcas-armadas-na-amazonia\/","title":{"rendered":"For\u00e7as Armadas na Amaz\u00f4nia"},"content":{"rendered":"\n<h4 class=\"wp-block-heading\">Ex\u00e9rcito tem a miss\u00e3o de combater o desmatamento, mas os n\u00fameros da destrui\u00e7\u00e3o s\u00f3 aumentam<\/h4>\n\n<figure class=\"wp-block-image size-large  caption-style-blue-overlay caption-alignment-center\"><img decoding=\"async\" src=\"https:\/\/www.greenpeace.org\/static\/planet4-brasil-stateless\/2020\/06\/283bf00b-la%CC%81brea-2020-05-28-00_00-2020-05-28-23_59-sentinel-2-s2l2a-true-color.jpg\" alt=\"\"\/><figcaption>L\u00e1brea (AM): imagens do Sentinel-2 de 28\/05\/2020, demonstrando 1.500 hectares de desmatamento.<br>Foi emitido alerta pelo DETER em 09\/05\/2020<\/figcaption><\/figure>\n\n<p><strong>S\u00e3o Paulo &#8211;\u00a0 <\/strong>H\u00e1 um m\u00eas o governo Bolsonaro enviou as For\u00e7as Armadas \u00e0 Amaz\u00f4nia para combater os altos \u00edndices de desmatamento. A opera\u00e7\u00e3o deflagrada a partir de um decreto de Garantia da Lei e da Ordem (GLO), subordinou Ibama e ICMBio ao Ex\u00e9rcito, tirando-lhes recursos financeiros e tamb\u00e9m a autonomia de a\u00e7\u00e3o. Na semana passada, o vice-presidente Hamilton Mour\u00e3o, afirmou que, neste m\u00eas de maio o desmatamento teria sido o menor dos \u00faltimos anos. No entanto, imagens de sat\u00e9lite mostram a maior taxa de alertas de desmatamento registrada para o m\u00eas nos \u00faltimos cinco anos, comprovando que a opera\u00e7\u00e3o tem sido ineficaz em fiscalizar e conter a destrui\u00e7\u00e3o da floresta.<\/p>\n\n<p><a href=\"https:\/\/www.greenpeace.org\/brasil\/press\/imagens-desmatamento-maio-2020\/\">[Veja imagens]<\/a><\/p>\n\n<p>Como \u00e9 poss\u00edvel constatar nas imagens de sat\u00e9lite, entre janeiro e maio deste ano, enormes clareiras seguem rasgando a floresta em \u00e1reas de 700, 1.000 e at\u00e9 1.700 hectares, em regi\u00f5es do Amazonas, Par\u00e1 e Mato Grosso. Esses foram os maiores desmatamentos identificados dentro do per\u00edodo de execu\u00e7\u00e3o da GLO. \u201cEssa destrui\u00e7\u00e3o teria sido&nbsp; facilmente interrompida se desde o in\u00edcio tivessem sido usados intelig\u00eancia e real interesse do governo no combate aos crimes ambientais\u201d, afirma R\u00f4mulo Batista, porta-voz da campanha de Amaz\u00f4nia do Greenpeace.&nbsp;<\/p>\n\n<p>Ao custo mensal de 60 milh\u00f5es de reais, o equivalente a quase 80% do or\u00e7amento anual de fiscaliza\u00e7\u00e3o do IBAMA, essas opera\u00e7\u00f5es teriam como objetivo principal combater o desmatamento nos meses que antecedem a temporada de queimadas criminosas na floresta amaz\u00f4nica. Por\u00e9m com o in\u00edcio da seca chegando e o fogo batendo \u00e0 porta da floresta, o quadro que vem se desenhando n\u00e3o \u00e9 apenas catastr\u00f3fico para a quantidade de \u00e1rvores que v\u00e3o tombar por conta dos inc\u00eandios, mas tamb\u00e9m pelo agravamento da vulnerabilidade das popula\u00e7\u00f5es da Amaz\u00f4nia \u00e0 Covid-19.<\/p>\n\n<p>Com a aproxima\u00e7\u00e3o da \u00e9poca mais seca na Amaz\u00f4nia o quadro fica ainda mais dram\u00e1tico quando o assunto \u00e9 sa\u00fade p\u00fablica. No ano passado, quando o Brasil bateu recordes de alertas de inc\u00eandio, o n\u00famero de crian\u00e7as internadas com problemas respirat\u00f3rios dobrou nas \u00e1reas mais afetadas pelo fogo. Foram cerca de 2,5 mil interna\u00e7\u00f5es a mais, por m\u00eas, em maio e junho de 2019, em aproximadamente 100 munic\u00edpios da Amaz\u00f4nia Legal, segundo estudo da Fiocruz. A trag\u00e9dia est\u00e1 em curso. Hospitais em toda regi\u00e3o norte est\u00e3o lotados. Na primeira semana de maio, j\u00e1 houve aumento de 38,8% de queimadas em compara\u00e7\u00e3o com o mesmo per\u00edodo de 2019.&nbsp;<\/p>\n\n<p>\u201c\u00c9 dif\u00edcil nutrir muita esperan\u00e7a de que a cat\u00e1strofe ambiental que vimos no ano passado seja menor em 2020. Afinal, a conten\u00e7\u00e3o do colapso est\u00e1 nas m\u00e3os de um governo muito bom de discurso, mas que, na pr\u00e1tica, se mostra completamente incapaz de combater a destrui\u00e7\u00e3o do maior patrim\u00f4nio de todos os brasileiros &#8211;\u00a0 a Amaz\u00f4nia\u201d, completa R\u00f4mulo.<\/p>\n\n<p><strong>Assessoria de Imprensa<\/strong><br>(11) 3035-1167<br><a rel=\"noreferrer noopener\" href=\"https:\/\/yusretitilevele.i-mpr.com\/link.php?code=bDpodHRwJTNBJTJGJTJGaW1wcmVuc2EuYnIlNDBncmVlbnBlYWNlLm9yZzozODY1NzIzNjUxOndlbGxpbmd0b24ubWVzcXVpdGFAYWdlbmNpYXJhZGlvd2ViLmNvbS5icjoyYjU0YmM=\" target=\"_blank\">imprensa.br@greenpeace.org<\/a><\/p>\n","protected":false},"excerpt":{"rendered":"<p>Ex\u00e9rcito tem a miss\u00e3o de combater o desmatamento, mas os n\u00fameros da destrui\u00e7\u00e3o s\u00f3 aumentam<\/p>\n","protected":false},"author":28,"featured_media":24613,"comment_status":"closed","ping_status":"closed","sticky":false,"template":"","format":"standard","meta":{"ep_exclude_from_search":false,"p4_og_title":"","p4_og_description":"","p4_og_image":"","p4_og_image_id":"","p4_seo_canonical_url":"","p4_campaign_name":"not set","p4_local_project":"not set","p4_basket_name":"not set","p4_department":"","footnotes":""},"categories":[3],"tags":[22,55],"p4-page-type":[14],"class_list":["post-25152","post","type-post","status-publish","format-standard","has-post-thumbnail","hentry","category-proteja-a-natureza","tag-florestas","tag-imprensa","p4-page-type-imprensa"],"_links":{"self":[{"href":"https:\/\/www.greenpeace.org\/brasil\/wp-json\/wp\/v2\/posts\/25152","targetHints":{"allow":["GET"]}}],"collection":[{"href":"https:\/\/www.greenpeace.org\/brasil\/wp-json\/wp\/v2\/posts"}],"about":[{"href":"https:\/\/www.greenpeace.org\/brasil\/wp-json\/wp\/v2\/types\/post"}],"author":[{"embeddable":true,"href":"https:\/\/www.greenpeace.org\/brasil\/wp-json\/wp\/v2\/users\/28"}],"replies":[{"embeddable":true,"href":"https:\/\/www.greenpeace.org\/brasil\/wp-json\/wp\/v2\/comments?post=25152"}],"version-history":[{"count":5,"href":"https:\/\/www.greenpeace.org\/brasil\/wp-json\/wp\/v2\/posts\/25152\/revisions"}],"predecessor-version":[{"id":25161,"href":"https:\/\/www.greenpeace.org\/brasil\/wp-json\/wp\/v2\/posts\/25152\/revisions\/25161"}],"wp:featuredmedia":[{"embeddable":true,"href":"https:\/\/www.greenpeace.org\/brasil\/wp-json\/wp\/v2\/media\/24613"}],"wp:attachment":[{"href":"https:\/\/www.greenpeace.org\/brasil\/wp-json\/wp\/v2\/media?parent=25152"}],"wp:term":[{"taxonomy":"category","embeddable":true,"href":"https:\/\/www.greenpeace.org\/brasil\/wp-json\/wp\/v2\/categories?post=25152"},{"taxonomy":"post_tag","embeddable":true,"href":"https:\/\/www.greenpeace.org\/brasil\/wp-json\/wp\/v2\/tags?post=25152"},{"taxonomy":"p4-page-type","embeddable":true,"href":"https:\/\/www.greenpeace.org\/brasil\/wp-json\/wp\/v2\/p4-page-type?post=25152"}],"curies":[{"name":"wp","href":"https:\/\/api.w.org\/{rel}","templated":true}]}}