{"id":25492,"date":"2020-07-24T17:11:09","date_gmt":"2020-07-24T20:11:09","guid":{"rendered":"https:\/\/www.greenpeace.org\/brasil\/?p=25492"},"modified":"2021-01-22T11:43:51","modified_gmt":"2021-01-22T14:43:51","slug":"as-arvores-somos-nozes-33-a-pressao-do-mercado-pelo-fim-do-desmatamento","status":"publish","type":"post","link":"https:\/\/www.greenpeace.org\/brasil\/podcast\/as-arvores-somos-nozes-33-a-pressao-do-mercado-pelo-fim-do-desmatamento\/","title":{"rendered":"As \u00c1rvores Somos Nozes 33 &#8211; A press\u00e3o do mercado pelo fim do desmatamento"},"content":{"rendered":"\n<h4 class=\"wp-block-heading\">Neste epis\u00f3dio analisamos a press\u00e3o que investidores e empresas est\u00e3o fazendo para que o governo brasileiro controle o desmatamento na Amaz\u00f4nia.&nbsp;<\/h4>\n\n<iframe loading=\"lazy\" src=\"https:\/\/anchor.fm\/as-arvores\/embed\/episodes\/33---A-presso-do-mercado-pelo-fim-do-desmatamento-ep7s2j\" height=\"120px\" width=\"700px\" frameborder=\"0\" scrolling=\"no\"><\/iframe>\n\n<p>Um abaixo-assinado de consumidores alem\u00e3es pedindo boicote aos produtos brasileiros, uma carta de ex-ministros e ex-presidentes do Banco Central e uma s\u00e9rie de reuni\u00f5es envolvendo o governo brasileiro, investidores estrangeiros e empres\u00e1rios. Tudo isso aconteceu em julho e teve como foco a press\u00e3o para que o governo brasileiro controle as taxas de desmatamento na Amaz\u00f4nia. Enquanto a devasta\u00e7\u00e3o estiver aumentando, o mercado n\u00e3o est\u00e1 disposto a negociar com o Brasil e amea\u00e7a tirar daqui investimentos.&nbsp;<br><br>Para analisar os impactos e as causas dessa postura, ouvimos Rubens Ricupero, que foi ministro de Meio Ambiente e da Fazenda no governo Itamar Franco, e Adriana Charoux, da Campanha de Amaz\u00f4nia do Greenpeace Brasil.&nbsp;<\/p>\n\n<p>&nbsp;<a rel=\"noreferrer noopener\" href=\"http:\/\/feeds.feedburner.com\/asarvores\" target=\"_blank\">Assine o feed<\/a>&nbsp;|&nbsp;<a rel=\"noreferrer noopener\" href=\"https:\/\/open.spotify.com\/show\/51FYxkzZ0DPPUtd87T01ny\" target=\"_blank\">Ou\u00e7a no Spotify<\/a>&nbsp;|&nbsp;<a rel=\"noreferrer noopener\" href=\"https:\/\/itunes.apple.com\/br\/podcast\/as-%C3%A1rvores-somos-nozes\/id1436750884?mt=2#\" target=\"_blank\">Ou\u00e7a no iOS<\/a>&nbsp;|&nbsp;<a rel=\"noreferrer noopener\" href=\"https:\/\/subscribeonandroid.com\/feeds.feedburner.com\/asarvores\" target=\"_blank\">Ou\u00e7a no Android<\/a><\/p>\n\n<p>Links de refer\u00eancia sobre o tema<\/p>\n\n<ul class=\"wp-block-list\"><li><a href=\"https:\/\/www.greenpeace.org\/brasil\/blog\/ricupero-nossa-imagem-hoje-e-a-de-pior-vilao-ambiental-do-planeta\/\">Ricupero: \u201cNossa imagem hoje \u00e9 a de pior vil\u00e3o ambiental do planeta\u201d (parte 2)<\/a><\/li><li><a href=\"https:\/\/economia.estadao.com.br\/noticias\/geral,fundos-estrangeiros-pedem-acesso-a-dados-e-mais-comprometimento-do-brasil-com-o-clima,70003358985\">Fundos estrangeiros pedem acesso a dados e mais comprometimento do Brasil com o clima<\/a><\/li><li><a href=\"https:\/\/economia.estadao.com.br\/noticias\/geral,queremos-acoes-concretas-sobre-questao-ambiental-diz-executivo-de-banco-de-investimento-europeu,70003362342\">&#8216;Queremos a\u00e7\u00f5es concretas sobre quest\u00e3o ambiental&#8217;, diz executivo de banco de investimento europeu<\/a><\/li><li><a href=\"https:\/\/cebds.org\/em-reuniao-com-mourao-empresarios-cobram-medidas-efetivas-de-combate-ao-desmatamento-ilegal\/#.XxmpL5NKiRt\">Em reuni\u00e3o com Mour\u00e3o, empres\u00e1rios cobram medidas efetivas de combate ao desmatamento ilegal<\/a><\/li><li><a href=\"https:\/\/oglobo.globo.com\/economia\/nao-da-mais-para-cortar-arvore-diz-arminio-fraga-sobre-desmatamento-da-amazonia-1-24533506\">&#8216;N\u00e3o d\u00e1 mais para cortar \u00e1rvore&#8217;, diz Arminio Fraga sobre desmatamento da Amaz\u00f4nia<\/a><\/li><li><a href=\"https:\/\/br.reuters.com\/article\/businessNews\/idBRKCN24F24G-OBRBS\">Ex-ministros da Fazenda e ex-presidentes do BC pedem responsabilidade ambiental na retomada<\/a><\/li><\/ul>\n\n<p>Cr\u00e9ditos:<\/p>\n\n<ul class=\"wp-block-list\"><li>Apresenta\u00e7\u00e3o: Rafael Silva e Tha\u00eds Herrero;<\/li><li>Roteiro: Tha\u00eds Herrero;<\/li><li>Produ\u00e7\u00e3o: Camila Doretto;<\/li><li>Entrevistados: Adriana Charoux e Rubens Ricupero;<\/li><li>Sound Design: Compasso Coolab;<\/li><li>Trilha original: Marcellus Meirelles e Alexandre Luppi;<\/li><li>Edi\u00e7\u00e3o: <a href=\"http:\/\/instagram.com\/pemoura42\">Pedro Moura.<\/a><\/li><\/ul>\n\n<p><\/p>\n","protected":false},"excerpt":{"rendered":"<p>Neste epis\u00f3dio analisamos a press\u00e3o que investidores e empresas est\u00e3o fazendo para que o governo brasileiro controle o desmatamento na Amaz\u00f4nia. <\/p>\n","protected":false},"author":28,"featured_media":25500,"comment_status":"open","ping_status":"closed","sticky":false,"template":"","format":"standard","meta":{"ep_exclude_from_search":false,"p4_og_title":"","p4_og_description":"","p4_og_image":"","p4_og_image_id":"","p4_seo_canonical_url":"","p4_campaign_name":"not set","p4_local_project":"not set","p4_basket_name":"not set","p4_department":"","footnotes":""},"categories":[3],"tags":[22],"p4-page-type":[28],"class_list":["post-25492","post","type-post","status-publish","format-standard","has-post-thumbnail","hentry","category-proteja-a-natureza","tag-florestas","p4-page-type-podcast"],"_links":{"self":[{"href":"https:\/\/www.greenpeace.org\/brasil\/wp-json\/wp\/v2\/posts\/25492","targetHints":{"allow":["GET"]}}],"collection":[{"href":"https:\/\/www.greenpeace.org\/brasil\/wp-json\/wp\/v2\/posts"}],"about":[{"href":"https:\/\/www.greenpeace.org\/brasil\/wp-json\/wp\/v2\/types\/post"}],"author":[{"embeddable":true,"href":"https:\/\/www.greenpeace.org\/brasil\/wp-json\/wp\/v2\/users\/28"}],"replies":[{"embeddable":true,"href":"https:\/\/www.greenpeace.org\/brasil\/wp-json\/wp\/v2\/comments?post=25492"}],"version-history":[{"count":12,"href":"https:\/\/www.greenpeace.org\/brasil\/wp-json\/wp\/v2\/posts\/25492\/revisions"}],"predecessor-version":[{"id":29320,"href":"https:\/\/www.greenpeace.org\/brasil\/wp-json\/wp\/v2\/posts\/25492\/revisions\/29320"}],"wp:featuredmedia":[{"embeddable":true,"href":"https:\/\/www.greenpeace.org\/brasil\/wp-json\/wp\/v2\/media\/25500"}],"wp:attachment":[{"href":"https:\/\/www.greenpeace.org\/brasil\/wp-json\/wp\/v2\/media?parent=25492"}],"wp:term":[{"taxonomy":"category","embeddable":true,"href":"https:\/\/www.greenpeace.org\/brasil\/wp-json\/wp\/v2\/categories?post=25492"},{"taxonomy":"post_tag","embeddable":true,"href":"https:\/\/www.greenpeace.org\/brasil\/wp-json\/wp\/v2\/tags?post=25492"},{"taxonomy":"p4-page-type","embeddable":true,"href":"https:\/\/www.greenpeace.org\/brasil\/wp-json\/wp\/v2\/p4-page-type?post=25492"}],"curies":[{"name":"wp","href":"https:\/\/api.w.org\/{rel}","templated":true}]}}