{"id":25896,"date":"2020-08-13T16:59:13","date_gmt":"2020-08-13T19:59:13","guid":{"rendered":"https:\/\/www.greenpeace.org\/brasil\/?p=25896"},"modified":"2025-07-02T04:32:37","modified_gmt":"2025-07-02T07:32:37","slug":"dia-internacional-dos-povos-indigenas-levanta-debate-sobre-mudancas-climaticas-e-protecao-das-florestas-entre-os-voluntarios","status":"publish","type":"post","link":"https:\/\/www.greenpeace.org\/brasil\/voluntarios\/dia-internacional-dos-povos-indigenas-levanta-debate-sobre-mudancas-climaticas-e-protecao-das-florestas-entre-os-voluntarios\/","title":{"rendered":"Dia Internacional dos Povos Ind\u00edgenas levanta debate sobre mudan\u00e7as clim\u00e1ticas e prote\u00e7\u00e3o das florestas entre os volunt\u00e1rios"},"content":{"rendered":"\n<h4 class=\"wp-block-heading\"><em>Para conscientizar sobre a import\u00e2ncia da luta e prote\u00e7\u00e3o das vidas e terras ind\u00edgenas, grupos produziram diversos conte\u00fados multim\u00eddias e ainda divulgaram materiais de indica\u00e7\u00e3o para quem deseja entender melhor sobre a tem\u00e1tica <\/em><\/h4>\n\n<p class=\"has-text-align-center\"><img loading=\"lazy\" decoding=\"async\" width=\"724\" height=\"239\" class=\"wp-image-25897\" style=\"width: 724px;\" src=\"https:\/\/www.greenpeace.org\/static\/planet4-brasil-stateless\/2020\/08\/b65a403a-lives-da-semana.png\" alt=\"\" srcset=\"https:\/\/www.greenpeace.org\/static\/planet4-brasil-stateless\/2020\/08\/b65a403a-lives-da-semana.png 1909w, https:\/\/www.greenpeace.org\/static\/planet4-brasil-stateless\/2020\/08\/b65a403a-lives-da-semana-300x99.png 300w, https:\/\/www.greenpeace.org\/static\/planet4-brasil-stateless\/2020\/08\/b65a403a-lives-da-semana-1024x338.png 1024w, https:\/\/www.greenpeace.org\/static\/planet4-brasil-stateless\/2020\/08\/b65a403a-lives-da-semana-768x254.png 768w, https:\/\/www.greenpeace.org\/static\/planet4-brasil-stateless\/2020\/08\/b65a403a-lives-da-semana-1536x508.png 1536w, https:\/\/www.greenpeace.org\/static\/planet4-brasil-stateless\/2020\/08\/b65a403a-lives-da-semana-510x169.png 510w\" sizes=\"auto, (max-width: 724px) 100vw, 724px\" \/><\/p>\n\n<p><strong>05\/08 &#8211; Cerrado em Foco<\/strong><\/p>\n\n<p>O<strong> <\/strong><a href=\"http:\/\/@gpbr.brasilia\"><strong>Grupo de Bras\u00edlia<\/strong><\/a> continua com a temporada de conte\u00fados sobre o Cerrado. Essa semana, o destaque foi uma live para falar sobre a import\u00e2ncia do trabalho da <a href=\"http:\/\/@redesementesdocerrado.\"><strong>Rede de Sementes do Cerrado<\/strong><\/a> na defesa do bioma. A convidada especial dos voluntas foi a Camila Motta, bi\u00f3loga e Presidente da Rede.<\/p>\n\n<p class=\"has-text-align-center\">&nbsp; <img loading=\"lazy\" decoding=\"async\" width=\"356\" height=\"357\" class=\"wp-image-25898\" style=\"width: 356px;\" src=\"https:\/\/www.greenpeace.org\/static\/planet4-brasil-stateless\/2020\/08\/8f1c1253-brasilia.png\" alt=\"\" srcset=\"https:\/\/www.greenpeace.org\/static\/planet4-brasil-stateless\/2020\/08\/8f1c1253-brasilia.png 588w, https:\/\/www.greenpeace.org\/static\/planet4-brasil-stateless\/2020\/08\/8f1c1253-brasilia-300x300.png 300w, https:\/\/www.greenpeace.org\/static\/planet4-brasil-stateless\/2020\/08\/8f1c1253-brasilia-150x150.png 150w, https:\/\/www.greenpeace.org\/static\/planet4-brasil-stateless\/2020\/08\/8f1c1253-brasilia-339x340.png 339w\" sizes=\"auto, (max-width: 356px) 100vw, 356px\" \/><\/p>\n\n<p><strong>12\/08 &#8211; Energia E\u00f3lica Onshore e Offshore<\/strong><\/p>\n\n<p>Seguindo com o ciclo de lives sobre tipos de energia, os voluntas de Fortaleza focaram essa semana na e\u00f3lica! Para explicar tudo sobre o assunto e tirar d\u00favidas, o grupo convidou Marcelo Lima, da campanha de Clima e Energia do Greenpeace Brasil; Thayn\u00e1 Caiafo, bi\u00f3loga em forma\u00e7\u00e3o e membra do grupo local, e Marcelo Soares, bi\u00f3logo, Doutor em Geoci\u00eancias e professor da Universidade Federal do Cear\u00e1.<\/p>\n\n<p class=\"has-text-align-center\"> <img loading=\"lazy\" decoding=\"async\" width=\"427\" height=\"421\" class=\"wp-image-25899\" style=\"width: 427px;\" src=\"https:\/\/www.greenpeace.org\/static\/planet4-brasil-stateless\/2020\/08\/be533701-fortaleza.png\" alt=\"\" srcset=\"https:\/\/www.greenpeace.org\/static\/planet4-brasil-stateless\/2020\/08\/be533701-fortaleza.png 594w, https:\/\/www.greenpeace.org\/static\/planet4-brasil-stateless\/2020\/08\/be533701-fortaleza-300x296.png 300w, https:\/\/www.greenpeace.org\/static\/planet4-brasil-stateless\/2020\/08\/be533701-fortaleza-345x340.png 345w\" sizes=\"auto, (max-width: 427px) 100vw, 427px\" \/><\/p>\n\n<p class=\"has-text-align-center\"> <img loading=\"lazy\" decoding=\"async\" width=\"734\" height=\"246\" class=\"wp-image-25900\" style=\"width: 734px;\" src=\"https:\/\/www.greenpeace.org\/static\/planet4-brasil-stateless\/2020\/08\/93206608-encontros.png\" alt=\"\" srcset=\"https:\/\/www.greenpeace.org\/static\/planet4-brasil-stateless\/2020\/08\/93206608-encontros.png 1915w, https:\/\/www.greenpeace.org\/static\/planet4-brasil-stateless\/2020\/08\/93206608-encontros-300x101.png 300w, https:\/\/www.greenpeace.org\/static\/planet4-brasil-stateless\/2020\/08\/93206608-encontros-1024x344.png 1024w, https:\/\/www.greenpeace.org\/static\/planet4-brasil-stateless\/2020\/08\/93206608-encontros-768x258.png 768w, https:\/\/www.greenpeace.org\/static\/planet4-brasil-stateless\/2020\/08\/93206608-encontros-1536x516.png 1536w, https:\/\/www.greenpeace.org\/static\/planet4-brasil-stateless\/2020\/08\/93206608-encontros-510x171.png 510w\" sizes=\"auto, (max-width: 734px) 100vw, 734px\" \/><\/p>\n\n<p><strong>06\/08 &#8211; Reuni\u00e3o de Anfitri\u00f5es<\/strong><\/p>\n\n<p>Na \u00faltima quinta-feira rolou uma conversa super bacana com os nossos anfitri\u00f5es, que s\u00e3o respons\u00e1veis por ajudar a integra\u00e7\u00e3o de novos volunt\u00e1rios e volunt\u00e1rias, solucionar d\u00favidas, estabelecer a ponte entre os grupos e o nosso escrit\u00f3rio etc. \ud83d\ude42&nbsp; A reuni\u00e3o abordou tem\u00e1ticas como as \u00faltimas atualiza\u00e7\u00f5es do <a href=\"https:\/\/conexaoverde.greenpeace.org.br\/\"><strong>Conex\u00e3o Verde<\/strong><\/a>, como anda o processo seletivo para novos anfitri\u00f5es, como ser\u00e1 o pr\u00f3ximo treinamento, dicas para os pr\u00f3ximos anfitri\u00f5es etc.<\/p>\n\n<p class=\"has-text-align-center\"> <img loading=\"lazy\" decoding=\"async\" width=\"487\" height=\"274\" class=\"wp-image-25901\" style=\"width: 487px;\" src=\"https:\/\/www.greenpeace.org\/static\/planet4-brasil-stateless\/2020\/08\/c0104808-anfitrioes.png\" alt=\"\" srcset=\"https:\/\/www.greenpeace.org\/static\/planet4-brasil-stateless\/2020\/08\/c0104808-anfitrioes.png 1366w, https:\/\/www.greenpeace.org\/static\/planet4-brasil-stateless\/2020\/08\/c0104808-anfitrioes-300x169.png 300w, https:\/\/www.greenpeace.org\/static\/planet4-brasil-stateless\/2020\/08\/c0104808-anfitrioes-1024x576.png 1024w, https:\/\/www.greenpeace.org\/static\/planet4-brasil-stateless\/2020\/08\/c0104808-anfitrioes-768x432.png 768w, https:\/\/www.greenpeace.org\/static\/planet4-brasil-stateless\/2020\/08\/c0104808-anfitrioes-510x287.png 510w\" sizes=\"auto, (max-width: 487px) 100vw, 487px\" \/> <\/p>\n\n<p class=\"has-text-align-center\"><img loading=\"lazy\" decoding=\"async\" width=\"495\" height=\"278\" class=\"wp-image-25902\" style=\"width: 495px;\" src=\"https:\/\/www.greenpeace.org\/static\/planet4-brasil-stateless\/2020\/08\/ae9b167a-anfitrioes2.png\" alt=\"\" srcset=\"https:\/\/www.greenpeace.org\/static\/planet4-brasil-stateless\/2020\/08\/ae9b167a-anfitrioes2.png 1366w, https:\/\/www.greenpeace.org\/static\/planet4-brasil-stateless\/2020\/08\/ae9b167a-anfitrioes2-300x169.png 300w, https:\/\/www.greenpeace.org\/static\/planet4-brasil-stateless\/2020\/08\/ae9b167a-anfitrioes2-1024x576.png 1024w, https:\/\/www.greenpeace.org\/static\/planet4-brasil-stateless\/2020\/08\/ae9b167a-anfitrioes2-768x432.png 768w, https:\/\/www.greenpeace.org\/static\/planet4-brasil-stateless\/2020\/08\/ae9b167a-anfitrioes2-510x287.png 510w\" sizes=\"auto, (max-width: 495px) 100vw, 495px\" \/><\/p>\n\n<p><strong>06\/08 &#8211; Reuni\u00e3o do grupo de Goi\u00e2nia<\/strong><\/p>\n\n<p>Os voluntas se reuniram para discutir pautas como o novo projeto de lei de saneamento b\u00e1sico (PL 4.162\/2019), a grande quantidade de ongs voltadas para quest\u00f5es ambientais na cidade e a aordagem da sustentabilidade na educa\u00e7\u00e3o de jovens e crian\u00e7as.<\/p>\n\n<p><strong>08\/08 &#8211; Reuni\u00e3o do grupo de Porto Alegre&nbsp;<\/strong><\/p>\n\n<p>Pela 5\u00b0 vez em tempos de quarentena, o grupo da capital dos ga\u00fachos se encontrou virtualmente para falar sobre engajamento. Na pauta, estavam presentes temas como o<a href=\"http:\/\/www.diamundialdalimpeza.com.br\"> <strong>Dia Mundial da Limpeza<\/strong><\/a> 2020, a campanha local #PortoN\u00e3o e assuntos gerais.&nbsp;<\/p>\n\n<p class=\"has-text-align-center\"> <img loading=\"lazy\" decoding=\"async\" width=\"456\" height=\"313\" class=\"wp-image-25903\" style=\"width: 456px;\" src=\"https:\/\/www.greenpeace.org\/static\/planet4-brasil-stateless\/2020\/08\/0a201fa3-porto-alegre.png\" alt=\"\" srcset=\"https:\/\/www.greenpeace.org\/static\/planet4-brasil-stateless\/2020\/08\/0a201fa3-porto-alegre.png 665w, https:\/\/www.greenpeace.org\/static\/planet4-brasil-stateless\/2020\/08\/0a201fa3-porto-alegre-300x206.png 300w, https:\/\/www.greenpeace.org\/static\/planet4-brasil-stateless\/2020\/08\/0a201fa3-porto-alegre-495x340.png 495w\" sizes=\"auto, (max-width: 456px) 100vw, 456px\" \/><\/p>\n\n<p><strong>10\/08 &#8211; M\u00fasica e po\u00e9tica dos povos ind\u00edgenas&nbsp;<\/strong><\/p>\n\n<p>Em BH, os voluntas organizaram uma roda de conversa extremamente importante sobre a m\u00fasica e a po\u00e9tica dos povos ind\u00edgenas. O bate papo rolou pelo Zoom e contou com a presen\u00e7a de<strong> <\/strong><a href=\"https:\/\/www.instagram.com\/marciakambeba\/\"><strong>M\u00e1rcia Kambeba<\/strong><\/a>, escritora de origem Om\u00e1gua Kambeba, no Amazonas. A convidada debateu a quest\u00e3o da invisibilidade da m\u00fasica ind\u00edgena, como as quest\u00f5es europeias t\u00eam influ\u00eancia nesse processo e qual o futuro desses povos.<\/p>\n\n<p class=\"has-text-align-center\"> <img loading=\"lazy\" decoding=\"async\" width=\"419\" height=\"415\" class=\"wp-image-25904\" style=\"width: 419px;\" src=\"https:\/\/www.greenpeace.org\/static\/planet4-brasil-stateless\/2020\/08\/77cebb14-belo-horizonte12.png\" alt=\"\" srcset=\"https:\/\/www.greenpeace.org\/static\/planet4-brasil-stateless\/2020\/08\/77cebb14-belo-horizonte12.png 592w, https:\/\/www.greenpeace.org\/static\/planet4-brasil-stateless\/2020\/08\/77cebb14-belo-horizonte12-300x297.png 300w, https:\/\/www.greenpeace.org\/static\/planet4-brasil-stateless\/2020\/08\/77cebb14-belo-horizonte12-150x150.png 150w, https:\/\/www.greenpeace.org\/static\/planet4-brasil-stateless\/2020\/08\/77cebb14-belo-horizonte12-343x340.png 343w\" sizes=\"auto, (max-width: 419px) 100vw, 419px\" \/> <\/p>\n\n<p class=\"has-text-align-center\"><img loading=\"lazy\" decoding=\"async\" width=\"713\" height=\"201\" class=\"wp-image-25905\" style=\"width: 713px;\" src=\"https:\/\/www.greenpeace.org\/static\/planet4-brasil-stateless\/2020\/08\/e1c94f81-datas-especiais.png\" alt=\"\" srcset=\"https:\/\/www.greenpeace.org\/static\/planet4-brasil-stateless\/2020\/08\/e1c94f81-datas-especiais.png 2041w, https:\/\/www.greenpeace.org\/static\/planet4-brasil-stateless\/2020\/08\/e1c94f81-datas-especiais-300x85.png 300w, https:\/\/www.greenpeace.org\/static\/planet4-brasil-stateless\/2020\/08\/e1c94f81-datas-especiais-1024x288.png 1024w, https:\/\/www.greenpeace.org\/static\/planet4-brasil-stateless\/2020\/08\/e1c94f81-datas-especiais-768x216.png 768w, https:\/\/www.greenpeace.org\/static\/planet4-brasil-stateless\/2020\/08\/e1c94f81-datas-especiais-1536x433.png 1536w, https:\/\/www.greenpeace.org\/static\/planet4-brasil-stateless\/2020\/08\/e1c94f81-datas-especiais-510x144.png 510w\" sizes=\"auto, (max-width: 713px) 100vw, 713px\" \/><\/p>\n\n<p><strong>05\/08 &#8211; Anivers\u00e1rio de Jo\u00e3o Pessoa<\/strong><\/p>\n\n<p>Jo\u00e3o Pessoa foi fundada no dia 5 de Agosto de 1585, por colonizadores Portugueses, e j\u00e1 nasceu como cidade com o nome de \u201cCidade Real de nossa senhora das neves\u201d.&nbsp;<\/p>\n\n<p>Desde sua cria\u00e7\u00e3o, a cidade vem encantando e abra\u00e7ando milhares de brasileiros. Parte disso deve-se ao celeiro criativo manifestado nela, principalmente na culin\u00e1ria e na diversidade do artesanato.&nbsp; Em 2017, chegou a receber o t\u00edtulo de cidade criativa pela Unesco, como \u201cCidade<\/p>\n\n<p>Brasileira do Artesanato\u201d, a colocando assim na rota tur\u00edstica brasileira por sua arte popular.<\/p>\n\n<p>Parab\u00e9ns Jo\u00e3o Pessoa pelos seus gloriosos 435 anos&nbsp; repletos de hist\u00f3ria, tradi\u00e7\u00f5es culturais, belas paisagens naturais e conquistas &lt;3 <\/p>\n\n<p class=\"has-text-align-center\"><img loading=\"lazy\" decoding=\"async\" width=\"457\" height=\"454\" class=\"wp-image-25906\" style=\"width: 457px;\" src=\"https:\/\/www.greenpeace.org\/static\/planet4-brasil-stateless\/2020\/08\/6ca0422e-joao-pessoa.png\" alt=\"\" srcset=\"https:\/\/www.greenpeace.org\/static\/planet4-brasil-stateless\/2020\/08\/6ca0422e-joao-pessoa.png 598w, https:\/\/www.greenpeace.org\/static\/planet4-brasil-stateless\/2020\/08\/6ca0422e-joao-pessoa-300x298.png 300w, https:\/\/www.greenpeace.org\/static\/planet4-brasil-stateless\/2020\/08\/6ca0422e-joao-pessoa-150x150.png 150w, https:\/\/www.greenpeace.org\/static\/planet4-brasil-stateless\/2020\/08\/6ca0422e-joao-pessoa-342x340.png 342w\" sizes=\"auto, (max-width: 457px) 100vw, 457px\" \/><\/p>\n\n<p><strong>09\/08 \u2014 Dia Internacional dos Povos Ind\u00edgenas&nbsp;<\/strong><\/p>\n\n<p>Mais do que uma simples data comemorativa, o Dia Internacional dos Povos Ind\u00edgenas simboliza a luta em defesa dos direitos dessa popula\u00e7\u00e3o e nos lembra a rica hist\u00f3ria desses povos.&nbsp;<\/p>\n\n<p>Refor\u00e7ando todo esse s\u00edmbolo de respeito e resist\u00eancia, os grupos locais usaram as redes para compartilhar mensagens e conte\u00fados sobre os povos ind\u00edgenas:<\/p>\n\n<p>Para come\u00e7ar, os voluntas de Belo Horizonte fizeram uma sequ\u00eancia de posts relacionando pautas ind\u00edgenas com hist\u00f3ria, meio ambiente, cidadania e muito mais:<\/p>\n\n<p class=\"has-text-align-center\"> <img loading=\"lazy\" decoding=\"async\" width=\"351\" height=\"349\" class=\"wp-image-25908\" style=\"width: 351px;\" src=\"https:\/\/www.greenpeace.org\/static\/planet4-brasil-stateless\/2020\/08\/64743f20-belo-horizonte7.png\" alt=\"\" srcset=\"https:\/\/www.greenpeace.org\/static\/planet4-brasil-stateless\/2020\/08\/64743f20-belo-horizonte7.png 596w, https:\/\/www.greenpeace.org\/static\/planet4-brasil-stateless\/2020\/08\/64743f20-belo-horizonte7-300x298.png 300w, https:\/\/www.greenpeace.org\/static\/planet4-brasil-stateless\/2020\/08\/64743f20-belo-horizonte7-150x150.png 150w, https:\/\/www.greenpeace.org\/static\/planet4-brasil-stateless\/2020\/08\/64743f20-belo-horizonte7-342x340.png 342w\" sizes=\"auto, (max-width: 351px) 100vw, 351px\" \/><img loading=\"lazy\" decoding=\"async\" width=\"349\" height=\"349\" class=\"wp-image-25907\" style=\"width: 349px;\" src=\"https:\/\/www.greenpeace.org\/static\/planet4-brasil-stateless\/2020\/08\/53844f08-belo-horizonte2.png\" alt=\"\" srcset=\"https:\/\/www.greenpeace.org\/static\/planet4-brasil-stateless\/2020\/08\/53844f08-belo-horizonte2.png 594w, https:\/\/www.greenpeace.org\/static\/planet4-brasil-stateless\/2020\/08\/53844f08-belo-horizonte2-300x300.png 300w, https:\/\/www.greenpeace.org\/static\/planet4-brasil-stateless\/2020\/08\/53844f08-belo-horizonte2-150x150.png 150w, https:\/\/www.greenpeace.org\/static\/planet4-brasil-stateless\/2020\/08\/53844f08-belo-horizonte2-340x340.png 340w\" sizes=\"auto, (max-width: 349px) 100vw, 349px\" \/><\/p>\n\n<p>O grupo tamb\u00e9m convidou a jovem lideran\u00e7a ind\u00edgena <a href=\"https:\/\/www.instagram.com\/sam_sateremawe\/\"><strong>Samela<\/strong><\/a>, representando a Associa\u00e7\u00e3o das Mulheres Ind\u00edgenas Sater\u00e9 Maw\u00e9, para falar sobre representatividade na juventude ind\u00edgena. Samela \u00e9 ativista ambiental, luta pelo direito do seu povo e \u00e9 bi\u00f3loga.&nbsp;<\/p>\n\n<p>Vem conferir a fala da ativista<a href=\"https:\/\/www.instagram.com\/p\/CDmnN33n7hS\/\"> <strong>aqui<\/strong> <\/a>\ud83d\ude42<\/p>\n\n<p class=\"has-text-align-center\">&nbsp;<img loading=\"lazy\" decoding=\"async\" width=\"326\" height=\"497\" class=\"wp-image-25909\" style=\"width: 326px;\" src=\"https:\/\/www.greenpeace.org\/static\/planet4-brasil-stateless\/2020\/08\/f6ed8d12-belo-horizonte3.png\" alt=\"\" srcset=\"https:\/\/www.greenpeace.org\/static\/planet4-brasil-stateless\/2020\/08\/f6ed8d12-belo-horizonte3.png 388w, https:\/\/www.greenpeace.org\/static\/planet4-brasil-stateless\/2020\/08\/f6ed8d12-belo-horizonte3-197x300.png 197w, https:\/\/www.greenpeace.org\/static\/planet4-brasil-stateless\/2020\/08\/f6ed8d12-belo-horizonte3-223x340.png 223w\" sizes=\"auto, (max-width: 326px) 100vw, 326px\" \/><\/p>\n\n<p>J\u00e1 o grupo de Goi\u00e2nia optou por contar a hist\u00f3ria dessa data, existente desde 1995 como resultado de um decreto estabelecido pela ONU.<\/p>\n\n<p class=\"has-text-align-center\">&nbsp;<img loading=\"lazy\" decoding=\"async\" width=\"365\" height=\"436\" class=\"wp-image-25910\" style=\"width: 365px;\" src=\"https:\/\/www.greenpeace.org\/static\/planet4-brasil-stateless\/2020\/08\/c7508f04-goiania3.png\" alt=\"\" srcset=\"https:\/\/www.greenpeace.org\/static\/planet4-brasil-stateless\/2020\/08\/c7508f04-goiania3.png 480w, https:\/\/www.greenpeace.org\/static\/planet4-brasil-stateless\/2020\/08\/c7508f04-goiania3-251x300.png 251w, https:\/\/www.greenpeace.org\/static\/planet4-brasil-stateless\/2020\/08\/c7508f04-goiania3-284x340.png 284w\" sizes=\"auto, (max-width: 365px) 100vw, 365px\" \/><\/p>\n\n<p>Al\u00e9m disso, teve um v\u00eddeo produzido em uni\u00e3o entre v\u00e1rios grupos locais. Juntes, os volunt\u00e1rios e volunt\u00e1rias fizeram uma salva de palmas virtual em homenagem aos guardi\u00f5es da floresta.&nbsp;<\/p>\n\n<p>Vem ver como ficou o v\u00eddeo<a href=\"https:\/\/www.instagram.com\/p\/CDrQRWwnKxN\/\"><strong> aqui<\/strong><\/a><strong> <\/strong>\ud83d\ude42 <\/p>\n\n<p class=\"has-text-align-center\"><img loading=\"lazy\" decoding=\"async\" width=\"290\" height=\"360\" class=\"wp-image-25911\" style=\"width: 290px;\" src=\"https:\/\/www.greenpeace.org\/static\/planet4-brasil-stateless\/2020\/08\/2ed3c575-belo-horizonte8.png\" alt=\"\" srcset=\"https:\/\/www.greenpeace.org\/static\/planet4-brasil-stateless\/2020\/08\/2ed3c575-belo-horizonte8.png 474w, https:\/\/www.greenpeace.org\/static\/planet4-brasil-stateless\/2020\/08\/2ed3c575-belo-horizonte8-242x300.png 242w, https:\/\/www.greenpeace.org\/static\/planet4-brasil-stateless\/2020\/08\/2ed3c575-belo-horizonte8-274x340.png 274w\" sizes=\"auto, (max-width: 290px) 100vw, 290px\" \/><img loading=\"lazy\" decoding=\"async\" width=\"288\" height=\"359\" class=\"wp-image-25912\" style=\"width: 288px;\" src=\"https:\/\/www.greenpeace.org\/static\/planet4-brasil-stateless\/2020\/08\/47b145a2-belo-horizonte9.png\" alt=\"\" srcset=\"https:\/\/www.greenpeace.org\/static\/planet4-brasil-stateless\/2020\/08\/47b145a2-belo-horizonte9.png 478w, https:\/\/www.greenpeace.org\/static\/planet4-brasil-stateless\/2020\/08\/47b145a2-belo-horizonte9-241x300.png 241w, https:\/\/www.greenpeace.org\/static\/planet4-brasil-stateless\/2020\/08\/47b145a2-belo-horizonte9-273x340.png 273w\" sizes=\"auto, (max-width: 288px) 100vw, 288px\" \/><\/p>\n\n<p><strong>09\/08 &#8211; Dia Interamericano de Qualidade do Ar<\/strong><\/p>\n\n<p class=\"has-text-align-center\">Em meio a um cen\u00e1rio t\u00e3o polu\u00eddo, decorrente do mundo globalizado do s\u00e9culo XXI, os grupos pegaram gancho na data comemorativa para conscientizar sobre os altos \u00edndices de polui\u00e7\u00e3o que temos lan\u00e7ado na atmosfera.&nbsp;<\/p>\n\n<p class=\"has-text-align-center\"> <img loading=\"lazy\" decoding=\"async\" width=\"326\" height=\"329\" class=\"wp-image-25913\" style=\"width: 326px;\" src=\"https:\/\/www.greenpeace.org\/static\/planet4-brasil-stateless\/2020\/08\/64b6728f-recife7.png\" alt=\"\" srcset=\"https:\/\/www.greenpeace.org\/static\/planet4-brasil-stateless\/2020\/08\/64b6728f-recife7.png 586w, https:\/\/www.greenpeace.org\/static\/planet4-brasil-stateless\/2020\/08\/64b6728f-recife7-297x300.png 297w, https:\/\/www.greenpeace.org\/static\/planet4-brasil-stateless\/2020\/08\/64b6728f-recife7-150x150.png 150w, https:\/\/www.greenpeace.org\/static\/planet4-brasil-stateless\/2020\/08\/64b6728f-recife7-337x340.png 337w\" sizes=\"auto, (max-width: 326px) 100vw, 326px\" \/><img loading=\"lazy\" decoding=\"async\" width=\"326\" height=\"330\" class=\"wp-image-25914\" style=\"width: 326px;\" src=\"https:\/\/www.greenpeace.org\/static\/planet4-brasil-stateless\/2020\/08\/24db48da-recife8.png\" alt=\"\" srcset=\"https:\/\/www.greenpeace.org\/static\/planet4-brasil-stateless\/2020\/08\/24db48da-recife8.png 584w, https:\/\/www.greenpeace.org\/static\/planet4-brasil-stateless\/2020\/08\/24db48da-recife8-296x300.png 296w, https:\/\/www.greenpeace.org\/static\/planet4-brasil-stateless\/2020\/08\/24db48da-recife8-335x340.png 335w\" sizes=\"auto, (max-width: 326px) 100vw, 326px\" \/><\/p>\n\n<p class=\"has-text-align-center\"> <img loading=\"lazy\" decoding=\"async\" width=\"417\" height=\"311\" class=\"wp-image-25915\" style=\"width: 417px;\" src=\"https:\/\/www.greenpeace.org\/static\/planet4-brasil-stateless\/2020\/08\/d9b37758-goiania.png\" alt=\"\" srcset=\"https:\/\/www.greenpeace.org\/static\/planet4-brasil-stateless\/2020\/08\/d9b37758-goiania.png 592w, https:\/\/www.greenpeace.org\/static\/planet4-brasil-stateless\/2020\/08\/d9b37758-goiania-300x224.png 300w, https:\/\/www.greenpeace.org\/static\/planet4-brasil-stateless\/2020\/08\/d9b37758-goiania-455x340.png 455w\" sizes=\"auto, (max-width: 417px) 100vw, 417px\" \/><\/p>\n\n<p><strong>10 e 11\/08 &#8211; Dia do Fogo<\/strong><\/p>\n\n<p>Durante os dias 10 e 11 de agosto de 2019, aconteceu no Par\u00e1 o que ficou conhecido como \u201cDia do Fogo\u201d, quando fazendeiros da regi\u00e3o se mobilizaram para atear fogo na Amaz\u00f4nia. Nesses dois dias, o Instituto Nacional de Pesquisas Espaciais (INPE) detectou 1.457 focos de calor no estado. Por causa dessa a\u00e7\u00e3o, o n\u00famero de focos subiu 1923% na regi\u00e3o. E o que aconteceu com as pessoas que colocaram fogo na floresta nesses dois dias? Infelizmente, quase nada!&nbsp;<\/p>\n\n<p>Em den\u00fancia \u00e0 impunidade desses criminosos, o Greenpeace Brasil e os grupos locais postaram mobiliza\u00e7\u00f5es pela causa nas redes.<\/p>\n\n<p class=\"has-text-align-center\">&nbsp;<img loading=\"lazy\" decoding=\"async\" width=\"500\" height=\"319\" class=\"wp-image-25916\" style=\"width: 500px;\" src=\"https:\/\/www.greenpeace.org\/static\/planet4-brasil-stateless\/2020\/08\/1385aa2a-belo-horizonte11.png\" alt=\"\" srcset=\"https:\/\/www.greenpeace.org\/static\/planet4-brasil-stateless\/2020\/08\/1385aa2a-belo-horizonte11.png 926w, https:\/\/www.greenpeace.org\/static\/planet4-brasil-stateless\/2020\/08\/1385aa2a-belo-horizonte11-300x191.png 300w, https:\/\/www.greenpeace.org\/static\/planet4-brasil-stateless\/2020\/08\/1385aa2a-belo-horizonte11-768x489.png 768w, https:\/\/www.greenpeace.org\/static\/planet4-brasil-stateless\/2020\/08\/1385aa2a-belo-horizonte11-510x325.png 510w\" sizes=\"auto, (max-width: 500px) 100vw, 500px\" \/><\/p>\n\n<p class=\"has-text-align-center\"><img loading=\"lazy\" decoding=\"async\" width=\"470\" height=\"301\" class=\"wp-image-25917\" style=\"width: 470px;\" src=\"https:\/\/www.greenpeace.org\/static\/planet4-brasil-stateless\/2020\/08\/ffc4224a-litoral-norte.png\" alt=\"\" srcset=\"https:\/\/www.greenpeace.org\/static\/planet4-brasil-stateless\/2020\/08\/ffc4224a-litoral-norte.png 930w, https:\/\/www.greenpeace.org\/static\/planet4-brasil-stateless\/2020\/08\/ffc4224a-litoral-norte-300x192.png 300w, https:\/\/www.greenpeace.org\/static\/planet4-brasil-stateless\/2020\/08\/ffc4224a-litoral-norte-768x492.png 768w, https:\/\/www.greenpeace.org\/static\/planet4-brasil-stateless\/2020\/08\/ffc4224a-litoral-norte-510x327.png 510w\" sizes=\"auto, (max-width: 470px) 100vw, 470px\" \/><\/p>\n\n<p class=\"has-text-align-center\"><img loading=\"lazy\" decoding=\"async\" width=\"717\" height=\"211\" class=\"wp-image-25918\" style=\"width: 717px;\" src=\"https:\/\/www.greenpeace.org\/static\/planet4-brasil-stateless\/2020\/08\/aed34515-fridays.png\" alt=\"\" srcset=\"https:\/\/www.greenpeace.org\/static\/planet4-brasil-stateless\/2020\/08\/aed34515-fridays.png 1909w, https:\/\/www.greenpeace.org\/static\/planet4-brasil-stateless\/2020\/08\/aed34515-fridays-300x88.png 300w, https:\/\/www.greenpeace.org\/static\/planet4-brasil-stateless\/2020\/08\/aed34515-fridays-1024x302.png 1024w, https:\/\/www.greenpeace.org\/static\/planet4-brasil-stateless\/2020\/08\/aed34515-fridays-768x226.png 768w, https:\/\/www.greenpeace.org\/static\/planet4-brasil-stateless\/2020\/08\/aed34515-fridays-1536x453.png 1536w, https:\/\/www.greenpeace.org\/static\/planet4-brasil-stateless\/2020\/08\/aed34515-fridays-510x150.png 510w\" sizes=\"auto, (max-width: 717px) 100vw, 717px\" \/><\/p>\n\n<p>Aproveitando a semana recheada de pautas ind\u00edgenas, o grupo de Belo Horizonte mobilizou-se pelo clima e relacionou a greve global com os direitos das comunidades que vivem na floresta.&nbsp;<\/p>\n\n<p class=\"has-text-align-center\"> <img loading=\"lazy\" decoding=\"async\" width=\"316\" height=\"371\" class=\"wp-image-25919\" style=\"width: 316px;\" src=\"https:\/\/www.greenpeace.org\/static\/planet4-brasil-stateless\/2020\/08\/31220ebe-belo-horizonte4.png\" alt=\"\" srcset=\"https:\/\/www.greenpeace.org\/static\/planet4-brasil-stateless\/2020\/08\/31220ebe-belo-horizonte4.png 508w, https:\/\/www.greenpeace.org\/static\/planet4-brasil-stateless\/2020\/08\/31220ebe-belo-horizonte4-256x300.png 256w, https:\/\/www.greenpeace.org\/static\/planet4-brasil-stateless\/2020\/08\/31220ebe-belo-horizonte4-290x340.png 290w\" sizes=\"auto, (max-width: 316px) 100vw, 316px\" \/><img loading=\"lazy\" decoding=\"async\" width=\"320\" height=\"370\" class=\"wp-image-25920\" style=\"width: 320px;\" src=\"https:\/\/www.greenpeace.org\/static\/planet4-brasil-stateless\/2020\/08\/d8384d9e-belo-horizonte5.png\" alt=\"\" srcset=\"https:\/\/www.greenpeace.org\/static\/planet4-brasil-stateless\/2020\/08\/d8384d9e-belo-horizonte5.png 510w, https:\/\/www.greenpeace.org\/static\/planet4-brasil-stateless\/2020\/08\/d8384d9e-belo-horizonte5-259x300.png 259w, https:\/\/www.greenpeace.org\/static\/planet4-brasil-stateless\/2020\/08\/d8384d9e-belo-horizonte5-294x340.png 294w\" sizes=\"auto, (max-width: 320px) 100vw, 320px\" \/> <\/p>\n\n<p class=\"has-text-align-center\"><img loading=\"lazy\" decoding=\"async\" width=\"357\" height=\"414\" class=\"wp-image-25921\" style=\"width: 357px;\" src=\"https:\/\/www.greenpeace.org\/static\/planet4-brasil-stateless\/2020\/08\/10e4c87a-belo-horizonte6.png\" alt=\"\" srcset=\"https:\/\/www.greenpeace.org\/static\/planet4-brasil-stateless\/2020\/08\/10e4c87a-belo-horizonte6.png 512w, https:\/\/www.greenpeace.org\/static\/planet4-brasil-stateless\/2020\/08\/10e4c87a-belo-horizonte6-259x300.png 259w, https:\/\/www.greenpeace.org\/static\/planet4-brasil-stateless\/2020\/08\/10e4c87a-belo-horizonte6-293x340.png 293w\" sizes=\"auto, (max-width: 357px) 100vw, 357px\" \/><\/p>\n\n<p class=\"has-text-align-center\"> <img loading=\"lazy\" decoding=\"async\" width=\"849\" height=\"268\" class=\"wp-image-25922\" style=\"width: 849px;\" src=\"https:\/\/www.greenpeace.org\/static\/planet4-brasil-stateless\/2020\/08\/365ef61f-den\u00fancias.png\" alt=\"\" srcset=\"https:\/\/www.greenpeace.org\/static\/planet4-brasil-stateless\/2020\/08\/365ef61f-den\u00fancias.png 1909w, https:\/\/www.greenpeace.org\/static\/planet4-brasil-stateless\/2020\/08\/365ef61f-den\u00fancias-300x95.png 300w, https:\/\/www.greenpeace.org\/static\/planet4-brasil-stateless\/2020\/08\/365ef61f-den\u00fancias-1024x323.png 1024w, https:\/\/www.greenpeace.org\/static\/planet4-brasil-stateless\/2020\/08\/365ef61f-den\u00fancias-768x243.png 768w, https:\/\/www.greenpeace.org\/static\/planet4-brasil-stateless\/2020\/08\/365ef61f-den\u00fancias-1536x485.png 1536w, https:\/\/www.greenpeace.org\/static\/planet4-brasil-stateless\/2020\/08\/365ef61f-den\u00fancias-510x161.png 510w\" sizes=\"auto, (max-width: 849px) 100vw, 849px\" \/><\/p>\n\n<p>O grupo de Navegantes, que est\u00e1 em forma\u00e7\u00e3o, denunciou mais uma vez ao Minist\u00e9rio P\u00fablico o uso de redes feiticeiras nas praias. Essa pr\u00e1tica, al\u00e9m de ser julgada como crime, \u00e9 respons\u00e1vel&nbsp; pela morte de dezenas de tartarugas, pinguins e golfinhos.&nbsp;<\/p>\n\n<p class=\"has-text-align-center\"> <img loading=\"lazy\" decoding=\"async\" width=\"328\" height=\"335\" class=\"wp-image-25923\" style=\"width: 328px;\" src=\"https:\/\/www.greenpeace.org\/static\/planet4-brasil-stateless\/2020\/08\/41ad7eea-navegantes3.png\" alt=\"\" srcset=\"https:\/\/www.greenpeace.org\/static\/planet4-brasil-stateless\/2020\/08\/41ad7eea-navegantes3.png 582w, https:\/\/www.greenpeace.org\/static\/planet4-brasil-stateless\/2020\/08\/41ad7eea-navegantes3-294x300.png 294w, https:\/\/www.greenpeace.org\/static\/planet4-brasil-stateless\/2020\/08\/41ad7eea-navegantes3-333x340.png 333w\" sizes=\"auto, (max-width: 328px) 100vw, 328px\" \/><img loading=\"lazy\" decoding=\"async\" width=\"338\" height=\"336\" class=\"wp-image-25924\" style=\"width: 338px;\" src=\"https:\/\/www.greenpeace.org\/static\/planet4-brasil-stateless\/2020\/08\/d392f629-navegantes4.png\" alt=\"\" srcset=\"https:\/\/www.greenpeace.org\/static\/planet4-brasil-stateless\/2020\/08\/d392f629-navegantes4.png 594w, https:\/\/www.greenpeace.org\/static\/planet4-brasil-stateless\/2020\/08\/d392f629-navegantes4-300x298.png 300w, https:\/\/www.greenpeace.org\/static\/planet4-brasil-stateless\/2020\/08\/d392f629-navegantes4-150x150.png 150w, https:\/\/www.greenpeace.org\/static\/planet4-brasil-stateless\/2020\/08\/d392f629-navegantes4-342x340.png 342w\" sizes=\"auto, (max-width: 338px) 100vw, 338px\" \/><\/p>\n\n<p class=\"has-text-align-center\"> <img loading=\"lazy\" decoding=\"async\" width=\"866\" height=\"252\" class=\"wp-image-25925\" style=\"width: 866px;\" src=\"https:\/\/www.greenpeace.org\/static\/planet4-brasil-stateless\/2020\/08\/c7459da7-gloss\u00e1rio.png\" alt=\"\" srcset=\"https:\/\/www.greenpeace.org\/static\/planet4-brasil-stateless\/2020\/08\/c7459da7-gloss\u00e1rio.png 1917w, https:\/\/www.greenpeace.org\/static\/planet4-brasil-stateless\/2020\/08\/c7459da7-gloss\u00e1rio-300x87.png 300w, https:\/\/www.greenpeace.org\/static\/planet4-brasil-stateless\/2020\/08\/c7459da7-gloss\u00e1rio-1024x298.png 1024w, https:\/\/www.greenpeace.org\/static\/planet4-brasil-stateless\/2020\/08\/c7459da7-gloss\u00e1rio-768x223.png 768w, https:\/\/www.greenpeace.org\/static\/planet4-brasil-stateless\/2020\/08\/c7459da7-gloss\u00e1rio-1536x446.png 1536w, https:\/\/www.greenpeace.org\/static\/planet4-brasil-stateless\/2020\/08\/c7459da7-gloss\u00e1rio-510x148.png 510w\" sizes=\"auto, (max-width: 866px) 100vw, 866px\" \/><\/p>\n\n<p>Como de costume, os voluntas trouxeram conte\u00fados importantes para agregar no conhecimento que todes temos sobre o meio ambiente. O ABC come\u00e7ou falando sobre Ora-pro-n\u00f3bis.&nbsp;<\/p>\n\n<p>A <strong>Ora-pro-n\u00f3bis<\/strong> \u00e9 uma planta muito conhecida no mundo das PANCs (Plantas Aliment\u00edcias n\u00e3o convencionais).<\/p>\n\n<p>Al\u00e9m de contribuir para um bom funcionamento intestinal e digestivo, ela \u00e9 um reconstituinte da flora intestinal e \u00e9 muito indicada para pessoas que precisam emagrecer pois promove saciedade.<\/p>\n\n<p>Suas folhas tem efeito depurativo (limpam o organismo) e a planta \u00e9 rica em vitamina C, sendo at\u00e9 4 vezes mais rica que a Laranja! Legal, n\u00e9?<\/p>\n\n<p>A Ora-pro-n\u00f3bis tamb\u00e9m \u00e9 rica em vitamina A, que previne o envelhecimento celular precoce e contribui para a sa\u00fade da pele, cabelos e olhos!<\/p>\n\n<p>Cerca de 25% de sua composi\u00e7\u00e3o \u00e9 prote\u00edna, sendo um \u00f3timo substituto da carne!<\/p>\n\n<p class=\"has-text-align-center\"> <img loading=\"lazy\" decoding=\"async\" width=\"352\" height=\"351\" class=\"wp-image-25926\" style=\"width: 352px;\" src=\"https:\/\/www.greenpeace.org\/static\/planet4-brasil-stateless\/2020\/08\/121c4e27-abc-paulista.png\" alt=\"\" srcset=\"https:\/\/www.greenpeace.org\/static\/planet4-brasil-stateless\/2020\/08\/121c4e27-abc-paulista.png 594w, https:\/\/www.greenpeace.org\/static\/planet4-brasil-stateless\/2020\/08\/121c4e27-abc-paulista-300x300.png 300w, https:\/\/www.greenpeace.org\/static\/planet4-brasil-stateless\/2020\/08\/121c4e27-abc-paulista-150x150.png 150w, https:\/\/www.greenpeace.org\/static\/planet4-brasil-stateless\/2020\/08\/121c4e27-abc-paulista-341x340.png 341w\" sizes=\"auto, (max-width: 352px) 100vw, 352px\" \/><img loading=\"lazy\" decoding=\"async\" width=\"349\" height=\"351\" class=\"wp-image-25927\" style=\"width: 349px;\" src=\"https:\/\/www.greenpeace.org\/static\/planet4-brasil-stateless\/2020\/08\/af59242f-abc-paulista2.png\" alt=\"\" srcset=\"https:\/\/www.greenpeace.org\/static\/planet4-brasil-stateless\/2020\/08\/af59242f-abc-paulista2.png 594w, https:\/\/www.greenpeace.org\/static\/planet4-brasil-stateless\/2020\/08\/af59242f-abc-paulista2-298x300.png 298w, https:\/\/www.greenpeace.org\/static\/planet4-brasil-stateless\/2020\/08\/af59242f-abc-paulista2-150x150.png 150w, https:\/\/www.greenpeace.org\/static\/planet4-brasil-stateless\/2020\/08\/af59242f-abc-paulista2-338x340.png 338w\" sizes=\"auto, (max-width: 349px) 100vw, 349px\" \/><\/p>\n\n<p>J\u00e1 o grupo de Recife fez uma sequ\u00eancia de posts para deixarmos de lado de uma vez por todas as d\u00favidas sobre os tipos de energia e suas diferen\u00e7as.&nbsp;<\/p>\n\n<p>Por exemplo, enquanto a energia solar \u00e9 uma energia renov\u00e1vel obtida pela luz do sol, utilizada para o aquecimento de \u00e1gua (energia t\u00e9rmica) ou como fonte de energia el\u00e9trica, a energia e\u00f3lica \u00e9 uma das formas limpas de produ\u00e7\u00e3o de energia que mais cresce no mundo.<\/p>\n\n<p>Vem conferir o conte\u00fado completo com todos os tipos de energia<strong> <\/strong><a href=\"https:\/\/www.instagram.com\/p\/CDhcotKjtPz\/\"><strong>aqui <\/strong><\/a>\ud83d\ude42<\/p>\n\n<p class=\"has-text-align-center\">&nbsp;<img loading=\"lazy\" decoding=\"async\" width=\"414\" height=\"413\" class=\"wp-image-25928\" style=\"width: 414px;\" src=\"https:\/\/www.greenpeace.org\/static\/planet4-brasil-stateless\/2020\/08\/c708b0e1-recife.png\" alt=\"\" srcset=\"https:\/\/www.greenpeace.org\/static\/planet4-brasil-stateless\/2020\/08\/c708b0e1-recife.png 592w, https:\/\/www.greenpeace.org\/static\/planet4-brasil-stateless\/2020\/08\/c708b0e1-recife-300x300.png 300w, https:\/\/www.greenpeace.org\/static\/planet4-brasil-stateless\/2020\/08\/c708b0e1-recife-150x150.png 150w, https:\/\/www.greenpeace.org\/static\/planet4-brasil-stateless\/2020\/08\/c708b0e1-recife-341x340.png 341w\" sizes=\"auto, (max-width: 414px) 100vw, 414px\" \/><img loading=\"lazy\" decoding=\"async\" width=\"413\" height=\"412\" class=\"wp-image-25929\" style=\"width: 413px;\" src=\"https:\/\/www.greenpeace.org\/static\/planet4-brasil-stateless\/2020\/08\/87b65a87-recife2.png\" alt=\"\" srcset=\"https:\/\/www.greenpeace.org\/static\/planet4-brasil-stateless\/2020\/08\/87b65a87-recife2.png 596w, https:\/\/www.greenpeace.org\/static\/planet4-brasil-stateless\/2020\/08\/87b65a87-recife2-300x300.png 300w, https:\/\/www.greenpeace.org\/static\/planet4-brasil-stateless\/2020\/08\/87b65a87-recife2-150x150.png 150w, https:\/\/www.greenpeace.org\/static\/planet4-brasil-stateless\/2020\/08\/87b65a87-recife2-341x340.png 341w\" sizes=\"auto, (max-width: 413px) 100vw, 413px\" \/><\/p>\n\n<p class=\"has-text-align-center\"><img loading=\"lazy\" decoding=\"async\" width=\"426\" height=\"429\" class=\"wp-image-25930\" style=\"width: 426px;\" src=\"https:\/\/www.greenpeace.org\/static\/planet4-brasil-stateless\/2020\/08\/1522c8a2-recife3.png\" alt=\"\" srcset=\"https:\/\/www.greenpeace.org\/static\/planet4-brasil-stateless\/2020\/08\/1522c8a2-recife3.png 592w, https:\/\/www.greenpeace.org\/static\/planet4-brasil-stateless\/2020\/08\/1522c8a2-recife3-298x300.png 298w, https:\/\/www.greenpeace.org\/static\/planet4-brasil-stateless\/2020\/08\/1522c8a2-recife3-150x150.png 150w, https:\/\/www.greenpeace.org\/static\/planet4-brasil-stateless\/2020\/08\/1522c8a2-recife3-338x340.png 338w\" sizes=\"auto, (max-width: 426px) 100vw, 426px\" \/> <img loading=\"lazy\" decoding=\"async\" width=\"426\" height=\"429\" class=\"wp-image-25931\" style=\"width: 426px;\" src=\"https:\/\/www.greenpeace.org\/static\/planet4-brasil-stateless\/2020\/08\/21a83b93-recife4.png\" alt=\"\" srcset=\"https:\/\/www.greenpeace.org\/static\/planet4-brasil-stateless\/2020\/08\/21a83b93-recife4.png 590w, https:\/\/www.greenpeace.org\/static\/planet4-brasil-stateless\/2020\/08\/21a83b93-recife4-298x300.png 298w, https:\/\/www.greenpeace.org\/static\/planet4-brasil-stateless\/2020\/08\/21a83b93-recife4-150x150.png 150w, https:\/\/www.greenpeace.org\/static\/planet4-brasil-stateless\/2020\/08\/21a83b93-recife4-338x340.png 338w\" sizes=\"auto, (max-width: 426px) 100vw, 426px\" \/><\/p>\n\n<p class=\"has-text-align-center\"> <img loading=\"lazy\" decoding=\"async\" width=\"833\" height=\"234\" class=\"wp-image-25932\" style=\"width: 833px;\" src=\"https:\/\/www.greenpeace.org\/static\/planet4-brasil-stateless\/2020\/08\/921858ec-campanhas-locais.png\" alt=\"\" srcset=\"https:\/\/www.greenpeace.org\/static\/planet4-brasil-stateless\/2020\/08\/921858ec-campanhas-locais.png 2047w, https:\/\/www.greenpeace.org\/static\/planet4-brasil-stateless\/2020\/08\/921858ec-campanhas-locais-300x84.png 300w, https:\/\/www.greenpeace.org\/static\/planet4-brasil-stateless\/2020\/08\/921858ec-campanhas-locais-1024x288.png 1024w, https:\/\/www.greenpeace.org\/static\/planet4-brasil-stateless\/2020\/08\/921858ec-campanhas-locais-768x216.png 768w, https:\/\/www.greenpeace.org\/static\/planet4-brasil-stateless\/2020\/08\/921858ec-campanhas-locais-1536x431.png 1536w, https:\/\/www.greenpeace.org\/static\/planet4-brasil-stateless\/2020\/08\/921858ec-campanhas-locais-510x143.png 510w\" sizes=\"auto, (max-width: 833px) 100vw, 833px\" \/><\/p>\n\n<p>Os voluntas do Leste Paulista uniram-se para lan\u00e7ar uma campanha pelo sistema ciclovi\u00e1rio de S\u00e3o Jo\u00e3o da Boa Vista. O grupo entregou nesta semana uma sugest\u00e3o de iniciativa legislativa para a cria\u00e7\u00e3o de um sistema ciclovi\u00e1rio, para incentivar a popula\u00e7\u00e3o a praticar h\u00e1bitos de locomo\u00e7\u00e3o mais sustent\u00e1veis. Agora, o grupo est\u00e1 arrecadando assinaturas da popula\u00e7\u00e3o para apresentar aos \u00f3rg\u00e3os p\u00fablicos. Os voluntas j\u00e1 atingiram mais da metade de assinaturas que est\u00e3o na meta final, ent\u00e3o bora ajudar nesse processo e efetivar essa mobiliza\u00e7\u00e3o?<\/p>\n\n<p><strong><a href=\"https:\/\/www.obugio.org.br\/petitions\/ciclo-sao-joao\">Assine a peti\u00e7\u00e3o que est\u00e1 rolando no Bugio e ajude essa causa sustent\u00e1vel \ud83d\ude42<\/a><\/strong><\/p>\n\n<p class=\"has-text-align-center\"> <img loading=\"lazy\" decoding=\"async\" width=\"467\" height=\"467\" class=\"wp-image-25933\" style=\"width: 467px;\" src=\"https:\/\/www.greenpeace.org\/static\/planet4-brasil-stateless\/2020\/08\/cbcfaa94-leste-paulista.png\" alt=\"\" srcset=\"https:\/\/www.greenpeace.org\/static\/planet4-brasil-stateless\/2020\/08\/cbcfaa94-leste-paulista.png 590w, https:\/\/www.greenpeace.org\/static\/planet4-brasil-stateless\/2020\/08\/cbcfaa94-leste-paulista-300x300.png 300w, https:\/\/www.greenpeace.org\/static\/planet4-brasil-stateless\/2020\/08\/cbcfaa94-leste-paulista-150x150.png 150w, https:\/\/www.greenpeace.org\/static\/planet4-brasil-stateless\/2020\/08\/cbcfaa94-leste-paulista-340x340.png 340w\" sizes=\"auto, (max-width: 467px) 100vw, 467px\" \/><\/p>\n\n<p class=\"has-text-align-center\"><img loading=\"lazy\" decoding=\"async\" width=\"853\" height=\"219\" class=\"wp-image-25934\" style=\"width: 853px;\" src=\"https:\/\/www.greenpeace.org\/static\/planet4-brasil-stateless\/2020\/08\/a9b73b05-mobiliza\u00e7\u00f5es-online.png\" alt=\"\" srcset=\"https:\/\/www.greenpeace.org\/static\/planet4-brasil-stateless\/2020\/08\/a9b73b05-mobiliza\u00e7\u00f5es-online.png 2045w, https:\/\/www.greenpeace.org\/static\/planet4-brasil-stateless\/2020\/08\/a9b73b05-mobiliza\u00e7\u00f5es-online-300x77.png 300w, https:\/\/www.greenpeace.org\/static\/planet4-brasil-stateless\/2020\/08\/a9b73b05-mobiliza\u00e7\u00f5es-online-1024x263.png 1024w, https:\/\/www.greenpeace.org\/static\/planet4-brasil-stateless\/2020\/08\/a9b73b05-mobiliza\u00e7\u00f5es-online-768x197.png 768w, https:\/\/www.greenpeace.org\/static\/planet4-brasil-stateless\/2020\/08\/a9b73b05-mobiliza\u00e7\u00f5es-online-1536x394.png 1536w, https:\/\/www.greenpeace.org\/static\/planet4-brasil-stateless\/2020\/08\/a9b73b05-mobiliza\u00e7\u00f5es-online-510x131.png 510w\" sizes=\"auto, (max-width: 853px) 100vw, 853px\" \/><\/p>\n\n<p>Voc\u00ea sabe o que \u00e9 o Ecoar Antinuclear Itacuruba?<\/p>\n\n<p>A Carta de Floresta \u00e9 um documento criado em 2019 com o intuito de expressar a opini\u00e3o e o sentimento de diversos grupos religiosos, estudantis, de pesquisadores e da popula\u00e7\u00e3o de Itacuruba que se mostram contr\u00e1rios a implementa\u00e7\u00e3o do complexo de Usinas Nucleares na regi\u00e3o.<\/p>\n\n<p>Os volunt\u00e1rios e volunt\u00e1rios de Recife, buscando fortalecer a divulga\u00e7\u00e3o desse documento e manifestarem-se contra as usinas nucleares em Itacuruba, produziram um v\u00eddeo juntes como forma de mobiliza\u00e7\u00e3o.&nbsp;<\/p>\n\n<p>Caso queira abra\u00e7ar a causa tamb\u00e9m,<strong> <\/strong><a href=\"https:\/\/www.change.org\/ChaleirasAt%C3%B4micasN%C3%A3o\"><strong>tem uma peti\u00e7\u00e3o rolando<\/strong><\/a> contra a PEC (n\u00ba 09\/2019),&nbsp; que mudaria a Constitui\u00e7\u00e3o de Pernambuco para autorizar a constru\u00e7\u00e3o de usinas nucleares no estado.<\/p>\n\n<p>Vem conferir o v\u00eddeo completo dos volunt\u00e1rios e volunt\u00e1rias<a href=\"https:\/\/www.instagram.com\/p\/CDmkotVnbol\/\"> <strong>aqui<\/strong><\/a> \ud83d\ude42&nbsp;<\/p>\n\n<p class=\"has-text-align-center\"> <img loading=\"lazy\" decoding=\"async\" width=\"344\" height=\"614\" class=\"wp-image-25935\" style=\"width: 344px;\" src=\"https:\/\/www.greenpeace.org\/static\/planet4-brasil-stateless\/2020\/08\/d5e2c2e0-recife6.png\" alt=\"\" srcset=\"https:\/\/www.greenpeace.org\/static\/planet4-brasil-stateless\/2020\/08\/d5e2c2e0-recife6.png 326w, https:\/\/www.greenpeace.org\/static\/planet4-brasil-stateless\/2020\/08\/d5e2c2e0-recife6-168x300.png 168w, https:\/\/www.greenpeace.org\/static\/planet4-brasil-stateless\/2020\/08\/d5e2c2e0-recife6-190x340.png 190w\" sizes=\"auto, (max-width: 344px) 100vw, 344px\" \/><\/p>\n\n<p>E tamb\u00e9m teve mobiliza\u00e7\u00e3o pelo clima em Goi\u00e2nia! A volunta Beatriz Polari deu seu recado atrav\u00e9s de um v\u00eddeo e explicou as consequ\u00eancias e formas de se evitar esse fen\u00f4meno t\u00e3o desastroso para o nosso planeta.&nbsp;<\/p>\n\n<p><strong><a href=\"https:\/\/www.instagram.com\/p\/CDrEf75H6Ii\/\">Vem ver como a Bia mandou bem &lt;3<\/a><\/strong><\/p>\n\n<p class=\"has-text-align-center\"> <img loading=\"lazy\" decoding=\"async\" width=\"284\" height=\"517\" class=\"wp-image-25936\" style=\"width: 284px;\" src=\"https:\/\/www.greenpeace.org\/static\/planet4-brasil-stateless\/2020\/08\/50cfaaf5-goiania2.png\" alt=\"\" srcset=\"https:\/\/www.greenpeace.org\/static\/planet4-brasil-stateless\/2020\/08\/50cfaaf5-goiania2.png 322w, https:\/\/www.greenpeace.org\/static\/planet4-brasil-stateless\/2020\/08\/50cfaaf5-goiania2-165x300.png 165w, https:\/\/www.greenpeace.org\/static\/planet4-brasil-stateless\/2020\/08\/50cfaaf5-goiania2-187x340.png 187w\" sizes=\"auto, (max-width: 284px) 100vw, 284px\" \/><\/p>\n\n<p class=\"has-text-align-center\"> <img loading=\"lazy\" decoding=\"async\" width=\"781\" height=\"248\" class=\"wp-image-25937\" style=\"width: 781px;\" src=\"https:\/\/www.greenpeace.org\/static\/planet4-brasil-stateless\/2020\/08\/4e70620b-dicas.png\" alt=\"\" srcset=\"https:\/\/www.greenpeace.org\/static\/planet4-brasil-stateless\/2020\/08\/4e70620b-dicas.png 1915w, https:\/\/www.greenpeace.org\/static\/planet4-brasil-stateless\/2020\/08\/4e70620b-dicas-300x95.png 300w, https:\/\/www.greenpeace.org\/static\/planet4-brasil-stateless\/2020\/08\/4e70620b-dicas-1024x326.png 1024w, https:\/\/www.greenpeace.org\/static\/planet4-brasil-stateless\/2020\/08\/4e70620b-dicas-768x244.png 768w, https:\/\/www.greenpeace.org\/static\/planet4-brasil-stateless\/2020\/08\/4e70620b-dicas-1536x488.png 1536w, https:\/\/www.greenpeace.org\/static\/planet4-brasil-stateless\/2020\/08\/4e70620b-dicas-510x162.png 510w\" sizes=\"auto, (max-width: 781px) 100vw, 781px\" \/><\/p>\n\n<p>Lembra do<strong> <\/strong><a href=\"https:\/\/www.instagram.com\/labperifacom\/\"><strong>Laborat\u00f3rio de Comunica\u00e7\u00e3o Popular Jovens das periferias da Regi\u00e3o Metropolitana de Bel\u00e9m-PA<\/strong><\/a>? Ent\u00e3o, o grupo de Bel\u00e9m continua promovendo essa iniciativa e essa semana divulgou um conte\u00fado super bacana que a volunt\u00e1ria \u00c1gata Caldas, do grupo local, produziu para o Laborat\u00f3rio sobre Racismo Ambiental.&nbsp;<\/p>\n\n<p>Com ela, voc\u00ea vai entender como esse termo, que muita gente ainda n\u00e3o conhece, est\u00e1 relacionado diretamente com o nosso cotidiano, com a periferia e com os h\u00e1bitos de higiene para a preven\u00e7\u00e3o da Covid-19.<\/p>\n\n<p class=\"has-text-align-center\"> <img loading=\"lazy\" decoding=\"async\" width=\"332\" height=\"413\" class=\"wp-image-25938\" style=\"width: 332px;\" src=\"https:\/\/www.greenpeace.org\/static\/planet4-brasil-stateless\/2020\/08\/707f81f1-bel\u00e9m.png\" alt=\"\" srcset=\"https:\/\/www.greenpeace.org\/static\/planet4-brasil-stateless\/2020\/08\/707f81f1-bel\u00e9m.png 476w, https:\/\/www.greenpeace.org\/static\/planet4-brasil-stateless\/2020\/08\/707f81f1-bel\u00e9m-241x300.png 241w, https:\/\/www.greenpeace.org\/static\/planet4-brasil-stateless\/2020\/08\/707f81f1-bel\u00e9m-273x340.png 273w\" sizes=\"auto, (max-width: 332px) 100vw, 332px\" \/><\/p>\n\n<p>E para voc\u00ea que \u00e9 cin\u00e9filo e\/ou amante de leitura e chegou at\u00e9 aqui, vem que os grupos trouxeram indica\u00e7\u00f5es \u00f3timas para voc\u00ea se engajar pelo meio ambiente de um jeito gostoso:&nbsp;<\/p>\n\n<p><strong>1 &#8211; Dica de Salvador: Filme &#8211; Como Mudar o Mundo<\/strong><\/p>\n\n<p>O longa conta a hist\u00f3ria da funda\u00e7\u00e3o do Greenpeace, que veio de uma ideia que parecia maluca: um grupo de hippies de vinte e poucos anos saiu em um barco para impedir testes nucleares no Alasca. O plano n\u00e3o deu certo, mas chamou a aten\u00e7\u00e3o do mundo para a prote\u00e7\u00e3o do meio ambiente e um pedido de paz. O resultado foi o surgimento do que \u00e9 hoje a maior organiza\u00e7\u00e3o ambientalista do mundo, com escrit\u00f3rios em 55 pa\u00edses.<\/p>\n\n<p class=\"has-text-align-center\"> <img loading=\"lazy\" decoding=\"async\" width=\"458\" height=\"461\" class=\"wp-image-25939\" style=\"width: 458px;\" src=\"https:\/\/www.greenpeace.org\/static\/planet4-brasil-stateless\/2020\/08\/c10c77eb-salvador.png\" alt=\"\" srcset=\"https:\/\/www.greenpeace.org\/static\/planet4-brasil-stateless\/2020\/08\/c10c77eb-salvador.png 594w, https:\/\/www.greenpeace.org\/static\/planet4-brasil-stateless\/2020\/08\/c10c77eb-salvador-298x300.png 298w, https:\/\/www.greenpeace.org\/static\/planet4-brasil-stateless\/2020\/08\/c10c77eb-salvador-150x150.png 150w, https:\/\/www.greenpeace.org\/static\/planet4-brasil-stateless\/2020\/08\/c10c77eb-salvador-338x340.png 338w\" sizes=\"auto, (max-width: 458px) 100vw, 458px\" \/><\/p>\n\n<p><strong>2 &#8211; Dica de Recife:&nbsp; Filme &#8211; Cidades em Transi\u00e7\u00e3o<\/strong><\/p>\n\n<p>A ideia central do document\u00e1rio (sem dar muitos spoilers) \u00e9 mostrar o fundamento do movimento Transitions Towns, ou \u201cCidades em Transi\u00e7\u00e3o\u201d, assunto super atual e interessant\u00edssimo.<\/p>\n\n<p class=\"has-text-align-center\"><img loading=\"lazy\" decoding=\"async\" width=\"463\" height=\"461\" class=\"wp-image-25941\" style=\"width: 463px;\" src=\"https:\/\/www.greenpeace.org\/static\/planet4-brasil-stateless\/2020\/08\/0585da35-recife5.png\" alt=\"\" srcset=\"https:\/\/www.greenpeace.org\/static\/planet4-brasil-stateless\/2020\/08\/0585da35-recife5.png 596w, https:\/\/www.greenpeace.org\/static\/planet4-brasil-stateless\/2020\/08\/0585da35-recife5-300x300.png 300w, https:\/\/www.greenpeace.org\/static\/planet4-brasil-stateless\/2020\/08\/0585da35-recife5-150x150.png 150w, https:\/\/www.greenpeace.org\/static\/planet4-brasil-stateless\/2020\/08\/0585da35-recife5-341x340.png 341w\" sizes=\"auto, (max-width: 463px) 100vw, 463px\" \/><\/p>\n\n<p><strong>3 &#8211; Dica de Belo Horizonte: Livro &#8211; O Lugar do Saber<\/strong><\/p>\n\n<p>A obra re\u00fane o melhor das poesias de <a href=\"https:\/\/www.instagram.com\/marciakambeba\/\"><strong>Marcia Kambeba<\/strong><\/a> e fala sobre quest\u00f5es ind\u00edgenas na sociedade. \u201cMinhas poesias s\u00e3o tamb\u00e9m um grito de socorro pelas nossas aldeias, territ\u00f3rio, natureza. Tudo isso pede socorro num tempo em que lutamos pela sobreviv\u00eancia e temos nossa cultura, vida e territ\u00f3rio amea\u00e7ados. Ainda somos expulsos de nossos lugares como foram nossos ancestrais\u201d, disse M\u00e1rcia.<\/p>\n\n<p><strong>Para quem quiser, <a href=\"http:\/\/www.casaleiria.com.br\/acervo\/olma\/olugardosaber\/2\/\">aqui tem o link de acesso para o livro \ud83d\ude42<\/a><\/strong><\/p>\n\n<p class=\"has-text-align-center\"><strong><a href=\"http:\/\/www.casaleiria.com.br\/acervo\/olma\/olugardosaber\/2\/\">&nbsp;<\/a><\/strong> <img loading=\"lazy\" decoding=\"async\" width=\"440\" height=\"448\" class=\"wp-image-25942\" style=\"width: 440px;\" src=\"https:\/\/www.greenpeace.org\/static\/planet4-brasil-stateless\/2020\/08\/48c2804c-bh.png\" alt=\"\" srcset=\"https:\/\/www.greenpeace.org\/static\/planet4-brasil-stateless\/2020\/08\/48c2804c-bh.png 582w, https:\/\/www.greenpeace.org\/static\/planet4-brasil-stateless\/2020\/08\/48c2804c-bh-295x300.png 295w, https:\/\/www.greenpeace.org\/static\/planet4-brasil-stateless\/2020\/08\/48c2804c-bh-334x340.png 334w\" sizes=\"auto, (max-width: 440px) 100vw, 440px\" \/> <\/p>\n\n<p class=\"has-text-align-center\"><img loading=\"lazy\" decoding=\"async\" width=\"742\" height=\"219\" class=\"wp-image-25944\" style=\"width: 742px;\" src=\"https:\/\/www.greenpeace.org\/static\/planet4-brasil-stateless\/2020\/08\/7e62dd2e-segunda-sem-carne.png\" alt=\"\" srcset=\"https:\/\/www.greenpeace.org\/static\/planet4-brasil-stateless\/2020\/08\/7e62dd2e-segunda-sem-carne.png 1913w, https:\/\/www.greenpeace.org\/static\/planet4-brasil-stateless\/2020\/08\/7e62dd2e-segunda-sem-carne-300x89.png 300w, https:\/\/www.greenpeace.org\/static\/planet4-brasil-stateless\/2020\/08\/7e62dd2e-segunda-sem-carne-1024x302.png 1024w, https:\/\/www.greenpeace.org\/static\/planet4-brasil-stateless\/2020\/08\/7e62dd2e-segunda-sem-carne-768x227.png 768w, https:\/\/www.greenpeace.org\/static\/planet4-brasil-stateless\/2020\/08\/7e62dd2e-segunda-sem-carne-1536x454.png 1536w, https:\/\/www.greenpeace.org\/static\/planet4-brasil-stateless\/2020\/08\/7e62dd2e-segunda-sem-carne-510x151.png 510w\" sizes=\"auto, (max-width: 742px) 100vw, 742px\" \/><\/p>\n\n<p>A hora mais gostosa e consciente chegou &lt;3<\/p>\n\n<p>Vem que hoje tem muita receita f\u00e1cil e saborosa para voc\u00ea praticar o ativismo at\u00e9 na cozinha, com o que tiver:&nbsp;<\/p>\n\n<p><strong><a href=\"https:\/\/www.instagram.com\/p\/CDueE88nULf\/\">Pudim vegano &#8211; Belo Horizonte &lt;3&nbsp;<\/a><\/strong><\/p>\n\n<p class=\"has-text-align-center\"> <img loading=\"lazy\" decoding=\"async\" width=\"379\" height=\"378\" class=\"wp-image-25945\" style=\"width: 379px;\" src=\"https:\/\/www.greenpeace.org\/static\/planet4-brasil-stateless\/2020\/08\/98117db3-belo-horizonte10.png\" alt=\"\" srcset=\"https:\/\/www.greenpeace.org\/static\/planet4-brasil-stateless\/2020\/08\/98117db3-belo-horizonte10.png 598w, https:\/\/www.greenpeace.org\/static\/planet4-brasil-stateless\/2020\/08\/98117db3-belo-horizonte10-300x300.png 300w, https:\/\/www.greenpeace.org\/static\/planet4-brasil-stateless\/2020\/08\/98117db3-belo-horizonte10-150x150.png 150w, https:\/\/www.greenpeace.org\/static\/planet4-brasil-stateless\/2020\/08\/98117db3-belo-horizonte10-341x340.png 341w\" sizes=\"auto, (max-width: 379px) 100vw, 379px\" \/><\/p>\n\n<p><strong><a href=\"https:\/\/www.instagram.com\/p\/CDtVC8hHRj5\/\">Pat\u00ea de cenoura &#8211; Salvador &lt;3<\/a><\/strong><\/p>\n\n<p class=\"has-text-align-center\"> <img loading=\"lazy\" decoding=\"async\" width=\"381\" height=\"378\" class=\"wp-image-25946\" style=\"width: 381px;\" src=\"https:\/\/www.greenpeace.org\/static\/planet4-brasil-stateless\/2020\/08\/3b527ef8-salvador2.png\" alt=\"\" srcset=\"https:\/\/www.greenpeace.org\/static\/planet4-brasil-stateless\/2020\/08\/3b527ef8-salvador2.png 598w, https:\/\/www.greenpeace.org\/static\/planet4-brasil-stateless\/2020\/08\/3b527ef8-salvador2-300x298.png 300w, https:\/\/www.greenpeace.org\/static\/planet4-brasil-stateless\/2020\/08\/3b527ef8-salvador2-150x150.png 150w, https:\/\/www.greenpeace.org\/static\/planet4-brasil-stateless\/2020\/08\/3b527ef8-salvador2-342x340.png 342w\" sizes=\"auto, (max-width: 381px) 100vw, 381px\" \/><\/p>\n\n<p><strong><a href=\"https:\/\/www.instagram.com\/p\/CDtpFEAgw9S\/\">Mousse de maracuj\u00e1 &#8211; Recife &lt;3<\/a><\/strong><\/p>\n\n<p class=\"has-text-align-center\"> <img loading=\"lazy\" decoding=\"async\" width=\"384\" height=\"383\" class=\"wp-image-25947\" style=\"width: 384px;\" src=\"https:\/\/www.greenpeace.org\/static\/planet4-brasil-stateless\/2020\/08\/22a880a3-recife9.png\" alt=\"\" srcset=\"https:\/\/www.greenpeace.org\/static\/planet4-brasil-stateless\/2020\/08\/22a880a3-recife9.png 600w, https:\/\/www.greenpeace.org\/static\/planet4-brasil-stateless\/2020\/08\/22a880a3-recife9-300x300.png 300w, https:\/\/www.greenpeace.org\/static\/planet4-brasil-stateless\/2020\/08\/22a880a3-recife9-150x150.png 150w, https:\/\/www.greenpeace.org\/static\/planet4-brasil-stateless\/2020\/08\/22a880a3-recife9-341x340.png 341w\" sizes=\"auto, (max-width: 384px) 100vw, 384px\" \/><\/p>\n\n<p><strong><a href=\"https:\/\/www.instagram.com\/p\/CDti-uAhdWL\/\">Risoto com curry e legumes &#8211;&nbsp; Curitiba &lt;3<\/a><\/strong> <\/p>\n\n<p class=\"has-text-align-center\"><img loading=\"lazy\" decoding=\"async\" width=\"403\" height=\"392\" class=\"wp-image-25949\" style=\"width: 403px;\" src=\"https:\/\/www.greenpeace.org\/static\/planet4-brasil-stateless\/2020\/08\/df1d259e-curitiba.png\" alt=\"\" srcset=\"https:\/\/www.greenpeace.org\/static\/planet4-brasil-stateless\/2020\/08\/df1d259e-curitiba.png 602w, https:\/\/www.greenpeace.org\/static\/planet4-brasil-stateless\/2020\/08\/df1d259e-curitiba-300x292.png 300w, https:\/\/www.greenpeace.org\/static\/planet4-brasil-stateless\/2020\/08\/df1d259e-curitiba-349x340.png 349w\" sizes=\"auto, (max-width: 403px) 100vw, 403px\" \/><\/p>\n\n<p class=\"has-text-align-center\"> <img loading=\"lazy\" decoding=\"async\" width=\"702\" height=\"206\" class=\"wp-image-25950\" style=\"width: 702px;\" src=\"https:\/\/www.greenpeace.org\/static\/planet4-brasil-stateless\/2020\/08\/3b16285e-tbt.png\" alt=\"\" srcset=\"https:\/\/www.greenpeace.org\/static\/planet4-brasil-stateless\/2020\/08\/3b16285e-tbt.png 1915w, https:\/\/www.greenpeace.org\/static\/planet4-brasil-stateless\/2020\/08\/3b16285e-tbt-300x88.png 300w, https:\/\/www.greenpeace.org\/static\/planet4-brasil-stateless\/2020\/08\/3b16285e-tbt-1024x301.png 1024w, https:\/\/www.greenpeace.org\/static\/planet4-brasil-stateless\/2020\/08\/3b16285e-tbt-768x226.png 768w, https:\/\/www.greenpeace.org\/static\/planet4-brasil-stateless\/2020\/08\/3b16285e-tbt-1536x452.png 1536w, https:\/\/www.greenpeace.org\/static\/planet4-brasil-stateless\/2020\/08\/3b16285e-tbt-510x150.png 510w\" sizes=\"auto, (max-width: 702px) 100vw, 702px\" \/><\/p>\n\n<p>Chegou quinta-feira, ent\u00e3o bora de #TBT?&nbsp;<\/p>\n\n<p>&nbsp;No dia 19 de setembro de 2009, o grupo de BH realizou uma a\u00e7\u00e3o educativa nas ruas da capital mineira, dialogando sobre a quantidade de g\u00e1s carb\u00f4nico emitido no uso do carro. Durante a atividade, os voluntas aplicaram multas simb\u00f3licas aos motoristas de ve\u00edculos com apenas uma pessoa, movidos a combust\u00edveis f\u00f3sseis e aos que n\u00e3o respeitavam pedestres e ciclistas. A ideia visava destacar o papel dos ve\u00edculos no aquecimento global, bem como chamar a aten\u00e7\u00e3o das pessoas para outras formas de transporte mais sustent\u00e1veis, como&nbsp; bicicleta, patins e skate.<\/p>\n\n<p>E pra finalizar com chave de ouro, o grupo ainda indicou<strong> <\/strong><a href=\"https:\/\/www.youtube.com\/watch?v=-xUt31hgYKQ\"><strong>um document\u00e1rio<\/strong><\/a> que traz depoimentos de pessoas de comunidades mais afetadas pelo aquecimento global e an\u00e1lises de cientistas de como esse fen\u00f4meno j\u00e1 provoca v\u00edtimas, doen\u00e7as e preju\u00edzos econ\u00f4micos em todo o mundo. <\/p>\n\n<p class=\"has-text-align-center\"><img loading=\"lazy\" decoding=\"async\" width=\"333\" height=\"437\" class=\"wp-image-25951\" style=\"width: 333px;\" src=\"https:\/\/www.greenpeace.org\/static\/planet4-brasil-stateless\/2020\/08\/66baa351-belo-horizonte-scaled.jpeg\" alt=\"\" srcset=\"https:\/\/www.greenpeace.org\/static\/planet4-brasil-stateless\/2020\/08\/66baa351-belo-horizonte-scaled.jpeg 1949w, https:\/\/www.greenpeace.org\/static\/planet4-brasil-stateless\/2020\/08\/66baa351-belo-horizonte-228x300.jpeg 228w, https:\/\/www.greenpeace.org\/static\/planet4-brasil-stateless\/2020\/08\/66baa351-belo-horizonte-780x1024.jpeg 780w, https:\/\/www.greenpeace.org\/static\/planet4-brasil-stateless\/2020\/08\/66baa351-belo-horizonte-768x1009.jpeg 768w, https:\/\/www.greenpeace.org\/static\/planet4-brasil-stateless\/2020\/08\/66baa351-belo-horizonte-1169x1536.jpeg 1169w, https:\/\/www.greenpeace.org\/static\/planet4-brasil-stateless\/2020\/08\/66baa351-belo-horizonte-1559x2048.jpeg 1559w, https:\/\/www.greenpeace.org\/static\/planet4-brasil-stateless\/2020\/08\/66baa351-belo-horizonte-1040x1366.jpeg 1040w, https:\/\/www.greenpeace.org\/static\/planet4-brasil-stateless\/2020\/08\/66baa351-belo-horizonte-259x340.jpeg 259w\" sizes=\"auto, (max-width: 333px) 100vw, 333px\" \/><\/p>\n\n<p><strong>Seguiremos atualizando e apoiando os grupos, afinal, estamos todes juntos nessa \ud83d\ude42<\/strong><\/p>\n","protected":false},"excerpt":{"rendered":"<p>Para conscientizar sobre a import\u00e2ncia da luta e prote\u00e7\u00e3o das vidas e terras ind\u00edgenas, grupos produziram diversos conte\u00fados multim\u00eddias e ainda divulgaram materiais de indica\u00e7\u00e3o para quem deseja entender melhor sobre a tem\u00e1tica <\/p>\n","protected":false},"author":66,"featured_media":25920,"comment_status":"open","ping_status":"closed","sticky":false,"template":"","format":"standard","meta":{"ep_exclude_from_search":false,"p4_og_title":"","p4_og_description":"","p4_og_image":"","p4_og_image_id":"","p4_seo_canonical_url":"","p4_campaign_name":"not set","p4_local_project":"not set","p4_basket_name":"not set","p4_department":"","footnotes":""},"categories":[4],"tags":[23],"p4-page-type":[38],"class_list":["post-25896","post","type-post","status-publish","format-standard","has-post-thumbnail","hentry","category-ativismo","tag-mobilizacao","p4-page-type-voluntarios"],"_links":{"self":[{"href":"https:\/\/www.greenpeace.org\/brasil\/wp-json\/wp\/v2\/posts\/25896","targetHints":{"allow":["GET"]}}],"collection":[{"href":"https:\/\/www.greenpeace.org\/brasil\/wp-json\/wp\/v2\/posts"}],"about":[{"href":"https:\/\/www.greenpeace.org\/brasil\/wp-json\/wp\/v2\/types\/post"}],"author":[{"embeddable":true,"href":"https:\/\/www.greenpeace.org\/brasil\/wp-json\/wp\/v2\/users\/66"}],"replies":[{"embeddable":true,"href":"https:\/\/www.greenpeace.org\/brasil\/wp-json\/wp\/v2\/comments?post=25896"}],"version-history":[{"count":4,"href":"https:\/\/www.greenpeace.org\/brasil\/wp-json\/wp\/v2\/posts\/25896\/revisions"}],"predecessor-version":[{"id":58702,"href":"https:\/\/www.greenpeace.org\/brasil\/wp-json\/wp\/v2\/posts\/25896\/revisions\/58702"}],"wp:featuredmedia":[{"embeddable":true,"href":"https:\/\/www.greenpeace.org\/brasil\/wp-json\/wp\/v2\/media\/25920"}],"wp:attachment":[{"href":"https:\/\/www.greenpeace.org\/brasil\/wp-json\/wp\/v2\/media?parent=25896"}],"wp:term":[{"taxonomy":"category","embeddable":true,"href":"https:\/\/www.greenpeace.org\/brasil\/wp-json\/wp\/v2\/categories?post=25896"},{"taxonomy":"post_tag","embeddable":true,"href":"https:\/\/www.greenpeace.org\/brasil\/wp-json\/wp\/v2\/tags?post=25896"},{"taxonomy":"p4-page-type","embeddable":true,"href":"https:\/\/www.greenpeace.org\/brasil\/wp-json\/wp\/v2\/p4-page-type?post=25896"}],"curies":[{"name":"wp","href":"https:\/\/api.w.org\/{rel}","templated":true}]}}