{"id":25969,"date":"2020-08-17T15:48:56","date_gmt":"2020-08-17T18:48:56","guid":{"rendered":"https:\/\/www.greenpeace.org\/brasil\/?p=25969"},"modified":"2020-08-17T18:54:43","modified_gmt":"2020-08-17T21:54:43","slug":"moratoria-do-fogo-e-desrespeitada-e-queimadas-seguem-em-alta-na-amazonia","status":"publish","type":"post","link":"https:\/\/www.greenpeace.org\/brasil\/blog\/moratoria-do-fogo-e-desrespeitada-e-queimadas-seguem-em-alta-na-amazonia\/","title":{"rendered":"Morat\u00f3ria do fogo \u00e9 desrespeitada e queimadas seguem em alta na Amaz\u00f4nia"},"content":{"rendered":"\n<h4 class=\"wp-block-heading\">Um m\u00eas ap\u00f3s a proibi\u00e7\u00e3o das queimadas na Amaz\u00f4nia e no Pantanal, dados e fotos in\u00e9ditas mostram que o fogo, totalmente ilegal, ainda arde na floresta.<\/h4>\n\n<p><em>Atualizado \u00e0s 18h30<\/em><\/p>\n\n<p>Um m\u00eas ap\u00f3s passar a valer a <a href=\"https:\/\/www.greenpeace.org\/brasil\/blog\/criminosos-nao-sao-conhecidos-por-seguirem-a-lei\/\">Morat\u00f3ria do Fogo<\/a> (decreto 10.424\/2020), que pro\u00edbe queimadas na Amaz\u00f4nia Legal e no Pantanal por um per\u00edodo de 120 dias, a Amaz\u00f4nia segue registrando n\u00fameros altos de focos de calor, todos ilegais: entre 16 de julho e 15 de agosto foram 20.473 focos registrados no bioma. Somente nos 15 primeiros dias de agosto, foram mais de 15 mil focos.&nbsp;&nbsp;<\/p>\n\n<p>Em sobrevoo realizado pela equipe do Greenpeace neste domingo (16), registramos focos de calor no sul do Amazonas e em Rond\u00f4nia.&nbsp; O fogo \u00e9 uma das principais ferramentas utilizadas para o desmatamento, especialmente por grileiros e agricultores, que o usam para limpar \u00e1reas para uso agropecu\u00e1ria ou especula\u00e7\u00e3o. A pr\u00e1tica se tornou ainda mais comum com a falta de fiscaliza\u00e7\u00e3o e o desmonte dos \u00f3rg\u00e3os ambientais.&nbsp;<\/p>\n<div data-render=\"planet4-blocks\/gallery\" data-attributes=\"{&quot;attributes&quot;:{&quot;multiple_image&quot;:&quot;25971,25972,25973,25974,25975,25976,25977&quot;,&quot;image_data&quot;:[{&quot;url&quot;:&quot;https:\\\/\\\/www.greenpeace.org\\\/static\\\/planet4-brasil-stateless\\\/2020\\\/08\\\/8ec34319-gp0stupvq_web_size.jpg&quot;,&quot;focalPoint&quot;:{&quot;x&quot;:0.5,&quot;y&quot;:0.5},&quot;id&quot;:25971},{&quot;url&quot;:&quot;https:\\\/\\\/www.greenpeace.org\\\/static\\\/planet4-brasil-stateless\\\/2020\\\/08\\\/349a4bcd-gp0stupvf_web_size.jpg&quot;,&quot;focalPoint&quot;:{&quot;x&quot;:0.5,&quot;y&quot;:0.5},&quot;id&quot;:25972},{&quot;url&quot;:&quot;https:\\\/\\\/www.greenpeace.org\\\/static\\\/planet4-brasil-stateless\\\/2020\\\/08\\\/07460f4e-gp0stupvo_web_size.jpg&quot;,&quot;focalPoint&quot;:{&quot;x&quot;:0.5,&quot;y&quot;:0.5},&quot;id&quot;:25973},{&quot;url&quot;:&quot;https:\\\/\\\/www.greenpeace.org\\\/static\\\/planet4-brasil-stateless\\\/2020\\\/08\\\/fa809770-gp0stupvr_web_size.jpg&quot;,&quot;focalPoint&quot;:{&quot;x&quot;:0.5,&quot;y&quot;:0.5},&quot;id&quot;:25974},{&quot;url&quot;:&quot;https:\\\/\\\/www.greenpeace.org\\\/static\\\/planet4-brasil-stateless\\\/2020\\\/08\\\/59c5f210-gp0stupuz_web_size.jpg&quot;,&quot;focalPoint&quot;:{&quot;x&quot;:0.5,&quot;y&quot;:0.5},&quot;id&quot;:25975},{&quot;url&quot;:&quot;https:\\\/\\\/www.greenpeace.org\\\/static\\\/planet4-brasil-stateless\\\/2020\\\/08\\\/a3481c5b-gp0stupvm_web_size.jpg&quot;,&quot;focalPoint&quot;:{&quot;x&quot;:0.5,&quot;y&quot;:0.5},&quot;id&quot;:25976},{&quot;url&quot;:&quot;https:\\\/\\\/www.greenpeace.org\\\/static\\\/planet4-brasil-stateless\\\/2020\\\/08\\\/ce42910d-gp0stupv0_web_size.jpg&quot;,&quot;focalPoint&quot;:{&quot;x&quot;:0.5,&quot;y&quot;:0.5},&quot;id&quot;:25977}],&quot;gallery_block_style&quot;:0,&quot;gallery_block_title&quot;:&quot;&quot;,&quot;gallery_block_description&quot;:&quot;&quot;,&quot;gallery_block_focus_points&quot;:&quot;&quot;,&quot;images&quot;:[{&quot;image_src&quot;:&quot;https:\\\/\\\/www.greenpeace.org\\\/static\\\/planet4-brasil-stateless\\\/2020\\\/08\\\/8ec34319-gp0stupvq_web_size.jpg&quot;,&quot;image_srcset&quot;:&quot;https:\\\/\\\/www.greenpeace.org\\\/static\\\/planet4-brasil-stateless\\\/2020\\\/08\\\/8ec34319-gp0stupvq_web_size.jpg 800w, https:\\\/\\\/www.greenpeace.org\\\/static\\\/planet4-brasil-stateless\\\/2020\\\/08\\\/8ec34319-gp0stupvq_web_size-300x200.jpg 300w, https:\\\/\\\/www.greenpeace.org\\\/static\\\/planet4-brasil-stateless\\\/2020\\\/08\\\/8ec34319-gp0stupvq_web_size-768x513.jpg 768w, https:\\\/\\\/www.greenpeace.org\\\/static\\\/planet4-brasil-stateless\\\/2020\\\/08\\\/8ec34319-gp0stupvq_web_size-510x340.jpg 510w&quot;,&quot;image_sizes&quot;:false,&quot;alt_text&quot;:&quot;&quot;,&quot;caption&quot;:&quot;Focos de Calor no munic\\u00edpio de L\\u00e1brea (AM). (\\u00a9 Christian Braga\\\/Greenpeace)&quot;,&quot;focus_image&quot;:&quot;&quot;,&quot;credits&quot;:&quot;&quot;},{&quot;image_src&quot;:&quot;https:\\\/\\\/www.greenpeace.org\\\/static\\\/planet4-brasil-stateless\\\/2020\\\/08\\\/349a4bcd-gp0stupvf_web_size.jpg&quot;,&quot;image_srcset&quot;:&quot;https:\\\/\\\/www.greenpeace.org\\\/static\\\/planet4-brasil-stateless\\\/2020\\\/08\\\/349a4bcd-gp0stupvf_web_size.jpg 800w, https:\\\/\\\/www.greenpeace.org\\\/static\\\/planet4-brasil-stateless\\\/2020\\\/08\\\/349a4bcd-gp0stupvf_web_size-300x200.jpg 300w, https:\\\/\\\/www.greenpeace.org\\\/static\\\/planet4-brasil-stateless\\\/2020\\\/08\\\/349a4bcd-gp0stupvf_web_size-768x512.jpg 768w, https:\\\/\\\/www.greenpeace.org\\\/static\\\/planet4-brasil-stateless\\\/2020\\\/08\\\/349a4bcd-gp0stupvf_web_size-510x340.jpg 510w&quot;,&quot;image_sizes&quot;:false,&quot;alt_text&quot;:&quot;&quot;,&quot;caption&quot;:&quot;Gado pr\\u00f3ximo a Focos de Calor no munic\\u00edpio de L\\u00e1brea (AM). (\\u00a9 Christian Braga\\\/Greenpeace)&quot;,&quot;focus_image&quot;:&quot;&quot;,&quot;credits&quot;:&quot;&quot;},{&quot;image_src&quot;:&quot;https:\\\/\\\/www.greenpeace.org\\\/static\\\/planet4-brasil-stateless\\\/2020\\\/08\\\/07460f4e-gp0stupvo_web_size.jpg&quot;,&quot;image_srcset&quot;:&quot;https:\\\/\\\/www.greenpeace.org\\\/static\\\/planet4-brasil-stateless\\\/2020\\\/08\\\/07460f4e-gp0stupvo_web_size.jpg 800w, https:\\\/\\\/www.greenpeace.org\\\/static\\\/planet4-brasil-stateless\\\/2020\\\/08\\\/07460f4e-gp0stupvo_web_size-300x200.jpg 300w, https:\\\/\\\/www.greenpeace.org\\\/static\\\/planet4-brasil-stateless\\\/2020\\\/08\\\/07460f4e-gp0stupvo_web_size-768x513.jpg 768w, https:\\\/\\\/www.greenpeace.org\\\/static\\\/planet4-brasil-stateless\\\/2020\\\/08\\\/07460f4e-gp0stupvo_web_size-510x340.jpg 510w&quot;,&quot;image_sizes&quot;:false,&quot;alt_text&quot;:&quot;&quot;,&quot;caption&quot;:&quot;Queimada na Reserva Extrativista Jaci-Paran\\u00e1, em Porto Velho (RO). (\\u00a9 Christian Braga\\\/Greenpeace)&quot;,&quot;focus_image&quot;:&quot;&quot;,&quot;credits&quot;:&quot;&quot;},{&quot;image_src&quot;:&quot;https:\\\/\\\/www.greenpeace.org\\\/static\\\/planet4-brasil-stateless\\\/2020\\\/08\\\/fa809770-gp0stupvr_web_size.jpg&quot;,&quot;image_srcset&quot;:&quot;https:\\\/\\\/www.greenpeace.org\\\/static\\\/planet4-brasil-stateless\\\/2020\\\/08\\\/fa809770-gp0stupvr_web_size.jpg 800w, https:\\\/\\\/www.greenpeace.org\\\/static\\\/planet4-brasil-stateless\\\/2020\\\/08\\\/fa809770-gp0stupvr_web_size-300x200.jpg 300w, https:\\\/\\\/www.greenpeace.org\\\/static\\\/planet4-brasil-stateless\\\/2020\\\/08\\\/fa809770-gp0stupvr_web_size-768x513.jpg 768w, https:\\\/\\\/www.greenpeace.org\\\/static\\\/planet4-brasil-stateless\\\/2020\\\/08\\\/fa809770-gp0stupvr_web_size-510x340.jpg 510w&quot;,&quot;image_sizes&quot;:false,&quot;alt_text&quot;:&quot;&quot;,&quot;caption&quot;:&quot;Queimada na Reserva Extrativista Jaci-Paran\\u00e1, em Porto Velho (RO). (\\u00a9 Christian Braga\\\/Greenpeace)&quot;,&quot;focus_image&quot;:&quot;&quot;,&quot;credits&quot;:&quot;&quot;},{&quot;image_src&quot;:&quot;https:\\\/\\\/www.greenpeace.org\\\/static\\\/planet4-brasil-stateless\\\/2020\\\/08\\\/59c5f210-gp0stupuz_web_size.jpg&quot;,&quot;image_srcset&quot;:&quot;https:\\\/\\\/www.greenpeace.org\\\/static\\\/planet4-brasil-stateless\\\/2020\\\/08\\\/59c5f210-gp0stupuz_web_size.jpg 800w, https:\\\/\\\/www.greenpeace.org\\\/static\\\/planet4-brasil-stateless\\\/2020\\\/08\\\/59c5f210-gp0stupuz_web_size-300x200.jpg 300w, https:\\\/\\\/www.greenpeace.org\\\/static\\\/planet4-brasil-stateless\\\/2020\\\/08\\\/59c5f210-gp0stupuz_web_size-768x512.jpg 768w, https:\\\/\\\/www.greenpeace.org\\\/static\\\/planet4-brasil-stateless\\\/2020\\\/08\\\/59c5f210-gp0stupuz_web_size-510x340.jpg 510w&quot;,&quot;image_sizes&quot;:false,&quot;alt_text&quot;:&quot;&quot;,&quot;caption&quot;:&quot;Queimada na Reserva Extrativista Jaci-Paran\\u00e1, em Porto Velho (RO). (\\u00a9 Christian Braga\\\/Greenpeace)&quot;,&quot;focus_image&quot;:&quot;&quot;,&quot;credits&quot;:&quot;&quot;},{&quot;image_src&quot;:&quot;https:\\\/\\\/www.greenpeace.org\\\/static\\\/planet4-brasil-stateless\\\/2020\\\/08\\\/a3481c5b-gp0stupvm_web_size.jpg&quot;,&quot;image_srcset&quot;:&quot;https:\\\/\\\/www.greenpeace.org\\\/static\\\/planet4-brasil-stateless\\\/2020\\\/08\\\/a3481c5b-gp0stupvm_web_size.jpg 800w, https:\\\/\\\/www.greenpeace.org\\\/static\\\/planet4-brasil-stateless\\\/2020\\\/08\\\/a3481c5b-gp0stupvm_web_size-300x200.jpg 300w, https:\\\/\\\/www.greenpeace.org\\\/static\\\/planet4-brasil-stateless\\\/2020\\\/08\\\/a3481c5b-gp0stupvm_web_size-768x513.jpg 768w, https:\\\/\\\/www.greenpeace.org\\\/static\\\/planet4-brasil-stateless\\\/2020\\\/08\\\/a3481c5b-gp0stupvm_web_size-510x340.jpg 510w&quot;,&quot;image_sizes&quot;:false,&quot;alt_text&quot;:&quot;&quot;,&quot;caption&quot;:&quot;Queimada na Reserva Extrativista Jaci-Paran\\u00e1, em Porto Velho (RO). (\\u00a9 Christian Braga\\\/Greenpeace)&quot;,&quot;focus_image&quot;:&quot;&quot;,&quot;credits&quot;:&quot;&quot;},{&quot;image_src&quot;:&quot;https:\\\/\\\/www.greenpeace.org\\\/static\\\/planet4-brasil-stateless\\\/2020\\\/08\\\/ce42910d-gp0stupv0_web_size.jpg&quot;,&quot;image_srcset&quot;:&quot;https:\\\/\\\/www.greenpeace.org\\\/static\\\/planet4-brasil-stateless\\\/2020\\\/08\\\/ce42910d-gp0stupv0_web_size.jpg 800w, https:\\\/\\\/www.greenpeace.org\\\/static\\\/planet4-brasil-stateless\\\/2020\\\/08\\\/ce42910d-gp0stupv0_web_size-300x200.jpg 300w, https:\\\/\\\/www.greenpeace.org\\\/static\\\/planet4-brasil-stateless\\\/2020\\\/08\\\/ce42910d-gp0stupv0_web_size-768x512.jpg 768w, https:\\\/\\\/www.greenpeace.org\\\/static\\\/planet4-brasil-stateless\\\/2020\\\/08\\\/ce42910d-gp0stupv0_web_size-510x340.jpg 510w&quot;,&quot;image_sizes&quot;:false,&quot;alt_text&quot;:&quot;&quot;,&quot;caption&quot;:&quot;Queimada na Reserva Extrativista Jaci-Paran\\u00e1, em Porto Velho (RO). (\\u00a9 Christian Braga\\\/Greenpeace)&quot;,&quot;focus_image&quot;:&quot;&quot;,&quot;credits&quot;:&quot;&quot;}]}}\"><\/div>\n<p>\u201cOs n\u00fameros evidenciam que a estrat\u00e9gia adotada pelo governo federal \u00e9 ineficiente para conter a destrui\u00e7\u00e3o da floresta mais biodiversa do planeta. Proibir queimadas no papel n\u00e3o funciona sem um trabalho eficiente de comando e controle exercido por \u00f3rg\u00e3os competentes\u201d, afirma Cristiane Mazzetti, porta-voz da campanha de Amaz\u00f4nia do Greenpeace.\u00a0<\/p>\n\n<p>Uma an\u00e1lise do Greenpeace Brasil aponta que do total de focos de calor registrados nos primeiros 31 dias da morat\u00f3ria do fogo, 1120 ocorreram dentro de Terras Ind\u00edgenas (TI), um aumento de&nbsp;8% em rela\u00e7\u00e3o ao ano passado, quando foram mapeados 1038. A TI Munduruku \u00e9 a que registrou maior n\u00famero de focos de calor (160), um aumento de 78% em rela\u00e7\u00e3o ao ano passado. Al\u00e9m disso, 4.115 atingiram Unidades de Conserva\u00e7\u00e3o, um aumento de 7% em rela\u00e7\u00e3o ao mesmo per\u00edodo do ano passado. Territ\u00f3rios, estes, que deveriam estar protegidos.<\/p>\n\n<p>O comparativo do per\u00edodo analisado (16\/07 \u00e0 15\/08) mostrou uma queda de 8% no n\u00famero de focos de calor no bioma (22.250, em 2019, ante 20.473). No entanto, no mesmo per\u00edodo em 2019 n\u00e3o havia a Garantia de Lei e Ordem (GLO) em campo e nem uma morat\u00f3ria do fogo em vig\u00eancia. \u201cEm 2020, mesmo proibindo o uso do fogo e com as for\u00e7as armadas em campo desde meados de maio, as queimadas continuam em ritmo acelerado\u201d, comenta Mazzetti.&nbsp;<\/p>\n\n<figure class=\"wp-block-image size-large  caption-style-blue-overlay caption-alignment-center\"><img loading=\"lazy\" decoding=\"async\" width=\"669\" height=\"370\" src=\"https:\/\/www.greenpeace.org\/static\/planet4-brasil-stateless\/2020\/08\/de2d8a2d-image-9.png\" alt=\"\" class=\"wp-image-25985\" srcset=\"https:\/\/www.greenpeace.org\/static\/planet4-brasil-stateless\/2020\/08\/de2d8a2d-image-9.png 669w, https:\/\/www.greenpeace.org\/static\/planet4-brasil-stateless\/2020\/08\/de2d8a2d-image-9-300x166.png 300w, https:\/\/www.greenpeace.org\/static\/planet4-brasil-stateless\/2020\/08\/de2d8a2d-image-9-510x282.png 510w\" sizes=\"auto, (max-width: 669px) 100vw, 669px\" \/><figcaption>Grande concentra\u00e7\u00e3o de focos de calor registrados hoje (17\/8) nas regi\u00f5es da rodovia Transamaz\u00f4nica, em Apu\u00ed (AM), na Terra do Meio (PA) e no entorno da BR-163 (PA), onde ocorreu o &#8220;Dia do Fogo&#8221; em 2019. (Dados da Nasa, Terra\/Modis)<\/figcaption><\/figure>\n\n<p>A temporada de queimadas agrava a atual crise sanit\u00e1ria, pois a fuma\u00e7a e a fuligem das queimadas provocam doen\u00e7as respirat\u00f3rias. O caminho para reverter essa situa\u00e7\u00e3o j\u00e1 \u00e9 conhecido. \u201cO Brasil j\u00e1 fez um trabalho consistente no combate \u00e0 destrui\u00e7\u00e3o da Amaz\u00f4nia no passado mas os caminhos utilizados t\u00eam sido sistematicamente ignorados. A <a href=\"https:\/\/www.greenpeace.org\/brasil\/blog\/maquiagem-verde\/\">aus\u00eancia de um plano e o desmantelamento da gest\u00e3o ambiental no pa\u00eds<\/a> s\u00e3o parte da estrat\u00e9gia do atual governo. Como resultado, o maior patrim\u00f4nio ambiental dos brasileiros est\u00e1 sendo perdido, colocando o clima, a biodiversidade e mais vidas em risco, especialmente as dos povos ind\u00edgenas\u201d, completa Cristiane Mazzetti.\u00a0<\/p>\n\n<p>Devido \u00e0 situa\u00e7\u00e3o dram\u00e1tica que se abate sobre a Amaz\u00f4nia,  mais de 60 organiza\u00e7\u00f5es da sociedade civil, incluindo o Greenpeace, apresentaram uma proposta <a href=\"https:\/\/www.greenpeace.org\/brasil\/blog\/cinco-medidas-para-frear-a-destruicao-da-amazonia-ja\/\">com cinco medidas emergenciais para combatera destrui\u00e7\u00e3o<\/a> aos presidentes da C\u00e2mara e Senado. Detre elas est\u00e3o o endurecimento das penas a crimes ambientais, a demarca\u00e7\u00e3o de Terras Ind\u00edgenas, quilombolas e Unidades de Conserva\u00e7\u00e3o e a reestrutura\u00e7\u00e3o do Ibama, ICMBio e Funai.\u00a0<\/p>\n\n<figure class=\"wp-block-image size-large  caption-style-blue-overlay caption-alignment-center\"><img loading=\"lazy\" decoding=\"async\" width=\"1024\" height=\"1024\" src=\"https:\/\/www.greenpeace.org\/static\/planet4-brasil-stateless\/2020\/08\/ca6c64db-dia-do-fogo-por-que-amazonia-queima-1024x1024.png\" title=\"Por que a Amaz\u00f4nia queima?\" alt=\"Por que a Amaz\u00f4nia queima?\" class=\"wp-image-25814\" srcset=\"https:\/\/www.greenpeace.org\/static\/planet4-brasil-stateless\/2020\/08\/ca6c64db-dia-do-fogo-por-que-amazonia-queima-1024x1024.png 1024w, https:\/\/www.greenpeace.org\/static\/planet4-brasil-stateless\/2020\/08\/ca6c64db-dia-do-fogo-por-que-amazonia-queima-300x300.png 300w, https:\/\/www.greenpeace.org\/static\/planet4-brasil-stateless\/2020\/08\/ca6c64db-dia-do-fogo-por-que-amazonia-queima-150x150.png 150w, https:\/\/www.greenpeace.org\/static\/planet4-brasil-stateless\/2020\/08\/ca6c64db-dia-do-fogo-por-que-amazonia-queima-768x768.png 768w, https:\/\/www.greenpeace.org\/static\/planet4-brasil-stateless\/2020\/08\/ca6c64db-dia-do-fogo-por-que-amazonia-queima-1536x1536.png 1536w, https:\/\/www.greenpeace.org\/static\/planet4-brasil-stateless\/2020\/08\/ca6c64db-dia-do-fogo-por-que-amazonia-queima-1366x1366.png 1366w, https:\/\/www.greenpeace.org\/static\/planet4-brasil-stateless\/2020\/08\/ca6c64db-dia-do-fogo-por-que-amazonia-queima-340x340.png 340w, https:\/\/www.greenpeace.org\/static\/planet4-brasil-stateless\/2020\/08\/ca6c64db-dia-do-fogo-por-que-amazonia-queima.png 1681w\" sizes=\"auto, (max-width: 1024px) 100vw, 1024px\" \/><\/figure>\n\n<p class=\"has-text-align-center has-grey-100-color has-grey-600-background-color has-text-color has-background\"><a href=\"https:\/\/www.greenpeace.org\/brasil\/apoie\/parem-a-mineracao-em-aguas-profundas\/\" data-type=\"URL\" data-id=\"https:\/\/www.greenpeace.org\/brasil\/apoie\/parem-a-mineracao-em-aguas-profundas\/\" target=\"_blank\" rel=\"noreferrer noopener\">Voc\u00ea pode ajudar os l\u00edderes mundiais a se posicionarem contra a minera\u00e7\u00e3o em \u00e1guas profundas. Participe do nosso abaixo-assinado!<\/a><\/p>\n","protected":false},"excerpt":{"rendered":"<p>Um m\u00eas ap\u00f3s a proibi\u00e7\u00e3o das queimadas na Amaz\u00f4nia e no Pantanal, dados e fotos in\u00e9ditas mostram que o fogo, totalmente ilegal, ainda arde na floresta.<\/p>\n","protected":false},"author":24,"featured_media":25974,"comment_status":"open","ping_status":"closed","sticky":false,"template":"","format":"standard","meta":{"ep_exclude_from_search":false,"p4_og_title":"","p4_og_description":"","p4_og_image":"","p4_og_image_id":"","p4_seo_canonical_url":"","p4_campaign_name":"not set","p4_local_project":"not set","p4_basket_name":"not set","p4_department":"","footnotes":""},"categories":[3],"tags":[6,22,26],"p4-page-type":[16],"class_list":["post-25969","post","type-post","status-publish","format-standard","has-post-thumbnail","hentry","category-proteja-a-natureza","tag-clima","tag-florestas","tag-biodiversidade","p4-page-type-blog"],"_links":{"self":[{"href":"https:\/\/www.greenpeace.org\/brasil\/wp-json\/wp\/v2\/posts\/25969","targetHints":{"allow":["GET"]}}],"collection":[{"href":"https:\/\/www.greenpeace.org\/brasil\/wp-json\/wp\/v2\/posts"}],"about":[{"href":"https:\/\/www.greenpeace.org\/brasil\/wp-json\/wp\/v2\/types\/post"}],"author":[{"embeddable":true,"href":"https:\/\/www.greenpeace.org\/brasil\/wp-json\/wp\/v2\/users\/24"}],"replies":[{"embeddable":true,"href":"https:\/\/www.greenpeace.org\/brasil\/wp-json\/wp\/v2\/comments?post=25969"}],"version-history":[{"count":10,"href":"https:\/\/www.greenpeace.org\/brasil\/wp-json\/wp\/v2\/posts\/25969\/revisions"}],"predecessor-version":[{"id":25994,"href":"https:\/\/www.greenpeace.org\/brasil\/wp-json\/wp\/v2\/posts\/25969\/revisions\/25994"}],"wp:featuredmedia":[{"embeddable":true,"href":"https:\/\/www.greenpeace.org\/brasil\/wp-json\/wp\/v2\/media\/25974"}],"wp:attachment":[{"href":"https:\/\/www.greenpeace.org\/brasil\/wp-json\/wp\/v2\/media?parent=25969"}],"wp:term":[{"taxonomy":"category","embeddable":true,"href":"https:\/\/www.greenpeace.org\/brasil\/wp-json\/wp\/v2\/categories?post=25969"},{"taxonomy":"post_tag","embeddable":true,"href":"https:\/\/www.greenpeace.org\/brasil\/wp-json\/wp\/v2\/tags?post=25969"},{"taxonomy":"p4-page-type","embeddable":true,"href":"https:\/\/www.greenpeace.org\/brasil\/wp-json\/wp\/v2\/p4-page-type?post=25969"}],"curies":[{"name":"wp","href":"https:\/\/api.w.org\/{rel}","templated":true}]}}