{"id":26144,"date":"2020-08-21T16:13:28","date_gmt":"2020-08-21T19:13:28","guid":{"rendered":"https:\/\/www.greenpeace.org\/brasil\/?p=26144"},"modified":"2022-06-30T16:35:37","modified_gmt":"2022-06-30T19:35:37","slug":"devido-a-problemas-tecnicos-no-satelite-referencia-estatisticas-de-focos-de-calor-podem-estar-prejudicadas","status":"publish","type":"post","link":"https:\/\/www.greenpeace.org\/brasil\/imprensa\/devido-a-problemas-tecnicos-no-satelite-referencia-estatisticas-de-focos-de-calor-podem-estar-prejudicadas\/","title":{"rendered":"Devido a problemas t\u00e9cnicos no sat\u00e9lite refer\u00eancia, estat\u00edsticas de focos de calor podem estar prejudicadas"},"content":{"rendered":"\n<p>No dia 16 de agosto, o sat\u00e9lite de refer\u00eancia AQUA apresentou problemas t\u00e9cnicos e a publica\u00e7\u00e3o de dados foi suspensa pela NASA. As imagens que s\u00e3o recebidos por antenas da NASA s\u00e3o utilizados pelo INPE para a quantifica\u00e7\u00e3o di\u00e1ria dos focos de calor, todos disponibilizados na plataforma do instituto.&nbsp;<\/p>\n\n<p>Devido \u00e0 este problema, alternativamente o INPE passou a receber as imagens do sat\u00e9lite pelas antenas do INPE localizadas em Cuiab\u00e1, Mato Grosso e em Cachoeira Paulista, S\u00e3o Paulo. Por\u00e9m, essas antenas n\u00e3o cobrem toda Amaz\u00f4nia e, sem os dados recebidos e gerados pela NASA, algumas \u00e1reas&nbsp; podem acabar ficando de fora.&nbsp;<\/p>\n\n<p>Por esse motivo, os dados disponibilizados pelo Programa Queimadas est\u00e3o subestimados desde o dia 16. O <a href=\"http:\/\/queimadas.dgi.inpe.br\/queimadas\/portal\/informacoes\/manutencao\/nao-programada\/problemas-na-recepcao-de-focos-do-satelite-de-referencia\">comunicado<\/a> do Programa Queimadas &#8211; INPE do dia 19 j\u00e1 alerta para o fato que \u201c<em>o n\u00famero de focos do sat\u00e9lite de refer\u00eancia que aparece nas p\u00e1ginas de <\/em><a href=\"http:\/\/www.inpe.br\/queimadas\/situacao-atual\"><em>situa\u00e7\u00e3o atual<\/em><\/a><em>, de estat\u00edsticas de <\/em><a href=\"http:\/\/www.inpe.br\/queimadas\/estatisticas-estados\"><em>estados<\/em><\/a><em> e de <\/em><a href=\"http:\/\/www.inpe.br\/queimadas\/estatisticas-paises\"><em>pa\u00edses<\/em><\/a><em> e, no <\/em><a href=\"http:\/\/www.inpe.br\/queimadas\/bdqueimadas\"><em>BDQueimadas<\/em><\/a><em>, pode ser afetado temporariamente nas \u00e1reas do Brasil prejudicadas por essas limita\u00e7\u00f5es operacionais.\u201d <\/em>Por exemplo, no pr\u00f3prio dia 16 nenhum foco de calor foi registrado nos estados do Amazonas e apenas 8 focos em Rond\u00f4nia, locais onde nesse dia <a href=\"https:\/\/media.greenpeace.org\/collection\/27MZIFJ8OKD2P\">o Greenpeace registrou diversas imagens a\u00e9reas de queimadas.<\/a>&nbsp;<\/p>\n\n<p><strong><a href=\"https:\/\/media.greenpeace.org\/CS.aspx?VP3=SearchResult&amp;ALID=27MZIFJ8OKD2P&amp;VBID=27MZVNYE42E&amp;POPUPPN=10&amp;POPUPIID=27MZIFJ8ORTA4\">Fotos aqui<\/a><\/strong><\/p>\n\n<p>A cobertura dos dados tem sido prejudicada em algumas regi\u00f5es do bioma Amaz\u00f4nia, conforme ilustra a figura abaixo que compara os focos de calor gerados a partir do sat\u00e9lite AQUA e do sat\u00e9lite Suomi-NPP .&nbsp;<\/p>\n\n<figure class=\"wp-block-image  caption-style-blue-overlay caption-alignment-center\"><img decoding=\"async\" src=\"https:\/\/lh4.googleusercontent.com\/zGODkTSfujyOZAS0nLov-Mod7InJypP5INmxPM1gHlZaVkFx4uV_rrUy91I3W5w2XmtJVBCMV5bMr07rUmKdQQKw61ffU9UKKMDhn182celZIV1r3dlsB8wWnAEQLr21et_w-srV\" alt=\"\"\/><figcaption>Figura 1 &#8211; Observa-se a aus\u00eancia de registros de focos de calor pelo AQUA em partes do Amazonas e do Acre no dia 17, em partes do Par\u00e1 no dia 18 e em parte do Amazonas no dia 19.<\/figcaption><\/figure>\n\n<p>O INPE tamb\u00e9m disponibiliza em sua plataforma os dados provenientes de diferentes sat\u00e9lites, incluindo o Suomi-NPP e NOAA20. No entanto, o AQUA \u00e9 o sat\u00e9lite refer\u00eancia, cujos focos di\u00e1rios detectados s\u00e3o usados para compor os dados <a href=\"http:\/\/queimadas.dgi.inpe.br\/queimadas\/portal-static\/estatisticas_estados\/\">disponibilizados no site<\/a> (mensais, di\u00e1rios, por bioma, anuais, etc).&nbsp;<\/p>\n\n<p>O n\u00famero de focos de calor gerados a partir do dados do sat\u00e9lite Suomi-NPP e NOAA20&nbsp; n\u00e3o indicam uma diminui\u00e7\u00e3o dos focos no per\u00edodo entre os dias 16 e 19, conforme ilustrado abaixo:&nbsp;<\/p>\n\n<figure class=\"wp-block-image  caption-style-blue-overlay caption-alignment-center\"><img decoding=\"async\" src=\"https:\/\/lh5.googleusercontent.com\/5odRmb_U9aCG8xCK04ig-r-tpYOgfbnbbR6ufaINveRsBgy9ddh_GUOTjK8VzH8glMqmtKU2iGgbhibmrCk_ejvg7fsQu4ouRlT0dvFwNHjng6roV0QYJQWHf1vmJtUjc_QKTi8-\" alt=\"\"\/><\/figure>\n\n<p>O INPE e NASA garantiram transpar\u00eancia sobre a situa\u00e7\u00e3o e informaram devidamente seus usu\u00e1rios. Neste momento, resta esperar que a situa\u00e7\u00e3o seja normalizada. Portanto, \u00e9 preciso ter cautela para n\u00e3o fazer conclus\u00f5es equivocadas sobre uma redu\u00e7\u00e3o do n\u00famero de focos de calor na Amaz\u00f4nia.\u00a0<\/p>\n\n<p><strong>Assessoria de Imprensa<br><\/strong>imprensa.br@greenpeace.org<br>(11) 3035-1167<\/p>\n","protected":false},"excerpt":{"rendered":"<p>No dia 16 de agosto, o sat\u00e9lite de refer\u00eancia AQUA apresentou problemas t\u00e9cnicos e a publica\u00e7\u00e3o de dados foi suspensa pela NASA. As imagens que s\u00e3o recebidos por antenas da&hellip;<\/p>\n","protected":false},"author":24,"featured_media":26145,"comment_status":"closed","ping_status":"closed","sticky":false,"template":"","format":"standard","meta":{"ep_exclude_from_search":false,"p4_og_title":"","p4_og_description":"","p4_og_image":"","p4_og_image_id":"","p4_seo_canonical_url":"","p4_campaign_name":"not set","p4_local_project":"not set","p4_basket_name":"not set","p4_department":"","footnotes":""},"categories":[3],"tags":[22,55],"p4-page-type":[14],"class_list":["post-26144","post","type-post","status-publish","format-standard","has-post-thumbnail","hentry","category-proteja-a-natureza","tag-florestas","tag-imprensa","p4-page-type-imprensa"],"_links":{"self":[{"href":"https:\/\/www.greenpeace.org\/brasil\/wp-json\/wp\/v2\/posts\/26144","targetHints":{"allow":["GET"]}}],"collection":[{"href":"https:\/\/www.greenpeace.org\/brasil\/wp-json\/wp\/v2\/posts"}],"about":[{"href":"https:\/\/www.greenpeace.org\/brasil\/wp-json\/wp\/v2\/types\/post"}],"author":[{"embeddable":true,"href":"https:\/\/www.greenpeace.org\/brasil\/wp-json\/wp\/v2\/users\/24"}],"replies":[{"embeddable":true,"href":"https:\/\/www.greenpeace.org\/brasil\/wp-json\/wp\/v2\/comments?post=26144"}],"version-history":[{"count":5,"href":"https:\/\/www.greenpeace.org\/brasil\/wp-json\/wp\/v2\/posts\/26144\/revisions"}],"predecessor-version":[{"id":27088,"href":"https:\/\/www.greenpeace.org\/brasil\/wp-json\/wp\/v2\/posts\/26144\/revisions\/27088"}],"wp:featuredmedia":[{"embeddable":true,"href":"https:\/\/www.greenpeace.org\/brasil\/wp-json\/wp\/v2\/media\/26145"}],"wp:attachment":[{"href":"https:\/\/www.greenpeace.org\/brasil\/wp-json\/wp\/v2\/media?parent=26144"}],"wp:term":[{"taxonomy":"category","embeddable":true,"href":"https:\/\/www.greenpeace.org\/brasil\/wp-json\/wp\/v2\/categories?post=26144"},{"taxonomy":"post_tag","embeddable":true,"href":"https:\/\/www.greenpeace.org\/brasil\/wp-json\/wp\/v2\/tags?post=26144"},{"taxonomy":"p4-page-type","embeddable":true,"href":"https:\/\/www.greenpeace.org\/brasil\/wp-json\/wp\/v2\/p4-page-type?post=26144"}],"curies":[{"name":"wp","href":"https:\/\/api.w.org\/{rel}","templated":true}]}}