{"id":26298,"date":"2020-08-27T18:29:49","date_gmt":"2020-08-27T21:29:49","guid":{"rendered":"https:\/\/www.greenpeace.org\/brasil\/?p=26298"},"modified":"2023-01-12T15:31:43","modified_gmt":"2023-01-12T18:31:43","slug":"completamos-cem-horas-navegando","status":"publish","type":"post","link":"https:\/\/www.greenpeace.org\/brasil\/blog\/completamos-cem-horas-navegando\/","title":{"rendered":"Completamos cem horas navegando"},"content":{"rendered":"\n<h4 class=\"wp-block-heading\">J\u00e1 percorremos mais da metade da nossa jornada pelo Rio Solim\u00f5es. Foram mais de 4 toneladas entregues pelo Asas da Emerg\u00eancia para beneficiar povos ind\u00edgenas do M\u00e9dio Solim\u00f5es<\/h4>\n\n<figure class=\"wp-block-image size-large  caption-style-blue-overlay caption-alignment-center\"><img loading=\"lazy\" decoding=\"async\" width=\"1024\" height=\"682\" src=\"https:\/\/www.greenpeace.org\/static\/planet4-brasil-stateless\/2020\/08\/36db6697-descarrego3-1024x682.jpg\" alt=\"\" class=\"wp-image-26307\" srcset=\"https:\/\/www.greenpeace.org\/static\/planet4-brasil-stateless\/2020\/08\/36db6697-descarrego3-1024x682.jpg 1024w, https:\/\/www.greenpeace.org\/static\/planet4-brasil-stateless\/2020\/08\/36db6697-descarrego3-300x200.jpg 300w, https:\/\/www.greenpeace.org\/static\/planet4-brasil-stateless\/2020\/08\/36db6697-descarrego3-768x511.jpg 768w, https:\/\/www.greenpeace.org\/static\/planet4-brasil-stateless\/2020\/08\/36db6697-descarrego3-1536x1023.jpg 1536w, https:\/\/www.greenpeace.org\/static\/planet4-brasil-stateless\/2020\/08\/36db6697-descarrego3-2048x1364.jpg 2048w, https:\/\/www.greenpeace.org\/static\/planet4-brasil-stateless\/2020\/08\/36db6697-descarrego3-510x340.jpg 510w\" sizes=\"auto, (max-width: 1024px) 100vw, 1024px\" \/><figcaption>Entregamos materiais para a montagem das enfermarias de campanha que beneficiar\u00e3o dezenas de comunidades ind\u00edgenas nas cidades de Fonte Boa e Juta\u00ed<div class=\"credit icon-left\"> \u00a9 Marcos Amend \/ Greenpeace<\/div><\/figcaption><\/figure>\n\n<p><strong>26 de agosto de 2020 \u2013 quarta-feira, rumo ao Alto Solim\u00f5es<\/strong><\/p>\n\n<p>Agora \u00e0 noite ultrapassamos 100 horas de navega\u00e7\u00e3o e conclu\u00edmos o quarto dia da expedi\u00e7\u00e3o do projeto Asas da Emerg\u00eancia pelo Rio Solim\u00f5es. Nesse per\u00edodo, entregamos um total de 4.252 quilos de materiais hospitalares e de higiene que ir\u00e3o beneficiar povos ind\u00edgenas nas regi\u00f5es de Tef\u00e9, Uarini, Fonte Boa e Juta\u00ed.&nbsp;<\/p>\n\n<p>Ap\u00f3s navegar o dia todo, estamos neste momento atracados no porto de Juta\u00ed, onde entregamos os equipamentos para a instala\u00e7\u00e3o das enfermarias de campanha para o Distrito Sanit\u00e1rio Especial Ind\u00edgena (Dsei) e vamos dormir aqui mesmo essa noite. De manh\u00e3, as entregas foram feitas na cidade de Fonte Boa. Pela primeira vez, durante todo o trajeto fomos agraciados com uma chuva fina. Uma d\u00e1diva para nos aliviar do intenso calor que tem nos acompanhado nos \u00faltimos dois dias \u2013 enfim, a Amaz\u00f4nia sendo como ela \u00e9, quente e \u00famida.&nbsp;<\/p>\n<div data-render=\"planet4-blocks\/gallery\" data-attributes=\"{&quot;attributes&quot;:{&quot;multiple_image&quot;:&quot;26305,26306&quot;,&quot;image_data&quot;:[{&quot;url&quot;:&quot;https:\\\/\\\/www.greenpeace.org\\\/static\\\/planet4-brasil-stateless\\\/2020\\\/08\\\/830e7161-descarrego1.jpg&quot;,&quot;focalPoint&quot;:{&quot;x&quot;:0.5,&quot;y&quot;:0.5},&quot;id&quot;:26305},{&quot;url&quot;:&quot;https:\\\/\\\/www.greenpeace.org\\\/static\\\/planet4-brasil-stateless\\\/2020\\\/08\\\/eeb2a50b-descarrego2.jpg&quot;,&quot;focalPoint&quot;:{&quot;x&quot;:0.5,&quot;y&quot;:0.5},&quot;id&quot;:26306}],&quot;gallery_block_style&quot;:0,&quot;gallery_block_title&quot;:&quot;&quot;,&quot;gallery_block_description&quot;:&quot;&quot;,&quot;gallery_block_focus_points&quot;:&quot;&quot;,&quot;images&quot;:[{&quot;image_src&quot;:&quot;https:\\\/\\\/www.greenpeace.org\\\/static\\\/planet4-brasil-stateless\\\/2020\\\/08\\\/830e7161-descarrego1.jpg&quot;,&quot;image_srcset&quot;:&quot;https:\\\/\\\/www.greenpeace.org\\\/static\\\/planet4-brasil-stateless\\\/2020\\\/08\\\/830e7161-descarrego1.jpg 2500w, https:\\\/\\\/www.greenpeace.org\\\/static\\\/planet4-brasil-stateless\\\/2020\\\/08\\\/830e7161-descarrego1-300x200.jpg 300w, https:\\\/\\\/www.greenpeace.org\\\/static\\\/planet4-brasil-stateless\\\/2020\\\/08\\\/830e7161-descarrego1-1024x683.jpg 1024w, https:\\\/\\\/www.greenpeace.org\\\/static\\\/planet4-brasil-stateless\\\/2020\\\/08\\\/830e7161-descarrego1-768x512.jpg 768w, https:\\\/\\\/www.greenpeace.org\\\/static\\\/planet4-brasil-stateless\\\/2020\\\/08\\\/830e7161-descarrego1-1536x1024.jpg 1536w, https:\\\/\\\/www.greenpeace.org\\\/static\\\/planet4-brasil-stateless\\\/2020\\\/08\\\/830e7161-descarrego1-2048x1366.jpg 2048w, https:\\\/\\\/www.greenpeace.org\\\/static\\\/planet4-brasil-stateless\\\/2020\\\/08\\\/830e7161-descarrego1-510x340.jpg 510w&quot;,&quot;image_sizes&quot;:false,&quot;alt_text&quot;:&quot;&quot;,&quot;caption&quot;:&quot;Entregamos materiais para a montagem das enfermarias de campanha que beneficiar\\u00e3o dezenas de comunidades ind\\u00edgenas nas cidades de Fonte Boa e Juta\\u00ed&quot;,&quot;focus_image&quot;:&quot;&quot;,&quot;credits&quot;:&quot;\\u00a9 Marcos Amend \\\/ Greenpeace&quot;},{&quot;image_src&quot;:&quot;https:\\\/\\\/www.greenpeace.org\\\/static\\\/planet4-brasil-stateless\\\/2020\\\/08\\\/eeb2a50b-descarrego2.jpg&quot;,&quot;image_srcset&quot;:&quot;https:\\\/\\\/www.greenpeace.org\\\/static\\\/planet4-brasil-stateless\\\/2020\\\/08\\\/eeb2a50b-descarrego2.jpg 2500w, https:\\\/\\\/www.greenpeace.org\\\/static\\\/planet4-brasil-stateless\\\/2020\\\/08\\\/eeb2a50b-descarrego2-300x200.jpg 300w, https:\\\/\\\/www.greenpeace.org\\\/static\\\/planet4-brasil-stateless\\\/2020\\\/08\\\/eeb2a50b-descarrego2-1024x683.jpg 1024w, https:\\\/\\\/www.greenpeace.org\\\/static\\\/planet4-brasil-stateless\\\/2020\\\/08\\\/eeb2a50b-descarrego2-768x512.jpg 768w, https:\\\/\\\/www.greenpeace.org\\\/static\\\/planet4-brasil-stateless\\\/2020\\\/08\\\/eeb2a50b-descarrego2-1536x1024.jpg 1536w, https:\\\/\\\/www.greenpeace.org\\\/static\\\/planet4-brasil-stateless\\\/2020\\\/08\\\/eeb2a50b-descarrego2-2048x1366.jpg 2048w, https:\\\/\\\/www.greenpeace.org\\\/static\\\/planet4-brasil-stateless\\\/2020\\\/08\\\/eeb2a50b-descarrego2-510x340.jpg 510w&quot;,&quot;image_sizes&quot;:false,&quot;alt_text&quot;:&quot;&quot;,&quot;caption&quot;:&quot;Entregamos materiais para a montagem das enfermarias de campanha que beneficiar\\u00e3o dezenas de comunidades ind\\u00edgenas nas cidades de Fonte Boa e Juta\\u00ed&quot;,&quot;focus_image&quot;:&quot;&quot;,&quot;credits&quot;:&quot;\\u00a9 Marcos Amend \\\/ Greenpeace&quot;}]}}\"><\/div>\n<p>Durante o dia seguimos ziguezagueando entre as margens direita e esquerda para aproveitar as \u00e1reas em que o barco pode ter um melhor desempenho \u2013 afinal, estamos, literalmente, indo contra a corrente. Seu Souza, nosso pr\u00e1tico, me disse que a sonda do barco indicou que passamos por trechos em que o rio estava com apenas dois metros de profundidade. Em outras, esta \u201cfundura\u201d chegou a 54m.&nbsp;<\/p>\n\n<p>Tem sido comum, em alguns trechos, a gente n\u00e3o conseguir enxergar a outra margem j\u00e1 que a dist\u00e2ncia entre os dois lados do rio pode chegar a mais de quatro quil\u00f4metros, no ver\u00e3o amaz\u00f4nico, quando chove menos \u2013 que \u00e9 a esta\u00e7\u00e3o que estamos agora.&nbsp;<\/p>\n<div data-render=\"planet4-blocks\/gallery\" data-attributes=\"{&quot;attributes&quot;:{&quot;multiple_image&quot;:&quot;26300,26301,26303&quot;,&quot;image_data&quot;:[{&quot;url&quot;:&quot;https:\\\/\\\/www.greenpeace.org\\\/static\\\/planet4-brasil-stateless\\\/2020\\\/08\\\/4b0b2e05-beiradao.jpg&quot;,&quot;focalPoint&quot;:{&quot;x&quot;:0.5,&quot;y&quot;:0.5},&quot;id&quot;:26300},{&quot;url&quot;:&quot;https:\\\/\\\/www.greenpeace.org\\\/static\\\/planet4-brasil-stateless\\\/2020\\\/08\\\/d02f528f-beiradao2.jpg&quot;,&quot;focalPoint&quot;:{&quot;x&quot;:0.5,&quot;y&quot;:0.5},&quot;id&quot;:26301},{&quot;url&quot;:&quot;https:\\\/\\\/www.greenpeace.org\\\/static\\\/planet4-brasil-stateless\\\/2020\\\/08\\\/8fa77447-beiradao4.jpg&quot;,&quot;focalPoint&quot;:{&quot;x&quot;:0.5,&quot;y&quot;:0.5},&quot;id&quot;:26303}],&quot;gallery_block_style&quot;:0,&quot;gallery_block_title&quot;:&quot;&quot;,&quot;gallery_block_description&quot;:&quot;&quot;,&quot;gallery_block_focus_points&quot;:&quot;&quot;,&quot;images&quot;:[{&quot;image_src&quot;:&quot;https:\\\/\\\/www.greenpeace.org\\\/static\\\/planet4-brasil-stateless\\\/2020\\\/08\\\/4b0b2e05-beiradao.jpg&quot;,&quot;image_srcset&quot;:&quot;https:\\\/\\\/www.greenpeace.org\\\/static\\\/planet4-brasil-stateless\\\/2020\\\/08\\\/4b0b2e05-beiradao.jpg 2500w, https:\\\/\\\/www.greenpeace.org\\\/static\\\/planet4-brasil-stateless\\\/2020\\\/08\\\/4b0b2e05-beiradao-300x200.jpg 300w, https:\\\/\\\/www.greenpeace.org\\\/static\\\/planet4-brasil-stateless\\\/2020\\\/08\\\/4b0b2e05-beiradao-1024x682.jpg 1024w, https:\\\/\\\/www.greenpeace.org\\\/static\\\/planet4-brasil-stateless\\\/2020\\\/08\\\/4b0b2e05-beiradao-768x511.jpg 768w, https:\\\/\\\/www.greenpeace.org\\\/static\\\/planet4-brasil-stateless\\\/2020\\\/08\\\/4b0b2e05-beiradao-1536x1023.jpg 1536w, https:\\\/\\\/www.greenpeace.org\\\/static\\\/planet4-brasil-stateless\\\/2020\\\/08\\\/4b0b2e05-beiradao-2048x1364.jpg 2048w, https:\\\/\\\/www.greenpeace.org\\\/static\\\/planet4-brasil-stateless\\\/2020\\\/08\\\/4b0b2e05-beiradao-510x340.jpg 510w&quot;,&quot;image_sizes&quot;:false,&quot;alt_text&quot;:&quot;&quot;,&quot;caption&quot;:&quot;Ribeirinhos, ind\\u00edgenas e outras comunidades tradicionais estabelecem suas exist\\u00eancias no \\u201cbeirad\\u00e3o\\u201d do Solim\\u00f5es: vidas sintonizadas com o ambiente&quot;,&quot;focus_image&quot;:&quot;&quot;,&quot;credits&quot;:&quot;\\u00a9 Marcos Amend \\\/ Greenpeace&quot;},{&quot;image_src&quot;:&quot;https:\\\/\\\/www.greenpeace.org\\\/static\\\/planet4-brasil-stateless\\\/2020\\\/08\\\/d02f528f-beiradao2.jpg&quot;,&quot;image_srcset&quot;:&quot;https:\\\/\\\/www.greenpeace.org\\\/static\\\/planet4-brasil-stateless\\\/2020\\\/08\\\/d02f528f-beiradao2.jpg 1350w, https:\\\/\\\/www.greenpeace.org\\\/static\\\/planet4-brasil-stateless\\\/2020\\\/08\\\/d02f528f-beiradao2-300x200.jpg 300w, https:\\\/\\\/www.greenpeace.org\\\/static\\\/planet4-brasil-stateless\\\/2020\\\/08\\\/d02f528f-beiradao2-1024x683.jpg 1024w, https:\\\/\\\/www.greenpeace.org\\\/static\\\/planet4-brasil-stateless\\\/2020\\\/08\\\/d02f528f-beiradao2-768x512.jpg 768w, https:\\\/\\\/www.greenpeace.org\\\/static\\\/planet4-brasil-stateless\\\/2020\\\/08\\\/d02f528f-beiradao2-510x340.jpg 510w&quot;,&quot;image_sizes&quot;:false,&quot;alt_text&quot;:&quot;&quot;,&quot;caption&quot;:&quot;Ribeirinhos, ind\\u00edgenas e outras comunidades tradicionais estabelecem suas exist\\u00eancias no \\u201cbeirad\\u00e3o\\u201d do Solim\\u00f5es: vidas sintonizadas com o ambiente&quot;,&quot;focus_image&quot;:&quot;&quot;,&quot;credits&quot;:&quot;\\u00a9 Marcos Amend \\\/ Greenpeace&quot;},{&quot;image_src&quot;:&quot;https:\\\/\\\/www.greenpeace.org\\\/static\\\/planet4-brasil-stateless\\\/2020\\\/08\\\/8fa77447-beiradao4.jpg&quot;,&quot;image_srcset&quot;:&quot;https:\\\/\\\/www.greenpeace.org\\\/static\\\/planet4-brasil-stateless\\\/2020\\\/08\\\/8fa77447-beiradao4.jpg 2500w, https:\\\/\\\/www.greenpeace.org\\\/static\\\/planet4-brasil-stateless\\\/2020\\\/08\\\/8fa77447-beiradao4-300x200.jpg 300w, https:\\\/\\\/www.greenpeace.org\\\/static\\\/planet4-brasil-stateless\\\/2020\\\/08\\\/8fa77447-beiradao4-1024x683.jpg 1024w, https:\\\/\\\/www.greenpeace.org\\\/static\\\/planet4-brasil-stateless\\\/2020\\\/08\\\/8fa77447-beiradao4-768x512.jpg 768w, https:\\\/\\\/www.greenpeace.org\\\/static\\\/planet4-brasil-stateless\\\/2020\\\/08\\\/8fa77447-beiradao4-1536x1024.jpg 1536w, https:\\\/\\\/www.greenpeace.org\\\/static\\\/planet4-brasil-stateless\\\/2020\\\/08\\\/8fa77447-beiradao4-2048x1366.jpg 2048w, https:\\\/\\\/www.greenpeace.org\\\/static\\\/planet4-brasil-stateless\\\/2020\\\/08\\\/8fa77447-beiradao4-510x340.jpg 510w&quot;,&quot;image_sizes&quot;:false,&quot;alt_text&quot;:&quot;&quot;,&quot;caption&quot;:&quot;Ribeirinhos, ind\\u00edgenas e outras comunidades tradicionais estabelecem suas exist\\u00eancias no \\u201cbeirad\\u00e3o\\u201d do Solim\\u00f5es: vidas sintonizadas com o ambiente&quot;,&quot;focus_image&quot;:&quot;&quot;,&quot;credits&quot;:&quot;\\u00a9 Marcos Amend \\\/ Greenpeace&quot;}]}}\"><\/div>\n<p>Nessa expedi\u00e7\u00e3o, testemunhamos como a vida das comunidades ribeirinhas, ind\u00edgenas e de outras popula\u00e7\u00f5es tradicionais se faz presente no \u201cbeirad\u00e3o\u201d, como se diz por aqui. Nesses quatro dias vimos in\u00fameras vilas, com suas escolas, igrejas, ro\u00e7as, animais de cria\u00e7\u00e3o e estruturas t\u00edpicas da regi\u00e3o, como&nbsp; jiraus (pequenas extens\u00f5es de madeira na beira do rio, onde se lava roupa e toma banho, por exemplo), flutuantes (casas, mercados, postos de sa\u00fade e outras constru\u00e7\u00f5es feitas sobre plataformas que se ancoram sobre toras de assacu, madeira leve, porosa e bastante resistente) e, especialmente, palafitas de madeira (casas feitas sobre toras de madeira para que as \u00e1guas do rio n\u00e3o as atinjam na \u00e9poca da cheia do rio).&nbsp;<\/p>\n\n<p>O movimento de pequenas embarca\u00e7\u00f5es, como rabetas e voadeiras, \u00e9 constante. Nelas, leva-se de tudo: gente, compras, animais e um tanto mais de coisa, pra cima e pra baixo no rio.&nbsp;<\/p>\n\n<p>Cercados por essa realidade t\u00e3o diferente das m\u00e9dias e grandes cidades, conturbadas pelo tr\u00e2nsito e um ritmo quase insano, uma pergunta martela a cabe\u00e7a: \u201ccomo a Covid-19 chegou a estas comunidades\u201d?<\/p>\n\n<p><strong>Tr\u00e1gica omiss\u00e3o<\/strong><\/p>\n\n<p>Lideran\u00e7as ind\u00edgenas, como Andr\u00e9 Kambeba, coordenador-geral da Uni\u00e3o dos Povos Ind\u00edgenas do M\u00e9dio Solim\u00f5es e Afluentes (Unipim-SA), afirmam que pelo fato do governo n\u00e3o ter tomado as medidas necess\u00e1rias para manter os ind\u00edgenas na aldeia, de modo a evitar a contamina\u00e7\u00e3o pela Covid-19, muitos precisaram deixar seus territ\u00f3rios para sacar seus benef\u00edcios sociais, como aposentadoria e aux\u00edlio emergencial, e comprar alimentos e medicamentos, principalmente. \u201cIam de canoa pras cidades. L\u00e1, se misturavam e quando sa\u00edam, j\u00e1 estavam contaminados\u201d, contou.&nbsp;<\/p>\n\n<p>Jones Carvalho, enfermeiro e analista de pol\u00edticas sociais do Dsei M\u00e9dio Solim\u00f5es, disse que os povos mais contaminados s\u00e3o aqueles que vivem pr\u00f3ximos das cidades. \u201cOs Katukina, um povo que vive pr\u00f3ximo ao Rio Bi\u00e1, e tem menos contato com a sociedade n\u00e3o ind\u00edgena, viveu uma situa\u00e7\u00e3o oposta. Eles, que j\u00e1 sa\u00edam muito pouco do territ\u00f3rio, se refugiaram ainda mais no interior da floresta. E at\u00e9 agora n\u00e3o tivemos nenhum caso registrado de contamina\u00e7\u00e3o deles\u201d.&nbsp;<\/p>\n\n<p>Infelizmente, no entanto, a realidade evidencia que mesmo em seus territ\u00f3rios ancestrais os ind\u00edgenas n\u00e3o est\u00e3o seguros. Nara Bar\u00e9, coordenadora-geral da Coordena\u00e7\u00e3o das Organiza\u00e7\u00f5es Ind\u00edgenas da Amaz\u00f4nia Brasileira (Coiab), avalia que vetores da contamina\u00e7\u00e3o para o coronav\u00edrus ter chegado nos lugares mais distantes da Amaz\u00f4nia s\u00e3o, muitas vezes, invasores, como garimpeiros, grileiros, madeireiros e mission\u00e1rios que at\u00e9 hoje tentam fazer contato com os povos em isolamento volunt\u00e1rio. \u201cE por mais que a Coiab e as organiza\u00e7\u00f5es ind\u00edgenas tenham pedido ao governo que, como medida protetiva e preventiva de combate \u00e0 dissemina\u00e7\u00e3o da Covid-19 entre os povos ind\u00edgenas, retirasse, imediatamente, os invasores dentro e no entorno dos territ\u00f3rios, isso n\u00e3o foi feito\u201d, lamenta Nara.&nbsp;&nbsp;<\/p>\n\n<p>Como resultado da aus\u00eancia de medidas eficazes de preven\u00e7\u00e3o, hoje a <a href=\"http:\/\/emergenciaindigena.apib.info\/dados_covid19\/\">Articula\u00e7\u00e3o dos Povos Ind\u00edgenas da Amaz\u00f4nia (Apib)<\/a> registra que 155 povos j\u00e1 foram atingidos pela Covid-19, com um total de 736 \u00f3bitos de ind\u00edgenas em todo o Brasil.&nbsp;<\/p>\n\n<figure class=\"wp-block-image size-large  caption-style-blue-overlay caption-alignment-center\"><img loading=\"lazy\" decoding=\"async\" width=\"1024\" height=\"683\" src=\"https:\/\/www.greenpeace.org\/static\/planet4-brasil-stateless\/2020\/08\/f91fcdee-nazide-1024x683.jpg\" alt=\"\" class=\"wp-image-26309\" srcset=\"https:\/\/www.greenpeace.org\/static\/planet4-brasil-stateless\/2020\/08\/f91fcdee-nazide-1024x683.jpg 1024w, https:\/\/www.greenpeace.org\/static\/planet4-brasil-stateless\/2020\/08\/f91fcdee-nazide-300x200.jpg 300w, https:\/\/www.greenpeace.org\/static\/planet4-brasil-stateless\/2020\/08\/f91fcdee-nazide-768x512.jpg 768w, https:\/\/www.greenpeace.org\/static\/planet4-brasil-stateless\/2020\/08\/f91fcdee-nazide-1536x1024.jpg 1536w, https:\/\/www.greenpeace.org\/static\/planet4-brasil-stateless\/2020\/08\/f91fcdee-nazide-2048x1366.jpg 2048w, https:\/\/www.greenpeace.org\/static\/planet4-brasil-stateless\/2020\/08\/f91fcdee-nazide-510x340.jpg 510w\" sizes=\"auto, (max-width: 1024px) 100vw, 1024px\" \/><figcaption>&#8220;\u00c9 indescrit\u00edvel a dor de quem perde um parente amado para a Covid-19.&#8221;<div class=\"credit icon-left\"> \u00a9 Marcos Amend \/ Greenpeace<\/div><\/figcaption><\/figure>\n\n<p>\u201c\u00c9 muito doloroso ver isso acontecer com a gente. Quando morre um anci\u00e3o nosso estamos perdendo pessoas que lutaram pelos nossos direitos, que nos ensinam a nossa pr\u00f3pria cultura, que fortalecem a gente. N\u00e3o tenho como descrever esse sentimento, essa dor\u201d, desabafa Nazide Arantes Fernandes, do povo Kokama, presidente da Associa\u00e7\u00e3o das Mulheres Ind\u00edgenas do M\u00e9dio Solim\u00f5es e Afluentes (Amimsa). <strong>&nbsp;<\/strong><\/p>\n\n<p><strong>Surpresas do caminho<\/strong><\/p>\n\n<p>Ontem eu mencionei que ao sair da boca do Lago de Tef\u00e9 e voltar para o caudaloso Solim\u00f5es t\u00ednhamos sido agradavelmente surpreendidos. Eu me referi, especialmente, a dois acontecimentos. O primeiro foi o encontro das \u00e1guas negras do lago com as \u00e1guas barrentas do Solim\u00f5es. Durante quil\u00f4metros as \u00e1guas seguem lado a lado, mas n\u00e3o se misturam. O segundo foi que, ali mesmo, fomos agraciados com a presen\u00e7a de diversos botos vermelhos (tamb\u00e9m conhecidos como boto rosa) e tucuxi (boto cinza), que pareciam brincar livres entre as duas \u00e1guas. O inusitado daquele momento, t\u00e3o simples em alguns aspectos, nos emocionou.<\/p>\n\n<figure class=\"wp-block-image size-large  caption-style-blue-overlay caption-alignment-center\"><img loading=\"lazy\" decoding=\"async\" width=\"1024\" height=\"683\" src=\"https:\/\/www.greenpeace.org\/static\/planet4-brasil-stateless\/2020\/08\/7015b349-encontroaguas-1024x683.jpg\" alt=\"\" class=\"wp-image-26308\" srcset=\"https:\/\/www.greenpeace.org\/static\/planet4-brasil-stateless\/2020\/08\/7015b349-encontroaguas-1024x683.jpg 1024w, https:\/\/www.greenpeace.org\/static\/planet4-brasil-stateless\/2020\/08\/7015b349-encontroaguas-300x200.jpg 300w, https:\/\/www.greenpeace.org\/static\/planet4-brasil-stateless\/2020\/08\/7015b349-encontroaguas-768x512.jpg 768w, https:\/\/www.greenpeace.org\/static\/planet4-brasil-stateless\/2020\/08\/7015b349-encontroaguas-1536x1024.jpg 1536w, https:\/\/www.greenpeace.org\/static\/planet4-brasil-stateless\/2020\/08\/7015b349-encontroaguas-2048x1366.jpg 2048w, https:\/\/www.greenpeace.org\/static\/planet4-brasil-stateless\/2020\/08\/7015b349-encontroaguas-510x340.jpg 510w\" sizes=\"auto, (max-width: 1024px) 100vw, 1024px\" \/><figcaption>A Amaz\u00f4nia escancara sua beleza e abund\u00e2ncia diante de nossos olhos. <div class=\"credit icon-left\"> \u00a9 Marcos Amend \/ Greenpeace<\/div><\/figcaption><\/figure>\n\n<p>A Amaz\u00f4nia \u00e9 toda superlativa, exagerada em sua beleza e abund\u00e2ncia. Uma honra estarmos aqui e testemunharmos esse mar de rio, mar de floresta, mar de biodiversidade, mar de modos de vidas t\u00e3o sintonizados com o seu ambiente. A Amaz\u00f4nia \u00e9, em si, um universo de aprendizados.<\/p>\n\n<div class=\"wp-block-image  caption-style-blue-overlay caption-alignment-left\"><figure class=\"alignleft size-thumbnail is-resized\"><img loading=\"lazy\" decoding=\"async\" src=\"https:\/\/www.greenpeace.org\/static\/planet4-brasil-stateless\/2020\/08\/a11a78ac-greenpeace_logo_diario_de_bordo_circulo_negativo-150x150.png\" alt=\"\" class=\"wp-image-26186\" width=\"113\" height=\"113\" srcset=\"https:\/\/www.greenpeace.org\/static\/planet4-brasil-stateless\/2020\/08\/a11a78ac-greenpeace_logo_diario_de_bordo_circulo_negativo-150x150.png 150w, https:\/\/www.greenpeace.org\/static\/planet4-brasil-stateless\/2020\/08\/a11a78ac-greenpeace_logo_diario_de_bordo_circulo_negativo-300x300.png 300w, https:\/\/www.greenpeace.org\/static\/planet4-brasil-stateless\/2020\/08\/a11a78ac-greenpeace_logo_diario_de_bordo_circulo_negativo-1024x1024.png 1024w, https:\/\/www.greenpeace.org\/static\/planet4-brasil-stateless\/2020\/08\/a11a78ac-greenpeace_logo_diario_de_bordo_circulo_negativo-768x768.png 768w, https:\/\/www.greenpeace.org\/static\/planet4-brasil-stateless\/2020\/08\/a11a78ac-greenpeace_logo_diario_de_bordo_circulo_negativo-1536x1536.png 1536w, https:\/\/www.greenpeace.org\/static\/planet4-brasil-stateless\/2020\/08\/a11a78ac-greenpeace_logo_diario_de_bordo_circulo_negativo-1367x1366.png 1367w, https:\/\/www.greenpeace.org\/static\/planet4-brasil-stateless\/2020\/08\/a11a78ac-greenpeace_logo_diario_de_bordo_circulo_negativo-340x340.png 340w, https:\/\/www.greenpeace.org\/static\/planet4-brasil-stateless\/2020\/08\/a11a78ac-greenpeace_logo_diario_de_bordo_circulo_negativo.png 1547w\" sizes=\"auto, (max-width: 113px) 100vw, 113px\" \/><\/figure><\/div>\n\n<p><br><strong>Embarque nessa jornada!<\/strong>&nbsp;Acompanhe como foi o <a href=\"https:\/\/www.greenpeace.org\/brasil\/blog\/noite-curta-manha-longa\/\">terceiro&nbsp;dia<\/a> da expedi\u00e7\u00e3o do Asas da Emerg\u00eancia.<br><br><\/p>\n\n<p class=\"has-text-align-center has-grey-100-color has-grey-600-background-color has-text-color has-background\"><a href=\"https:\/\/www.greenpeace.org\/brasil\/apoie\/parem-a-mineracao-em-aguas-profundas\/\" data-type=\"URL\" data-id=\"https:\/\/www.greenpeace.org\/brasil\/apoie\/parem-a-mineracao-em-aguas-profundas\/\" target=\"_blank\" rel=\"noreferrer noopener\">Voc\u00ea pode ajudar os l\u00edderes mundiais a se posicionarem contra a minera\u00e7\u00e3o em \u00e1guas profundas. Participe do nosso abaixo-assinado!<\/a><\/p>\n<div class=\"EmptyMessage\">Block content is empty. Check the block&#8217;s settings or remove it.<\/div>","protected":false},"excerpt":{"rendered":"<p>J\u00e1 percorremos mais da metade da nossa jornada pelo Rio Solim\u00f5es. Foram mais de 4 toneladas entregues pelo Asas da Emerg\u00eancia para beneficiar povos ind\u00edgenas do M\u00e9dio Solim\u00f5es<\/p>\n","protected":false},"author":28,"featured_media":26310,"comment_status":"open","ping_status":"closed","sticky":false,"template":"","format":"standard","meta":{"ep_exclude_from_search":false,"p4_og_title":"","p4_og_description":"","p4_og_image":"","p4_og_image_id":"","p4_seo_canonical_url":"","p4_campaign_name":"Covid-19 Response","p4_local_project":"not set","p4_basket_name":"not set","p4_department":"","footnotes":""},"categories":[3],"tags":[22],"p4-page-type":[16],"class_list":["post-26298","post","type-post","status-publish","format-standard","has-post-thumbnail","hentry","category-proteja-a-natureza","tag-florestas","p4-page-type-blog"],"_links":{"self":[{"href":"https:\/\/www.greenpeace.org\/brasil\/wp-json\/wp\/v2\/posts\/26298","targetHints":{"allow":["GET"]}}],"collection":[{"href":"https:\/\/www.greenpeace.org\/brasil\/wp-json\/wp\/v2\/posts"}],"about":[{"href":"https:\/\/www.greenpeace.org\/brasil\/wp-json\/wp\/v2\/types\/post"}],"author":[{"embeddable":true,"href":"https:\/\/www.greenpeace.org\/brasil\/wp-json\/wp\/v2\/users\/28"}],"replies":[{"embeddable":true,"href":"https:\/\/www.greenpeace.org\/brasil\/wp-json\/wp\/v2\/comments?post=26298"}],"version-history":[{"count":10,"href":"https:\/\/www.greenpeace.org\/brasil\/wp-json\/wp\/v2\/posts\/26298\/revisions"}],"predecessor-version":[{"id":35245,"href":"https:\/\/www.greenpeace.org\/brasil\/wp-json\/wp\/v2\/posts\/26298\/revisions\/35245"}],"wp:featuredmedia":[{"embeddable":true,"href":"https:\/\/www.greenpeace.org\/brasil\/wp-json\/wp\/v2\/media\/26310"}],"wp:attachment":[{"href":"https:\/\/www.greenpeace.org\/brasil\/wp-json\/wp\/v2\/media?parent=26298"}],"wp:term":[{"taxonomy":"category","embeddable":true,"href":"https:\/\/www.greenpeace.org\/brasil\/wp-json\/wp\/v2\/categories?post=26298"},{"taxonomy":"post_tag","embeddable":true,"href":"https:\/\/www.greenpeace.org\/brasil\/wp-json\/wp\/v2\/tags?post=26298"},{"taxonomy":"p4-page-type","embeddable":true,"href":"https:\/\/www.greenpeace.org\/brasil\/wp-json\/wp\/v2\/p4-page-type?post=26298"}],"curies":[{"name":"wp","href":"https:\/\/api.w.org\/{rel}","templated":true}]}}