{"id":263,"date":"2018-06-20T15:46:31","date_gmt":"2018-06-20T15:46:31","guid":{"rendered":"https:\/\/k8s.p4.greenpeace.org\/defaultcontent\/?p=263"},"modified":"2022-06-30T18:06:53","modified_gmt":"2022-06-30T21:06:53","slug":"greenpeace-toca-sirene-em-alerta-contra-pl-do-veneno","status":"publish","type":"post","link":"https:\/\/www.greenpeace.org\/brasil\/imprensa\/greenpeace-toca-sirene-em-alerta-contra-pl-do-veneno\/","title":{"rendered":"Greenpeace toca sirene em alerta contra PL do Veneno"},"content":{"rendered":"<p>Bras\u00edlia, DF &#8211; Na manh\u00e3 desta quarta-feira, o Greenpeace Brasil disparou um alarme de moto momentos antes do in\u00edcio da sess\u00e3o da Comiss\u00e3o Especial que analisa o PL do Veneno, na C\u00e2mara dos Deputados. O protesto teve como objetivo chamar a aten\u00e7\u00e3o para os riscos da aprova\u00e7\u00e3o do projeto, que libera ainda mais agrot\u00f3xicos no Brasil.<\/p>\n<p><img loading=\"lazy\" decoding=\"async\" class=\"size-medium wp-image-350 alignleft\" src=\"https:\/\/www.greenpeace.org\/static\/planet4-brasil-stateless\/2018\/05\/c613a227-5a774117-c045-47dc-bcd0-371145f7f039-300x300.jpg\" alt=\"Projeto pode colocar mais agrot\u00f3xicos na sua comida.\" width=\"300\" height=\"300\" srcset=\"https:\/\/www.greenpeace.org\/static\/planet4-brasil-stateless\/2018\/05\/c613a227-5a774117-c045-47dc-bcd0-371145f7f039-300x300.jpg 300w, https:\/\/www.greenpeace.org\/static\/planet4-brasil-stateless\/2018\/05\/c613a227-5a774117-c045-47dc-bcd0-371145f7f039-150x150.jpg 150w, https:\/\/www.greenpeace.org\/static\/planet4-brasil-stateless\/2018\/05\/c613a227-5a774117-c045-47dc-bcd0-371145f7f039-768x768.jpg 768w, https:\/\/www.greenpeace.org\/static\/planet4-brasil-stateless\/2018\/05\/c613a227-5a774117-c045-47dc-bcd0-371145f7f039-340x340.jpg 340w, https:\/\/www.greenpeace.org\/static\/planet4-brasil-stateless\/2018\/05\/c613a227-5a774117-c045-47dc-bcd0-371145f7f039.jpg 800w\" sizes=\"auto, (max-width: 300px) 100vw, 300px\" \/><\/p>\n<p>Ap\u00f3s o disparo do alarme, o equipamento foi retirado do local e a sess\u00e3o seguiu por cerca de uma hora at\u00e9 ser suspensa devido ao in\u00edcio da ordem do dia no Plen\u00e1rio da casa. O alarme estava inserido em uma pasta e n\u00e3o representava risco algum para a seguran\u00e7a dos presentes. Qualquer outra interpreta\u00e7\u00e3o \u00e9 uma tentativa mal intencionada de desviar a aten\u00e7\u00e3o da real amea\u00e7a em quest\u00e3o: a libera\u00e7\u00e3o de mais veneno na comida dos brasileiros.<\/p>\n<p>A n\u00e3o-viol\u00eancia \u00e9 um princ\u00edpio fundamental do Greenpeace, que realiza, em todo o mundo, atividades pac\u00edficas para defender o meio ambiente.<\/p>\n<p>A luta contra o absurdo Pacote do Veneno \u00e9 fundamental para impedir que ainda mais veneno seja colocado em nosso prato. Diversos \u00f3rg\u00e3os j\u00e1 declararam que as consequ\u00eancias do Pacote do Veneno seriam catastr\u00f3ficas para a sa\u00fade e o meio ambiente: Minist\u00e9rio P\u00fablico Federal, Fiocruz (Funda\u00e7\u00e3o Oswaldo Cruz), Instituto Nacional do C\u00e2ncer, Minist\u00e9rio P\u00fablico do Trabalho, Anvisa, Ibama, Abrasco, Minist\u00e9rio da Sa\u00fade e Conselho Nacional dos Direitos Humanos, entre outros.<\/p>\n<p>Seguiremos mobilizados para impedir que deputados aprovem esta lei absurda que vai contra o interesse do povo brasileiro.<\/p>\n<p>#ChegaDeAgrot\u00f3xicos #Resista<\/p>\n","protected":false},"excerpt":{"rendered":"<p>Um alarme foi disparado na Comiss\u00e3o Especial que analisa o PL do Veneno para chamar a aten\u00e7\u00e3o para os riscos do projeto que libera mais agrot\u00f3xicos no Brasil.<\/p>\n","protected":false},"author":28,"featured_media":350,"comment_status":"closed","ping_status":"closed","sticky":false,"template":"","format":"standard","meta":{"ep_exclude_from_search":false,"p4_og_title":"","p4_og_description":"","p4_og_image":"","p4_og_image_id":"","p4_seo_canonical_url":"","p4_campaign_name":"","p4_local_project":"","p4_basket_name":"","p4_department":"","footnotes":""},"categories":[2],"tags":[8,18,55],"p4-page-type":[14],"class_list":["post-263","post","type-post","status-publish","format-standard","has-post-thumbnail","hentry","category-transforme-a-sociedade","tag-resista","tag-agroecologia","tag-imprensa","p4-page-type-imprensa"],"_links":{"self":[{"href":"https:\/\/www.greenpeace.org\/brasil\/wp-json\/wp\/v2\/posts\/263","targetHints":{"allow":["GET"]}}],"collection":[{"href":"https:\/\/www.greenpeace.org\/brasil\/wp-json\/wp\/v2\/posts"}],"about":[{"href":"https:\/\/www.greenpeace.org\/brasil\/wp-json\/wp\/v2\/types\/post"}],"author":[{"embeddable":true,"href":"https:\/\/www.greenpeace.org\/brasil\/wp-json\/wp\/v2\/users\/28"}],"replies":[{"embeddable":true,"href":"https:\/\/www.greenpeace.org\/brasil\/wp-json\/wp\/v2\/comments?post=263"}],"version-history":[{"count":11,"href":"https:\/\/www.greenpeace.org\/brasil\/wp-json\/wp\/v2\/posts\/263\/revisions"}],"predecessor-version":[{"id":3916,"href":"https:\/\/www.greenpeace.org\/brasil\/wp-json\/wp\/v2\/posts\/263\/revisions\/3916"}],"wp:featuredmedia":[{"embeddable":true,"href":"https:\/\/www.greenpeace.org\/brasil\/wp-json\/wp\/v2\/media\/350"}],"wp:attachment":[{"href":"https:\/\/www.greenpeace.org\/brasil\/wp-json\/wp\/v2\/media?parent=263"}],"wp:term":[{"taxonomy":"category","embeddable":true,"href":"https:\/\/www.greenpeace.org\/brasil\/wp-json\/wp\/v2\/categories?post=263"},{"taxonomy":"post_tag","embeddable":true,"href":"https:\/\/www.greenpeace.org\/brasil\/wp-json\/wp\/v2\/tags?post=263"},{"taxonomy":"p4-page-type","embeddable":true,"href":"https:\/\/www.greenpeace.org\/brasil\/wp-json\/wp\/v2\/p4-page-type?post=263"}],"curies":[{"name":"wp","href":"https:\/\/api.w.org\/{rel}","templated":true}]}}