{"id":26421,"date":"2020-08-28T17:35:26","date_gmt":"2020-08-28T20:35:26","guid":{"rendered":"https:\/\/www.greenpeace.org\/brasil\/?p=26421"},"modified":"2025-07-02T04:32:23","modified_gmt":"2025-07-02T07:32:23","slug":"asas-do-ceu-ao-beiradao","status":"publish","type":"post","link":"https:\/\/www.greenpeace.org\/brasil\/blog\/asas-do-ceu-ao-beiradao\/","title":{"rendered":"Asas da Emerg\u00eancia: do c\u00e9u ao beirad\u00e3o"},"content":{"rendered":"\n<h4 class=\"wp-block-heading\">Sob uma persistente chuva, entregamos mais de 3 toneladas de ajuda emergencial em Santo Ant\u00f4nio do I\u00e7\u00e1. Em seus dias finais, a expedi\u00e7\u00e3o do Asas da Emerg\u00eancia segue para S\u00e3o Paulo de Oliven\u00e7a.<\/h4>\n\n<p><strong>27 de agosto de 2020 \u2013 quinta-feira, em Santo Ant\u00f4nio do I\u00e7\u00e1<\/strong><\/p>\n\n<p>O tempo virou hoje. O c\u00e9u nublado nos acompanhou o dia todo e \u00e0 noitinha uma persistente chuva mudou um pouco a din\u00e2mica no barco. Com as lonas laterais abaixadas, os carapan\u00e3s (pernilongos) nos atacaram sem pudor. Longe de ser uma torrencial chuva amaz\u00f4nica, esse \u201cchuvisco\u201d, como dizem por aqui, durou horas e foi mais que suficiente para nos molhar enquanto descarregamos os materiais em Santo Ant\u00f4nio do I\u00e7\u00e1, onde chegamos \u00e0s 20h30.<\/p>\n\n<figure class=\"wp-block-image size-large caption-style-blue-overlay caption-alignment-center\"><img loading=\"lazy\" decoding=\"async\" width=\"1024\" height=\"683\" src=\"https:\/\/www.greenpeace.org\/static\/planet4-brasil-stateless\/2020\/08\/d889713a-chuva-1024x683.jpg\" alt=\"\" class=\"wp-image-26423\" srcset=\"https:\/\/www.greenpeace.org\/static\/planet4-brasil-stateless\/2020\/08\/d889713a-chuva-1024x683.jpg 1024w, https:\/\/www.greenpeace.org\/static\/planet4-brasil-stateless\/2020\/08\/d889713a-chuva-300x200.jpg 300w, https:\/\/www.greenpeace.org\/static\/planet4-brasil-stateless\/2020\/08\/d889713a-chuva-768x512.jpg 768w, https:\/\/www.greenpeace.org\/static\/planet4-brasil-stateless\/2020\/08\/d889713a-chuva-1536x1024.jpg 1536w, https:\/\/www.greenpeace.org\/static\/planet4-brasil-stateless\/2020\/08\/d889713a-chuva-2048x1366.jpg 2048w, https:\/\/www.greenpeace.org\/static\/planet4-brasil-stateless\/2020\/08\/d889713a-chuva-510x340.jpg 510w\" sizes=\"auto, (max-width: 1024px) 100vw, 1024px\" \/><figcaption>Mesmo estando no ver\u00e3o amaz\u00f4nico, a chuva chegou e se fez presente na nossa jornada de ontem pelo Rio Solim\u00f5es<div class=\"credit icon-left\"> \u00a9 Marcos Amend \/ Greenpeace<\/div><\/figcaption><\/figure>\n\n<p>No final da tarde, j\u00e1 hav\u00edamos retirado as caixas do por\u00e3o para essa entrega espec\u00edfica. \u00c0 noite, levamos quase duas horas para passar os 3.089 quilos de materiais de higiene do barco para o trapiche. Por causa da chuva, as centenas de caixas de sab\u00e3o l\u00edquido, creme dental, desinfetante, sab\u00e3o em barra, \u00e1lcool gel e sabonete foram sendo empilhadas ali mesmo, a pedido do seu Jairo Flores, representante do povo Tikuna no Conselho Distrital de Sa\u00fade Ind\u00edgena (Condisi) . Tamb\u00e9m deixamos para as comunidades ind\u00edgenas que vivem na regi\u00e3o de Santo Ant\u00f4nio do I\u00e7\u00e1, 2 mil m\u00e1scaras de tecido e 1.050 cartilhas de preven\u00e7\u00e3o da Covid-19 produzidas pelo Fundo das Na\u00e7\u00f5es Unidas para a Inf\u00e2ncia (Unicef). Seu Jairo e outras lideran\u00e7as se organizaram para buscar de barco os materiais na manh\u00e3 do dia seguinte.<\/p>\n\n<figure class=\"wp-block-image size-large caption-style-blue-overlay caption-alignment-center\"><img loading=\"lazy\" decoding=\"async\" width=\"1024\" height=\"683\" src=\"https:\/\/www.greenpeace.org\/static\/planet4-brasil-stateless\/2020\/08\/66b0debd-jairotikuna-1024x683.jpg\" alt=\"\" class=\"wp-image-26424\" srcset=\"https:\/\/www.greenpeace.org\/static\/planet4-brasil-stateless\/2020\/08\/66b0debd-jairotikuna-1024x683.jpg 1024w, https:\/\/www.greenpeace.org\/static\/planet4-brasil-stateless\/2020\/08\/66b0debd-jairotikuna-300x200.jpg 300w, https:\/\/www.greenpeace.org\/static\/planet4-brasil-stateless\/2020\/08\/66b0debd-jairotikuna-768x512.jpg 768w, https:\/\/www.greenpeace.org\/static\/planet4-brasil-stateless\/2020\/08\/66b0debd-jairotikuna-1536x1024.jpg 1536w, https:\/\/www.greenpeace.org\/static\/planet4-brasil-stateless\/2020\/08\/66b0debd-jairotikuna-2048x1366.jpg 2048w, https:\/\/www.greenpeace.org\/static\/planet4-brasil-stateless\/2020\/08\/66b0debd-jairotikuna-510x340.jpg 510w\" sizes=\"auto, (max-width: 1024px) 100vw, 1024px\" \/><figcaption>Seu Jairo Flores, do povo Tikuna e conselheiro de sa\u00fade, recebeu as mais de 3 toneladas de ajuda emergencial destinada aos povos da regi\u00e3o de Santo Ant\u00f4nio do I\u00e7\u00e1<\/figcaption><\/figure>\n\n<p>O projeto Asas da Emerg\u00eancia, como o pr\u00f3prio nome revela, foi concebido no in\u00edcio de maio com o prop\u00f3sito de disponibilizar o avi\u00e3o do Greenpeace e boa parte de sua equipe para contribu\u00edrem com a atua\u00e7\u00e3o de uma ampla rede de solidariedade aos povos ind\u00edgenas que vivem na Amaz\u00f4nia, de modo a apoi\u00e1-los na luta contra a dissemina\u00e7\u00e3o e os impactos da Covid-19.&nbsp;<\/p>\n\n<p>No decorrer do desenvolvimento do projeto, percebeu-se que o \u201cbeirad\u00e3o\u201d dos rios, onde \u00e9 tecida boa parte da vida dos povos da Amaz\u00f4nia, deveria ser incorporado tamb\u00e9m na \u201cteia\u201d de articula\u00e7\u00f5es, log\u00edstica e de opera\u00e7\u00f5es do Asas.&nbsp;&nbsp;<\/p>\n\n<p>Esta \u00e9 a terceira vez que o projeto Asas da Emerg\u00eancia utiliza uma embarca\u00e7\u00e3o para enviar, atrav\u00e9s dos rios da Amaz\u00f4nia, ajuda emergencial a partir de doa\u00e7\u00f5es feitas por diversos parceiros, como Coordena\u00e7\u00e3o das Organiza\u00e7\u00f5es Ind\u00edgenas da Amaz\u00f4nia Brasileira (Coiab), Expedicion\u00e1rios da Sa\u00fade (EDS) e Opera\u00e7\u00e3o Amaz\u00f4nia Nativa (Opan), dentre outros. O volume principal dessas cargas foram equipamentos hospitalares (cilindros e concentradores de oxig\u00eanio, geradores, sistemas para comunica\u00e7\u00e3o via r\u00e1dio, equipamentos de prote\u00e7\u00e3o individual, dentre outros) para a montagem das Unidades de Aten\u00e7\u00e3o Prim\u00e1ria Ind\u00edgena (Uapi), as enfermarias de campanha. Toneladas de alimentos e materiais de higiene completaram essas cargas.&nbsp;<\/p>\n\n<p>Em 1\u00ba de junho, enviamos um barco expresso com mais de 7 toneladas de materiais e alimentos para S\u00e3o Gabriel da Cachoeira, com o prop\u00f3sito de beneficiar comunidades ind\u00edgenas dos 23 povos que vivem na regi\u00e3o do Alto Rio Negro. J\u00e1 no dia 25 de junho, um outro barco expresso saiu de Manaus e levou 9,4 toneladas de ajuda emergencial para 11 cidades nas mesmas regi\u00f5es &#8211; M\u00e9dio e Alto Solim\u00f5es e seus afluentes &#8211; que estamos atendendo agora, nesta \u00faltima expedi\u00e7\u00e3o de barco do projeto Asas da Emerg\u00eancia.<\/p>\n<div data-render=\"planet4-blocks\/gallery\" data-attributes=\"{&quot;attributes&quot;:{&quot;multiple_image&quot;:&quot;26425,26426,26427,26429,26428&quot;,&quot;image_data&quot;:[{&quot;url&quot;:&quot;https:\\\/\\\/www.greenpeace.org\\\/static\\\/planet4-brasil-stateless\\\/2020\\\/08\\\/c9ecde0c-jutai.jpg&quot;,&quot;focalPoint&quot;:{&quot;x&quot;:0.5,&quot;y&quot;:0.5},&quot;id&quot;:26425},{&quot;url&quot;:&quot;https:\\\/\\\/www.greenpeace.org\\\/static\\\/planet4-brasil-stateless\\\/2020\\\/08\\\/e2a50abf-jutai2.jpg&quot;,&quot;focalPoint&quot;:{&quot;x&quot;:0.5,&quot;y&quot;:0.5},&quot;id&quot;:26426},{&quot;url&quot;:&quot;https:\\\/\\\/www.greenpeace.org\\\/static\\\/planet4-brasil-stateless\\\/2020\\\/08\\\/aa2e0cf2-jutai3.jpg&quot;,&quot;focalPoint&quot;:{&quot;x&quot;:0.5,&quot;y&quot;:0.5},&quot;id&quot;:26427},{&quot;url&quot;:&quot;https:\\\/\\\/www.greenpeace.org\\\/static\\\/planet4-brasil-stateless\\\/2020\\\/08\\\/7ab288a2-stoantica2.jpg&quot;,&quot;focalPoint&quot;:{&quot;x&quot;:0.5,&quot;y&quot;:0.5},&quot;id&quot;:26429},{&quot;url&quot;:&quot;https:\\\/\\\/www.greenpeace.org\\\/static\\\/planet4-brasil-stateless\\\/2020\\\/08\\\/0b0306f6-stoantica.jpg&quot;,&quot;focalPoint&quot;:{&quot;x&quot;:0.5,&quot;y&quot;:0.5},&quot;id&quot;:26428}],&quot;gallery_block_style&quot;:0,&quot;gallery_block_title&quot;:&quot;&quot;,&quot;gallery_block_description&quot;:&quot;&quot;,&quot;gallery_block_focus_points&quot;:&quot;&quot;,&quot;images&quot;:[{&quot;image_src&quot;:&quot;https:\\\/\\\/www.greenpeace.org\\\/static\\\/planet4-brasil-stateless\\\/2020\\\/08\\\/c9ecde0c-jutai.jpg&quot;,&quot;image_srcset&quot;:&quot;https:\\\/\\\/www.greenpeace.org\\\/static\\\/planet4-brasil-stateless\\\/2020\\\/08\\\/c9ecde0c-jutai.jpg 2500w, https:\\\/\\\/www.greenpeace.org\\\/static\\\/planet4-brasil-stateless\\\/2020\\\/08\\\/c9ecde0c-jutai-300x200.jpg 300w, https:\\\/\\\/www.greenpeace.org\\\/static\\\/planet4-brasil-stateless\\\/2020\\\/08\\\/c9ecde0c-jutai-1024x683.jpg 1024w, https:\\\/\\\/www.greenpeace.org\\\/static\\\/planet4-brasil-stateless\\\/2020\\\/08\\\/c9ecde0c-jutai-768x512.jpg 768w, https:\\\/\\\/www.greenpeace.org\\\/static\\\/planet4-brasil-stateless\\\/2020\\\/08\\\/c9ecde0c-jutai-1536x1024.jpg 1536w, https:\\\/\\\/www.greenpeace.org\\\/static\\\/planet4-brasil-stateless\\\/2020\\\/08\\\/c9ecde0c-jutai-2048x1366.jpg 2048w, https:\\\/\\\/www.greenpeace.org\\\/static\\\/planet4-brasil-stateless\\\/2020\\\/08\\\/c9ecde0c-jutai-510x340.jpg 510w&quot;,&quot;image_sizes&quot;:false,&quot;alt_text&quot;:&quot;&quot;,&quot;caption&quot;:&quot;A complexidade da log\\u00edstica no recebimento dos materiais pelas lideran\\u00e7as e organiza\\u00e7\\u00f5es ind\\u00edgenas \\u00e9 testemunhada por n\\u00f3s em cada porto, como Juta\\u00ed e Santo Ant\\u00f4nio do I\\u00e7\\u00e1&quot;,&quot;focus_image&quot;:&quot;&quot;,&quot;credits&quot;:&quot;&quot;},{&quot;image_src&quot;:&quot;https:\\\/\\\/www.greenpeace.org\\\/static\\\/planet4-brasil-stateless\\\/2020\\\/08\\\/e2a50abf-jutai2.jpg&quot;,&quot;image_srcset&quot;:&quot;https:\\\/\\\/www.greenpeace.org\\\/static\\\/planet4-brasil-stateless\\\/2020\\\/08\\\/e2a50abf-jutai2.jpg 2500w, https:\\\/\\\/www.greenpeace.org\\\/static\\\/planet4-brasil-stateless\\\/2020\\\/08\\\/e2a50abf-jutai2-300x200.jpg 300w, https:\\\/\\\/www.greenpeace.org\\\/static\\\/planet4-brasil-stateless\\\/2020\\\/08\\\/e2a50abf-jutai2-1024x683.jpg 1024w, https:\\\/\\\/www.greenpeace.org\\\/static\\\/planet4-brasil-stateless\\\/2020\\\/08\\\/e2a50abf-jutai2-768x512.jpg 768w, https:\\\/\\\/www.greenpeace.org\\\/static\\\/planet4-brasil-stateless\\\/2020\\\/08\\\/e2a50abf-jutai2-1536x1024.jpg 1536w, https:\\\/\\\/www.greenpeace.org\\\/static\\\/planet4-brasil-stateless\\\/2020\\\/08\\\/e2a50abf-jutai2-2048x1366.jpg 2048w, https:\\\/\\\/www.greenpeace.org\\\/static\\\/planet4-brasil-stateless\\\/2020\\\/08\\\/e2a50abf-jutai2-510x340.jpg 510w&quot;,&quot;image_sizes&quot;:false,&quot;alt_text&quot;:&quot;&quot;,&quot;caption&quot;:&quot;A complexidade da log\\u00edstica no recebimento dos materiais pelas lideran\\u00e7as e organiza\\u00e7\\u00f5es ind\\u00edgenas \\u00e9 testemunhada por n\\u00f3s em cada porto, como Juta\\u00ed e Santo Ant\\u00f4nio do I\\u00e7\\u00e1&quot;,&quot;focus_image&quot;:&quot;&quot;,&quot;credits&quot;:&quot;\\u00a9 Marcos Amend \\\/ Greenpeace&quot;},{&quot;image_src&quot;:&quot;https:\\\/\\\/www.greenpeace.org\\\/static\\\/planet4-brasil-stateless\\\/2020\\\/08\\\/aa2e0cf2-jutai3.jpg&quot;,&quot;image_srcset&quot;:&quot;https:\\\/\\\/www.greenpeace.org\\\/static\\\/planet4-brasil-stateless\\\/2020\\\/08\\\/aa2e0cf2-jutai3.jpg 2500w, https:\\\/\\\/www.greenpeace.org\\\/static\\\/planet4-brasil-stateless\\\/2020\\\/08\\\/aa2e0cf2-jutai3-300x200.jpg 300w, https:\\\/\\\/www.greenpeace.org\\\/static\\\/planet4-brasil-stateless\\\/2020\\\/08\\\/aa2e0cf2-jutai3-1024x683.jpg 1024w, https:\\\/\\\/www.greenpeace.org\\\/static\\\/planet4-brasil-stateless\\\/2020\\\/08\\\/aa2e0cf2-jutai3-768x512.jpg 768w, https:\\\/\\\/www.greenpeace.org\\\/static\\\/planet4-brasil-stateless\\\/2020\\\/08\\\/aa2e0cf2-jutai3-1536x1024.jpg 1536w, https:\\\/\\\/www.greenpeace.org\\\/static\\\/planet4-brasil-stateless\\\/2020\\\/08\\\/aa2e0cf2-jutai3-2048x1366.jpg 2048w, https:\\\/\\\/www.greenpeace.org\\\/static\\\/planet4-brasil-stateless\\\/2020\\\/08\\\/aa2e0cf2-jutai3-510x340.jpg 510w&quot;,&quot;image_sizes&quot;:false,&quot;alt_text&quot;:&quot;&quot;,&quot;caption&quot;:&quot;A complexidade da log\\u00edstica no recebimento dos materiais pelas lideran\\u00e7as e organiza\\u00e7\\u00f5es ind\\u00edgenas \\u00e9 testemunhada por n\\u00f3s em cada porto, como Juta\\u00ed e Santo Ant\\u00f4nio do I\\u00e7\\u00e1&quot;,&quot;focus_image&quot;:&quot;&quot;,&quot;credits&quot;:&quot;\\u00a9 Marcos Amend \\\/ Greenpeace&quot;},{&quot;image_src&quot;:&quot;https:\\\/\\\/www.greenpeace.org\\\/static\\\/planet4-brasil-stateless\\\/2020\\\/08\\\/7ab288a2-stoantica2.jpg&quot;,&quot;image_srcset&quot;:&quot;https:\\\/\\\/www.greenpeace.org\\\/static\\\/planet4-brasil-stateless\\\/2020\\\/08\\\/7ab288a2-stoantica2.jpg 2500w, https:\\\/\\\/www.greenpeace.org\\\/static\\\/planet4-brasil-stateless\\\/2020\\\/08\\\/7ab288a2-stoantica2-300x200.jpg 300w, https:\\\/\\\/www.greenpeace.org\\\/static\\\/planet4-brasil-stateless\\\/2020\\\/08\\\/7ab288a2-stoantica2-1024x683.jpg 1024w, https:\\\/\\\/www.greenpeace.org\\\/static\\\/planet4-brasil-stateless\\\/2020\\\/08\\\/7ab288a2-stoantica2-768x512.jpg 768w, https:\\\/\\\/www.greenpeace.org\\\/static\\\/planet4-brasil-stateless\\\/2020\\\/08\\\/7ab288a2-stoantica2-1536x1024.jpg 1536w, https:\\\/\\\/www.greenpeace.org\\\/static\\\/planet4-brasil-stateless\\\/2020\\\/08\\\/7ab288a2-stoantica2-2048x1366.jpg 2048w, https:\\\/\\\/www.greenpeace.org\\\/static\\\/planet4-brasil-stateless\\\/2020\\\/08\\\/7ab288a2-stoantica2-510x340.jpg 510w&quot;,&quot;image_sizes&quot;:false,&quot;alt_text&quot;:&quot;&quot;,&quot;caption&quot;:&quot;A complexidade da log\\u00edstica no recebimento dos materiais pelas lideran\\u00e7as e organiza\\u00e7\\u00f5es ind\\u00edgenas \\u00e9 testemunhada por n\\u00f3s em cada porto, como Juta\\u00ed e Santo Ant\\u00f4nio do I\\u00e7\\u00e1&quot;,&quot;focus_image&quot;:&quot;&quot;,&quot;credits&quot;:&quot;&quot;},{&quot;image_src&quot;:&quot;https:\\\/\\\/www.greenpeace.org\\\/static\\\/planet4-brasil-stateless\\\/2020\\\/08\\\/0b0306f6-stoantica.jpg&quot;,&quot;image_srcset&quot;:&quot;https:\\\/\\\/www.greenpeace.org\\\/static\\\/planet4-brasil-stateless\\\/2020\\\/08\\\/0b0306f6-stoantica.jpg 2500w, https:\\\/\\\/www.greenpeace.org\\\/static\\\/planet4-brasil-stateless\\\/2020\\\/08\\\/0b0306f6-stoantica-300x200.jpg 300w, https:\\\/\\\/www.greenpeace.org\\\/static\\\/planet4-brasil-stateless\\\/2020\\\/08\\\/0b0306f6-stoantica-1024x683.jpg 1024w, https:\\\/\\\/www.greenpeace.org\\\/static\\\/planet4-brasil-stateless\\\/2020\\\/08\\\/0b0306f6-stoantica-768x512.jpg 768w, https:\\\/\\\/www.greenpeace.org\\\/static\\\/planet4-brasil-stateless\\\/2020\\\/08\\\/0b0306f6-stoantica-1536x1024.jpg 1536w, https:\\\/\\\/www.greenpeace.org\\\/static\\\/planet4-brasil-stateless\\\/2020\\\/08\\\/0b0306f6-stoantica-2048x1366.jpg 2048w, https:\\\/\\\/www.greenpeace.org\\\/static\\\/planet4-brasil-stateless\\\/2020\\\/08\\\/0b0306f6-stoantica-510x340.jpg 510w&quot;,&quot;image_sizes&quot;:false,&quot;alt_text&quot;:&quot;&quot;,&quot;caption&quot;:&quot;A complexidade da log\\u00edstica no recebimento dos materiais pelas lideran\\u00e7as e organiza\\u00e7\\u00f5es ind\\u00edgenas \\u00e9 testemunhada por n\\u00f3s em cada porto, como Juta\\u00ed e Santo Ant\\u00f4nio do I\\u00e7\\u00e1&quot;,&quot;focus_image&quot;:&quot;&quot;,&quot;credits&quot;:&quot;\\u00a9 Marcos Amend \\\/ Greenpeace&quot;}]}}\"><\/div>\n<p><strong>Velocidade, volume e amplitude<\/strong><\/p>\n\n<p>Em uma conversa agora \u00e0 noite, enquanto a chuva ca\u00eda e os carapan\u00e3s nos consumiam, Carol comentou sobre a import\u00e2ncia de termos passado a utilizar o barco no projeto justamente pela sua capacidade de carregar um volume t\u00e3o expressivo de materiais e ainda possibilitar a entrega dos materiais em diferentes cidades em uma \u00fanica viagem. Somente nesta expedi\u00e7\u00e3o que estamos agora entregaremos aproximadamente 22 toneladas de ajuda emergencial para centenas de comunidades ind\u00edgenas de oito cidades.&nbsp;<\/p>\n\n<p>Por outro lado, Wayne lembrou que, especialmente em um contexto de epidemia, a velocidade que o avi\u00e3o proporcionou teve um papel vital para garantir ajuda emergencial. \u201cAinda mais se considerarmos que em alguns lugares para onde voamos o acesso \u00e9 poss\u00edvel somente por via a\u00e9rea\u201d, disse.<\/p>\n\n<p>J\u00e1 deitados em nossas redes, sentindo o sibilante vento e ouvindo a chuva bater mansa no rio, Fred lamentou que nossa expedi\u00e7\u00e3o j\u00e1 se aproxima de seu destino final. Apesar dos carapan\u00e3s e de diversos \u201cperrengues\u201d normais em qualquer trabalho de campo, sentiremos saudades do Solim\u00f5es e da atua\u00e7\u00e3o em uma miss\u00e3o como essa, do Asas.&nbsp;<\/p>\n\n<div class=\"wp-block-image caption-style-blue-overlay caption-alignment-left\"><figure class=\"alignleft size-thumbnail is-resized\"><img loading=\"lazy\" decoding=\"async\" src=\"https:\/\/www.greenpeace.org\/static\/planet4-brasil-stateless\/2020\/08\/a11a78ac-greenpeace_logo_diario_de_bordo_circulo_negativo-150x150.png\" alt=\"\" class=\"wp-image-26186\" width=\"113\" height=\"113\" srcset=\"https:\/\/www.greenpeace.org\/static\/planet4-brasil-stateless\/2020\/08\/a11a78ac-greenpeace_logo_diario_de_bordo_circulo_negativo-150x150.png 150w, https:\/\/www.greenpeace.org\/static\/planet4-brasil-stateless\/2020\/08\/a11a78ac-greenpeace_logo_diario_de_bordo_circulo_negativo-300x300.png 300w, https:\/\/www.greenpeace.org\/static\/planet4-brasil-stateless\/2020\/08\/a11a78ac-greenpeace_logo_diario_de_bordo_circulo_negativo-1024x1024.png 1024w, https:\/\/www.greenpeace.org\/static\/planet4-brasil-stateless\/2020\/08\/a11a78ac-greenpeace_logo_diario_de_bordo_circulo_negativo-768x768.png 768w, https:\/\/www.greenpeace.org\/static\/planet4-brasil-stateless\/2020\/08\/a11a78ac-greenpeace_logo_diario_de_bordo_circulo_negativo-1536x1536.png 1536w, https:\/\/www.greenpeace.org\/static\/planet4-brasil-stateless\/2020\/08\/a11a78ac-greenpeace_logo_diario_de_bordo_circulo_negativo-1367x1366.png 1367w, https:\/\/www.greenpeace.org\/static\/planet4-brasil-stateless\/2020\/08\/a11a78ac-greenpeace_logo_diario_de_bordo_circulo_negativo-340x340.png 340w, https:\/\/www.greenpeace.org\/static\/planet4-brasil-stateless\/2020\/08\/a11a78ac-greenpeace_logo_diario_de_bordo_circulo_negativo.png 1547w\" sizes=\"auto, (max-width: 113px) 100vw, 113px\" \/><\/figure><\/div>\n\n<p><br><strong>Embarque nessa jornada!<\/strong>&nbsp;Acompanhe como foi o&nbsp;<a href=\"https:\/\/www.greenpeace.org\/brasil\/blog\/completamos-cem-horas-navegando\/\">quarto&nbsp;dia<\/a>&nbsp;da expedi\u00e7\u00e3o do Asas da Emerg\u00eancia.<br><br><\/p>\n\n<p class=\"has-text-align-center has-grey-100-color has-grey-600-background-color has-text-color has-background\"><a href=\"https:\/\/www.greenpeace.org\/brasil\/apoie\/parem-a-mineracao-em-aguas-profundas\/\" data-type=\"URL\" data-id=\"https:\/\/www.greenpeace.org\/brasil\/apoie\/parem-a-mineracao-em-aguas-profundas\/\" target=\"_blank\" rel=\"noreferrer noopener\">Voc\u00ea pode ajudar os l\u00edderes mundiais a se posicionarem contra a minera\u00e7\u00e3o em \u00e1guas profundas. Participe do nosso abaixo-assinado!<\/a><\/p>\n<div class=\"EmptyMessage\">Block content is empty. Check the block&#8217;s settings or remove it.<\/div>","protected":false},"excerpt":{"rendered":"<p>Sob uma persistente chuva, entregamos mais de 3 toneladas de ajuda emergencial em Santo Ant\u00f4nio do I\u00e7\u00e1. Em seus dias finais, a expedi\u00e7\u00e3o do Asas da Emerg\u00eancia segue para S\u00e3o Paulo de Oliven\u00e7a.<\/p>\n","protected":false},"author":28,"featured_media":26430,"comment_status":"open","ping_status":"closed","sticky":false,"template":"","format":"standard","meta":{"ep_exclude_from_search":false,"p4_og_title":"","p4_og_description":"","p4_og_image":"","p4_og_image_id":"","p4_seo_canonical_url":"","p4_campaign_name":"not set","p4_local_project":"not set","p4_basket_name":"not set","p4_department":"","footnotes":""},"categories":[3],"tags":[22],"p4-page-type":[16],"class_list":["post-26421","post","type-post","status-publish","format-standard","has-post-thumbnail","hentry","category-proteja-a-natureza","tag-florestas","p4-page-type-blog"],"_links":{"self":[{"href":"https:\/\/www.greenpeace.org\/brasil\/wp-json\/wp\/v2\/posts\/26421","targetHints":{"allow":["GET"]}}],"collection":[{"href":"https:\/\/www.greenpeace.org\/brasil\/wp-json\/wp\/v2\/posts"}],"about":[{"href":"https:\/\/www.greenpeace.org\/brasil\/wp-json\/wp\/v2\/types\/post"}],"author":[{"embeddable":true,"href":"https:\/\/www.greenpeace.org\/brasil\/wp-json\/wp\/v2\/users\/28"}],"replies":[{"embeddable":true,"href":"https:\/\/www.greenpeace.org\/brasil\/wp-json\/wp\/v2\/comments?post=26421"}],"version-history":[{"count":6,"href":"https:\/\/www.greenpeace.org\/brasil\/wp-json\/wp\/v2\/posts\/26421\/revisions"}],"predecessor-version":[{"id":58699,"href":"https:\/\/www.greenpeace.org\/brasil\/wp-json\/wp\/v2\/posts\/26421\/revisions\/58699"}],"wp:featuredmedia":[{"embeddable":true,"href":"https:\/\/www.greenpeace.org\/brasil\/wp-json\/wp\/v2\/media\/26430"}],"wp:attachment":[{"href":"https:\/\/www.greenpeace.org\/brasil\/wp-json\/wp\/v2\/media?parent=26421"}],"wp:term":[{"taxonomy":"category","embeddable":true,"href":"https:\/\/www.greenpeace.org\/brasil\/wp-json\/wp\/v2\/categories?post=26421"},{"taxonomy":"post_tag","embeddable":true,"href":"https:\/\/www.greenpeace.org\/brasil\/wp-json\/wp\/v2\/tags?post=26421"},{"taxonomy":"p4-page-type","embeddable":true,"href":"https:\/\/www.greenpeace.org\/brasil\/wp-json\/wp\/v2\/p4-page-type?post=26421"}],"curies":[{"name":"wp","href":"https:\/\/api.w.org\/{rel}","templated":true}]}}