{"id":26493,"date":"2020-09-03T11:12:42","date_gmt":"2020-09-03T14:12:42","guid":{"rendered":"https:\/\/www.greenpeace.org\/brasil\/?p=26493"},"modified":"2023-01-12T15:31:36","modified_gmt":"2023-01-12T18:31:36","slug":"asas-da-emergencia-e-o-enfrentamento-da-covid-19-por-indigenas-em-areas-remotas-e-de-fronteira-na-amazonia","status":"publish","type":"post","link":"https:\/\/www.greenpeace.org\/brasil\/blog\/asas-da-emergencia-e-o-enfrentamento-da-covid-19-por-indigenas-em-areas-remotas-e-de-fronteira-na-amazonia\/","title":{"rendered":"Asas da Emerg\u00eancia e o enfrentamento da Covid-19 por ind\u00edgenas em \u00e1reas remotas e de fronteira na Amaz\u00f4nia"},"content":{"rendered":"\n<h4 class=\"wp-block-heading\">No interior do Acre e do Amazonas, lideran\u00e7as precisam sair do territ\u00f3rio para lutar pelo direito \u00e0 vida e pela sa\u00fade de seu povo<\/h4>\n\n<figure class=\"wp-block-embed-youtube wp-block-embed is-type-video is-provider-youtube wp-embed-aspect-16-9 wp-has-aspect-ratio\"><div class=\"wp-block-embed__wrapper\">\n<lite-youtube style=\"background-image: url('https:\/\/i.ytimg.com\/vi\/1UU43Hb-Hb8\/hqdefault.jpg');\" videoid=\"1UU43Hb-Hb8\" params=\"rel=0\"><\/lite-youtube>\n<\/div><\/figure>\n\n<p>\u201cA gente quer lutar contra esse v\u00edrus at\u00e9 a \u00faltima respira\u00e7\u00e3o\u201d. A frase foi dita por Wallace Apurin\u00e3, coordenador da Organiza\u00e7\u00e3o dos Povos Ind\u00edgenas Apurin\u00e3 e Jamamadi (Opiaj), no munic\u00edpio de Pauini, sul do Amazonas, durante uma conversa que tivemos com ele quando da entrega de doa\u00e7\u00f5es transportadas pelo projeto <a href=\"https:\/\/www.greenpeace.org\/brasil\/blog\/asas-da-emergencia-voa-para-areas-de-fronteira-e-ja-totaliza-quase-40-toneladas-de-ajuda-humanitaria\/\">Asas da Emerg\u00eancia<\/a> &#8211; iniciativa que visa apoiar a luta dos povos ind\u00edgenas da Amaz\u00f4nia no enfrentamento da pandemia do novo coronav\u00edrus.&nbsp;<\/p>\n\n<p>A fala de Wallace carrega o peso de s\u00e9culos da hist\u00f3ria de resist\u00eancia dessas popula\u00e7\u00f5es que seguem lutando contra inaceit\u00e1veis viola\u00e7\u00f5es de direitos. A pandemia \u00e9 mais uma amea\u00e7a entre uma <a href=\"https:\/\/www.greenpeace.org\/brasil\/blog\/mais-sangue-indigena-derramado-e-isso-e-inaceitavel\/\">avalanche de viol\u00eancias<\/a> e, em poucos meses, j\u00e1 levou centenas de almas que com elas carregaram <a href=\"https:\/\/www.greenpeace.org\/brasil\/blog\/vidas-indigenas-para-muito-alem-da-estatistica\/\">parte da cultura<\/a>, do conhecimento e da hist\u00f3ria dos povos da Amaz\u00f4nia.&nbsp;<\/p>\n\n<p>Entre os dias 28 de julho e 1 agosto, uma equipe do Asas da Emerg\u00eancia voou para algumas cidades de regi\u00f5es conhecidas como Alto Purus e Alto Juru\u00e1, pr\u00f3ximas \u00e0 fronteira com o Peru. Durante as entregas das doa\u00e7\u00f5es, foi poss\u00edvel ouvir de lideran\u00e7as ind\u00edgenas um retrato ampliado de como seus povos est\u00e3o enfrentando a pandemia no ch\u00e3o da floresta.&nbsp;<\/p>\n\n<figure class=\"wp-block-image size-large  caption-style-blue-overlay caption-alignment-center\"><img loading=\"lazy\" decoding=\"async\" width=\"899\" height=\"1024\" src=\"https:\/\/www.greenpeace.org\/static\/planet4-brasil-stateless\/2020\/09\/f108ddbc-01-mobi-asas-v03blog-899x1024.png\" alt=\"\" class=\"wp-image-26543\" srcset=\"https:\/\/www.greenpeace.org\/static\/planet4-brasil-stateless\/2020\/09\/f108ddbc-01-mobi-asas-v03blog-899x1024.png 899w, https:\/\/www.greenpeace.org\/static\/planet4-brasil-stateless\/2020\/09\/f108ddbc-01-mobi-asas-v03blog-263x300.png 263w, https:\/\/www.greenpeace.org\/static\/planet4-brasil-stateless\/2020\/09\/f108ddbc-01-mobi-asas-v03blog-768x874.png 768w, https:\/\/www.greenpeace.org\/static\/planet4-brasil-stateless\/2020\/09\/f108ddbc-01-mobi-asas-v03blog-1349x1536.png 1349w, https:\/\/www.greenpeace.org\/static\/planet4-brasil-stateless\/2020\/09\/f108ddbc-01-mobi-asas-v03blog-1200x1366.png 1200w, https:\/\/www.greenpeace.org\/static\/planet4-brasil-stateless\/2020\/09\/f108ddbc-01-mobi-asas-v03blog-299x340.png 299w, https:\/\/www.greenpeace.org\/static\/planet4-brasil-stateless\/2020\/09\/f108ddbc-01-mobi-asas-v03blog.png 1725w\" sizes=\"auto, (max-width: 899px) 100vw, 899px\" \/><\/figure>\n\n<p>Durante a viagem foram entregues 2.3 toneladas de doa\u00e7\u00f5es nos munic\u00edpios de Jord\u00e3o, Marechal Thaumaturgo e Santa Rosa do Purus, no Acre, e Pauini, no sul do Amazonas. Entre os itens estavam cilindros e concentradores de oxig\u00eanio, geradores de energia, \u00e1lcool em gel, materiais de higiene, m\u00e1scaras cir\u00fargicas, entre outros. <strong>As doa\u00e7\u00f5es poder\u00e3o contribuir com o atendimento de pelo menos 13.150 ind\u00edgenas que vivem na regi\u00e3o.<\/strong><\/p>\n<div data-render=\"planet4-blocks\/gallery\" data-attributes=\"{&quot;attributes&quot;:{&quot;multiple_image&quot;:&quot;26503,26505,26504&quot;,&quot;image_data&quot;:[{&quot;url&quot;:&quot;https:\\\/\\\/www.greenpeace.org\\\/static\\\/planet4-brasil-stateless\\\/2020\\\/09\\\/5b379ba0-gp0stushi_pressmedia.jpg&quot;,&quot;focalPoint&quot;:{&quot;x&quot;:0.5,&quot;y&quot;:0.5},&quot;id&quot;:26503},{&quot;url&quot;:&quot;https:\\\/\\\/www.greenpeace.org\\\/static\\\/planet4-brasil-stateless\\\/2020\\\/09\\\/3b1267d5-gp0stusi2_pressmedia.jpg&quot;,&quot;focalPoint&quot;:{&quot;x&quot;:0.5,&quot;y&quot;:0.5},&quot;id&quot;:26505},{&quot;url&quot;:&quot;https:\\\/\\\/www.greenpeace.org\\\/static\\\/planet4-brasil-stateless\\\/2020\\\/09\\\/62e16c0c-gp0stushy_pressmedia.jpg&quot;,&quot;focalPoint&quot;:{&quot;x&quot;:0.5,&quot;y&quot;:0.5},&quot;id&quot;:26504}],&quot;gallery_block_style&quot;:0,&quot;gallery_block_title&quot;:&quot;&quot;,&quot;gallery_block_description&quot;:&quot;&quot;,&quot;gallery_block_focus_points&quot;:&quot;&quot;,&quot;images&quot;:[{&quot;image_src&quot;:&quot;https:\\\/\\\/www.greenpeace.org\\\/static\\\/planet4-brasil-stateless\\\/2020\\\/09\\\/5b379ba0-gp0stushi_pressmedia.jpg&quot;,&quot;image_srcset&quot;:&quot;https:\\\/\\\/www.greenpeace.org\\\/static\\\/planet4-brasil-stateless\\\/2020\\\/09\\\/5b379ba0-gp0stushi_pressmedia.jpg 2500w, https:\\\/\\\/www.greenpeace.org\\\/static\\\/planet4-brasil-stateless\\\/2020\\\/09\\\/5b379ba0-gp0stushi_pressmedia-300x177.jpg 300w, https:\\\/\\\/www.greenpeace.org\\\/static\\\/planet4-brasil-stateless\\\/2020\\\/09\\\/5b379ba0-gp0stushi_pressmedia-1024x605.jpg 1024w, https:\\\/\\\/www.greenpeace.org\\\/static\\\/planet4-brasil-stateless\\\/2020\\\/09\\\/5b379ba0-gp0stushi_pressmedia-768x454.jpg 768w, https:\\\/\\\/www.greenpeace.org\\\/static\\\/planet4-brasil-stateless\\\/2020\\\/09\\\/5b379ba0-gp0stushi_pressmedia-1536x907.jpg 1536w, https:\\\/\\\/www.greenpeace.org\\\/static\\\/planet4-brasil-stateless\\\/2020\\\/09\\\/5b379ba0-gp0stushi_pressmedia-2048x1210.jpg 2048w, https:\\\/\\\/www.greenpeace.org\\\/static\\\/planet4-brasil-stateless\\\/2020\\\/09\\\/5b379ba0-gp0stushi_pressmedia-510x301.jpg 510w&quot;,&quot;image_sizes&quot;:false,&quot;alt_text&quot;:&quot;&quot;,&quot;caption&quot;:&quot;Equipe do Greenpeace carregando doa\\u00e7\\u00f5es transportadas pelo Asas da Emerg\\u00eancia no aeroporto em Rio Branco (AC).&quot;,&quot;focus_image&quot;:&quot;&quot;,&quot;credits&quot;:&quot;\\u00a9 Valentina Ricardo \\\/ Greenpeace&quot;},{&quot;image_src&quot;:&quot;https:\\\/\\\/www.greenpeace.org\\\/static\\\/planet4-brasil-stateless\\\/2020\\\/09\\\/3b1267d5-gp0stusi2_pressmedia.jpg&quot;,&quot;image_srcset&quot;:&quot;https:\\\/\\\/www.greenpeace.org\\\/static\\\/planet4-brasil-stateless\\\/2020\\\/09\\\/3b1267d5-gp0stusi2_pressmedia.jpg 2500w, https:\\\/\\\/www.greenpeace.org\\\/static\\\/planet4-brasil-stateless\\\/2020\\\/09\\\/3b1267d5-gp0stusi2_pressmedia-300x181.jpg 300w, https:\\\/\\\/www.greenpeace.org\\\/static\\\/planet4-brasil-stateless\\\/2020\\\/09\\\/3b1267d5-gp0stusi2_pressmedia-1024x617.jpg 1024w, https:\\\/\\\/www.greenpeace.org\\\/static\\\/planet4-brasil-stateless\\\/2020\\\/09\\\/3b1267d5-gp0stusi2_pressmedia-768x463.jpg 768w, https:\\\/\\\/www.greenpeace.org\\\/static\\\/planet4-brasil-stateless\\\/2020\\\/09\\\/3b1267d5-gp0stusi2_pressmedia-1536x925.jpg 1536w, https:\\\/\\\/www.greenpeace.org\\\/static\\\/planet4-brasil-stateless\\\/2020\\\/09\\\/3b1267d5-gp0stusi2_pressmedia-2048x1234.jpg 2048w, https:\\\/\\\/www.greenpeace.org\\\/static\\\/planet4-brasil-stateless\\\/2020\\\/09\\\/3b1267d5-gp0stusi2_pressmedia-510x307.jpg 510w&quot;,&quot;image_sizes&quot;:false,&quot;alt_text&quot;:&quot;&quot;,&quot;caption&quot;:&quot;Entrega de doa\\u00e7\\u00f5es transportadas pelo Asas da Emerg\\u00eancia no munic\\u00edpio de Marechal Thaumaturgo (AC).&quot;,&quot;focus_image&quot;:&quot;&quot;,&quot;credits&quot;:&quot;\\u00a9 Valentina Ricardo \\\/ Greenpeace&quot;},{&quot;image_src&quot;:&quot;https:\\\/\\\/www.greenpeace.org\\\/static\\\/planet4-brasil-stateless\\\/2020\\\/09\\\/62e16c0c-gp0stushy_pressmedia.jpg&quot;,&quot;image_srcset&quot;:&quot;https:\\\/\\\/www.greenpeace.org\\\/static\\\/planet4-brasil-stateless\\\/2020\\\/09\\\/62e16c0c-gp0stushy_pressmedia.jpg 2500w, https:\\\/\\\/www.greenpeace.org\\\/static\\\/planet4-brasil-stateless\\\/2020\\\/09\\\/62e16c0c-gp0stushy_pressmedia-300x175.jpg 300w, https:\\\/\\\/www.greenpeace.org\\\/static\\\/planet4-brasil-stateless\\\/2020\\\/09\\\/62e16c0c-gp0stushy_pressmedia-1024x598.jpg 1024w, https:\\\/\\\/www.greenpeace.org\\\/static\\\/planet4-brasil-stateless\\\/2020\\\/09\\\/62e16c0c-gp0stushy_pressmedia-768x449.jpg 768w, https:\\\/\\\/www.greenpeace.org\\\/static\\\/planet4-brasil-stateless\\\/2020\\\/09\\\/62e16c0c-gp0stushy_pressmedia-1536x897.jpg 1536w, https:\\\/\\\/www.greenpeace.org\\\/static\\\/planet4-brasil-stateless\\\/2020\\\/09\\\/62e16c0c-gp0stushy_pressmedia-2048x1196.jpg 2048w, https:\\\/\\\/www.greenpeace.org\\\/static\\\/planet4-brasil-stateless\\\/2020\\\/09\\\/62e16c0c-gp0stushy_pressmedia-510x298.jpg 510w&quot;,&quot;image_sizes&quot;:false,&quot;alt_text&quot;:&quot;&quot;,&quot;caption&quot;:&quot;Entrega de doa\\u00e7\\u00f5es transportadas pelo Asas da Emerg\\u00eancia no munic\\u00edpio de Marechal Thaumaturgo (AC).&quot;,&quot;focus_image&quot;:&quot;&quot;,&quot;credits&quot;:&quot;\\u00a9 Valentina Ricardo \\\/ Greenpeace&quot;}]}}\"><\/div>\n<p><strong>Ajustes de um caminho<\/strong><\/p>\n\n<p>Com o processo de interioriza\u00e7\u00e3o da Covid-19 para \u00e1reas remotas, em lugares onde o acesso s\u00f3 \u00e9 poss\u00edvel de <a href=\"https:\/\/www.greenpeace.org\/brasil\/blog\/vidas-indigenas-importam\/\">barco <\/a>ou de avi\u00e3o pequeno, o Asas da Emerg\u00eancia mudou sua estrat\u00e9gia de a\u00e7\u00e3o. Al\u00e9m de continuar levando materiais para a <a href=\"https:\/\/www.greenpeace.org\/brasil\/blog\/costurando-solidariedade\/\">preven\u00e7\u00e3o<\/a>, o projeto passou a apoiar a montagem das enfermarias de campanha. Chamadas de Uapi (Unidade de Aten\u00e7\u00e3o Prim\u00e1ria Ind\u00edgena), essas enfermarias s\u00e3o estruturas j\u00e1 existentes ou em constru\u00e7\u00e3o, pr\u00f3ximas \u00e0s aldeias ou dentro dos territ\u00f3rios, que est\u00e3o sendo equipadas para o atendimento de casos leves e moderados da doen\u00e7a, permitindo assim o tratamento dentro das comunidades e ajudando a evitar a ida das popula\u00e7\u00f5es ind\u00edgenas para as cidades.&nbsp;<\/p>\n\n<p>\u00c9 importante destacar que o rumo que direciona a proa deste grande esfor\u00e7o de solidariedade nunca foi definido de forma solit\u00e1ria.<strong> \u201cTanto os povos ind\u00edgenas como todo o movimento ind\u00edgena t\u00eam sido grandes protagonistas da mobiliza\u00e7\u00e3o dessa rede de solidariedade para enfrentar a pandemia. A Coiab, Coordena\u00e7\u00e3o das Organiza\u00e7\u00f5es Ind\u00edgenas da Amaz\u00f4nia Brasileira, \u00e9 parte importante dessa articula\u00e7\u00e3o e nos auxilia a direcionar a ajuda de acordo com o que \u00e9 urgente no momento\u201d<\/strong>, explica Carol Mar\u00e7al, da Campanha de Amaz\u00f4nia do Greenpeace Brasil.<\/p>\n\n<p>A cada nova pista onde pousamos no interior dos estados do Amazonas e Acre, ouvimos de lideran\u00e7as ind\u00edgenas que, apesar do desejo de n\u00e3o deixar as aldeias, sair do territ\u00f3rio tem sido necess\u00e1rio. Alguns representantes passaram a fazer a ponte entre seu povo e os centros urbanos para necessidades como comprar mantimentos, recolher benef\u00edcios, dialogar com o poder p\u00fablico local, receber as doa\u00e7\u00f5es que t\u00eam sido essenciais ao enfrentamento da doen\u00e7a e, principalmente onde o v\u00edrus j\u00e1 chegou, lutar por seus direitos de levar o m\u00ednimo de assist\u00eancia de sa\u00fade para os territ\u00f3rios.&nbsp;<\/p>\n\n<div class=\"wp-block-image  caption-style-blue-overlay caption-alignment-center\"><figure class=\"alignright size-large is-resized\"><img loading=\"lazy\" decoding=\"async\" src=\"https:\/\/www.greenpeace.org\/static\/planet4-brasil-stateless\/2020\/09\/353a5122-03-mobi-asas-v03-556x1024.png\" alt=\"\" class=\"wp-image-26521\" width=\"213\" height=\"392\" srcset=\"https:\/\/www.greenpeace.org\/static\/planet4-brasil-stateless\/2020\/09\/353a5122-03-mobi-asas-v03-556x1024.png 556w, https:\/\/www.greenpeace.org\/static\/planet4-brasil-stateless\/2020\/09\/353a5122-03-mobi-asas-v03-163x300.png 163w, https:\/\/www.greenpeace.org\/static\/planet4-brasil-stateless\/2020\/09\/353a5122-03-mobi-asas-v03-742x1366.png 742w, https:\/\/www.greenpeace.org\/static\/planet4-brasil-stateless\/2020\/09\/353a5122-03-mobi-asas-v03-185x340.png 185w, https:\/\/www.greenpeace.org\/static\/planet4-brasil-stateless\/2020\/09\/353a5122-03-mobi-asas-v03.png 761w\" sizes=\"auto, (max-width: 213px) 100vw, 213px\" \/><\/figure><\/div>\n\n<p><strong>\u201cApesar de tudo o que est\u00e1vamos vivendo, eu tive que arrancar for\u00e7as dos ancestrais e provar que eu estava junto com meu povo. Eu sou parte deles e eles s\u00e3o parte de mim. <\/strong>Na minha aldeia, a gente tem uma estrutura onde a gente isolou quem estava contaminado, mas sem deixar de cuidar uns dos outros. N\u00f3s fizemos todo um planejamento de quem iria pescar, ca\u00e7ar e as mulheres mais velhas ficaram respons\u00e1veis por fazer os medicamentos do conhecimento tradicional que ajudam a aumentar a imunidade. Al\u00e9m disso, as doa\u00e7\u00f5es tamb\u00e9m t\u00eam sido muito importantes. E eu, como l\u00edder, \u00e9 fundamental que eu venha para a cidade para reivindicar nossos direitos e continuar articulando parcerias para esse apoio\u201d, explica Wallace Apurin\u00e3, coordenador da Organiza\u00e7\u00e3o dos Povos Ind\u00edgenas Apurin\u00e3 e Jamamadi (Opiaj).<\/p>\n\n<p><strong>Cada povo vive <a href=\"https:\/\/www.greenpeace.org\/brasil\/florestas\/arandu-temos-muito-o-que-aprender-com-a-sabedoria-indigena\/\">uma realidade singular<\/a>, e foi por isso que cada um encontrou um modo muito particular de enfrentar a chegada avassaladora da pandemia. <\/strong>Na <a href=\"https:\/\/www.greenpeace.org\/brasil\/blog\/a-revelia-de-um-governo-que-segue-negando-aos-indigenas-o-direito-a-vida-povos-criam-estrategias-para-resistir-a-covid-19\/\">segunda parte desta reportagem<\/a>, saiba como os Huni Ku\u0129 se articularam localmente para lidar com o medo trazido pela Covid-19, as estrat\u00e9gias dos Ashaninka para barrar a chegada do v\u00edrus no territ\u00f3rio e o impacto do medo nas aldeias, pela vis\u00e3o dos Apurin\u00e3.<\/p>\n","protected":false},"excerpt":{"rendered":"<p>No interior do Acre e do Amazonas, lideran\u00e7as precisam sair do territ\u00f3rio para lutar pelo direito \u00e0 vida e pela sa\u00fade de seu povo<\/p>\n","protected":false},"author":67,"featured_media":26541,"comment_status":"open","ping_status":"closed","sticky":false,"template":"","format":"standard","meta":{"ep_exclude_from_search":false,"p4_og_title":"","p4_og_description":"","p4_og_image":"","p4_og_image_id":"","p4_seo_canonical_url":"","p4_campaign_name":"not set","p4_local_project":"not set","p4_basket_name":"not set","p4_department":"","footnotes":""},"categories":[3],"tags":[22],"p4-page-type":[16],"class_list":["post-26493","post","type-post","status-publish","format-standard","has-post-thumbnail","hentry","category-proteja-a-natureza","tag-florestas","p4-page-type-blog"],"_links":{"self":[{"href":"https:\/\/www.greenpeace.org\/brasil\/wp-json\/wp\/v2\/posts\/26493","targetHints":{"allow":["GET"]}}],"collection":[{"href":"https:\/\/www.greenpeace.org\/brasil\/wp-json\/wp\/v2\/posts"}],"about":[{"href":"https:\/\/www.greenpeace.org\/brasil\/wp-json\/wp\/v2\/types\/post"}],"author":[{"embeddable":true,"href":"https:\/\/www.greenpeace.org\/brasil\/wp-json\/wp\/v2\/users\/67"}],"replies":[{"embeddable":true,"href":"https:\/\/www.greenpeace.org\/brasil\/wp-json\/wp\/v2\/comments?post=26493"}],"version-history":[{"count":20,"href":"https:\/\/www.greenpeace.org\/brasil\/wp-json\/wp\/v2\/posts\/26493\/revisions"}],"predecessor-version":[{"id":27170,"href":"https:\/\/www.greenpeace.org\/brasil\/wp-json\/wp\/v2\/posts\/26493\/revisions\/27170"}],"wp:featuredmedia":[{"embeddable":true,"href":"https:\/\/www.greenpeace.org\/brasil\/wp-json\/wp\/v2\/media\/26541"}],"wp:attachment":[{"href":"https:\/\/www.greenpeace.org\/brasil\/wp-json\/wp\/v2\/media?parent=26493"}],"wp:term":[{"taxonomy":"category","embeddable":true,"href":"https:\/\/www.greenpeace.org\/brasil\/wp-json\/wp\/v2\/categories?post=26493"},{"taxonomy":"post_tag","embeddable":true,"href":"https:\/\/www.greenpeace.org\/brasil\/wp-json\/wp\/v2\/tags?post=26493"},{"taxonomy":"p4-page-type","embeddable":true,"href":"https:\/\/www.greenpeace.org\/brasil\/wp-json\/wp\/v2\/p4-page-type?post=26493"}],"curies":[{"name":"wp","href":"https:\/\/api.w.org\/{rel}","templated":true}]}}