{"id":26869,"date":"2020-09-10T19:40:14","date_gmt":"2020-09-10T22:40:14","guid":{"rendered":"https:\/\/www.greenpeace.org\/brasil\/?p=26869"},"modified":"2020-09-11T13:03:29","modified_gmt":"2020-09-11T16:03:29","slug":"rieli-franciscato-parte-para-o-neme-dos-arawa","status":"publish","type":"post","link":"https:\/\/www.greenpeace.org\/brasil\/blog\/rieli-franciscato-parte-para-o-neme-dos-arawa\/","title":{"rendered":"Rieli Franciscato parte para o &#8220;neme&#8221; dos Araw\u00e1"},"content":{"rendered":"\n<h4 class=\"wp-block-heading\">Um dos principais indigenistas do Brasil, ele dedicou sua vida \u00e0 defesa dos direitos e territ\u00f3rios dos povos ind\u00edgenas na regi\u00e3o do Purus<\/h4>\n\n<figure class=\"wp-block-image size-large  caption-style-blue-overlay caption-alignment-center\"><img loading=\"lazy\" decoding=\"async\" width=\"1024\" height=\"718\" src=\"https:\/\/www.greenpeace.org\/static\/planet4-brasil-stateless\/2020\/09\/87cddaa2-rieli-franciscato-foto-mario-vilela-funai-201410-1024x718.jpg\" alt=\"\" class=\"wp-image-26870\" srcset=\"https:\/\/www.greenpeace.org\/static\/planet4-brasil-stateless\/2020\/09\/87cddaa2-rieli-franciscato-foto-mario-vilela-funai-201410-1024x718.jpg 1024w, https:\/\/www.greenpeace.org\/static\/planet4-brasil-stateless\/2020\/09\/87cddaa2-rieli-franciscato-foto-mario-vilela-funai-201410-300x210.jpg 300w, https:\/\/www.greenpeace.org\/static\/planet4-brasil-stateless\/2020\/09\/87cddaa2-rieli-franciscato-foto-mario-vilela-funai-201410-768x538.jpg 768w, https:\/\/www.greenpeace.org\/static\/planet4-brasil-stateless\/2020\/09\/87cddaa2-rieli-franciscato-foto-mario-vilela-funai-201410-485x340.jpg 485w, https:\/\/www.greenpeace.org\/static\/planet4-brasil-stateless\/2020\/09\/87cddaa2-rieli-franciscato-foto-mario-vilela-funai-201410.jpg 1424w\" sizes=\"auto, (max-width: 1024px) 100vw, 1024px\" \/><figcaption>N\u00e3o \u00e9 exagero afirmar que alguns povos continuam a existir gra\u00e7as \u00e0 dedica\u00e7\u00e3o da vida de Rieli, defensor de ind\u00edgenas isolados<div class=\"credit icon-left\"> \u00a9 M\u00e1rio Vilela\/Funai\/2014<\/div><\/figcaption><\/figure>\n\n<p>Quem trabalhava com meio ambiente ou em apoio aos povos ind\u00edgenas na regi\u00e3o do Purus nos anos 1990 e n\u00e3o passou um tempo na proa do barco da Funai na beira do Purus perdeu uma \u201cviagem\u201d singular. L\u00e1, era f\u00e1cil encontrar Rieli Franciscato&#8230; se ele n\u00e3o estivesse no mato, claro. Um dos principais indigenistas do pa\u00eds, ele acumulou cerca de 30 anos de viv\u00eancias com ind\u00edgenas naquela regi\u00e3o.&nbsp;<\/p>\n\n<p>Quando tinha 7 anos, Rieli foi com a fam\u00edlia do Paran\u00e1 para o Mato Grosso. Depois, mudou-se para Rond\u00f4nia. Uma rota bem conhecida da migra\u00e7\u00e3o paranaense. Neste \u00faltimo estado, foi viver com a fam\u00edlia nos limites da Terra Ind\u00edgena Rio Branco, do povo Aikan\u00e3. Ali, cresceu testemunhando invas\u00f5es e injusti\u00e7as. Assim que p\u00f4de, foi trabalhar com os Aikan\u00e3 no combate \u00e0 invas\u00e3o madeireira de seu territ\u00f3rio. Pouco depois foi recrutado para trabalhar com os ind\u00edgenas isolados.&nbsp;<\/p>\n\n<p>Conheci Rieli no Purus em 1995 quando fui trabalhar na <a href=\"https:\/\/amazonianativa.org.br\/rieli-franciscato-manteremos-a-luta\/?fbclid=IwAR0gqYYj-\">Opera\u00e7\u00e3o Amaz\u00f4nia Nativa<\/a> (Opan), com o povo Paumari. Rieli era o \u201ccara\u201d! Vigoroso defensor dos \u00edndios e de seus territ\u00f3rios, dominava a arte de percorrer a floresta sem trilha. Ele e seu time podiam ficar meses nos confins da Amaz\u00f4nia somente com o que a floresta fornecia. Era profundo conhecedor de seus mist\u00e9rios e da sua abund\u00e2ncia.\u00a0<\/p>\n\n<p>Rieli me ensinou a tratar mal\u00e1ria, a pescar, a \u201cler\u201d os caminhos dentro da mata, a pilotar voadeira e a import\u00e2ncia de deixar a cidade para tr\u00e1s.<\/p>\n\n<p>Infelizmente, este amigo e mestre faleceu ontem. Chefe da Frente de Prote\u00e7\u00e3o Etnoambiental Uru-Eu-Wau-Wau, Rieli foi flechado no peito quando, junto com dois policiais, foi averiguar o local onde ind\u00edgenas isolados tinham sido avistados. Eles entraram na mata em busca de vest\u00edgios. Chegou a ser socorrido, mas quando chegou no hospital n\u00e3o havia mais o que fazer.&nbsp;<\/p>\n\n<p>\u00c9 profundamente triste perder algu\u00e9m como Rieli justamente no momento em que os povos ind\u00edgenas est\u00e3o sob um dos mais intensos ataques e os direitos constitucionais, arduamente conquistados, s\u00e3o ignorados com o prop\u00f3sito de disponibilizar os territ\u00f3rios ancestrais a servi\u00e7o de uma elite agr\u00e1ria e garimpeira, que para o governo Bolsonaro significa progresso. Fato \u00e9 que a resist\u00eancia secular dos povos seguir\u00e1, e de seus apoiadores, como Rieli, tamb\u00e9m.<\/p>\n\n<p>Antigo amigo da campanha da Amaz\u00f4nia do Greenpeace Brasil, Rieli estava no barco No\u00e9 IV, em mar\u00e7o de 1999, quando foi feita nossa primeira expedi\u00e7\u00e3o, ap\u00f3s a implementa\u00e7\u00e3o do escrit\u00f3rio em Manaus. Subimos os rios Purus, Tapau\u00e3 e Cuniu\u00e3 para verificar a instala\u00e7\u00e3o do projeto da WTK, madeireira da Mal\u00e1sia, na regi\u00e3o. Pr\u00f3ximo dos ind\u00edgenas Isolados do Rio do Sol, dos Hi-merim\u00e3 e dos Zuruah\u00e3, o empreendimento era uma amea\u00e7a \u00e0 exist\u00eancia desses povos. Foi a partir desta expedi\u00e7\u00e3o que teve in\u00edcio o processo de autodemarca\u00e7\u00e3o do territ\u00f3rio do povo Deni, que j\u00e1 havia sido invadido por esta madeireira. Este foi o primeiro trabalho do Greenpeace com um povo ind\u00edgena no Brasil.&nbsp;<\/p>\n\n<p>N\u00e3o \u00e9 nenhum exagero afirmar que os povos ind\u00edgenas Aikan\u00e3, Hi-merim\u00e3, Zuruah\u00e3, Botocudos do Javari e ind\u00edgenas Isolados do Madeirinha continuam a existir gra\u00e7as \u00e0 dedica\u00e7\u00e3o de, literalmente, a vida deste homem.<\/p>\n\n<p>O <em>neme<\/em> (c\u00e9u) dos Araw\u00e1* ganha mais uma <em>amuva<\/em> (estrela)!<\/p>\n\n<p>Obrigado por tudo, Rieli!!!!<\/p>\n\n<p style=\"font-size:15px\"><em>*Araw\u00e1: fam\u00edlia lingu\u00edstica de v\u00e1rios povos da Bacia do Purus, como os Suruah\u00e1, Deni, Jamamadi, Banswara<\/em><\/p>\n","protected":false},"excerpt":{"rendered":"<p>Um dos principais indigenistas do Brasil, ele dedicou sua vida \u00e0 defesa dos direitos e territ\u00f3rios dos povos ind\u00edgenas na regi\u00e3o do Purus<\/p>\n","protected":false},"author":28,"featured_media":26870,"comment_status":"open","ping_status":"closed","sticky":false,"template":"","format":"standard","meta":{"ep_exclude_from_search":false,"p4_og_title":"","p4_og_description":"","p4_og_image":"","p4_og_image_id":"","p4_seo_canonical_url":"","p4_campaign_name":"not set","p4_local_project":"not set","p4_basket_name":"not set","p4_department":"","footnotes":""},"categories":[3],"tags":[22],"p4-page-type":[16],"class_list":["post-26869","post","type-post","status-publish","format-standard","has-post-thumbnail","hentry","category-proteja-a-natureza","tag-florestas","p4-page-type-blog"],"_links":{"self":[{"href":"https:\/\/www.greenpeace.org\/brasil\/wp-json\/wp\/v2\/posts\/26869","targetHints":{"allow":["GET"]}}],"collection":[{"href":"https:\/\/www.greenpeace.org\/brasil\/wp-json\/wp\/v2\/posts"}],"about":[{"href":"https:\/\/www.greenpeace.org\/brasil\/wp-json\/wp\/v2\/types\/post"}],"author":[{"embeddable":true,"href":"https:\/\/www.greenpeace.org\/brasil\/wp-json\/wp\/v2\/users\/28"}],"replies":[{"embeddable":true,"href":"https:\/\/www.greenpeace.org\/brasil\/wp-json\/wp\/v2\/comments?post=26869"}],"version-history":[{"count":10,"href":"https:\/\/www.greenpeace.org\/brasil\/wp-json\/wp\/v2\/posts\/26869\/revisions"}],"predecessor-version":[{"id":26909,"href":"https:\/\/www.greenpeace.org\/brasil\/wp-json\/wp\/v2\/posts\/26869\/revisions\/26909"}],"wp:featuredmedia":[{"embeddable":true,"href":"https:\/\/www.greenpeace.org\/brasil\/wp-json\/wp\/v2\/media\/26870"}],"wp:attachment":[{"href":"https:\/\/www.greenpeace.org\/brasil\/wp-json\/wp\/v2\/media?parent=26869"}],"wp:term":[{"taxonomy":"category","embeddable":true,"href":"https:\/\/www.greenpeace.org\/brasil\/wp-json\/wp\/v2\/categories?post=26869"},{"taxonomy":"post_tag","embeddable":true,"href":"https:\/\/www.greenpeace.org\/brasil\/wp-json\/wp\/v2\/tags?post=26869"},{"taxonomy":"p4-page-type","embeddable":true,"href":"https:\/\/www.greenpeace.org\/brasil\/wp-json\/wp\/v2\/p4-page-type?post=26869"}],"curies":[{"name":"wp","href":"https:\/\/api.w.org\/{rel}","templated":true}]}}