{"id":26949,"date":"2020-09-17T18:48:31","date_gmt":"2020-09-17T21:48:31","guid":{"rendered":"https:\/\/www.greenpeace.org\/brasil\/?p=26949"},"modified":"2025-07-02T04:32:03","modified_gmt":"2025-07-02T07:32:03","slug":"pantanal-em-chamas-voluntarios-mostram-como-defender-o-bioma-de-casa","status":"publish","type":"post","link":"https:\/\/www.greenpeace.org\/brasil\/voluntarios\/pantanal-em-chamas-voluntarios-mostram-como-defender-o-bioma-de-casa\/","title":{"rendered":"Pantanal em chamas: volunt\u00e1rios mostram como defender o bioma de casa"},"content":{"rendered":"\n<h4 class=\"wp-block-heading\"><em>Atrav\u00e9s de v\u00eddeos e textos de conscientiza\u00e7\u00e3o, grupos locais uniram-se para cobrar a\u00e7\u00f5es de autoridades p\u00fablicas e incentivar o p\u00fablico a embarcar na luta contra as queimadas<\/em><\/h4>\n\n<p class=\"has-text-align-center\"><img loading=\"lazy\" decoding=\"async\" width=\"750\" height=\"259\" class=\"wp-image-26951\" style=\"width: 750px;\" src=\"https:\/\/www.greenpeace.org\/static\/planet4-brasil-stateless\/2020\/09\/bbf5a82a-destaque-certo.png\" alt=\"\" srcset=\"https:\/\/www.greenpeace.org\/static\/planet4-brasil-stateless\/2020\/09\/bbf5a82a-destaque-certo.png 1917w, https:\/\/www.greenpeace.org\/static\/planet4-brasil-stateless\/2020\/09\/bbf5a82a-destaque-certo-300x103.png 300w, https:\/\/www.greenpeace.org\/static\/planet4-brasil-stateless\/2020\/09\/bbf5a82a-destaque-certo-1024x353.png 1024w, https:\/\/www.greenpeace.org\/static\/planet4-brasil-stateless\/2020\/09\/bbf5a82a-destaque-certo-768x265.png 768w, https:\/\/www.greenpeace.org\/static\/planet4-brasil-stateless\/2020\/09\/bbf5a82a-destaque-certo-1536x530.png 1536w, https:\/\/www.greenpeace.org\/static\/planet4-brasil-stateless\/2020\/09\/bbf5a82a-destaque-certo-510x176.png 510w\" sizes=\"auto, (max-width: 750px) 100vw, 750px\" \/><\/p>\n\n<p>Gostaria, profundamente, que o destaque dessa semana fosse alguma a\u00e7\u00e3o inspiradora, uma not\u00edcia boa, um novo grupo de voluntas\u2026 mas infelizmente a realidade \u00e9 dura &#8211; e triste. Mas que bom que temos nossos volunt\u00e1rios e volunt\u00e1rias incr\u00edveis para defender conosco a mudan\u00e7a para melhor, n\u00e9?<\/p>\n\n<p>S\u00f3 nos \u00faltimos 3 meses, 12% de um dos biomas brasileiros mais importantes foi devastado pelas queimadas. O Pantanal, considerado a maior plan\u00edcie inund\u00e1vel do planeta, vem sofrendo s\u00e9rias e irrevers\u00edveis perdas em seu territ\u00f3rio e biodiversidade.&nbsp;<\/p>\n\n<p>Dados divulgados pelo Instituto Nacional de Pesquisas Espaciais (INPE) mostram que s\u00f3 no m\u00eas de julho foram registrados 1.684 focos de queimadas &#8211; o que resulta em uma marca recorde em 22 anos. Estima-se que mais de 17.500 km\u00b2 j\u00e1 foram consumidos pelo fogo. Al\u00e9m disso, per\u00edcias realizadas pelo governo do Mato Grosso em diversos pontos revelam que a maioria das queimadas foram causadas por a\u00e7\u00f5es humanas. Triste, n\u00e9? \ud83d\ude41<\/p>\n\n<p>Para expor indigna\u00e7\u00e3o perante essa trag\u00e9dia e exigir posicionamento e tomadas de decis\u00e3o eficazes de autoridades p\u00fablicas, os grupos locais mobilizaram as redes com o assunto:<\/p>\n\n<p><strong>Belo Horizonte<\/strong><\/p>\n\n<p class=\"has-text-align-center\"><strong>\u00a0<\/strong><img loading=\"lazy\" decoding=\"async\" width=\"311\" height=\"313\" class=\"wp-image-26952\" style=\"width: 311px;\" src=\"https:\/\/www.greenpeace.org\/static\/planet4-brasil-stateless\/2020\/09\/67307870-belo-horizonte.png\" alt=\"\" srcset=\"https:\/\/www.greenpeace.org\/static\/planet4-brasil-stateless\/2020\/09\/67307870-belo-horizonte.png 588w, https:\/\/www.greenpeace.org\/static\/planet4-brasil-stateless\/2020\/09\/67307870-belo-horizonte-298x300.png 298w, https:\/\/www.greenpeace.org\/static\/planet4-brasil-stateless\/2020\/09\/67307870-belo-horizonte-150x150.png 150w, https:\/\/www.greenpeace.org\/static\/planet4-brasil-stateless\/2020\/09\/67307870-belo-horizonte-338x340.png 338w\" sizes=\"auto, (max-width: 311px) 100vw, 311px\" \/><img loading=\"lazy\" decoding=\"async\" width=\"313\" height=\"313\" class=\"wp-image-26953\" style=\"width: 313px;\" src=\"https:\/\/www.greenpeace.org\/static\/planet4-brasil-stateless\/2020\/09\/817c4458-belo-horizonte2.png\" alt=\"\" srcset=\"https:\/\/www.greenpeace.org\/static\/planet4-brasil-stateless\/2020\/09\/817c4458-belo-horizonte2.png 598w, https:\/\/www.greenpeace.org\/static\/planet4-brasil-stateless\/2020\/09\/817c4458-belo-horizonte2-300x300.png 300w, https:\/\/www.greenpeace.org\/static\/planet4-brasil-stateless\/2020\/09\/817c4458-belo-horizonte2-150x150.png 150w, https:\/\/www.greenpeace.org\/static\/planet4-brasil-stateless\/2020\/09\/817c4458-belo-horizonte2-340x340.png 340w\" sizes=\"auto, (max-width: 313px) 100vw, 313px\" \/><\/p>\n\n<p><strong>Salvador<\/strong><\/p>\n\n<p class=\"has-text-align-center\"> <img loading=\"lazy\" decoding=\"async\" width=\"327\" height=\"371\" class=\"wp-image-26954\" style=\"width: 327px;\" src=\"https:\/\/www.greenpeace.org\/static\/planet4-brasil-stateless\/2020\/09\/bcc3fb36-salvador.png\" alt=\"\" srcset=\"https:\/\/www.greenpeace.org\/static\/planet4-brasil-stateless\/2020\/09\/bcc3fb36-salvador.png 524w, https:\/\/www.greenpeace.org\/static\/planet4-brasil-stateless\/2020\/09\/bcc3fb36-salvador-265x300.png 265w, https:\/\/www.greenpeace.org\/static\/planet4-brasil-stateless\/2020\/09\/bcc3fb36-salvador-300x340.png 300w\" sizes=\"auto, (max-width: 327px) 100vw, 327px\" \/><img loading=\"lazy\" decoding=\"async\" width=\"327\" height=\"371\" class=\"wp-image-26955\" style=\"width: 327px;\" src=\"https:\/\/www.greenpeace.org\/static\/planet4-brasil-stateless\/2020\/09\/b342873e-salvador2.png\" alt=\"\" srcset=\"https:\/\/www.greenpeace.org\/static\/planet4-brasil-stateless\/2020\/09\/b342873e-salvador2.png 526w, https:\/\/www.greenpeace.org\/static\/planet4-brasil-stateless\/2020\/09\/b342873e-salvador2-265x300.png 265w, https:\/\/www.greenpeace.org\/static\/planet4-brasil-stateless\/2020\/09\/b342873e-salvador2-300x340.png 300w\" sizes=\"auto, (max-width: 327px) 100vw, 327px\" \/><\/p>\n\n<p><strong>Porto Alegre<\/strong><\/p>\n\n<p class=\"has-text-align-center\"> <img loading=\"lazy\" decoding=\"async\" width=\"406\" height=\"403\" class=\"wp-image-26956\" style=\"width: 406px;\" src=\"https:\/\/www.greenpeace.org\/static\/planet4-brasil-stateless\/2020\/09\/0df398c7-porto-alegre2.png\" alt=\"\" srcset=\"https:\/\/www.greenpeace.org\/static\/planet4-brasil-stateless\/2020\/09\/0df398c7-porto-alegre2.png 586w, https:\/\/www.greenpeace.org\/static\/planet4-brasil-stateless\/2020\/09\/0df398c7-porto-alegre2-300x298.png 300w, https:\/\/www.greenpeace.org\/static\/planet4-brasil-stateless\/2020\/09\/0df398c7-porto-alegre2-150x150.png 150w, https:\/\/www.greenpeace.org\/static\/planet4-brasil-stateless\/2020\/09\/0df398c7-porto-alegre2-342x340.png 342w\" sizes=\"auto, (max-width: 406px) 100vw, 406px\" \/><\/p>\n\n<p class=\"has-text-align-center\"><strong>Inclusive, esse post de Porto Alegre ultrapassou as 4.500 curtidas!<\/strong><\/p>\n\n<p><strong>Fortaleza<\/strong><\/p>\n\n<p>O grupo, al\u00e9m de falar sobre a devasta\u00e7\u00e3o das florestas causada pelo fogo, apresentou dados sobre a arara-azul, que tem como maior ber\u00e7o o Pantanal. Por conta da baixa taxa de natalidade, falta de cavidades para a reprodu\u00e7\u00e3o, o clima seco e uma sequ\u00eancia de inc\u00eandios em seu habitat natural (e perda para o com\u00e9rcio clandestino), centenas de aves da esp\u00e9cie buscam ref\u00fagio nas \u00e1rvores. Nesta triste situa\u00e7\u00e3o, a arara-azul continua na lista dos animais mais vulner\u00e1veis a EXTIN\u00c7\u00c3O. \ud83d\ude41<\/p>\n\n<p class=\"has-text-align-center\">\u00a0<img loading=\"lazy\" decoding=\"async\" width=\"317\" height=\"313\" class=\"wp-image-26957\" style=\"width: 317px;\" src=\"https:\/\/www.greenpeace.org\/static\/planet4-brasil-stateless\/2020\/09\/668887a9-fortaleza2.png\" alt=\"\" srcset=\"https:\/\/www.greenpeace.org\/static\/planet4-brasil-stateless\/2020\/09\/668887a9-fortaleza2.png 590w, https:\/\/www.greenpeace.org\/static\/planet4-brasil-stateless\/2020\/09\/668887a9-fortaleza2-300x296.png 300w, https:\/\/www.greenpeace.org\/static\/planet4-brasil-stateless\/2020\/09\/668887a9-fortaleza2-345x340.png 345w\" sizes=\"auto, (max-width: 317px) 100vw, 317px\" \/><img loading=\"lazy\" decoding=\"async\" width=\"319\" height=\"318\" class=\"wp-image-26958\" style=\"width: 319px;\" src=\"https:\/\/www.greenpeace.org\/static\/planet4-brasil-stateless\/2020\/09\/3ae8683c-fortaleza3.png\" alt=\"\" srcset=\"https:\/\/www.greenpeace.org\/static\/planet4-brasil-stateless\/2020\/09\/3ae8683c-fortaleza3.png 596w, https:\/\/www.greenpeace.org\/static\/planet4-brasil-stateless\/2020\/09\/3ae8683c-fortaleza3-300x300.png 300w, https:\/\/www.greenpeace.org\/static\/planet4-brasil-stateless\/2020\/09\/3ae8683c-fortaleza3-150x150.png 150w, https:\/\/www.greenpeace.org\/static\/planet4-brasil-stateless\/2020\/09\/3ae8683c-fortaleza3-341x340.png 341w\" sizes=\"auto, (max-width: 319px) 100vw, 319px\" \/><\/p>\n\n<p class=\"has-text-align-center\"><img loading=\"lazy\" decoding=\"async\" width=\"725\" height=\"243\" class=\"wp-image-26959\" style=\"width: 725px;\" src=\"https:\/\/www.greenpeace.org\/static\/planet4-brasil-stateless\/2020\/09\/e05067da-encontros.png\" alt=\"\" srcset=\"https:\/\/www.greenpeace.org\/static\/planet4-brasil-stateless\/2020\/09\/e05067da-encontros.png 1915w, https:\/\/www.greenpeace.org\/static\/planet4-brasil-stateless\/2020\/09\/e05067da-encontros-300x101.png 300w, https:\/\/www.greenpeace.org\/static\/planet4-brasil-stateless\/2020\/09\/e05067da-encontros-1024x344.png 1024w, https:\/\/www.greenpeace.org\/static\/planet4-brasil-stateless\/2020\/09\/e05067da-encontros-768x258.png 768w, https:\/\/www.greenpeace.org\/static\/planet4-brasil-stateless\/2020\/09\/e05067da-encontros-1536x516.png 1536w, https:\/\/www.greenpeace.org\/static\/planet4-brasil-stateless\/2020\/09\/e05067da-encontros-510x171.png 510w\" sizes=\"auto, (max-width: 725px) 100vw, 725px\" \/><\/p>\n\n<p><strong>10\/09 &#8211; 1\u00b0 palestra online do Projeto Escola (PE)<\/strong><\/p>\n\n<p>O grupo de Porto Alegre inaugurou a nova era do PE, agora remota e adaptada aos tempos atuais. Os volunt\u00e1rios e volunt\u00e1rias falaram com os alunos do 5\u00b0 ano da Escola Municipal de Ensino Fundamental Professor An\u00edsio Teixeira.&nbsp;<\/p>\n\n<p>Biomas brasileiros, Amaz\u00f4nia legal, a import\u00e2ncia da preserva\u00e7\u00e3o das florestas, causas e consequ\u00eancias das queimadas na Amaz\u00f4nia, Cerrado e Pantanal Mato-Grossense, campanhas do Greenpeace sobre preserva\u00e7\u00e3o ambiental, sustentabilidade e pegada ecol\u00f3gica foram as tem\u00e1ticas abordadas durante a apresenta\u00e7\u00e3o.\u00a0<\/p>\n\n<p class=\"has-text-align-center\"><img loading=\"lazy\" decoding=\"async\" width=\"595\" height=\"214\" class=\"wp-image-26960\" style=\"width: 595px;\" src=\"https:\/\/www.greenpeace.org\/static\/planet4-brasil-stateless\/2020\/09\/f2b2e52e-porto-alegre.jpg\" alt=\"\" srcset=\"https:\/\/www.greenpeace.org\/static\/planet4-brasil-stateless\/2020\/09\/f2b2e52e-porto-alegre.jpg 1277w, https:\/\/www.greenpeace.org\/static\/planet4-brasil-stateless\/2020\/09\/f2b2e52e-porto-alegre-300x108.jpg 300w, https:\/\/www.greenpeace.org\/static\/planet4-brasil-stateless\/2020\/09\/f2b2e52e-porto-alegre-1024x368.jpg 1024w, https:\/\/www.greenpeace.org\/static\/planet4-brasil-stateless\/2020\/09\/f2b2e52e-porto-alegre-768x276.jpg 768w, https:\/\/www.greenpeace.org\/static\/planet4-brasil-stateless\/2020\/09\/f2b2e52e-porto-alegre-510x183.jpg 510w\" sizes=\"auto, (max-width: 595px) 100vw, 595px\" \/><\/p>\n\n<p class=\"has-text-align-center\"><img loading=\"lazy\" decoding=\"async\" width=\"748\" height=\"211\" class=\"wp-image-26961\" style=\"width: 748px;\" src=\"https:\/\/www.greenpeace.org\/static\/planet4-brasil-stateless\/2020\/09\/3f0ae934-datas-especiais.png\" alt=\"\" srcset=\"https:\/\/www.greenpeace.org\/static\/planet4-brasil-stateless\/2020\/09\/3f0ae934-datas-especiais.png 2041w, https:\/\/www.greenpeace.org\/static\/planet4-brasil-stateless\/2020\/09\/3f0ae934-datas-especiais-300x85.png 300w, https:\/\/www.greenpeace.org\/static\/planet4-brasil-stateless\/2020\/09\/3f0ae934-datas-especiais-1024x288.png 1024w, https:\/\/www.greenpeace.org\/static\/planet4-brasil-stateless\/2020\/09\/3f0ae934-datas-especiais-768x216.png 768w, https:\/\/www.greenpeace.org\/static\/planet4-brasil-stateless\/2020\/09\/3f0ae934-datas-especiais-1536x433.png 1536w, https:\/\/www.greenpeace.org\/static\/planet4-brasil-stateless\/2020\/09\/3f0ae934-datas-especiais-510x144.png 510w\" sizes=\"auto, (max-width: 748px) 100vw, 748px\" \/><\/p>\n\n<p><strong>09\/09 &#8211; Dia do Veterin\u00e1rio &lt;3<\/strong><\/p>\n\n<p>Os voluntas de Jo\u00e3o Pessoa, grupo ainda em forma\u00e7\u00e3o, homenagearam todos os profissionais que dedicam-se fielmente a salvar a vida dos animais &#8211; que a gente tanto ama e precisa &lt;3<\/p>\n\n<p>Vale lembrar que os animais devem sempre ter direito \u00e0 assist\u00eancia m\u00e9dica, independente da origem. <\/p>\n\n<p class=\"has-text-align-center\"><img loading=\"lazy\" decoding=\"async\" width=\"389\" height=\"392\" class=\"wp-image-26962\" style=\"width: 389px;\" src=\"https:\/\/www.greenpeace.org\/static\/planet4-brasil-stateless\/2020\/09\/4caf9926-joao-pessoa.png\" alt=\"\" srcset=\"https:\/\/www.greenpeace.org\/static\/planet4-brasil-stateless\/2020\/09\/4caf9926-joao-pessoa.png 594w, https:\/\/www.greenpeace.org\/static\/planet4-brasil-stateless\/2020\/09\/4caf9926-joao-pessoa-298x300.png 298w, https:\/\/www.greenpeace.org\/static\/planet4-brasil-stateless\/2020\/09\/4caf9926-joao-pessoa-150x150.png 150w, https:\/\/www.greenpeace.org\/static\/planet4-brasil-stateless\/2020\/09\/4caf9926-joao-pessoa-338x340.png 338w\" sizes=\"auto, (max-width: 389px) 100vw, 389px\" \/><\/p>\n\n<p><strong>11\/09- Dia do Cerrado<\/strong><\/p>\n\n<p>Apesar de o foco da semana ter sido o Pantanal, os voluntas separaram um tempinho para falar sobre outro bioma important\u00edssimo, que por sinal \u00e9 o segundo maior da Am\u00e9rica Latina.&nbsp;<\/p>\n\n<p>Conhecido como a savana mais rica do mundo, o Cerrado abriga mais de 13.000 esp\u00e9cies identificadas, sendo estas animais e vegetais. E diante de tantas tentativas de invas\u00e3o e destrui\u00e7\u00e3o a esse bioma t\u00e3o precioso, nada mais justo do que conscientizar a todes que cuidar da biodiversidade e dos povos que habitam esses territ\u00f3rios \u00e9 cuidar da nossa pr\u00f3pria exist\u00eancia.&nbsp;<\/p>\n\n<p>Ent\u00e3o vem ver o que cada grupo compartilhou:&nbsp;<\/p>\n\n<p><strong>Belo Horizonte:<\/strong><\/p>\n\n<p class=\"has-text-align-center\"> <img loading=\"lazy\" decoding=\"async\" width=\"402\" height=\"399\" class=\"wp-image-26963\" style=\"width: 402px;\" src=\"https:\/\/www.greenpeace.org\/static\/planet4-brasil-stateless\/2020\/09\/a41efc6e-belo-horizonte4.png\" alt=\"\" srcset=\"https:\/\/www.greenpeace.org\/static\/planet4-brasil-stateless\/2020\/09\/a41efc6e-belo-horizonte4.png 596w, https:\/\/www.greenpeace.org\/static\/planet4-brasil-stateless\/2020\/09\/a41efc6e-belo-horizonte4-300x298.png 300w, https:\/\/www.greenpeace.org\/static\/planet4-brasil-stateless\/2020\/09\/a41efc6e-belo-horizonte4-150x150.png 150w, https:\/\/www.greenpeace.org\/static\/planet4-brasil-stateless\/2020\/09\/a41efc6e-belo-horizonte4-342x340.png 342w\" sizes=\"auto, (max-width: 402px) 100vw, 402px\" \/><\/p>\n\n<p>Os voluntas tamb\u00e9m compartilharam um <a href=\"https:\/\/www.instagram.com\/p\/CFArawUnzA7\/\"><strong>v\u00eddeo super did\u00e1tico<\/strong><\/a> e din\u00e2mico pra voc\u00ea que quer entender a rela\u00e7\u00e3o do Cerrado com os outros biomas brasileiros e seu funcionamento.\u00a0<\/p>\n\n<p class=\"has-text-align-center\"><img loading=\"lazy\" decoding=\"async\" width=\"457\" height=\"260\" class=\"wp-image-26964\" style=\"width: 457px;\" src=\"https:\/\/www.greenpeace.org\/static\/planet4-brasil-stateless\/2020\/09\/74e3edc9-belo-horizonte5.png\" alt=\"\" srcset=\"https:\/\/www.greenpeace.org\/static\/planet4-brasil-stateless\/2020\/09\/74e3edc9-belo-horizonte5.png 376w, https:\/\/www.greenpeace.org\/static\/planet4-brasil-stateless\/2020\/09\/74e3edc9-belo-horizonte5-300x171.png 300w\" sizes=\"auto, (max-width: 457px) 100vw, 457px\" \/><\/p>\n\n<p>E para encerrar, o grupo mineiro falou sobre algumas curiosidades do bioma. Inclusive, sabia que o espa\u00e7o ocupado pelo Cerrado equivale \u00e0 soma das \u00e1reas da Espanha, Fran\u00e7a, Alemanha, It\u00e1lia e Inglaterra? <\/p>\n\n<p class=\"has-text-align-center\"><img loading=\"lazy\" decoding=\"async\" width=\"397\" height=\"397\" class=\"wp-image-26965\" style=\"width: 397px;\" src=\"https:\/\/www.greenpeace.org\/static\/planet4-brasil-stateless\/2020\/09\/3ea4f3f8-belo-horizonte6.png\" alt=\"\" srcset=\"https:\/\/www.greenpeace.org\/static\/planet4-brasil-stateless\/2020\/09\/3ea4f3f8-belo-horizonte6.png 596w, https:\/\/www.greenpeace.org\/static\/planet4-brasil-stateless\/2020\/09\/3ea4f3f8-belo-horizonte6-300x300.png 300w, https:\/\/www.greenpeace.org\/static\/planet4-brasil-stateless\/2020\/09\/3ea4f3f8-belo-horizonte6-150x150.png 150w, https:\/\/www.greenpeace.org\/static\/planet4-brasil-stateless\/2020\/09\/3ea4f3f8-belo-horizonte6-340x340.png 340w\" sizes=\"auto, (max-width: 397px) 100vw, 397px\" \/><\/p>\n\n<p><strong>Salvador:<\/strong><\/p>\n\n<p class=\"has-text-align-center\"><img loading=\"lazy\" decoding=\"async\" width=\"430\" height=\"423\" class=\"wp-image-26968\" style=\"width: 430px;\" src=\"https:\/\/www.greenpeace.org\/static\/planet4-brasil-stateless\/2020\/09\/6ef5c711-salvador3.png\" alt=\"\" srcset=\"https:\/\/www.greenpeace.org\/static\/planet4-brasil-stateless\/2020\/09\/6ef5c711-salvador3.png 596w, https:\/\/www.greenpeace.org\/static\/planet4-brasil-stateless\/2020\/09\/6ef5c711-salvador3-300x295.png 300w, https:\/\/www.greenpeace.org\/static\/planet4-brasil-stateless\/2020\/09\/6ef5c711-salvador3-346x340.png 346w\" sizes=\"auto, (max-width: 430px) 100vw, 430px\" \/><\/p>\n\n<p><strong>Recife:<\/strong><\/p>\n\n<p class=\"has-text-align-center\"><strong>\u00a0<\/strong><img loading=\"lazy\" decoding=\"async\" width=\"383\" height=\"382\" class=\"wp-image-26969\" style=\"width: 383px;\" src=\"https:\/\/www.greenpeace.org\/static\/planet4-brasil-stateless\/2020\/09\/1a287dd6-recife2.png\" alt=\"\" srcset=\"https:\/\/www.greenpeace.org\/static\/planet4-brasil-stateless\/2020\/09\/1a287dd6-recife2.png 594w, https:\/\/www.greenpeace.org\/static\/planet4-brasil-stateless\/2020\/09\/1a287dd6-recife2-300x300.png 300w, https:\/\/www.greenpeace.org\/static\/planet4-brasil-stateless\/2020\/09\/1a287dd6-recife2-150x150.png 150w, https:\/\/www.greenpeace.org\/static\/planet4-brasil-stateless\/2020\/09\/1a287dd6-recife2-341x340.png 341w\" sizes=\"auto, (max-width: 383px) 100vw, 383px\" \/><img loading=\"lazy\" decoding=\"async\" width=\"381\" height=\"382\" class=\"wp-image-26970\" style=\"width: 381px;\" src=\"https:\/\/www.greenpeace.org\/static\/planet4-brasil-stateless\/2020\/09\/e61d5cde-recife3.png\" alt=\"\" srcset=\"https:\/\/www.greenpeace.org\/static\/planet4-brasil-stateless\/2020\/09\/e61d5cde-recife3.png 596w, https:\/\/www.greenpeace.org\/static\/planet4-brasil-stateless\/2020\/09\/e61d5cde-recife3-300x300.png 300w, https:\/\/www.greenpeace.org\/static\/planet4-brasil-stateless\/2020\/09\/e61d5cde-recife3-150x150.png 150w, https:\/\/www.greenpeace.org\/static\/planet4-brasil-stateless\/2020\/09\/e61d5cde-recife3-339x340.png 339w\" sizes=\"auto, (max-width: 381px) 100vw, 381px\" \/><\/p>\n\n<p>Em Goi\u00e2nia, os voluntas produziram uma sequ\u00eancia de v\u00eddeos &#8211; um mais incr\u00edvel que o outro, tamb\u00e9m falando de Cerrado e chamando todes para a\u00e7\u00e3o; afinal, o meio ambiente n\u00e3o espera, n\u00e9? Voc\u00ea confere todos os v\u00eddeos e demais conte\u00fados no<a href=\"https:\/\/www.instagram.com\/gpbr.goiania\/\"> <strong>instagram oficial do grupo \ud83d\ude42<\/strong><\/a><\/p>\n\n<p class=\"has-text-align-center\"> <img loading=\"lazy\" decoding=\"async\" width=\"259\" height=\"447\" class=\"wp-image-26971\" style=\"width: 259px;\" src=\"https:\/\/www.greenpeace.org\/static\/planet4-brasil-stateless\/2020\/09\/d4ed03b9-goiania.png\" alt=\"\" srcset=\"https:\/\/www.greenpeace.org\/static\/planet4-brasil-stateless\/2020\/09\/d4ed03b9-goiania.png 330w, https:\/\/www.greenpeace.org\/static\/planet4-brasil-stateless\/2020\/09\/d4ed03b9-goiania-174x300.png 174w, https:\/\/www.greenpeace.org\/static\/planet4-brasil-stateless\/2020\/09\/d4ed03b9-goiania-197x340.png 197w\" sizes=\"auto, (max-width: 259px) 100vw, 259px\" \/><img loading=\"lazy\" decoding=\"async\" width=\"255\" height=\"449\" class=\"wp-image-26972\" style=\"width: 255px;\" src=\"https:\/\/www.greenpeace.org\/static\/planet4-brasil-stateless\/2020\/09\/85f19853-goiania2.png\" alt=\"\" srcset=\"https:\/\/www.greenpeace.org\/static\/planet4-brasil-stateless\/2020\/09\/85f19853-goiania2.png 334w, https:\/\/www.greenpeace.org\/static\/planet4-brasil-stateless\/2020\/09\/85f19853-goiania2-170x300.png 170w, https:\/\/www.greenpeace.org\/static\/planet4-brasil-stateless\/2020\/09\/85f19853-goiania2-193x340.png 193w\" sizes=\"auto, (max-width: 255px) 100vw, 255px\" \/><\/p>\n\n<p><strong>Jo\u00e3o Pessoa:<\/strong><\/p>\n\n<p class=\"has-text-align-center\"> <img loading=\"lazy\" decoding=\"async\" width=\"411\" height=\"407\" class=\"wp-image-26973\" style=\"width: 411px;\" src=\"https:\/\/www.greenpeace.org\/static\/planet4-brasil-stateless\/2020\/09\/485311c9-joao-pessoa2.png\" alt=\"\" srcset=\"https:\/\/www.greenpeace.org\/static\/planet4-brasil-stateless\/2020\/09\/485311c9-joao-pessoa2.png 592w, https:\/\/www.greenpeace.org\/static\/planet4-brasil-stateless\/2020\/09\/485311c9-joao-pessoa2-300x297.png 300w, https:\/\/www.greenpeace.org\/static\/planet4-brasil-stateless\/2020\/09\/485311c9-joao-pessoa2-150x150.png 150w, https:\/\/www.greenpeace.org\/static\/planet4-brasil-stateless\/2020\/09\/485311c9-joao-pessoa2-343x340.png 343w\" sizes=\"auto, (max-width: 411px) 100vw, 411px\" \/><\/p>\n\n<p>E para encerrar a semana repleta de eventos e conte\u00fados exclusivos sobre o Cerrado, o grupo de Bras\u00edlia divulgou um <a href=\"https:\/\/www.instagram.com\/p\/CFAyf3XHz-x\/\"><strong>v\u00eddeo<\/strong><\/a> maravilhoso, produzido a m\u00e3os de muitos voluntas juntes.<\/p>\n\n<p><em>\u201cQue este v\u00eddeo possa nos inspirar em defesa da conserva\u00e7\u00e3o e preserva\u00e7\u00e3o do bioma, para que as futuras gera\u00e7\u00f5es possam apreciar suas belezas.\u201d, disse o grupo.<\/em><\/p>\n\n<p class=\"has-text-align-center\"> <img loading=\"lazy\" decoding=\"async\" width=\"468\" height=\"269\" class=\"wp-image-26974\" style=\"width: 468px;\" src=\"https:\/\/www.greenpeace.org\/static\/planet4-brasil-stateless\/2020\/09\/9808d1bf-brasilia.png\" alt=\"\" srcset=\"https:\/\/www.greenpeace.org\/static\/planet4-brasil-stateless\/2020\/09\/9808d1bf-brasilia.png 324w, https:\/\/www.greenpeace.org\/static\/planet4-brasil-stateless\/2020\/09\/9808d1bf-brasilia-300x172.png 300w\" sizes=\"auto, (max-width: 468px) 100vw, 468px\" \/> <\/p>\n\n<p class=\"has-text-align-center\"><img loading=\"lazy\" decoding=\"async\" width=\"780\" height=\"258\" class=\"wp-image-26975\" style=\"width: 780px;\" src=\"https:\/\/www.greenpeace.org\/static\/planet4-brasil-stateless\/2020\/09\/ec4b934a-lives-da-semana.png\" alt=\"\" srcset=\"https:\/\/www.greenpeace.org\/static\/planet4-brasil-stateless\/2020\/09\/ec4b934a-lives-da-semana.png 1909w, https:\/\/www.greenpeace.org\/static\/planet4-brasil-stateless\/2020\/09\/ec4b934a-lives-da-semana-300x99.png 300w, https:\/\/www.greenpeace.org\/static\/planet4-brasil-stateless\/2020\/09\/ec4b934a-lives-da-semana-1024x338.png 1024w, https:\/\/www.greenpeace.org\/static\/planet4-brasil-stateless\/2020\/09\/ec4b934a-lives-da-semana-768x254.png 768w, https:\/\/www.greenpeace.org\/static\/planet4-brasil-stateless\/2020\/09\/ec4b934a-lives-da-semana-1536x508.png 1536w, https:\/\/www.greenpeace.org\/static\/planet4-brasil-stateless\/2020\/09\/ec4b934a-lives-da-semana-510x169.png 510w\" sizes=\"auto, (max-width: 780px) 100vw, 780px\" \/><\/p>\n\n<p><strong>13\/09 &#8211; Conversando com o Greenpeace Brasil<\/strong><\/p>\n\n<p>O grupo de Cariri, ainda em forma\u00e7\u00e3o, convidou Rafael Ferraz, Desenvolvedor de Comunidades da Organiza\u00e7\u00e3o, para uma roda de conversa focada em voluntariado e engajamento. O bate-papo tamb\u00e9m levantou quest\u00f5es relacionadas ao meio ambiente, ao trabalho do Greenpeace e \u00e0s formas de mobiliza\u00e7\u00e3o. A media\u00e7\u00e3o ficou por conta da Ana Isabel, volunta do grupo.<\/p>\n\n<p><em>&#8220;Para mim foi uma experi\u00eancia muito rica poder, ainda que de forma online, entrar em contato com os volunt\u00e1rios e volunt\u00e1rias do grupo em forma\u00e7\u00e3o e ter a chance de nos aproximarmos e conversarmos sobre a atua\u00e7\u00e3o do Greenpeace tanto local, quanto globalmente&#8221;<\/em>, contou o Rafa.<\/p>\n\n<p class=\"has-text-align-center\"> <img loading=\"lazy\" decoding=\"async\" width=\"384\" height=\"380\" class=\"wp-image-26976\" style=\"width: 384px;\" src=\"https:\/\/www.greenpeace.org\/static\/planet4-brasil-stateless\/2020\/09\/e28dd401-cariri.png\" alt=\"\" srcset=\"https:\/\/www.greenpeace.org\/static\/planet4-brasil-stateless\/2020\/09\/e28dd401-cariri.png 598w, https:\/\/www.greenpeace.org\/static\/planet4-brasil-stateless\/2020\/09\/e28dd401-cariri-300x297.png 300w, https:\/\/www.greenpeace.org\/static\/planet4-brasil-stateless\/2020\/09\/e28dd401-cariri-343x340.png 343w\" sizes=\"auto, (max-width: 384px) 100vw, 384px\" \/><\/p>\n\n<p><strong>15\/09 &#8211; Desmatamento no Cerrado e impactos nos territ\u00f3rios tradicionais<\/strong><\/p>\n\n<p>Integrante da semana do Cerrado, o evento contou com a participa\u00e7\u00e3o de S\u00e9rgio Sauer, professor da Universidade de Bras\u00edlia. A roda de conversa voltou-se para a quest\u00e3o do alto \u00edndice de desmatamento do Cerrado e como as popula\u00e7\u00f5es ind\u00edgenas, que habitam esses territ\u00f3rios, t\u00eam sofrido as graves consequ\u00eancias da destrui\u00e7\u00e3o e descaso.<\/p>\n\n<p class=\"has-text-align-center\">\u00a0 <img loading=\"lazy\" decoding=\"async\" width=\"414\" height=\"408\" class=\"wp-image-26977\" style=\"width: 414px;\" src=\"https:\/\/www.greenpeace.org\/static\/planet4-brasil-stateless\/2020\/09\/53dab9bf-bras\u00edlia2.png\" alt=\"\" srcset=\"https:\/\/www.greenpeace.org\/static\/planet4-brasil-stateless\/2020\/09\/53dab9bf-bras\u00edlia2.png 594w, https:\/\/www.greenpeace.org\/static\/planet4-brasil-stateless\/2020\/09\/53dab9bf-bras\u00edlia2-300x296.png 300w, https:\/\/www.greenpeace.org\/static\/planet4-brasil-stateless\/2020\/09\/53dab9bf-bras\u00edlia2-345x340.png 345w\" sizes=\"auto, (max-width: 414px) 100vw, 414px\" \/><\/p>\n\n<p class=\"has-text-align-center\"><img loading=\"lazy\" decoding=\"async\" width=\"750\" height=\"237\" class=\"wp-image-26978\" style=\"width: 750px;\" src=\"https:\/\/www.greenpeace.org\/static\/planet4-brasil-stateless\/2020\/09\/24b51a9c-den\u00fancias.png\" alt=\"\" srcset=\"https:\/\/www.greenpeace.org\/static\/planet4-brasil-stateless\/2020\/09\/24b51a9c-den\u00fancias.png 1909w, https:\/\/www.greenpeace.org\/static\/planet4-brasil-stateless\/2020\/09\/24b51a9c-den\u00fancias-300x95.png 300w, https:\/\/www.greenpeace.org\/static\/planet4-brasil-stateless\/2020\/09\/24b51a9c-den\u00fancias-1024x323.png 1024w, https:\/\/www.greenpeace.org\/static\/planet4-brasil-stateless\/2020\/09\/24b51a9c-den\u00fancias-768x243.png 768w, https:\/\/www.greenpeace.org\/static\/planet4-brasil-stateless\/2020\/09\/24b51a9c-den\u00fancias-1536x485.png 1536w, https:\/\/www.greenpeace.org\/static\/planet4-brasil-stateless\/2020\/09\/24b51a9c-den\u00fancias-510x161.png 510w\" sizes=\"auto, (max-width: 750px) 100vw, 750px\" \/><\/p>\n\n<p>Em Salvador, os volunt\u00e1rios e volunt\u00e1rias continuam se mobilizando com indigna\u00e7\u00e3o perante as in\u00fameras tentativas de invas\u00e3o \u00e0s terras do <a href=\"http:\/\/@quingomaquilombo\"><strong>Quilombo Quingoma<\/strong><\/a>. No epis\u00f3dio mais recente, marcas de tiro foram encontradas na placa de identifica\u00e7\u00e3o do territ\u00f3rio.&nbsp;<\/p>\n\n<p>Essa \u00e9 uma amea\u00e7a n\u00e3o s\u00f3 \u00e0s comunidades que ali vivem, como tamb\u00e9m a toda a biodiversidade existente; afinal, os potenciais invasores possuem interesses econ\u00f4micos ecocidas.<\/p>\n\n<p class=\"has-text-align-center\">\u00a0<img loading=\"lazy\" decoding=\"async\" width=\"333\" height=\"337\" class=\"wp-image-26979\" style=\"width: 333px;\" src=\"https:\/\/www.greenpeace.org\/static\/planet4-brasil-stateless\/2020\/09\/e8cc6049-salvador4.png\" alt=\"\" srcset=\"https:\/\/www.greenpeace.org\/static\/planet4-brasil-stateless\/2020\/09\/e8cc6049-salvador4.png 598w, https:\/\/www.greenpeace.org\/static\/planet4-brasil-stateless\/2020\/09\/e8cc6049-salvador4-296x300.png 296w, https:\/\/www.greenpeace.org\/static\/planet4-brasil-stateless\/2020\/09\/e8cc6049-salvador4-336x340.png 336w\" sizes=\"auto, (max-width: 333px) 100vw, 333px\" \/><img loading=\"lazy\" decoding=\"async\" width=\"327\" height=\"337\" class=\"wp-image-26980\" style=\"width: 327px;\" src=\"https:\/\/www.greenpeace.org\/static\/planet4-brasil-stateless\/2020\/09\/463cc306-salvador5.png\" alt=\"\" srcset=\"https:\/\/www.greenpeace.org\/static\/planet4-brasil-stateless\/2020\/09\/463cc306-salvador5.png 590w, https:\/\/www.greenpeace.org\/static\/planet4-brasil-stateless\/2020\/09\/463cc306-salvador5-291x300.png 291w, https:\/\/www.greenpeace.org\/static\/planet4-brasil-stateless\/2020\/09\/463cc306-salvador5-330x340.png 330w\" sizes=\"auto, (max-width: 327px) 100vw, 327px\" \/><\/p>\n\n<p class=\"has-text-align-center\"><img loading=\"lazy\" decoding=\"async\" width=\"709\" height=\"225\" class=\"wp-image-26981\" style=\"width: 709px;\" src=\"https:\/\/www.greenpeace.org\/static\/planet4-brasil-stateless\/2020\/09\/ebe77849-dicas.png\" alt=\"\" srcset=\"https:\/\/www.greenpeace.org\/static\/planet4-brasil-stateless\/2020\/09\/ebe77849-dicas.png 1915w, https:\/\/www.greenpeace.org\/static\/planet4-brasil-stateless\/2020\/09\/ebe77849-dicas-300x95.png 300w, https:\/\/www.greenpeace.org\/static\/planet4-brasil-stateless\/2020\/09\/ebe77849-dicas-1024x326.png 1024w, https:\/\/www.greenpeace.org\/static\/planet4-brasil-stateless\/2020\/09\/ebe77849-dicas-768x244.png 768w, https:\/\/www.greenpeace.org\/static\/planet4-brasil-stateless\/2020\/09\/ebe77849-dicas-1536x488.png 1536w, https:\/\/www.greenpeace.org\/static\/planet4-brasil-stateless\/2020\/09\/ebe77849-dicas-510x162.png 510w\" sizes=\"auto, (max-width: 709px) 100vw, 709px\" \/><\/p>\n\n<p>Filme bom que ainda fala de temas ambientais? <a href=\"https:\/\/www.youtube.com\/watch?v=m5wGJ5Fbtjs\"><strong>N\u00e3o gosto, eu amo!<\/strong><\/a><\/p>\n\n<p>A indica\u00e7\u00e3o da semana \u00e9 o document\u00e1rio &#8220;The True Cost&#8221;, produ\u00e7\u00e3o francesa dirigida por Andrew Morgan. O longa, trazido pelo grupo de Recife, aborda a realidade por tr\u00e1s da ind\u00fastria da moda, incluindo explora\u00e7\u00e3o de recursos ambientais e desvaloriza\u00e7\u00e3o do trabalho. <strong><a href=\"https:\/\/www.youtube.com\/watch?v=DjncKUmpOZk\">Aqui voc\u00ea encontra o trailer \ud83d\ude42\u00a0<\/a><\/strong> <\/p>\n\n<p class=\"has-text-align-center\"><img loading=\"lazy\" decoding=\"async\" width=\"312\" height=\"313\" class=\"wp-image-26982\" style=\"width: 312px;\" src=\"https:\/\/www.greenpeace.org\/static\/planet4-brasil-stateless\/2020\/09\/0b102fe1-recife.png\" alt=\"\" srcset=\"https:\/\/www.greenpeace.org\/static\/planet4-brasil-stateless\/2020\/09\/0b102fe1-recife.png 592w, https:\/\/www.greenpeace.org\/static\/planet4-brasil-stateless\/2020\/09\/0b102fe1-recife-300x300.png 300w, https:\/\/www.greenpeace.org\/static\/planet4-brasil-stateless\/2020\/09\/0b102fe1-recife-150x150.png 150w, https:\/\/www.greenpeace.org\/static\/planet4-brasil-stateless\/2020\/09\/0b102fe1-recife-339x340.png 339w\" sizes=\"auto, (max-width: 312px) 100vw, 312px\" \/><\/p>\n\n<p>J\u00e1 o grupo de Porto Alegre mostrou aos seguidores que d\u00e1 pra diminuir o consumo de pl\u00e1stico em pequenas tarefas do dia a dia. A escova de bambu, por exemplo, \u00e9 uma forma sustent\u00e1vel de consumo, j\u00e1 que costumamos comprar, durante o ano, dezenas de escovas de pl\u00e1stico, n\u00e9?<\/p>\n\n<p>Lembrando que esse material, corriqueiramente usado pela maioria da popula\u00e7\u00e3o global, demora mais de <strong>400 ANOS<\/strong> para se decompor na natureza, enquanto as de bambu levam em torno de 30 anos. Bem melhor, n\u00e3o \u00e9? <\/p>\n\n<p class=\"has-text-align-center\"><img loading=\"lazy\" decoding=\"async\" width=\"398\" height=\"395\" class=\"wp-image-26984\" style=\"width: 398px;\" src=\"https:\/\/www.greenpeace.org\/static\/planet4-brasil-stateless\/2020\/09\/73679183-porto-alegre3.png\" alt=\"\" srcset=\"https:\/\/www.greenpeace.org\/static\/planet4-brasil-stateless\/2020\/09\/73679183-porto-alegre3.png 596w, https:\/\/www.greenpeace.org\/static\/planet4-brasil-stateless\/2020\/09\/73679183-porto-alegre3-300x298.png 300w, https:\/\/www.greenpeace.org\/static\/planet4-brasil-stateless\/2020\/09\/73679183-porto-alegre3-150x150.png 150w, https:\/\/www.greenpeace.org\/static\/planet4-brasil-stateless\/2020\/09\/73679183-porto-alegre3-342x340.png 342w\" sizes=\"auto, (max-width: 398px) 100vw, 398px\" \/><\/p>\n\n<p class=\"has-text-align-center\"><img loading=\"lazy\" decoding=\"async\" width=\"741\" height=\"219\" class=\"wp-image-26985\" style=\"width: 741px;\" src=\"https:\/\/www.greenpeace.org\/static\/planet4-brasil-stateless\/2020\/09\/b26124cd-segunda-sem-carne.png\" alt=\"\" srcset=\"https:\/\/www.greenpeace.org\/static\/planet4-brasil-stateless\/2020\/09\/b26124cd-segunda-sem-carne.png 1913w, https:\/\/www.greenpeace.org\/static\/planet4-brasil-stateless\/2020\/09\/b26124cd-segunda-sem-carne-300x89.png 300w, https:\/\/www.greenpeace.org\/static\/planet4-brasil-stateless\/2020\/09\/b26124cd-segunda-sem-carne-1024x302.png 1024w, https:\/\/www.greenpeace.org\/static\/planet4-brasil-stateless\/2020\/09\/b26124cd-segunda-sem-carne-768x227.png 768w, https:\/\/www.greenpeace.org\/static\/planet4-brasil-stateless\/2020\/09\/b26124cd-segunda-sem-carne-1536x454.png 1536w, https:\/\/www.greenpeace.org\/static\/planet4-brasil-stateless\/2020\/09\/b26124cd-segunda-sem-carne-510x151.png 510w\" sizes=\"auto, (max-width: 741px) 100vw, 741px\" \/><\/p>\n\n<p>Saco vazio n\u00e3o para de p\u00e9, e ningu\u00e9m combate o desmatamento e o sistema ecocida com fome, ent\u00e3o vem ver as receitas sustent\u00e1veis para te sustentar no ativismo:<\/p>\n\n<p><a href=\"https:\/\/www.instagram.com\/p\/CFHaXjTHLni\/\"><strong>Torta de legumes &#8211; Salvador &lt;3<\/strong><\/a><\/p>\n\n<p class=\"has-text-align-center\"><a href=\"https:\/\/www.instagram.com\/p\/CFHaXjTHLni\/\"><strong>\u00a0<\/strong><\/a><img loading=\"lazy\" decoding=\"async\" width=\"338\" height=\"339\" class=\"wp-image-26987\" style=\"width: 338px;\" src=\"https:\/\/www.greenpeace.org\/static\/planet4-brasil-stateless\/2020\/09\/677bbac5-salvador6.png\" alt=\"\" srcset=\"https:\/\/www.greenpeace.org\/static\/planet4-brasil-stateless\/2020\/09\/677bbac5-salvador6.png 598w, https:\/\/www.greenpeace.org\/static\/planet4-brasil-stateless\/2020\/09\/677bbac5-salvador6-300x300.png 300w, https:\/\/www.greenpeace.org\/static\/planet4-brasil-stateless\/2020\/09\/677bbac5-salvador6-150x150.png 150w, https:\/\/www.greenpeace.org\/static\/planet4-brasil-stateless\/2020\/09\/677bbac5-salvador6-339x340.png 339w\" sizes=\"auto, (max-width: 338px) 100vw, 338px\" \/><\/p>\n\n<p><a href=\"https:\/\/www.instagram.com\/p\/CFHpKPonYMo\/\"><strong>Sopa de cenoura cremosa com feij\u00e3o branco &#8211; Recife &lt;3<\/strong><\/a><\/p>\n\n<p class=\"has-text-align-center\"><a href=\"https:\/\/www.instagram.com\/p\/CFHpKPonYMo\/\"><strong>\u00a0<\/strong><\/a><img loading=\"lazy\" decoding=\"async\" width=\"332\" height=\"331\" class=\"wp-image-26988\" style=\"width: 332px;\" src=\"https:\/\/www.greenpeace.org\/static\/planet4-brasil-stateless\/2020\/09\/51a04371-recife4.png\" alt=\"\" srcset=\"https:\/\/www.greenpeace.org\/static\/planet4-brasil-stateless\/2020\/09\/51a04371-recife4.png 596w, https:\/\/www.greenpeace.org\/static\/planet4-brasil-stateless\/2020\/09\/51a04371-recife4-300x300.png 300w, https:\/\/www.greenpeace.org\/static\/planet4-brasil-stateless\/2020\/09\/51a04371-recife4-150x150.png 150w, https:\/\/www.greenpeace.org\/static\/planet4-brasil-stateless\/2020\/09\/51a04371-recife4-341x340.png 341w\" sizes=\"auto, (max-width: 332px) 100vw, 332px\" \/><\/p>\n\n<p><a href=\"https:\/\/www.instagram.com\/p\/CFHZqcbnk9v\/\"><strong>Ovo crocante &#8211; Litoral Norte\/RS &lt;3<\/strong><\/a><\/p>\n\n<p class=\"has-text-align-center\"><a href=\"https:\/\/www.instagram.com\/p\/CFHZqcbnk9v\/\"><strong>\u00a0<\/strong><\/a><img loading=\"lazy\" decoding=\"async\" width=\"446\" height=\"228\" class=\"wp-image-26989\" style=\"width: 446px;\" src=\"https:\/\/www.greenpeace.org\/static\/planet4-brasil-stateless\/2020\/09\/46ec606e-litoral-norte.png\" alt=\"\" srcset=\"https:\/\/www.greenpeace.org\/static\/planet4-brasil-stateless\/2020\/09\/46ec606e-litoral-norte.png 574w, https:\/\/www.greenpeace.org\/static\/planet4-brasil-stateless\/2020\/09\/46ec606e-litoral-norte-300x154.png 300w, https:\/\/www.greenpeace.org\/static\/planet4-brasil-stateless\/2020\/09\/46ec606e-litoral-norte-510x261.png 510w\" sizes=\"auto, (max-width: 446px) 100vw, 446px\" \/><\/p>\n\n<p class=\"has-text-align-center\"><img loading=\"lazy\" decoding=\"async\" width=\"744\" height=\"219\" class=\"wp-image-26990\" style=\"width: 744px;\" src=\"https:\/\/www.greenpeace.org\/static\/planet4-brasil-stateless\/2020\/09\/92757321-tbt.png\" alt=\"\" srcset=\"https:\/\/www.greenpeace.org\/static\/planet4-brasil-stateless\/2020\/09\/92757321-tbt.png 1915w, https:\/\/www.greenpeace.org\/static\/planet4-brasil-stateless\/2020\/09\/92757321-tbt-300x88.png 300w, https:\/\/www.greenpeace.org\/static\/planet4-brasil-stateless\/2020\/09\/92757321-tbt-1024x301.png 1024w, https:\/\/www.greenpeace.org\/static\/planet4-brasil-stateless\/2020\/09\/92757321-tbt-768x226.png 768w, https:\/\/www.greenpeace.org\/static\/planet4-brasil-stateless\/2020\/09\/92757321-tbt-1536x452.png 1536w, https:\/\/www.greenpeace.org\/static\/planet4-brasil-stateless\/2020\/09\/92757321-tbt-510x150.png 510w\" sizes=\"auto, (max-width: 744px) 100vw, 744px\" \/><\/p>\n\n<p>Como sempre, o grupo que encheu o cora\u00e7\u00e3o e as redes sociais de saudade foi Belo Horizonte &lt;3<\/p>\n\n<p>Os voluntas relembraram uma a\u00e7\u00e3o realizada em maio de 2019, quando o grupo reuniu-se no parque Municipal de Belo Horizonte para uma mobiliza\u00e7\u00e3o em defesa das abelhas.&nbsp;<\/p>\n\n<p>Durante a a\u00e7\u00e3o os volunt\u00e1rios e volunt\u00e1rias explicaram a import\u00e2ncia da poliniza\u00e7\u00e3o das abelhas para o ecossistema do planeta e a gravidade do uso de agrot\u00f3xicos nos alimentos e ainda realizaram diversas atividades para as crian\u00e7as &#8211;\u00a0 como pintura no rosto, desenhos e jogos educacionais.<\/p>\n\n<p class=\"has-text-align-center\"> <img loading=\"lazy\" decoding=\"async\" width=\"388\" height=\"387\" class=\"wp-image-26991\" style=\"width: 388px;\" src=\"https:\/\/www.greenpeace.org\/static\/planet4-brasil-stateless\/2020\/09\/a4454656-belo-horizonte3.png\" alt=\"\" srcset=\"https:\/\/www.greenpeace.org\/static\/planet4-brasil-stateless\/2020\/09\/a4454656-belo-horizonte3.png 596w, https:\/\/www.greenpeace.org\/static\/planet4-brasil-stateless\/2020\/09\/a4454656-belo-horizonte3-300x300.png 300w, https:\/\/www.greenpeace.org\/static\/planet4-brasil-stateless\/2020\/09\/a4454656-belo-horizonte3-150x150.png 150w, https:\/\/www.greenpeace.org\/static\/planet4-brasil-stateless\/2020\/09\/a4454656-belo-horizonte3-341x340.png 341w\" sizes=\"auto, (max-width: 388px) 100vw, 388px\" \/><\/p>\n\n<p><strong>Seguiremos atualizando e apoiando os grupos, afinal, estamos todes juntos nessa \ud83d\ude42<\/strong><\/p>\n","protected":false},"excerpt":{"rendered":"<p>Atrav\u00e9s de v\u00eddeos e textos de conscientiza\u00e7\u00e3o, grupos locais uniram-se para cobrar a\u00e7\u00f5es de autoridades p\u00fablicas e incentivar o p\u00fablico a embarcar na luta contra as queimadas<\/p>\n","protected":false},"author":66,"featured_media":26960,"comment_status":"open","ping_status":"closed","sticky":false,"template":"","format":"standard","meta":{"ep_exclude_from_search":false,"p4_og_title":"","p4_og_description":"","p4_og_image":"","p4_og_image_id":"","p4_seo_canonical_url":"","p4_campaign_name":"not set","p4_local_project":"not set","p4_basket_name":"not set","p4_department":"","footnotes":""},"categories":[4],"tags":[23],"p4-page-type":[38],"class_list":["post-26949","post","type-post","status-publish","format-standard","has-post-thumbnail","hentry","category-ativismo","tag-mobilizacao","p4-page-type-voluntarios"],"_links":{"self":[{"href":"https:\/\/www.greenpeace.org\/brasil\/wp-json\/wp\/v2\/posts\/26949","targetHints":{"allow":["GET"]}}],"collection":[{"href":"https:\/\/www.greenpeace.org\/brasil\/wp-json\/wp\/v2\/posts"}],"about":[{"href":"https:\/\/www.greenpeace.org\/brasil\/wp-json\/wp\/v2\/types\/post"}],"author":[{"embeddable":true,"href":"https:\/\/www.greenpeace.org\/brasil\/wp-json\/wp\/v2\/users\/66"}],"replies":[{"embeddable":true,"href":"https:\/\/www.greenpeace.org\/brasil\/wp-json\/wp\/v2\/comments?post=26949"}],"version-history":[{"count":3,"href":"https:\/\/www.greenpeace.org\/brasil\/wp-json\/wp\/v2\/posts\/26949\/revisions"}],"predecessor-version":[{"id":58692,"href":"https:\/\/www.greenpeace.org\/brasil\/wp-json\/wp\/v2\/posts\/26949\/revisions\/58692"}],"wp:featuredmedia":[{"embeddable":true,"href":"https:\/\/www.greenpeace.org\/brasil\/wp-json\/wp\/v2\/media\/26960"}],"wp:attachment":[{"href":"https:\/\/www.greenpeace.org\/brasil\/wp-json\/wp\/v2\/media?parent=26949"}],"wp:term":[{"taxonomy":"category","embeddable":true,"href":"https:\/\/www.greenpeace.org\/brasil\/wp-json\/wp\/v2\/categories?post=26949"},{"taxonomy":"post_tag","embeddable":true,"href":"https:\/\/www.greenpeace.org\/brasil\/wp-json\/wp\/v2\/tags?post=26949"},{"taxonomy":"p4-page-type","embeddable":true,"href":"https:\/\/www.greenpeace.org\/brasil\/wp-json\/wp\/v2\/p4-page-type?post=26949"}],"curies":[{"name":"wp","href":"https:\/\/api.w.org\/{rel}","templated":true}]}}