{"id":27093,"date":"2020-09-22T12:40:04","date_gmt":"2020-09-22T15:40:04","guid":{"rendered":"https:\/\/www.greenpeace.org\/brasil\/?p=27093"},"modified":"2020-09-22T15:25:42","modified_gmt":"2020-09-22T18:25:42","slug":"mais-um-ano-em-que-bolsonaro-envergonha-o-pais-na-onu","status":"publish","type":"post","link":"https:\/\/www.greenpeace.org\/brasil\/blog\/mais-um-ano-em-que-bolsonaro-envergonha-o-pais-na-onu\/","title":{"rendered":"Mais um ano em que Bolsonaro envergonha o pa\u00eds na ONU"},"content":{"rendered":"\n<h4 class=\"wp-block-heading\">Em discurso previs\u00edvel, o presidente brasileiro descreve um pa\u00eds fict\u00edcio e minimiza as graves crises que o pa\u00eds enfrenta no meio ambiente e na sa\u00fade&nbsp;<\/h4>\n\n<figure class=\"wp-block-image size-large  caption-style-blue-overlay caption-alignment-center\"><img loading=\"lazy\" decoding=\"async\" width=\"1024\" height=\"683\" src=\"https:\/\/www.greenpeace.org\/static\/planet4-brasil-stateless\/2020\/09\/7d4348f8-gp0stuptx_medium_res-1024x683.jpg\" alt=\"Foto mostra fogo avan\u00e7ando sobre \u00e1rea em processo de desmatamento, com muita fuma\u00e7a.\" class=\"wp-image-27094\" srcset=\"https:\/\/www.greenpeace.org\/static\/planet4-brasil-stateless\/2020\/09\/7d4348f8-gp0stuptx_medium_res-1024x683.jpg 1024w, https:\/\/www.greenpeace.org\/static\/planet4-brasil-stateless\/2020\/09\/7d4348f8-gp0stuptx_medium_res-300x200.jpg 300w, https:\/\/www.greenpeace.org\/static\/planet4-brasil-stateless\/2020\/09\/7d4348f8-gp0stuptx_medium_res-768x512.jpg 768w, https:\/\/www.greenpeace.org\/static\/planet4-brasil-stateless\/2020\/09\/7d4348f8-gp0stuptx_medium_res-510x340.jpg 510w, https:\/\/www.greenpeace.org\/static\/planet4-brasil-stateless\/2020\/09\/7d4348f8-gp0stuptx_medium_res.jpg 1200w\" sizes=\"auto, (max-width: 1024px) 100vw, 1024px\" \/><figcaption>Queimada na Reserva Extrativista Jaci-Paran\u00e1, em Porto Velho (RO), em agosto de 2020,  um m\u00eas ap\u00f3s a publica\u00e7\u00e3o do decreto presidencial que pro\u00edbe as queimadas na Amaz\u00f4nia e no Pantanal. \u00a9 Christian Braga \/ Greenpeace<\/figcaption><\/figure>\n\n<p>O discurso do presidente Jair Bolsonaro na 75\u00aa Assembleia Geral da ONU aconteceu enquanto o pa\u00eds arde em chamas e testemunha a destrui\u00e7\u00e3o de seus biomas e suas riquezas naturais. As imagens da Amaz\u00f4nia, Pantanal e Cerrado queimando est\u00e3o h\u00e1 meses chocando o Brasil e o mundo sem que haja planos, metas ou or\u00e7amento capazes de proteger esses biomas de forma concreta e eficaz.&nbsp;<\/p>\n\n<p>Mesmo com a proibi\u00e7\u00e3o imposta pela morat\u00f3ria do fogo desde 16 de julho, a Amaz\u00f4nia e o Pantanal registraram recordes de queimadas. At\u00e9 o dia 21 de setembro, o Pantanal registrou 5.966 focos de calor, um aumento de 107% em rela\u00e7\u00e3o a setembro todo do ano passado. J\u00e1 a Amaz\u00f4nia registrou 27.660 focos entre os dias 1\u00ba e 21 de setembro, um aumento de 38% em rela\u00e7\u00e3o ao m\u00eas de setembro de 2019.\u00a0<\/p>\n\n<p>A pol\u00edtica antiambiental do atual governo est\u00e1 derretendo a imagem do Brasil l\u00e1 fora e prejudicando a economia nacional. O pa\u00eds que antes j\u00e1 foi visto como lideran\u00e7a na quest\u00e3o ambiental foi o que mais destruiu suas florestas no mundo todo, em 2019, segundo dados da&nbsp;Global Forest Watch. Em 2020 os dados mostram que a situa\u00e7\u00e3o s\u00f3 se agravou.<\/p>\n\n<p>\u201cNegar ou minimizar o drama ambiental que o Brasil vive neste momento, resultado da pol\u00edtica do governo Bolsonaro, agrava a dif\u00edcil situa\u00e7\u00e3o que o pa\u00eds enfrenta. Lamentavelmente, j\u00e1 estamos habituados a ouvir o presidente faltar com a verdade, desqualificar a ci\u00eancia e buscar culpabilizar terceiros em vez de assumir a responsabilidade constitucional que possui. Entretanto, quando o faz na Assembleia Geral da ONU, diante de centenas de l\u00edderes de pa\u00edses, de investidores e do mundo todo, o presidente piora ainda mais a imagem do Brasil e agrava as s\u00e9rias crises que enfrentamos\u201d, comenta Mariana Mota, coordenadora de Pol\u00edticas P\u00fablicas do Greenpeace Brasil.<\/p>\n\n<p>Ao contr\u00e1rio do que foi afirmado pelo presidente, os inc\u00eandios na floresta amaz\u00f4nica s\u00e3o fruto da a\u00e7\u00e3o humana, sendo uma das principais ferramentas utilizadas para o desmatamento, especialmente por grileiros e agricultores, que o utilizam para limpar \u00e1reas para a agropecu\u00e1ria ou especula\u00e7\u00e3o.<\/p>\n\n<p>\u201cAo inv\u00e9s de negar a realidade, em meio \u00e0 destrui\u00e7\u00e3o recorde dos biomas brasileiros,&nbsp; o governo deveria cumprir seus deveres constitucionais em prol da prote\u00e7\u00e3o ambiental e apresentar um plano eficiente para enfrentar os inc\u00eandios que consomem o Brasil\u201d, completa Mota.&nbsp;<\/p>\n\n<p><strong>A crise do clima no STF<\/strong><\/p>\n\n<p>N\u00e3o \u00e9 apenas a press\u00e3o internacional sobre o meio ambiente que questiona a pol\u00edtica antiambiental do atual governo. Ontem, dia 21 de setembro, um dia antes do discurso de Bolsonaro na ONU, teve in\u00edcio uma audi\u00eancia p\u00fablica no Supremo Tribunal Federal (STF) sobre a situa\u00e7\u00e3o ambiental no pa\u00eds e a utiliza\u00e7\u00e3o dos recursos do Fundo Nacional sobre Mudan\u00e7a Clim\u00e1tica. A audi\u00eancia contou com representantes do governo e de organiza\u00e7\u00f5es da sociedade civil, entre elas o Greenpeace Brasil, e prossegue hoje, 22, com a participa\u00e7\u00e3o de especialistas e empresas.<\/p>\n\n<p>Entre os participantes estavam tamb\u00e9m cientistas, como Carlos Nobre, Ricardo Abramovay e Thelma Krug, al\u00e9m de representantes de institutos e organiza\u00e7\u00f5es que puderam explicar, com base em dados, o desmonte das pol\u00edticas de conten\u00e7\u00e3o do desmatamento e o n\u00e3o uso do or\u00e7amento destinado ao meio ambiente. Todos os dados foram entregues \u00e0 Corte. A ex-ministra do meio ambiente, Izabella Teixeira, afirmou em sua interven\u00e7\u00e3o que hoje em dia n\u00e3o se passa a boiada, se rastreia a boiada.<\/p>\n\n<p>Fabiana Alves, coordenadora de Clima e Justi\u00e7a do Greenpeace, ao terminar sua fala ao Supremo afirmou: \u201cTemos que cuidar do nosso pa\u00eds em vez de fazermos compara\u00e7\u00f5es com outras na\u00e7\u00f5es que nos levam a um denominador comum que remete \u00e0 devasta\u00e7\u00e3o humana e ambiental, e a um desenvolvimento econ\u00f4mico que j\u00e1 se provou insustent\u00e1vel em todo o mundo\u201d.<\/p>\n\n<p>O desmonte de nossas pol\u00edticas ambientais vai na contram\u00e3o da soberania defendida pelo presidente. Ser soberano \u00e9 ser capaz de agir com governan\u00e7a e efici\u00eancia para lidar com um pa\u00eds em chamas, al\u00e9m de defender as florestas e o meio ambiente, patrim\u00f4nios do&nbsp;povo brasileiro.<\/p>\n","protected":false},"excerpt":{"rendered":"<p>Em discurso previs\u00edvel, o presidente brasileiro descreve um pa\u00eds fict\u00edcio e minimiza as graves crises que o pa\u00eds enfrenta no meio ambiente e na sa\u00fade <\/p>\n","protected":false},"author":28,"featured_media":27094,"comment_status":"open","ping_status":"closed","sticky":false,"template":"","format":"standard","meta":{"ep_exclude_from_search":false,"p4_og_title":"","p4_og_description":"","p4_og_image":"","p4_og_image_id":"","p4_seo_canonical_url":"","p4_campaign_name":"not set","p4_local_project":"not set","p4_basket_name":"not set","p4_department":"","footnotes":""},"categories":[2],"tags":[22],"p4-page-type":[16],"class_list":["post-27093","post","type-post","status-publish","format-standard","has-post-thumbnail","hentry","category-transforme-a-sociedade","tag-florestas","p4-page-type-blog"],"_links":{"self":[{"href":"https:\/\/www.greenpeace.org\/brasil\/wp-json\/wp\/v2\/posts\/27093","targetHints":{"allow":["GET"]}}],"collection":[{"href":"https:\/\/www.greenpeace.org\/brasil\/wp-json\/wp\/v2\/posts"}],"about":[{"href":"https:\/\/www.greenpeace.org\/brasil\/wp-json\/wp\/v2\/types\/post"}],"author":[{"embeddable":true,"href":"https:\/\/www.greenpeace.org\/brasil\/wp-json\/wp\/v2\/users\/28"}],"replies":[{"embeddable":true,"href":"https:\/\/www.greenpeace.org\/brasil\/wp-json\/wp\/v2\/comments?post=27093"}],"version-history":[{"count":8,"href":"https:\/\/www.greenpeace.org\/brasil\/wp-json\/wp\/v2\/posts\/27093\/revisions"}],"predecessor-version":[{"id":27102,"href":"https:\/\/www.greenpeace.org\/brasil\/wp-json\/wp\/v2\/posts\/27093\/revisions\/27102"}],"wp:featuredmedia":[{"embeddable":true,"href":"https:\/\/www.greenpeace.org\/brasil\/wp-json\/wp\/v2\/media\/27094"}],"wp:attachment":[{"href":"https:\/\/www.greenpeace.org\/brasil\/wp-json\/wp\/v2\/media?parent=27093"}],"wp:term":[{"taxonomy":"category","embeddable":true,"href":"https:\/\/www.greenpeace.org\/brasil\/wp-json\/wp\/v2\/categories?post=27093"},{"taxonomy":"post_tag","embeddable":true,"href":"https:\/\/www.greenpeace.org\/brasil\/wp-json\/wp\/v2\/tags?post=27093"},{"taxonomy":"p4-page-type","embeddable":true,"href":"https:\/\/www.greenpeace.org\/brasil\/wp-json\/wp\/v2\/p4-page-type?post=27093"}],"curies":[{"name":"wp","href":"https:\/\/api.w.org\/{rel}","templated":true}]}}