{"id":27103,"date":"2024-07-04T15:00:07","date_gmt":"2024-07-04T18:00:07","guid":{"rendered":"https:\/\/www.greenpeace.org\/brasil\/?p=27103"},"modified":"2024-07-31T16:54:46","modified_gmt":"2024-07-31T19:54:46","slug":"4-coisas-que-voce-pode-fazer-pelo-pantanal","status":"publish","type":"post","link":"https:\/\/www.greenpeace.org\/brasil\/blog\/4-coisas-que-voce-pode-fazer-pelo-pantanal\/","title":{"rendered":"4 coisas que voc\u00ea pode fazer pelo Pantanal"},"content":{"rendered":"\n<p><em>* Texto atualizado em 04 de julho de 2024<\/em><\/p>\n\n<h4 class=\"wp-block-heading\">Mais uma vez, o Pantanal est\u00e1 em chamas. Entre em a\u00e7\u00e3o pela prote\u00e7\u00e3o do bioma!<\/h4>\n\n<figure class=\"wp-block-image size-large is-resized  caption-style-blue-overlay caption-alignment-center\"><img loading=\"lazy\" decoding=\"async\" width=\"1024\" height=\"683\" src=\"https:\/\/www.greenpeace.org\/static\/planet4-brasil-stateless\/2024\/07\/b9669127-gp1suhwt-1-1024x683.jpg\" title=\"Tr\u00eas ativistas do Greenpeace Brasil foram fotografados em \u00e1rea queimada no Pantanal. Os ativistas est\u00e3o segurando banners escritos: &#039;&#039;P\u00e1tria Queimada Brasil&#039;&#039;, &#039;&#039;No Nature, No Future&#039;&#039; e &#039;&#039;Brazil On Fire&#039;&#039;.\" alt=\"Tr\u00eas ativistas do Greenpeace Brasil foram fotografados em \u00e1rea queimada no Pantanal. Os ativistas est\u00e3o segurando banners escritos: ''P\u00e1tria Queimada Brasil'', ''No Nature, No Future'' e ''Brazil On Fire''.\" class=\"wp-image-53665\" style=\"width:698px;height:392px\" srcset=\"https:\/\/www.greenpeace.org\/static\/planet4-brasil-stateless\/2024\/07\/b9669127-gp1suhwt-1-1024x683.jpg 1024w, https:\/\/www.greenpeace.org\/static\/planet4-brasil-stateless\/2024\/07\/b9669127-gp1suhwt-1-300x200.jpg 300w, https:\/\/www.greenpeace.org\/static\/planet4-brasil-stateless\/2024\/07\/b9669127-gp1suhwt-1-768x512.jpg 768w, https:\/\/www.greenpeace.org\/static\/planet4-brasil-stateless\/2024\/07\/b9669127-gp1suhwt-1-1536x1025.jpg 1536w, https:\/\/www.greenpeace.org\/static\/planet4-brasil-stateless\/2024\/07\/b9669127-gp1suhwt-1-510x340.jpg 510w, https:\/\/www.greenpeace.org\/static\/planet4-brasil-stateless\/2024\/07\/b9669127-gp1suhwt-1.jpg 2000w\" sizes=\"auto, (max-width: 1024px) 100vw, 1024px\" \/><figcaption class=\"wp-element-caption\">Ativistas do Greenpeace levam banners a uma das in\u00fameras \u00e1reas devastadas pelas queimadas no Pantanal para protestar contra uma das piores crises ambientais da hist\u00f3ria do Brasil.<div class=\"credit icon-left\"> \u00a9 Diego Baravelli \/ Greenpeace<\/div><\/figcaption><\/figure>\n\n<p><a href=\"https:\/\/oeco.org.br\/wp-content\/uploads\/2024\/06\/NotaTecnica_06102024_LASAUFRJ_Pantanal_2024.pdf\">Segundo o Laborat\u00f3rio de Aplica\u00e7\u00f5es de Sat\u00e9lites Ambientais da Universidade Federal do Rio de Janeiro<\/a> (LASA\/UFRJ), a \u00e1rea queimada no Pantanal entre janeiro e junho de 2024 foi de 627 mil hectares \u2013 que equivale a mais ou menos 4 vezes a cidade de S\u00e3o Paulo. Este \u00e9 um dado extremamente preocupante, porque representa cerca de 243% de aumento em rela\u00e7\u00e3o ao ano de 2020, que detinha o triste recorde de maior degrada\u00e7\u00e3o por fogo no Pantanal.<\/p>\n\n<p>E esta n\u00e3o \u00e9 uma situa\u00e7\u00e3o natural. A nota t\u00e9cnica do LASA\/UFRJ apontou que a grande maioria, sen\u00e3o todos os focos de calor registrados no ano, teve o ser humano como seu iniciador. O bioma n\u00e3o pegou fogo sozinho. <br><br>Al\u00e9m disso, a seca intensa em regi\u00f5es como Pantanal e Amaz\u00f4nia, resultado das mudan\u00e7as clim\u00e1ticas, agrava as queimadas intencionais, que saem do controle rapidamente, deixando um rastro de morte e destrui\u00e7\u00e3o.&nbsp;<\/p>\n\n<p>\u00c9 preciso responsabilizar quem destr\u00f3i e queima a natureza para lucrar, enquanto toda a sociedade e a biodiversidade pagam a conta. Quando n\u00e3o h\u00e1 rigor em punir os respons\u00e1veis pelos inc\u00eandios criminosos, o triste cen\u00e1rio que vemos hoje vira realidade.&nbsp;<br><br>E o que a sociedade pode fazer para ajudar <strong><em>agora<\/em><\/strong>? Veja as 4 dicas que deixamos abaixo:<\/p>\n\n<p>1. <strong>Cobre dos bancos a\u00e7\u00f5es mais rigorosas para quem desmata;<\/strong><\/p>\n\n<p>\u00c9 preciso fechar a torneirinha de dinheiro que financia a destrui\u00e7\u00e3o dos nossos biomas e o crime ambiental. O uso do fogo criminoso deve ser responsabilizado com embargo da \u00e1rea, multa e impedimento de acesso a financiamentos, como o cr\u00e9dito rural.<\/p>\n\n<p>No relat\u00f3rio <a href=\"https:\/\/www.greenpeace.org\/brasil\/blog\/investigacao-aponta-agro-destruidor-e-financiado-pelo-credito-rural-na-amazonia\/\"><em>\u201cBancando a Extin\u00e7\u00e3o: bancos e investidores como s\u00f3cios no desmatamento\u201d<\/em><\/a>, o Greenpeace Brasil denuncia como a falta de controle adequado dos bancos na concess\u00e3o de cr\u00e9dito rural beneficia produtores rurais envolvidos com desmatamento, grilagem e demais irregularidades socioambientais e cobra que o sistema financeiro estabele\u00e7a, entre outras a\u00e7\u00f5es, o monitoramento cont\u00ednuo das \u00e1reas financiadas. O Banco do Brasil \u00e9 um dos bancos mencionados no relat\u00f3rio como o maior operador de cr\u00e9dito rural no Brasil. Quem banca essas atividades tamb\u00e9m \u00e9 respons\u00e1vel pelo problema.<\/p>\n\n<div class=\"wp-block-buttons is-content-justification-center is-layout-flex wp-container-core-buttons-is-layout-16018d1d wp-block-buttons-is-layout-flex\">\n<div class=\"wp-block-button is-style-cta\"><a class=\"wp-block-button__link wp-element-button\" href=\"https:\/\/www.greenpeace.org\/brasil\/apoie\/relatorio-bancando-a-extincao\/\">Assine o abaixo-assinado para cobrar mudan\u00e7as dos bancos<\/a><\/div>\n<\/div>\n\n<figure class=\"wp-block-image size-large\"><img loading=\"lazy\" decoding=\"async\" width=\"1024\" height=\"683\" src=\"https:\/\/www.greenpeace.org\/static\/planet4-brasil-stateless\/2024\/07\/d2646118-gp0su07vq-1-1024x683.jpg\" title=\"Ativista em frente ao Banco do Brasil segurando um banner amarelo escrito &#039;&#039;Banco do Brasil banca a extin\u00e7\u00e3o&#039;&#039;.\" alt=\"Ativista em frente ao Banco do Brasil segurando um banner amarelo escrito ''Banco do Brasil banca a extin\u00e7\u00e3o''. \" class=\"wp-image-53666\" srcset=\"https:\/\/www.greenpeace.org\/static\/planet4-brasil-stateless\/2024\/07\/d2646118-gp0su07vq-1-1024x683.jpg 1024w, https:\/\/www.greenpeace.org\/static\/planet4-brasil-stateless\/2024\/07\/d2646118-gp0su07vq-1-300x200.jpg 300w, https:\/\/www.greenpeace.org\/static\/planet4-brasil-stateless\/2024\/07\/d2646118-gp0su07vq-1-768x512.jpg 768w, https:\/\/www.greenpeace.org\/static\/planet4-brasil-stateless\/2024\/07\/d2646118-gp0su07vq-1-1536x1024.jpg 1536w, https:\/\/www.greenpeace.org\/static\/planet4-brasil-stateless\/2024\/07\/d2646118-gp0su07vq-1-2048x1366.jpg 2048w, https:\/\/www.greenpeace.org\/static\/planet4-brasil-stateless\/2024\/07\/d2646118-gp0su07vq-1-510x340.jpg 510w\" sizes=\"auto, (max-width: 1024px) 100vw, 1024px\" \/><figcaption class=\"wp-element-caption\">Ativistas do Greenpeace Brasil realizaram um protesto pac\u00edfico na sede do Banco do Brasil, em Bras\u00edlia.<div class=\"credit icon-left\"> \u00a9 Tuane Fernandes \/ Greenpeace<\/div><\/figcaption><\/figure>\n\n<p>2. <strong>Compartilhe informa\u00e7\u00f5es de organiza\u00e7\u00f5es que atuam diretamente no Pantanal;<\/strong><\/p>\n\n<p>A sociedade precisa espalhar informa\u00e7\u00f5es verdadeiras sobre o que vem acontecendo com o Pantanal para combater a dissemina\u00e7\u00e3o de fake news, not\u00edcias falsas. Compartilhe informa\u00e7\u00f5es s\u00e9rias e acompanhe as redes sociais de organiza\u00e7\u00f5es que atuam no local, como:<\/p>\n\n<div class=\"wp-block-group is-layout-constrained wp-block-group-is-layout-constrained\">\n<div class=\"wp-block-group is-layout-constrained wp-block-group-is-layout-constrained\">\n<ul class=\"wp-block-list\">\n<li><strong><a href=\"https:\/\/www.instagram.com\/sospantanal\/\" data-type=\"link\" data-id=\"https:\/\/www.instagram.com\/sospantanal\/\">SOS Pantanal<\/a><\/strong><\/li>\n\n\n\n<li><strong><a href=\"https:\/\/www.instagram.com\/gretap_ms\/\">GRETAP &#8211; Grupo de Resgate T\u00e9cnico Animal do Pantanal<\/a><\/strong><\/li>\n\n\n\n<li><a href=\"https:\/\/www.instagram.com\/ihp_pantanal_\/\"><strong>Instituto Homem Pantaneiro<\/strong><\/a><\/li>\n\n\n\n<li><a href=\"https:\/\/www.instagram.com\/institutoararaazuloficial\/\"><strong>Instituto Arara Azul<\/strong><\/a><\/li>\n\n\n\n<li><a href=\"https:\/\/www.instagram.com\/ecologiaeacao\/\"><strong>Ecoa<\/strong><\/a><\/li>\n\n\n\n<li><strong><a href=\"https:\/\/www.instagram.com\/amparasilvestre\/\">Ampara Silvestre<\/a>.&nbsp;<\/strong><\/li>\n\n\n\n<li><a href=\"https:\/\/www.instagram.com\/gradbrasil\/\" data-type=\"link\" data-id=\"https:\/\/www.instagram.com\/gradbrasil\/\"><strong>GRAD Brasil <\/strong><\/a><\/li>\n<\/ul>\n\n\n\n<p>3. <strong>Baixe o guia &#8220;Por que lutar por justi\u00e7a clim\u00e1tica&#8221;<\/strong><\/p>\n\n\n\n<p>As mudan\u00e7as clim\u00e1ticas geraram temperaturas elevadas, anos seguidos com poucas chuvas, vento seco e baixa umidade do ar na regi\u00e3o do Pantanal. Esses foram fatores determinantes para a propaga\u00e7\u00e3o dos inc\u00eandios deste ano<\/p>\n\n\n\n<p>Com o avan\u00e7o da crise clim\u00e1tica, enfrent\u00e1-la \u00e9 o desafio do nosso tempo. Devemos fazer tudo o que estiver ao nosso alcance e exigir aplica\u00e7\u00e3o de pol\u00edticas p\u00fablicas e mudan\u00e7as econ\u00f4micas numa escala global.&nbsp;<\/p>\n\n\n\n<p>Garanta o seu guia <a href=\"https:\/\/www.greenpeace.org\/brasil\/apoie\/por-que-lutar-por-justica-climatica\/?utm_source=beacons&amp;utm_medium=social&amp;utm_campaign=clima&amp;utm_content=en_20240610_beacons\">&#8220;Por que lutar por justi\u00e7a clim\u00e1tica&#8221;<\/a>, informe-se e ajude a conscientizar mais pessoas! \u00c9 gr\u00e1tis!<\/p>\n<\/div>\n\n\n\n<p>4. <strong><strong>Pressione os senadores contra o retrocesso<\/strong><\/strong><\/p>\n<\/div>\n\n<p>J\u00e1 falamos, mas n\u00e3o custa repetir: o cen\u00e1rio no Pantanal \u00e9 cr\u00edtico e bastante preocupante!<\/p>\n\n<p>Ao inv\u00e9s de parlamentares estarem discutindo a aprova\u00e7\u00e3o de uma legisla\u00e7\u00e3o espec\u00edfica para prote\u00e7\u00e3o e recupera\u00e7\u00e3o do bioma, pode ser votado a qualquer momento no Senado o #PLDaDevasta\u00e7\u00e3o (PL 2159\/2021). J\u00e1 aprovado pela C\u00e2mara, ele destr\u00f3i o licenciamento ambiental no Brasil, que \u00e9 o principal instrumento para proteger o meio ambiente, nossa sa\u00fade, nossa seguran\u00e7a e nossas vidas.&nbsp;<\/p>\n\n<p>Precisamos rejeitar a proposta que veio da C\u00e2mara. \u00c9 hora de entrarmos com tudo que temos: nossa mobiliza\u00e7\u00e3o. <a href=\"https:\/\/www.pldadevastacao.org\/\">Envie sua mensagem para os senadores<\/a> e diga que voc\u00ea \u00e9 contra o PL 2159\/2021!<\/p>\n\n<p>Se antes hav\u00edamos pensado que 2020 seria o ano em que o Pantanal brasileiro queimou como nunca, hoje, a realidade mostra que est\u00e1vamos precipitados. N\u00f3s enquanto sociedade, temos a for\u00e7a de nossa mobiliza\u00e7\u00e3o para salvar o Pantanal e todos os biomas brasileiros antes que seja tarde demais. N\u00e3o deixe para depois, clique nas a\u00e7\u00f5es para ajudar agora!<\/p>\n","protected":false},"excerpt":{"rendered":"<p>Grandes biomas do Brasil est\u00e3o em chamas e as imagens que chegam a todo o momento s\u00e3o preocupantes. Saiba como agir pela prote\u00e7\u00e3o do Pantanal<\/p>\n","protected":false},"author":28,"featured_media":53665,"comment_status":"open","ping_status":"closed","sticky":false,"template":"","format":"standard","meta":{"ep_exclude_from_search":false,"p4_og_title":"","p4_og_description":"","p4_og_image":"","p4_og_image_id":"","p4_seo_canonical_url":"","p4_campaign_name":"not set","p4_local_project":"not set","p4_basket_name":"not set","p4_department":"","footnotes":""},"categories":[4,3],"tags":[22,26],"p4-page-type":[16],"class_list":["post-27103","post","type-post","status-publish","format-standard","has-post-thumbnail","hentry","category-ativismo","category-proteja-a-natureza","tag-florestas","tag-biodiversidade","p4-page-type-blog"],"_links":{"self":[{"href":"https:\/\/www.greenpeace.org\/brasil\/wp-json\/wp\/v2\/posts\/27103","targetHints":{"allow":["GET"]}}],"collection":[{"href":"https:\/\/www.greenpeace.org\/brasil\/wp-json\/wp\/v2\/posts"}],"about":[{"href":"https:\/\/www.greenpeace.org\/brasil\/wp-json\/wp\/v2\/types\/post"}],"author":[{"embeddable":true,"href":"https:\/\/www.greenpeace.org\/brasil\/wp-json\/wp\/v2\/users\/28"}],"replies":[{"embeddable":true,"href":"https:\/\/www.greenpeace.org\/brasil\/wp-json\/wp\/v2\/comments?post=27103"}],"version-history":[{"count":20,"href":"https:\/\/www.greenpeace.org\/brasil\/wp-json\/wp\/v2\/posts\/27103\/revisions"}],"predecessor-version":[{"id":53901,"href":"https:\/\/www.greenpeace.org\/brasil\/wp-json\/wp\/v2\/posts\/27103\/revisions\/53901"}],"wp:featuredmedia":[{"embeddable":true,"href":"https:\/\/www.greenpeace.org\/brasil\/wp-json\/wp\/v2\/media\/53665"}],"wp:attachment":[{"href":"https:\/\/www.greenpeace.org\/brasil\/wp-json\/wp\/v2\/media?parent=27103"}],"wp:term":[{"taxonomy":"category","embeddable":true,"href":"https:\/\/www.greenpeace.org\/brasil\/wp-json\/wp\/v2\/categories?post=27103"},{"taxonomy":"post_tag","embeddable":true,"href":"https:\/\/www.greenpeace.org\/brasil\/wp-json\/wp\/v2\/tags?post=27103"},{"taxonomy":"p4-page-type","embeddable":true,"href":"https:\/\/www.greenpeace.org\/brasil\/wp-json\/wp\/v2\/p4-page-type?post=27103"}],"curies":[{"name":"wp","href":"https:\/\/api.w.org\/{rel}","templated":true}]}}