{"id":27245,"date":"2020-10-01T16:14:33","date_gmt":"2020-10-01T19:14:33","guid":{"rendered":"https:\/\/www.greenpeace.org\/brasil\/?p=27245"},"modified":"2021-12-01T09:30:18","modified_gmt":"2021-12-01T12:30:18","slug":"no-interior-do-amazonas-indigenas-recebem-treinamento-de-testagem-de-covid-19","status":"publish","type":"post","link":"https:\/\/www.greenpeace.org\/brasil\/blog\/no-interior-do-amazonas-indigenas-recebem-treinamento-de-testagem-de-covid-19\/","title":{"rendered":"No interior do Amazonas, ind\u00edgenas recebem treinamento de testagem de Covid-19"},"content":{"rendered":"\n<h4 class=\"wp-block-heading\">A iniciativa possibilitou realiza\u00e7\u00e3o de testes e uma clareza da situa\u00e7\u00e3o da pandemia no territ\u00f3rio mais pr\u00f3ximo ao munic\u00edpio de L\u00e1brea, o \u00faltimo da Transamaz\u00f4nica<\/h4>\n\n<figure class=\"wp-block-embed-youtube wp-block-embed is-type-video is-provider-youtube wp-embed-aspect-16-9 wp-has-aspect-ratio\"><div class=\"wp-block-embed__wrapper\">\n<lite-youtube style=\"background-image: url('https:\/\/i.ytimg.com\/vi\/cQMMtTZbOdQ\/hqdefault.jpg');\" videoid=\"cQMMtTZbOdQ\" params=\"rel=0\"><\/lite-youtube>\n<\/div><\/figure>\n\n<p>\u201cA gente v\u00ea que deu muito problema desse neg\u00f3cio de dor de garganta, febre, alguns n\u00e3o estavam sentindo cheiro, tudo isso a gente viu que j\u00e1 teve. Mas ningu\u00e9m sabe se era mesmo (Covid-19)\u201d, diz Luis Nogueira de Assis, agente ind\u00edgena de sa\u00fade da comunidade Nova Esperan\u00e7a 2, Terra Ind\u00edgena (TI) Caititu, munic\u00edpio de L\u00e1brea, Amazonas.<\/p>\n\n<p>Luis \u00e9 um dos muitos ind\u00edgenas que convivem com a dificuldade de acesso a testes para identifica\u00e7\u00e3o da Covid-19, o que tem sido uma realidade para muitos dos povos no interior da Amaz\u00f4nia. Em agosto, junto com outros Agentes Ind\u00edgenas de Sa\u00fade (AIS) do povo Apurin\u00e3, ele participou de um treinamento de testagem realizado em L\u00e1brea.<\/p>\n\n<p>Localizada ao sul do Amazonas, \u00e0s margens do Rio Purus, os \u00fanicos meios de se chegar a L\u00e1brea s\u00e3o por barco, avi\u00e3o pequeno ou pela BR-230 (Transamaz\u00f4nica). E foi para l\u00e1 que o projeto Asas da Emerg\u00eancia, uma rede de solidariedade da qual o Greenpeace faz parte, fez um dos voos no m\u00eas passado para transportar doa\u00e7\u00f5es de ajuda emergencial para combate \u00e0 Covid-19 e tamb\u00e9m levar profissionais sa\u00fade, dando suporte ao treinamento de testagem realizado no munic\u00edpio nos dias 3 e 4 de agosto.<\/p>\n\n<div class=\"wp-block-image  caption-style-blue-overlay caption-alignment-center\"><figure class=\"aligncenter size-large is-resized\"><img loading=\"lazy\" decoding=\"async\" src=\"https:\/\/www.greenpeace.org\/static\/planet4-brasil-stateless\/2020\/10\/0976b7a0-01-desk-asas-2-551x1024.png\" alt=\"\" class=\"wp-image-27248\" width=\"276\" height=\"512\" srcset=\"https:\/\/www.greenpeace.org\/static\/planet4-brasil-stateless\/2020\/10\/0976b7a0-01-desk-asas-2-551x1024.png 551w, https:\/\/www.greenpeace.org\/static\/planet4-brasil-stateless\/2020\/10\/0976b7a0-01-desk-asas-2-162x300.png 162w, https:\/\/www.greenpeace.org\/static\/planet4-brasil-stateless\/2020\/10\/0976b7a0-01-desk-asas-2-768x1426.png 768w, https:\/\/www.greenpeace.org\/static\/planet4-brasil-stateless\/2020\/10\/0976b7a0-01-desk-asas-2-827x1536.png 827w, https:\/\/www.greenpeace.org\/static\/planet4-brasil-stateless\/2020\/10\/0976b7a0-01-desk-asas-2-1103x2048.png 1103w, https:\/\/www.greenpeace.org\/static\/planet4-brasil-stateless\/2020\/10\/0976b7a0-01-desk-asas-2-736x1366.png 736w, https:\/\/www.greenpeace.org\/static\/planet4-brasil-stateless\/2020\/10\/0976b7a0-01-desk-asas-2-183x340.png 183w, https:\/\/www.greenpeace.org\/static\/planet4-brasil-stateless\/2020\/10\/0976b7a0-01-desk-asas-2.png 1400w\" sizes=\"auto, (max-width: 276px) 100vw, 276px\" \/><\/figure><\/div>\n\n<p>A iniciativa foi promovida por uma articula\u00e7\u00e3o local protagonizada por organiza\u00e7\u00f5es ind\u00edgenas e indigenistas que tem como objetivo planejar a\u00e7\u00f5es para contribuir com os povos origin\u00e1rios da regi\u00e3o no enfrentamento da pandemia. O treinamento para a aplica\u00e7\u00e3o de testes da Covid-19 foi uma dessas a\u00e7\u00f5es.&nbsp;<\/p>\n\n<p>\u201c<strong>A gente viu que os \u00f3rg\u00e3os de representa\u00e7\u00e3o do governo que atuam com os ind\u00edgenas estavam com muitas dificuldades de acessar recursos, de fazer aquisi\u00e7\u00f5es de materiais de suma import\u00e2ncia para a prote\u00e7\u00e3o dos povos, principalmente daqueles que vivem pr\u00f3ximos ao munic\u00edpio. <\/strong>Dentro desse contexto, as institui\u00e7\u00f5es da regi\u00e3o viram a necessidade de formar esse grupo de trabalho que desde ent\u00e3o vem unindo esfor\u00e7os para contribuir com a prote\u00e7\u00e3o dos povos\u201d, &nbsp;explica Magno dos Santos, indigenista do programa Amazonas, da organiza\u00e7\u00e3o Opera\u00e7\u00e3o Amaz\u00f4nia Nativa (Opan).<\/p>\n\n<p>Participaram da oficina dez AIS, que s\u00e3o os ind\u00edgenas que trabalham nas aldeias desenvolvendo a\u00e7\u00f5es de preven\u00e7\u00e3o e promo\u00e7\u00e3o de sa\u00fade de seus parentes<strong>,<\/strong> e tamb\u00e9m profissionais de sa\u00fade que atuam no Distrito Sanit\u00e1rio Especial Ind\u00edgena (Dsei) M\u00e9dio Rio Purus, entre enfermeiros, t\u00e9cnicos de enfermagem e t\u00e9cnicos de laborat\u00f3rio.\u00a0\u00a0<\/p>\n<div data-render=\"planet4-blocks\/gallery\" data-attributes=\"{&quot;attributes&quot;:{&quot;multiple_image&quot;:&quot;27259,27345,27325,27326,27334&quot;,&quot;image_data&quot;:[{&quot;url&quot;:&quot;https:\\\/\\\/www.greenpeace.org\\\/static\\\/planet4-brasil-stateless\\\/2020\\\/10\\\/8b24e81b-green_asas_20200601_-17-scaled.jpg&quot;,&quot;focalPoint&quot;:{&quot;x&quot;:0.5,&quot;y&quot;:0.5},&quot;id&quot;:27259},{&quot;url&quot;:&quot;https:\\\/\\\/www.greenpeace.org\\\/static\\\/planet4-brasil-stateless\\\/2020\\\/10\\\/d02442ef-green_asas_20200601_-10.jpg&quot;,&quot;focalPoint&quot;:{&quot;x&quot;:0.5,&quot;y&quot;:0.5},&quot;id&quot;:27345},{&quot;url&quot;:&quot;https:\\\/\\\/www.greenpeace.org\\\/static\\\/planet4-brasil-stateless\\\/2020\\\/10\\\/0fdf39cc-green_asas_20200601_-21-scaled.jpg&quot;,&quot;focalPoint&quot;:{&quot;x&quot;:0.5,&quot;y&quot;:0.5},&quot;id&quot;:27325},{&quot;url&quot;:&quot;https:\\\/\\\/www.greenpeace.org\\\/static\\\/planet4-brasil-stateless\\\/2020\\\/10\\\/f026948a-green_asas_20200601_-36-scaled.jpg&quot;,&quot;focalPoint&quot;:{&quot;x&quot;:0.5,&quot;y&quot;:0.5},&quot;id&quot;:27326},{&quot;url&quot;:&quot;https:\\\/\\\/www.greenpeace.org\\\/static\\\/planet4-brasil-stateless\\\/2020\\\/10\\\/89b038d3-green_asas_20200601_-37-scaled.jpg&quot;,&quot;focalPoint&quot;:{&quot;x&quot;:0.5,&quot;y&quot;:0.5},&quot;id&quot;:27334}],&quot;gallery_block_style&quot;:0,&quot;gallery_block_title&quot;:&quot;&quot;,&quot;gallery_block_description&quot;:&quot;&quot;,&quot;gallery_block_focus_points&quot;:&quot;&quot;,&quot;images&quot;:[{&quot;image_src&quot;:&quot;https:\\\/\\\/www.greenpeace.org\\\/static\\\/planet4-brasil-stateless\\\/2020\\\/10\\\/8b24e81b-green_asas_20200601_-17-scaled.jpg&quot;,&quot;image_srcset&quot;:&quot;https:\\\/\\\/www.greenpeace.org\\\/static\\\/planet4-brasil-stateless\\\/2020\\\/10\\\/8b24e81b-green_asas_20200601_-17-scaled.jpg 2560w, https:\\\/\\\/www.greenpeace.org\\\/static\\\/planet4-brasil-stateless\\\/2020\\\/10\\\/8b24e81b-green_asas_20200601_-17-300x199.jpg 300w, https:\\\/\\\/www.greenpeace.org\\\/static\\\/planet4-brasil-stateless\\\/2020\\\/10\\\/8b24e81b-green_asas_20200601_-17-1024x678.jpg 1024w, https:\\\/\\\/www.greenpeace.org\\\/static\\\/planet4-brasil-stateless\\\/2020\\\/10\\\/8b24e81b-green_asas_20200601_-17-768x508.jpg 768w, https:\\\/\\\/www.greenpeace.org\\\/static\\\/planet4-brasil-stateless\\\/2020\\\/10\\\/8b24e81b-green_asas_20200601_-17-1536x1017.jpg 1536w, https:\\\/\\\/www.greenpeace.org\\\/static\\\/planet4-brasil-stateless\\\/2020\\\/10\\\/8b24e81b-green_asas_20200601_-17-2048x1355.jpg 2048w, https:\\\/\\\/www.greenpeace.org\\\/static\\\/planet4-brasil-stateless\\\/2020\\\/10\\\/8b24e81b-green_asas_20200601_-17-510x338.jpg 510w&quot;,&quot;image_sizes&quot;:false,&quot;alt_text&quot;:&quot;&quot;,&quot;caption&quot;:&quot;Treinamento para a aplica\\u00e7\\u00e3o de testes de Covid-19 em L\\u00e1brea, interior do Amazonas&quot;,&quot;focus_image&quot;:&quot;&quot;,&quot;credits&quot;:&quot;\\u00a9 Valentina Ricardo \\\/ Greenpeace&quot;},{&quot;image_src&quot;:&quot;https:\\\/\\\/www.greenpeace.org\\\/static\\\/planet4-brasil-stateless\\\/2020\\\/10\\\/d02442ef-green_asas_20200601_-10.jpg&quot;,&quot;image_srcset&quot;:&quot;https:\\\/\\\/www.greenpeace.org\\\/static\\\/planet4-brasil-stateless\\\/2020\\\/10\\\/d02442ef-green_asas_20200601_-10.jpg 1792w, https:\\\/\\\/www.greenpeace.org\\\/static\\\/planet4-brasil-stateless\\\/2020\\\/10\\\/d02442ef-green_asas_20200601_-10-300x181.jpg 300w, https:\\\/\\\/www.greenpeace.org\\\/static\\\/planet4-brasil-stateless\\\/2020\\\/10\\\/d02442ef-green_asas_20200601_-10-1024x617.jpg 1024w, https:\\\/\\\/www.greenpeace.org\\\/static\\\/planet4-brasil-stateless\\\/2020\\\/10\\\/d02442ef-green_asas_20200601_-10-768x463.jpg 768w, https:\\\/\\\/www.greenpeace.org\\\/static\\\/planet4-brasil-stateless\\\/2020\\\/10\\\/d02442ef-green_asas_20200601_-10-1536x926.jpg 1536w, https:\\\/\\\/www.greenpeace.org\\\/static\\\/planet4-brasil-stateless\\\/2020\\\/10\\\/d02442ef-green_asas_20200601_-10-510x307.jpg 510w&quot;,&quot;image_sizes&quot;:false,&quot;alt_text&quot;:&quot;&quot;,&quot;caption&quot;:&quot;Treinamento para a aplica\\u00e7\\u00e3o de testes de Covid-19 em L\\u00e1brea, interior do Amazonas&quot;,&quot;focus_image&quot;:&quot;&quot;,&quot;credits&quot;:&quot;\\u00a9 Valentina Ricardo \\\/ Greenpeace&quot;},{&quot;image_src&quot;:&quot;https:\\\/\\\/www.greenpeace.org\\\/static\\\/planet4-brasil-stateless\\\/2020\\\/10\\\/0fdf39cc-green_asas_20200601_-21-scaled.jpg&quot;,&quot;image_srcset&quot;:&quot;https:\\\/\\\/www.greenpeace.org\\\/static\\\/planet4-brasil-stateless\\\/2020\\\/10\\\/0fdf39cc-green_asas_20200601_-21-scaled.jpg 2560w, https:\\\/\\\/www.greenpeace.org\\\/static\\\/planet4-brasil-stateless\\\/2020\\\/10\\\/0fdf39cc-green_asas_20200601_-21-300x174.jpg 300w, https:\\\/\\\/www.greenpeace.org\\\/static\\\/planet4-brasil-stateless\\\/2020\\\/10\\\/0fdf39cc-green_asas_20200601_-21-1024x593.jpg 1024w, https:\\\/\\\/www.greenpeace.org\\\/static\\\/planet4-brasil-stateless\\\/2020\\\/10\\\/0fdf39cc-green_asas_20200601_-21-768x445.jpg 768w, https:\\\/\\\/www.greenpeace.org\\\/static\\\/planet4-brasil-stateless\\\/2020\\\/10\\\/0fdf39cc-green_asas_20200601_-21-1536x889.jpg 1536w, https:\\\/\\\/www.greenpeace.org\\\/static\\\/planet4-brasil-stateless\\\/2020\\\/10\\\/0fdf39cc-green_asas_20200601_-21-2048x1185.jpg 2048w, https:\\\/\\\/www.greenpeace.org\\\/static\\\/planet4-brasil-stateless\\\/2020\\\/10\\\/0fdf39cc-green_asas_20200601_-21-510x295.jpg 510w&quot;,&quot;image_sizes&quot;:false,&quot;alt_text&quot;:&quot;&quot;,&quot;caption&quot;:&quot;Raimundo Nonato Silva de Lima, povo Apurin\\u00e3, agente ind\\u00edgena de sa\\u00fade da aldeia S\\u00e3o Jos\\u00e9, Terra Ind\\u00edgena (TI) Caititu, munic\\u00edpio de L\\u00e1brea, Amazonas&quot;,&quot;focus_image&quot;:&quot;&quot;,&quot;credits&quot;:&quot;\\u00a9 Valentina Ricardo \\\/ Greenpeace&quot;},{&quot;image_src&quot;:&quot;https:\\\/\\\/www.greenpeace.org\\\/static\\\/planet4-brasil-stateless\\\/2020\\\/10\\\/f026948a-green_asas_20200601_-36-scaled.jpg&quot;,&quot;image_srcset&quot;:&quot;https:\\\/\\\/www.greenpeace.org\\\/static\\\/planet4-brasil-stateless\\\/2020\\\/10\\\/f026948a-green_asas_20200601_-36-scaled.jpg 2560w, https:\\\/\\\/www.greenpeace.org\\\/static\\\/planet4-brasil-stateless\\\/2020\\\/10\\\/f026948a-green_asas_20200601_-36-300x184.jpg 300w, https:\\\/\\\/www.greenpeace.org\\\/static\\\/planet4-brasil-stateless\\\/2020\\\/10\\\/f026948a-green_asas_20200601_-36-1024x627.jpg 1024w, https:\\\/\\\/www.greenpeace.org\\\/static\\\/planet4-brasil-stateless\\\/2020\\\/10\\\/f026948a-green_asas_20200601_-36-768x470.jpg 768w, https:\\\/\\\/www.greenpeace.org\\\/static\\\/planet4-brasil-stateless\\\/2020\\\/10\\\/f026948a-green_asas_20200601_-36-1536x941.jpg 1536w, https:\\\/\\\/www.greenpeace.org\\\/static\\\/planet4-brasil-stateless\\\/2020\\\/10\\\/f026948a-green_asas_20200601_-36-2048x1255.jpg 2048w, https:\\\/\\\/www.greenpeace.org\\\/static\\\/planet4-brasil-stateless\\\/2020\\\/10\\\/f026948a-green_asas_20200601_-36-510x312.jpg 510w&quot;,&quot;image_sizes&quot;:false,&quot;alt_text&quot;:&quot;&quot;,&quot;caption&quot;:&quot;Elizete Pereira da Silva, povo Apurin\\u00e3, agente ind\\u00edgena de sa\\u00fade da aldeia Paxiuba, Terra Ind\\u00edgena (TI) Caititu, munic\\u00edpio de L\\u00e1brea, Amazonas&quot;,&quot;focus_image&quot;:&quot;&quot;,&quot;credits&quot;:&quot;\\u00a9 Valentina Ricardo \\\/ Greenpeace&quot;},{&quot;image_src&quot;:&quot;https:\\\/\\\/www.greenpeace.org\\\/static\\\/planet4-brasil-stateless\\\/2020\\\/10\\\/89b038d3-green_asas_20200601_-37-scaled.jpg&quot;,&quot;image_srcset&quot;:&quot;https:\\\/\\\/www.greenpeace.org\\\/static\\\/planet4-brasil-stateless\\\/2020\\\/10\\\/89b038d3-green_asas_20200601_-37-scaled.jpg 2560w, https:\\\/\\\/www.greenpeace.org\\\/static\\\/planet4-brasil-stateless\\\/2020\\\/10\\\/89b038d3-green_asas_20200601_-37-300x181.jpg 300w, https:\\\/\\\/www.greenpeace.org\\\/static\\\/planet4-brasil-stateless\\\/2020\\\/10\\\/89b038d3-green_asas_20200601_-37-1024x617.jpg 1024w, https:\\\/\\\/www.greenpeace.org\\\/static\\\/planet4-brasil-stateless\\\/2020\\\/10\\\/89b038d3-green_asas_20200601_-37-768x463.jpg 768w, https:\\\/\\\/www.greenpeace.org\\\/static\\\/planet4-brasil-stateless\\\/2020\\\/10\\\/89b038d3-green_asas_20200601_-37-1536x926.jpg 1536w, https:\\\/\\\/www.greenpeace.org\\\/static\\\/planet4-brasil-stateless\\\/2020\\\/10\\\/89b038d3-green_asas_20200601_-37-2048x1234.jpg 2048w, https:\\\/\\\/www.greenpeace.org\\\/static\\\/planet4-brasil-stateless\\\/2020\\\/10\\\/89b038d3-green_asas_20200601_-37-510x307.jpg 510w&quot;,&quot;image_sizes&quot;:false,&quot;alt_text&quot;:&quot;&quot;,&quot;caption&quot;:&quot;Luis Nogueira de Assis, povo Apurin\\u00e3, agente ind\\u00edgena de sa\\u00fade da comunidade Nova Esperan\\u00e7a 2, Terra Ind\\u00edgena (TI) Caititu, munic\\u00edpio de L\\u00e1brea, Amazonas&quot;,&quot;focus_image&quot;:&quot;&quot;,&quot;credits&quot;:&quot;\\u00a9 Valentina Ricardo \\\/ Greenpeace&quot;}]}}\"><\/div>\n<p>Durante o treinamento, todos receberam informa\u00e7\u00f5es sobre como se prevenir do novo coronav\u00edrus, como lidar com pessoas que apresentam os sintomas e aprenderam a aplicar e a interpretar o resultado do <a href=\"https:\/\/www.bio.fiocruz.br\/index.php\/br\/produtos\/reativos\/testes-rapidos\/dpp-covid19\">teste r\u00e1pido<\/a>, que informa se o paciente teve ou n\u00e3o contato com o novo coronav\u00edrus, se est\u00e1 recuperado da doen\u00e7a ou se ainda est\u00e1 transmitindo.<\/p>\n\n<p>\u201c<strong>Foi muito \u00fatil pra mim ter participado desse treinamento. \u00c9 nosso papel cuidar da sa\u00fade do nosso povo. <\/strong>Al\u00e9m da visita domiciliar que a gente faz todos os dias, a gente acompanha as campanhas de vacina\u00e7\u00e3o nas aldeias, tamb\u00e9m faz acompanhamento dos idosos, dos hipertensos, das gr\u00e1vidas, das crian\u00e7as, e agora quando eu voltar, eu vou fazer uma palestra pra passar pros moradores da minha aldeia o que eu aprendi aqui\u201d, diz Raimundo Nonato Silva de Lima, do povo Apurin\u00e3 e agente ind\u00edgena de sa\u00fade da aldeia S\u00e3o Jos\u00e9.&nbsp;<\/p>\n\n<div class=\"wp-block-image  caption-style-blue-overlay caption-alignment-center\"><figure class=\"aligncenter size-large is-resized\"><img loading=\"lazy\" decoding=\"async\" src=\"https:\/\/www.greenpeace.org\/static\/planet4-brasil-stateless\/2020\/10\/5d90d9c5-02-desk-asas-2-1024x1024.png\" alt=\"\" class=\"wp-image-27257\" width=\"512\" height=\"512\" srcset=\"https:\/\/www.greenpeace.org\/static\/planet4-brasil-stateless\/2020\/10\/5d90d9c5-02-desk-asas-2-1024x1024.png 1024w, https:\/\/www.greenpeace.org\/static\/planet4-brasil-stateless\/2020\/10\/5d90d9c5-02-desk-asas-2-300x300.png 300w, https:\/\/www.greenpeace.org\/static\/planet4-brasil-stateless\/2020\/10\/5d90d9c5-02-desk-asas-2-150x150.png 150w, https:\/\/www.greenpeace.org\/static\/planet4-brasil-stateless\/2020\/10\/5d90d9c5-02-desk-asas-2-768x768.png 768w, https:\/\/www.greenpeace.org\/static\/planet4-brasil-stateless\/2020\/10\/5d90d9c5-02-desk-asas-2-1366x1366.png 1366w, https:\/\/www.greenpeace.org\/static\/planet4-brasil-stateless\/2020\/10\/5d90d9c5-02-desk-asas-2-340x340.png 340w, https:\/\/www.greenpeace.org\/static\/planet4-brasil-stateless\/2020\/10\/5d90d9c5-02-desk-asas-2.png 1400w\" sizes=\"auto, (max-width: 512px) 100vw, 512px\" \/><\/figure><\/div>\n\n<p>Poucos dias ap\u00f3s o treinamento, os profissionais de sa\u00fade viajaram para a Terra Ind\u00edgena Caititu, que fica bem pr\u00f3xima \u00e0 cidade de L\u00e1brea, para aplicar os testes em alguns moradores do territ\u00f3rio. <\/p>\n\n<p><strong>Os AIS que participaram do treinamento ficaram respons\u00e1veis por fazer a articula\u00e7\u00e3o entre os moradores das aldeias e a equipe que ia fazer a testagem. <\/strong>Depois de passar pela primeira triagem, a pessoa que havia tido sintomas ou que pertencia ao grupo de risco era encaminhado para uma avalia\u00e7\u00e3o e para o teste r\u00e1pido.<\/p>\n\n<p>Entre 17 e 24 de agosto, os profissionais de sa\u00fade do Dsei que viajaram pelos rios da Terra Ind\u00edgena Caititu para aplicar os testes, sob orienta\u00e7\u00e3o dos AIS, testaram 253 dos 2 mil ind\u00edgenas que moram na TI Caititu. Do total, 74 apresentaram resultado positivo para a Covid-19, mas apenas 15 est\u00e3o ou estiveram infectados e podem estar transmitindo a doen\u00e7a.\u00a0<\/p>\n\n<div class=\"wp-block-image  caption-style-blue-overlay caption-alignment-center\"><figure class=\"aligncenter size-large is-resized\"><img loading=\"lazy\" decoding=\"async\" src=\"https:\/\/www.greenpeace.org\/static\/planet4-brasil-stateless\/2020\/10\/bd40e11b-03-desk-asas-2-1024x1024.png\" alt=\"\" class=\"wp-image-27255\" width=\"512\" height=\"512\" srcset=\"https:\/\/www.greenpeace.org\/static\/planet4-brasil-stateless\/2020\/10\/bd40e11b-03-desk-asas-2-1024x1024.png 1024w, https:\/\/www.greenpeace.org\/static\/planet4-brasil-stateless\/2020\/10\/bd40e11b-03-desk-asas-2-300x300.png 300w, https:\/\/www.greenpeace.org\/static\/planet4-brasil-stateless\/2020\/10\/bd40e11b-03-desk-asas-2-150x150.png 150w, https:\/\/www.greenpeace.org\/static\/planet4-brasil-stateless\/2020\/10\/bd40e11b-03-desk-asas-2-768x768.png 768w, https:\/\/www.greenpeace.org\/static\/planet4-brasil-stateless\/2020\/10\/bd40e11b-03-desk-asas-2-1366x1366.png 1366w, https:\/\/www.greenpeace.org\/static\/planet4-brasil-stateless\/2020\/10\/bd40e11b-03-desk-asas-2-340x340.png 340w, https:\/\/www.greenpeace.org\/static\/planet4-brasil-stateless\/2020\/10\/bd40e11b-03-desk-asas-2.png 1400w\" sizes=\"auto, (max-width: 512px) 100vw, 512px\" \/><\/figure><\/div>\n\n<p>\u201c<strong>A gente avalia que, para al\u00e9m de identificar casos, ao fazermos uma amostragem dentro das 26 aldeias, podemos ter uma clareza da real situa\u00e7\u00e3o da pandemia no territ\u00f3rio <\/strong>e posteriormente dar uma resposta para dentro do territ\u00f3rio sobre quais poss\u00edveis pr\u00f3ximos passos. Uma oportunidade que pode ajudar a salvar vidas\u201d, diz Magno dos Santos.<\/p>\n\n<p>Os ind\u00edgenas que atuam com sa\u00fade nas aldeias e todos os moradores do territ\u00f3rio ansiavam por essa clareza. \u201cSe numa casa com seis pessoas, uma delas tiver sintomas e o teste der positivo, a gente j\u00e1 sabe que ali n\u00e3o foi s\u00f3 uma pessoa que pegou. E a\u00ed a gente tem que cuidar daquela fam\u00edlia, isolar as pessoas e ficar atenta a todos os outros parentes na aldeia\u201d, explica Elizete Pereira da Silva, AIS da aldeia Paxiuba, Polo Chico Camilo, uma das participantes do treinamento.<\/p>\n\n<p>O grupo de trabalho que atua hoje localmente no munic\u00edpio de L\u00e1brea, estendendo suas a\u00e7\u00f5es para a TI Caititu, re\u00fane Opera\u00e7\u00e3o Amaz\u00f4nia Nativa (Opan), Federa\u00e7\u00e3o das Organiza\u00e7\u00f5es e Comunidades Ind\u00edgenas do M\u00e9dio Purus (Focimp), Conselho Mission\u00e1rio Indigenista (Cimi) do M\u00e9dio Purus, Instituto Internacional de Educa\u00e7\u00e3o do Brasil (IEB), Funda\u00e7\u00e3o Nacional do \u00cdndio (Funai) e Secretaria Especial de Sa\u00fade Ind\u00edgena (Sesai).&nbsp;<\/p>\n\n<p>O Asas da Emerg\u00eancia tamb\u00e9m apoiou outras atividades como essa em demais munic\u00edpios de regi\u00f5es isoladas da Amaz\u00f4nia e em \u00e1reas de fronteira com Peru, Col\u00f4mbia e Venezuela, nos munic\u00edpios de Feij\u00f3 (AC), L\u00e1brea (AM), S\u00e3o Gabriel da Cachoeira (AM), Tabatinga , Jord\u00e3o (AC) e Santa Rosa do Purus (AC).<\/p>\n<div class=\"EmptyMessage\">Block content is empty. Check the block&#8217;s settings or remove it.<\/div>","protected":false},"excerpt":{"rendered":"<p>A iniciativa possibilitou realiza\u00e7\u00e3o de testes e uma clareza da situa\u00e7\u00e3o da pandemia no territ\u00f3rio mais pr\u00f3ximo ao munic\u00edpio de L\u00e1brea, o \u00faltimo da Transamaz\u00f4nica<\/p>\n","protected":false},"author":67,"featured_media":27343,"comment_status":"open","ping_status":"closed","sticky":false,"template":"","format":"standard","meta":{"ep_exclude_from_search":false,"p4_og_title":"","p4_og_description":"","p4_og_image":"","p4_og_image_id":"","p4_seo_canonical_url":"","p4_campaign_name":"not set","p4_local_project":"not set","p4_basket_name":"not set","p4_department":"","footnotes":""},"categories":[3],"tags":[22],"p4-page-type":[16],"class_list":["post-27245","post","type-post","status-publish","format-standard","has-post-thumbnail","hentry","category-proteja-a-natureza","tag-florestas","p4-page-type-blog"],"_links":{"self":[{"href":"https:\/\/www.greenpeace.org\/brasil\/wp-json\/wp\/v2\/posts\/27245","targetHints":{"allow":["GET"]}}],"collection":[{"href":"https:\/\/www.greenpeace.org\/brasil\/wp-json\/wp\/v2\/posts"}],"about":[{"href":"https:\/\/www.greenpeace.org\/brasil\/wp-json\/wp\/v2\/types\/post"}],"author":[{"embeddable":true,"href":"https:\/\/www.greenpeace.org\/brasil\/wp-json\/wp\/v2\/users\/67"}],"replies":[{"embeddable":true,"href":"https:\/\/www.greenpeace.org\/brasil\/wp-json\/wp\/v2\/comments?post=27245"}],"version-history":[{"count":20,"href":"https:\/\/www.greenpeace.org\/brasil\/wp-json\/wp\/v2\/posts\/27245\/revisions"}],"predecessor-version":[{"id":35237,"href":"https:\/\/www.greenpeace.org\/brasil\/wp-json\/wp\/v2\/posts\/27245\/revisions\/35237"}],"wp:featuredmedia":[{"embeddable":true,"href":"https:\/\/www.greenpeace.org\/brasil\/wp-json\/wp\/v2\/media\/27343"}],"wp:attachment":[{"href":"https:\/\/www.greenpeace.org\/brasil\/wp-json\/wp\/v2\/media?parent=27245"}],"wp:term":[{"taxonomy":"category","embeddable":true,"href":"https:\/\/www.greenpeace.org\/brasil\/wp-json\/wp\/v2\/categories?post=27245"},{"taxonomy":"post_tag","embeddable":true,"href":"https:\/\/www.greenpeace.org\/brasil\/wp-json\/wp\/v2\/tags?post=27245"},{"taxonomy":"p4-page-type","embeddable":true,"href":"https:\/\/www.greenpeace.org\/brasil\/wp-json\/wp\/v2\/p4-page-type?post=27245"}],"curies":[{"name":"wp","href":"https:\/\/api.w.org\/{rel}","templated":true}]}}