{"id":27505,"date":"2020-10-09T12:10:24","date_gmt":"2020-10-09T15:10:24","guid":{"rendered":"https:\/\/www.greenpeace.org\/brasil\/?p=27505"},"modified":"2022-03-04T10:07:21","modified_gmt":"2022-03-04T13:07:21","slug":"patria-queimada-brasil-politica-incendiaria-do-governo-ameaca-futuro-do-pais","status":"publish","type":"post","link":"https:\/\/www.greenpeace.org\/brasil\/blog\/patria-queimada-brasil-politica-incendiaria-do-governo-ameaca-futuro-do-pais\/","title":{"rendered":"P\u00e1tria Queimada Brasil: pol\u00edtica incendi\u00e1ria do governo amea\u00e7a futuro do pa\u00eds"},"content":{"rendered":"\n<h4 class=\"wp-block-heading\">Ap\u00f3s erguer est\u00e1tua de \u201cBolsonero\u201d em \u00e1rea devastada no Pantanal, ativistas do Greenpeace escrevem mensagem \u201cP\u00e1tria Queimada Brasil\u201d para revelar o absoluto descaso do governo federal com a prote\u00e7\u00e3o do patrim\u00f4nio ambiental do pa\u00eds<\/h4>\n\n<figure class=\"wp-block-embed-youtube wp-block-embed is-type-video is-provider-youtube wp-embed-aspect-16-9 wp-has-aspect-ratio\"><div class=\"wp-block-embed__wrapper\">\n<lite-youtube style=\"background-image: url('https:\/\/i.ytimg.com\/vi\/ZdSfG1BqnoU\/hqdefault.jpg');\" videoid=\"ZdSfG1BqnoU\" params=\"rel=0\"><\/lite-youtube>\n<\/div><\/figure>\n\n<p>Ativistas do Greenpeace Brasil estiveram em uma enorme \u00e1rea devastada pelas queimadas no Pantanal para protestar contra uma das piores crises ambientais da hist\u00f3ria do pa\u00eds, resultado de uma mistura explosiva de secas severas e absoluto descaso do poder p\u00fablico com a prote\u00e7\u00e3o do patrim\u00f4nio ambiental dos brasileiros. A mensagem, uma clara refer\u00eancia ao slogan do governo federal, complementa a est\u00e1tua de \u201cBolsonero\u201d, que \u201csurgiu\u201d no Pantanal e come\u00e7ou a circular nas redes sociais um dia antes.&nbsp;<\/p>\n\n<p>\u201cCom essas a\u00e7\u00f5es n\u00e3o queremos chamar aten\u00e7\u00e3o apenas para a destrui\u00e7\u00e3o sem precedentes do patrim\u00f4nio ambiental dos brasileiros, mas apontar as causas e seus respons\u00e1veis. O Brasil est\u00e1 literalmente em chamas gra\u00e7as \u00e0 pol\u00edtica incendi\u00e1ria do atual governo que, em vez de apresentar a\u00e7\u00f5es coordenadas e efetivas de prote\u00e7\u00e3o ao meio ambiente e \u00e0 vida das pessoas, segue tocando a melodia desvairada do seu projeto de destrui\u00e7\u00e3o, amea\u00e7ando e queimando a biodiversidade brasileira e fragilizando a j\u00e1 combalida economia do pa\u00eds\u201d, afirma Tica Minami, diretora de programas do Greenpeace Brasil. &nbsp;<\/p>\n\n<p>\u201cAo desdenhar o meio ambiente, \u00e9 como se o governo Bolsonaro queimasse uma marca extremamente valiosa chamada Brasil \u2013 investidores, empres\u00e1rios, banqueiros, chefes de Estado e entidades nacionais e estrangeiras j\u00e1 advertiram que devem retirar investimentos do pa\u00eds por n\u00e3o quererem estar associados a pr\u00e1tica de crimes ambientais\u201d.<\/p>\n\n<figure class=\"wp-block-image size-large  caption-style-medium caption-alignment-center\"><img loading=\"lazy\" decoding=\"async\" width=\"1024\" height=\"641\" src=\"https:\/\/www.greenpeace.org\/static\/planet4-brasil-stateless\/2020\/10\/6f3b1686-yydnw2cr-1024x641.jpg\" alt=\"\" class=\"wp-image-27585\" srcset=\"https:\/\/www.greenpeace.org\/static\/planet4-brasil-stateless\/2020\/10\/6f3b1686-yydnw2cr-1024x641.jpg 1024w, https:\/\/www.greenpeace.org\/static\/planet4-brasil-stateless\/2020\/10\/6f3b1686-yydnw2cr-300x188.jpg 300w, https:\/\/www.greenpeace.org\/static\/planet4-brasil-stateless\/2020\/10\/6f3b1686-yydnw2cr-768x481.jpg 768w, https:\/\/www.greenpeace.org\/static\/planet4-brasil-stateless\/2020\/10\/6f3b1686-yydnw2cr-1536x962.jpg 1536w, https:\/\/www.greenpeace.org\/static\/planet4-brasil-stateless\/2020\/10\/6f3b1686-yydnw2cr-2048x1283.jpg 2048w, https:\/\/www.greenpeace.org\/static\/planet4-brasil-stateless\/2020\/10\/6f3b1686-yydnw2cr-510x319.jpg 510w\" sizes=\"auto, (max-width: 1024px) 100vw, 1024px\" \/><figcaption>Enquanto os inc\u00eandios avan\u00e7am sobre os biomas brasileiros, o pa\u00eds queima tamb\u00e9m sua imagem e prejudica a economia.<div class=\"credit icon-left\"> \u00a9 Christian Braga \/ Greenpeace<\/div><\/figcaption><\/figure>\n\n<p>No Pantanal, maior plan\u00edcie interior inund\u00e1vel do mundo, <a href=\"https:\/\/drive.google.com\/file\/d\/1eJ_x8VNpiScBB3ANUcBuHV3NJl1_Zv4O\/view\">o fogo j\u00e1 atingiu 26% do bioma<\/a>, uma \u00e1rea maior que o estado de Alagoas, sendo que <strong>2020 foi ano em que o bioma mais queimou desde que os focos de calor come\u00e7aram a ser monitorados,<\/strong> em 1998. No Cerrado, a savana mais biodiversa do mundo, at\u00e9 o momento j\u00e1 foram registrados mais de 54 mil focos de calor este ano e, na Amaz\u00f4nia, bioma que forma os rios voadores, o m\u00eas de setembro <a href=\"https:\/\/www.greenpeace.org\/brasil\/blog\/setembro-quente-focos-de-calor-aumentam-180-no-pantanal-e-60-na-amazonia\/\"><strong>registrou um aumento de 60,6% nos focos de calor em compara\u00e7\u00e3o<\/strong><\/a> com o mesmo per\u00edodo do ano passado. Apesar do negacionismo do governo, imagens de sat\u00e9lite comprovam que mais da metade dos focos de inc\u00eandio na Amaz\u00f4nia ocorrem em terrenos de desmate recente ou \u00e1reas de floresta, n\u00e3o em \u00e1reas que j\u00e1 eram usadas pela agropecu\u00e1ria.<\/p>\n\n<p>A gravidade da situa\u00e7\u00e3o \u00e9 resultado, sobretudo, do projeto de terra arrasada conduzido pelo governo Bolsonaro em 21 meses de mandato. Trata-se do<a href=\"https:\/\/www.greenpeace.org\/brasil\/blog\/cronologia-da-destruicao-anunciada\/\"> desmonte sistem\u00e1tico das estruturas e pol\u00edticas p\u00fablicas que promovem a prote\u00e7\u00e3o ambiental, somada a aus\u00eancia premeditada de plano<\/a>, meta ou or\u00e7amento capazes de proteger, de forma concreta, as riquezas naturais do Brasil \u2013 conforme diversos levantamentos realizados por<a href=\"https:\/\/www.greenpeace.org\/brasil\/blog\/cronologia-da-destruicao-anunciada\/\"> servidores<\/a>,<a href=\"http:\/\/www.mpf.mp.br\/df\/sala-de-imprensa\/noticias-df\/mpf-pede-afastamento-de-ricardo-salles-do-ministerio-do-meio-ambiente-por-improbidade-administrativa\"> Minist\u00e9rio P\u00fablico Federal<\/a> e<a href=\"https:\/\/governodadestruicao.org\/\"> sociedade civil<\/a>.<\/p>\n\n<p>A prote\u00e7\u00e3o das Unidades de Conserva\u00e7\u00e3o, assim como investimentos em fiscaliza\u00e7\u00e3o e treinamento de brigadistas locais, deveriam ser prioridade neste momento de crise. No entanto,<a href=\"https:\/\/noticias.uol.com.br\/ultimas-noticias\/deutschewelle\/2020\/09\/12\/em-um-ano-governo-bolsonaro-corta-verba-para-brigadistas-em-58.htm\"> o governo federal cortou 58% da verba<\/a> direcionada para a contrata\u00e7\u00e3o de pessoal para preven\u00e7\u00e3o e combate a inc\u00eandios florestais em 2020. Esse or\u00e7amento caiu de R$ 23,78 milh\u00f5es em 2019 para apenas R$ 9,99 milh\u00f5es neste ano. O Minist\u00e9rio do Meio Ambiente (MMA) s\u00f3 gastou <a href=\"http:\/\/www.observatoriodoclima.eco.br\/salles-gastou-r-105-mil-em-politica-ambiental-em-2020\/\">0,4%<\/a> dos recursos&nbsp; para a\u00e7\u00f5es diretas e j\u00e1 <a href=\"https:\/\/congressoemfoco.uol.com.br\/meio-ambiente\/governo-corta-r-1844-milhoes-do-orcamento-do-meio-ambiente-para-2021\/\">prev\u00ea cortes no or\u00e7amento para 2021<\/a>.&nbsp;<\/p>\n\n<p>O bom<a href=\"https:\/\/www.swissre.com\/media\/news-releases\/nr-20200923-biodiversity-and-ecosystems-services.html\"> funcionamento da economia depende da conserva\u00e7\u00e3o da natureza<\/a>. Os ecossistemas naturais e sua biodiversidade prestam servi\u00e7os ambientais \u00e0 sociedade que tornam diversas atividades econ\u00f4micas vi\u00e1veis, como por exemplo a produ\u00e7\u00e3o de alimentos, acesso \u00e0 \u00e1gua e qualidade do ar.<\/p>\n\n<p>Por outro lado, o fogo e as mudan\u00e7as clim\u00e1ticas alteram os ecossistemas de maneira que a biodiversidade, muitas vezes, n\u00e3o consegue se adaptar. Em equil\u00edbrio, a biodiversidade mant\u00e9m a natureza saud\u00e1vel e funciona como um escudo para evitar a ocorr\u00eancia de doen\u00e7as e pandemias. Em vez disso, as fuma\u00e7as das queimadas na Amaz\u00f4nia e no Pantanal j\u00e1 chegaram a diversas cidades como Cuiab\u00e1, Manaus e Rio Branco, e podem aumentar ainda mais o risco de doen\u00e7as respirat\u00f3rias em um momento em que o pa\u00eds ainda enfrenta a pandemia da Covid-19.&nbsp;<\/p>\n\n<h3 class=\"wp-block-heading\"><strong>Quem ama o Brasil, cuida<\/strong><\/h3>\n<div data-render=\"planet4-blocks\/gallery\" data-attributes=\"{&quot;attributes&quot;:{&quot;multiple_image&quot;:&quot;27583,27582&quot;,&quot;image_data&quot;:[{&quot;url&quot;:&quot;https:\\\/\\\/www.greenpeace.org\\\/static\\\/planet4-brasil-stateless\\\/2020\\\/10\\\/40b8e905-ymz4uta6-scaled.jpg&quot;,&quot;focalPoint&quot;:{&quot;x&quot;:0.5,&quot;y&quot;:0.5},&quot;id&quot;:27583},{&quot;url&quot;:&quot;https:\\\/\\\/www.greenpeace.org\\\/static\\\/planet4-brasil-stateless\\\/2020\\\/10\\\/88ee3ff3-v5syxphp-scaled.jpg&quot;,&quot;focalPoint&quot;:{&quot;x&quot;:0.5,&quot;y&quot;:0.5},&quot;id&quot;:27582}],&quot;gallery_block_style&quot;:0,&quot;gallery_block_title&quot;:&quot;&quot;,&quot;gallery_block_description&quot;:&quot;&quot;,&quot;gallery_block_focus_points&quot;:&quot;&quot;,&quot;images&quot;:[{&quot;image_src&quot;:&quot;https:\\\/\\\/www.greenpeace.org\\\/static\\\/planet4-brasil-stateless\\\/2020\\\/10\\\/40b8e905-ymz4uta6-scaled.jpg&quot;,&quot;image_srcset&quot;:&quot;https:\\\/\\\/www.greenpeace.org\\\/static\\\/planet4-brasil-stateless\\\/2020\\\/10\\\/40b8e905-ymz4uta6-scaled.jpg 2560w, https:\\\/\\\/www.greenpeace.org\\\/static\\\/planet4-brasil-stateless\\\/2020\\\/10\\\/40b8e905-ymz4uta6-300x200.jpg 300w, https:\\\/\\\/www.greenpeace.org\\\/static\\\/planet4-brasil-stateless\\\/2020\\\/10\\\/40b8e905-ymz4uta6-1024x683.jpg 1024w, https:\\\/\\\/www.greenpeace.org\\\/static\\\/planet4-brasil-stateless\\\/2020\\\/10\\\/40b8e905-ymz4uta6-768x512.jpg 768w, https:\\\/\\\/www.greenpeace.org\\\/static\\\/planet4-brasil-stateless\\\/2020\\\/10\\\/40b8e905-ymz4uta6-1536x1024.jpg 1536w, https:\\\/\\\/www.greenpeace.org\\\/static\\\/planet4-brasil-stateless\\\/2020\\\/10\\\/40b8e905-ymz4uta6-2048x1366.jpg 2048w, https:\\\/\\\/www.greenpeace.org\\\/static\\\/planet4-brasil-stateless\\\/2020\\\/10\\\/40b8e905-ymz4uta6-510x340.jpg 510w&quot;,&quot;image_sizes&quot;:false,&quot;alt_text&quot;:&quot;&quot;,&quot;caption&quot;:&quot;Como Presidente da Rep\\u00fablica, Bolsonaro pode e deve agir para combater as graves crises ambientais e de sa\\u00fade que assolam o pa\\u00eds.&quot;,&quot;focus_image&quot;:&quot;&quot;,&quot;credits&quot;:&quot;\\u00a9 Greenpeace&quot;},{&quot;image_src&quot;:&quot;https:\\\/\\\/www.greenpeace.org\\\/static\\\/planet4-brasil-stateless\\\/2020\\\/10\\\/88ee3ff3-v5syxphp-scaled.jpg&quot;,&quot;image_srcset&quot;:&quot;https:\\\/\\\/www.greenpeace.org\\\/static\\\/planet4-brasil-stateless\\\/2020\\\/10\\\/88ee3ff3-v5syxphp-scaled.jpg 2560w, https:\\\/\\\/www.greenpeace.org\\\/static\\\/planet4-brasil-stateless\\\/2020\\\/10\\\/88ee3ff3-v5syxphp-300x200.jpg 300w, https:\\\/\\\/www.greenpeace.org\\\/static\\\/planet4-brasil-stateless\\\/2020\\\/10\\\/88ee3ff3-v5syxphp-1024x683.jpg 1024w, https:\\\/\\\/www.greenpeace.org\\\/static\\\/planet4-brasil-stateless\\\/2020\\\/10\\\/88ee3ff3-v5syxphp-768x512.jpg 768w, https:\\\/\\\/www.greenpeace.org\\\/static\\\/planet4-brasil-stateless\\\/2020\\\/10\\\/88ee3ff3-v5syxphp-1536x1024.jpg 1536w, https:\\\/\\\/www.greenpeace.org\\\/static\\\/planet4-brasil-stateless\\\/2020\\\/10\\\/88ee3ff3-v5syxphp-2048x1366.jpg 2048w, https:\\\/\\\/www.greenpeace.org\\\/static\\\/planet4-brasil-stateless\\\/2020\\\/10\\\/88ee3ff3-v5syxphp-510x340.jpg 510w&quot;,&quot;image_sizes&quot;:false,&quot;alt_text&quot;:&quot;&quot;,&quot;caption&quot;:&quot;Tal qual Nero e sua harpa na Roma incendiada, a melodia desvairada de desmandos e desmontes do governo Bolsonaro simboliza o projeto de destrui\\u00e7\\u00e3o que ati\\u00e7a o fogo nos principais biomas naturais brasileiros.&quot;,&quot;focus_image&quot;:&quot;&quot;,&quot;credits&quot;:&quot;\\u00a9 Greenpeace&quot;}]}}\"><\/div>\n<p>Como Presidente da Rep\u00fablica, Bolsonaro pode e deve agir para combater as graves crises ambientais e de sa\u00fade que assolam o pa\u00eds. Em vez de negar as evid\u00eancias e ignorar sua responsabilidade, o governo federal deve comandar e coordenar esfor\u00e7os de combate \u00e0s queimadas e \u00e0 devasta\u00e7\u00e3o ambiental, assim como deveria ter agido para proteger a popula\u00e7\u00e3o da pandemia da Covid-19, mas n\u00e3o o fez. <strong>O governo federal precisa reconhecer a gravidade da crise ambiental e clim\u00e1tica em vez de fechar os olhos para os problemas e usar<\/strong><a href=\"https:\/\/www.greenpeace.org\/brasil\/blog\/maquiagem-verde\/\"><strong> dados falsos<\/strong><\/a><strong> para confundir a popula\u00e7\u00e3o.<\/strong><\/p>\n\n<p>O Poder Executivo deve reverter <strong>imediatamente<\/strong> o desmonte da governan\u00e7a e das estruturas respons\u00e1veis pela prote\u00e7\u00e3o ambiental no pa\u00eds, fortalecendo os \u00f3rg\u00e3os de fiscaliza\u00e7\u00e3o e controle, fazendo bom uso do or\u00e7amento para fiscaliza\u00e7\u00e3o em campo, valorizando a ci\u00eancia e os dados produzidos pela comunidade cient\u00edfica para informar pol\u00edticas p\u00fablicas que combatam o desmatamento e os crimes ambientais, e protejam a sociedade.<\/p>\n\n<p>\u201cQuem ama o Brasil, cuida. \u00c9 por amor ao pa\u00eds que ONGs, ind\u00edgenas, volunt\u00e1rios, banqueiros e empres\u00e1rios est\u00e3o se organizando para proteger o maior patrim\u00f4nio dos brasileiros: nossas riquezas naturais\u201d, completa Tica.&nbsp;<\/p>\n\n<p>H\u00e1 28 anos, o Greenpeace Brasil defende a vida e o patrim\u00f4nio ambiental dos brasileiros. Temos denunciado incansavelmente a pol\u00edtica antiambiental atual, cujos resultados pol\u00edticos n\u00e3o respeitam fronteiras e t\u00eam impacto direto na natureza. Na Amaz\u00f4nia, seguimos investigando, expondo e denunciando os crimes contra a floresta, bem como seus respons\u00e1veis. No Pantanal, estamos expondo os impactos no bioma e apoiando pontualmente as popula\u00e7\u00f5es locais afetadas com doa\u00e7\u00e3o de materiais anti-inc\u00eandio e cestas b\u00e1sicas, entre outras iniciativas.&nbsp;<\/p>\n\n<p>N\u00e3o podemos e n\u00e3o vamos assistir calados ao nosso patrim\u00f4nio natural virar cinzas.&nbsp;<\/p>\n\n<p><strong>O que voc\u00ea pode fazer<\/strong>:<\/p>\n\n<ol class=\"wp-block-list\"><li>Cobre a\u00e7\u00e3o imediata do governo federal;<\/li><li>Compartilhe a situa\u00e7\u00e3o do Pantanal e da Amaz\u00f4nia, para que mais pessoas saibam da gravidade dos inc\u00eandios;<\/li><li><a href=\"http:\/\/todospelaamazonia.org.br\">Fa\u00e7a parte do movimento Todos Pela Amaz\u00f4nia<\/a>; e<\/li><li>Apoie organiza\u00e7\u00f5es volunt\u00e1rias locais que trabalham incansavelmente para salvar vidas no Pantanal. Veja as <a href=\"https:\/\/www.greenpeace.org\/brasil\/blog\/7-coisas-que-voce-pode-fazer-pelo-pantanal\/\">v\u00e1rias formas de ajudar o bioma aqui<\/a>.<\/li><\/ol>\n\n<p><\/p>\n<div class=\"EmptyMessage\">Block content is empty. Check the block&#8217;s settings or remove it.<\/div>","protected":false},"excerpt":{"rendered":"<p>Ap\u00f3s erguer est\u00e1tua de \u201cBolsonero\u201d em \u00e1rea devastada no Pantanal, ativistas do Greenpeace escrevem mensagem \u201cP\u00e1tria Queimada, Brasil\u201d para revelar o absoluto descaso do governo federal com a prote\u00e7\u00e3o do patrim\u00f4nio ambiental do pa\u00eds<\/p>\n","protected":false},"author":28,"featured_media":27584,"comment_status":"open","ping_status":"closed","sticky":false,"template":"","format":"standard","meta":{"ep_exclude_from_search":false,"p4_og_title":"","p4_og_description":"","p4_og_image":"","p4_og_image_id":"","p4_seo_canonical_url":"","p4_campaign_name":"not set","p4_local_project":"not set","p4_basket_name":"not set","p4_department":"","footnotes":""},"categories":[3],"tags":[22],"p4-page-type":[16],"class_list":["post-27505","post","type-post","status-publish","format-standard","has-post-thumbnail","hentry","category-proteja-a-natureza","tag-florestas","p4-page-type-blog"],"_links":{"self":[{"href":"https:\/\/www.greenpeace.org\/brasil\/wp-json\/wp\/v2\/posts\/27505","targetHints":{"allow":["GET"]}}],"collection":[{"href":"https:\/\/www.greenpeace.org\/brasil\/wp-json\/wp\/v2\/posts"}],"about":[{"href":"https:\/\/www.greenpeace.org\/brasil\/wp-json\/wp\/v2\/types\/post"}],"author":[{"embeddable":true,"href":"https:\/\/www.greenpeace.org\/brasil\/wp-json\/wp\/v2\/users\/28"}],"replies":[{"embeddable":true,"href":"https:\/\/www.greenpeace.org\/brasil\/wp-json\/wp\/v2\/comments?post=27505"}],"version-history":[{"count":17,"href":"https:\/\/www.greenpeace.org\/brasil\/wp-json\/wp\/v2\/posts\/27505\/revisions"}],"predecessor-version":[{"id":35234,"href":"https:\/\/www.greenpeace.org\/brasil\/wp-json\/wp\/v2\/posts\/27505\/revisions\/35234"}],"wp:featuredmedia":[{"embeddable":true,"href":"https:\/\/www.greenpeace.org\/brasil\/wp-json\/wp\/v2\/media\/27584"}],"wp:attachment":[{"href":"https:\/\/www.greenpeace.org\/brasil\/wp-json\/wp\/v2\/media?parent=27505"}],"wp:term":[{"taxonomy":"category","embeddable":true,"href":"https:\/\/www.greenpeace.org\/brasil\/wp-json\/wp\/v2\/categories?post=27505"},{"taxonomy":"post_tag","embeddable":true,"href":"https:\/\/www.greenpeace.org\/brasil\/wp-json\/wp\/v2\/tags?post=27505"},{"taxonomy":"p4-page-type","embeddable":true,"href":"https:\/\/www.greenpeace.org\/brasil\/wp-json\/wp\/v2\/p4-page-type?post=27505"}],"curies":[{"name":"wp","href":"https:\/\/api.w.org\/{rel}","templated":true}]}}