{"id":2771,"date":"2018-04-23T10:24:19","date_gmt":"2018-04-23T10:24:19","guid":{"rendered":"https:\/\/www.greenpeace.org\/brasil\/?p=2771"},"modified":"2022-06-30T18:07:02","modified_gmt":"2022-06-30T21:07:02","slug":"corais-da-amazonia-sao-seis-vezes-maior-do-que-estimado","status":"publish","type":"post","link":"https:\/\/www.greenpeace.org\/brasil\/imprensa\/corais-da-amazonia-sao-seis-vezes-maior-do-que-estimado\/","title":{"rendered":"Corais da Amaz\u00f4nia s\u00e3o seis vezes maior do que estimado"},"content":{"rendered":"<p>Oiapoque, AP &#8211; Um <a href=\"http:\/\/www.frontiersin.org\/articles\/10.3389\/fmars.2018.00142\/full\">novo estudo, publicado hoje<\/a> (23\/4), pela revista cient\u00edfica <strong>Frontiers in Marine Science<\/strong>, confirma que os <strong>Corais da Amaz\u00f4nia<\/strong> s\u00e3o quase seis vezes maior do que inicialmente estimado, compreendendo uma \u00e1rea de <strong>56.000 km\u00b2<\/strong>. Al\u00e9m disso, eles formam um corredor de biodiversidade entre o oceano Atl\u00e2ntico e o mar do Caribe, com esp\u00e9cies de fauna de ambas as regi\u00f5es. As informa\u00e7\u00f5es s\u00e3o resultado da expedi\u00e7\u00e3o realizada no ano passado pelo Greenpeace e por cientistas.<\/p>\n<p>J\u00e1 na expedi\u00e7\u00e3o cient\u00edfica que est\u00e1 realizando neste ano, o Greenpeace captou imagens in\u00e9ditas do setor norte dos Corais da Amaz\u00f4nia, a 135 quil\u00f4metros da costa do Oiapoque, no Amap\u00e1, e a 90 metros de profundidade. O mergulho de 1h30 de dura\u00e7\u00e3o foi realizado na \u00faltima sexta-feira (19) com um ve\u00edculo remotamente operado (ROV, na sigla em ingl\u00eas) e revelou uma boa amostra da biodiversidade que marca este ecossistema \u00fanico: peixes, corais-negro, corais-mole e uma rica variedade de esponjas.<\/p>\n<p>O setor norte do recife \u00e9 o local que recebe a maior influ\u00eancia das \u00e1guas repletas de sedimentos do rio Amazonas e o menos estudado pelos cientistas, devido \u00e0s fortes correntes marinhas na regi\u00e3o. Tamb\u00e9m \u00e9 a \u00e1rea mais amea\u00e7ada, pois nas suas proximidades est\u00e3o os blocos que as petrol\u00edferas querem explorar.<\/p>\n<p>&#8220;As imagens confirmam o que a ci\u00eancia e n\u00f3s vimos afirmando: os Corais da Amaz\u00f4nia s\u00e3o um ecossistema incr\u00edvel, especial, que deve ser defendido da gan\u00e2ncia das petrol\u00edferas que querem perfurar na regi\u00e3o&#8221;, afirma Thiago Almeida, especialista em Energia do Greenpeace Brasil, a bordo do Esperanza.<\/p>\n<p>Na semana passada, ap\u00f3s a revela\u00e7\u00e3o pelo Greenpeace de que o recife de corais se estende at\u00e9 um dos blocos de explora\u00e7\u00e3o da empresa Total, o Minist\u00e9rio P\u00fablico Federal no Amap\u00e1 recomendou ao Ibama que negue a licen\u00e7a para a empresa. Em seu documento, o MPF alega que perfurar a \u00e1rea pode \u201cresultar na destrui\u00e7\u00e3o em larga escala do meio ambiente, configurando ecoc\u00eddio \u2013 crime contra a humanidade sujeito \u00e0 jurisdi\u00e7\u00e3o do Tribunal Penal Internacional\u201d.<\/p>\n<p><strong>M\u00eddia:<\/strong><\/p>\n<p><a href=\"http:\/\/media.greenpeace.org\/collection\/27MZIFJXOI985\">Novas fotos e v\u00eddeos dos Corais da Amaz\u00f4nia<\/a><\/p>\n<p><strong>Assessoria de Imprensa<\/strong><br \/>\nimprensa.br@greenpeace.org<br \/>\n(11) 3035-1167 e (11) 9-5640-0443<\/p>\n","protected":false},"excerpt":{"rendered":"<p>Oiapoque, AP &#8211; Um novo estudo, publicado hoje (23\/4), pela revista cient\u00edfica Frontiers in Marine Science, confirma que os Corais da Amaz\u00f4nia s\u00e3o quase seis vezes maior do que inicialmente&hellip;<\/p>\n","protected":false},"author":28,"featured_media":2772,"comment_status":"closed","ping_status":"open","sticky":false,"template":"","format":"standard","meta":{"ep_exclude_from_search":false,"p4_og_title":"","p4_og_description":"","p4_og_image":"","p4_og_image_id":"","p4_seo_canonical_url":"","p4_campaign_name":"","p4_local_project":"","p4_basket_name":"","p4_department":"","footnotes":""},"categories":[3],"tags":[6,55],"p4-page-type":[14],"class_list":["post-2771","post","type-post","status-publish","format-standard","has-post-thumbnail","hentry","category-proteja-a-natureza","tag-clima","tag-imprensa","p4-page-type-imprensa"],"_links":{"self":[{"href":"https:\/\/www.greenpeace.org\/brasil\/wp-json\/wp\/v2\/posts\/2771","targetHints":{"allow":["GET"]}}],"collection":[{"href":"https:\/\/www.greenpeace.org\/brasil\/wp-json\/wp\/v2\/posts"}],"about":[{"href":"https:\/\/www.greenpeace.org\/brasil\/wp-json\/wp\/v2\/types\/post"}],"author":[{"embeddable":true,"href":"https:\/\/www.greenpeace.org\/brasil\/wp-json\/wp\/v2\/users\/28"}],"replies":[{"embeddable":true,"href":"https:\/\/www.greenpeace.org\/brasil\/wp-json\/wp\/v2\/comments?post=2771"}],"version-history":[{"count":4,"href":"https:\/\/www.greenpeace.org\/brasil\/wp-json\/wp\/v2\/posts\/2771\/revisions"}],"predecessor-version":[{"id":5515,"href":"https:\/\/www.greenpeace.org\/brasil\/wp-json\/wp\/v2\/posts\/2771\/revisions\/5515"}],"wp:featuredmedia":[{"embeddable":true,"href":"https:\/\/www.greenpeace.org\/brasil\/wp-json\/wp\/v2\/media\/2772"}],"wp:attachment":[{"href":"https:\/\/www.greenpeace.org\/brasil\/wp-json\/wp\/v2\/media?parent=2771"}],"wp:term":[{"taxonomy":"category","embeddable":true,"href":"https:\/\/www.greenpeace.org\/brasil\/wp-json\/wp\/v2\/categories?post=2771"},{"taxonomy":"post_tag","embeddable":true,"href":"https:\/\/www.greenpeace.org\/brasil\/wp-json\/wp\/v2\/tags?post=2771"},{"taxonomy":"p4-page-type","embeddable":true,"href":"https:\/\/www.greenpeace.org\/brasil\/wp-json\/wp\/v2\/p4-page-type?post=2771"}],"curies":[{"name":"wp","href":"https:\/\/api.w.org\/{rel}","templated":true}]}}