{"id":27955,"date":"2020-10-22T14:55:17","date_gmt":"2020-10-22T17:55:17","guid":{"rendered":"https:\/\/www.greenpeace.org\/brasil\/?p=27955"},"modified":"2025-07-02T04:31:27","modified_gmt":"2025-07-02T07:31:27","slug":"no-dia-do-consumo-consciente-voluntarios-dao-dicas-para-uma-rotina-mais-sustentavel","status":"publish","type":"post","link":"https:\/\/www.greenpeace.org\/brasil\/voluntarios\/no-dia-do-consumo-consciente-voluntarios-dao-dicas-para-uma-rotina-mais-sustentavel\/","title":{"rendered":"No Dia do Consumo Consciente, volunt\u00e1rios d\u00e3o dicas para uma rotina mais sustent\u00e1vel"},"content":{"rendered":"\n<h4 class=\"wp-block-heading\">Grupos locais tamb\u00e9m falaram sobre alimenta\u00e7\u00e3o, agricultura, filmes que instigam a reflex\u00e3o sobre as mudan\u00e7as clim\u00e1ticas e muito mais <\/h4>\n\n<p class=\"has-text-align-center\"><img loading=\"lazy\" decoding=\"async\" width=\"785\" height=\"264\" class=\"wp-image-27956\" style=\"width: 785px;\" src=\"https:\/\/www.greenpeace.org\/static\/planet4-brasil-stateless\/2020\/10\/9763db1d-encontros.png\" alt=\"\" srcset=\"https:\/\/www.greenpeace.org\/static\/planet4-brasil-stateless\/2020\/10\/9763db1d-encontros.png 1915w, https:\/\/www.greenpeace.org\/static\/planet4-brasil-stateless\/2020\/10\/9763db1d-encontros-300x101.png 300w, https:\/\/www.greenpeace.org\/static\/planet4-brasil-stateless\/2020\/10\/9763db1d-encontros-1024x344.png 1024w, https:\/\/www.greenpeace.org\/static\/planet4-brasil-stateless\/2020\/10\/9763db1d-encontros-768x258.png 768w, https:\/\/www.greenpeace.org\/static\/planet4-brasil-stateless\/2020\/10\/9763db1d-encontros-1536x516.png 1536w, https:\/\/www.greenpeace.org\/static\/planet4-brasil-stateless\/2020\/10\/9763db1d-encontros-510x171.png 510w\" sizes=\"auto, (max-width: 785px) 100vw, 785px\" \/><\/p>\n\n<p><strong>15\/10 &#8211; Reuni\u00e3o Parauapebas&nbsp;<\/strong><\/p>\n\n<p>O grupo, ainda em forma\u00e7\u00e3o, se reuniu pela primeira vez para que os integrantes se conhecessem. Na roda de conversa virtual, os volunt\u00e1rios e volunt\u00e1rias se apresentaram, contaram sobre o prop\u00f3sito de cada um e come\u00e7aram a planejar as primeiras a\u00e7\u00f5es do grupo.&nbsp;<\/p>\n\n<p>A media\u00e7\u00e3o da reuni\u00e3o ficou por conta dos voluntas Hebber Kennady e Urias Showdenn.<\/p>\n\n<p><strong>15\/10 &#8211; Reuni\u00e3o de anfitri\u00f5es e anfitri\u00e3s&nbsp;<\/strong><\/p>\n\n<p>Pela primeira vez ap\u00f3s o treinamento online, os novos anfitri\u00f5es e anfitri\u00e3s realizaram uma reuni\u00e3o para falar sobre as pr\u00f3ximas atualiza\u00e7\u00f5es do Conex\u00e3o Verde e tamb\u00e9m como tem sido este primeiro m\u00eas de recep\u00e7\u00f5es para quem come\u00e7ou h\u00e1 pouco.&nbsp;<\/p>\n\n<p>Esperamos que essa nova fase seja muito rica para todes que toparam embarcar nessa jornada &lt;3 <\/p>\n\n<p class=\"has-text-align-center\"><img loading=\"lazy\" decoding=\"async\" width=\"394\" height=\"219\" class=\"wp-image-27957\" style=\"width: 394px;\" src=\"https:\/\/www.greenpeace.org\/static\/planet4-brasil-stateless\/2020\/10\/ab560534-anfitrioes.png\" alt=\"\" srcset=\"https:\/\/www.greenpeace.org\/static\/planet4-brasil-stateless\/2020\/10\/ab560534-anfitrioes.png 722w, https:\/\/www.greenpeace.org\/static\/planet4-brasil-stateless\/2020\/10\/ab560534-anfitrioes-300x167.png 300w, https:\/\/www.greenpeace.org\/static\/planet4-brasil-stateless\/2020\/10\/ab560534-anfitrioes-510x284.png 510w\" sizes=\"auto, (max-width: 394px) 100vw, 394px\" \/><img loading=\"lazy\" decoding=\"async\" width=\"386\" height=\"218\" class=\"wp-image-27958\" style=\"width: 386px;\" src=\"https:\/\/www.greenpeace.org\/static\/planet4-brasil-stateless\/2020\/10\/f18c4251-anfritrioes2.png\" alt=\"\" srcset=\"https:\/\/www.greenpeace.org\/static\/planet4-brasil-stateless\/2020\/10\/f18c4251-anfritrioes2.png 720w, https:\/\/www.greenpeace.org\/static\/planet4-brasil-stateless\/2020\/10\/f18c4251-anfritrioes2-300x169.png 300w, https:\/\/www.greenpeace.org\/static\/planet4-brasil-stateless\/2020\/10\/f18c4251-anfritrioes2-510x288.png 510w\" sizes=\"auto, (max-width: 386px) 100vw, 386px\" \/><\/p>\n\n<p><strong>17\/10 &#8211; Cine Debate &#8211; Zona da Mata&nbsp;<\/strong><\/p>\n\n<p>O grupo, ainda em forma\u00e7\u00e3o, organizou seu primeiro Cine Debate &#8211; e n\u00e3o \u00e9 que foi incr\u00edvel?<\/p>\n\n<p>Os voluntas se reuniram para assistir e conversar sobre o filme \u201cSeremos Hist\u00f3ria?\u201d, que relata as descobertas de Leonardo Dicaprio sobre as mudan\u00e7as clim\u00e1ticas durante 2 anos.&nbsp;<\/p>\n\n<p>E para voc\u00ea que ficou curioso e est\u00e1 procurando algo bacana para assistir, <a href=\"https:\/\/www.youtube.com\/watch?v=E9jmHBzh-yc&amp;feature=emb_logo\"><strong>o longa est\u00e1 dispon\u00edvel aqui \ud83d\ude42\u00a0<\/strong><\/a><\/p>\n\n<p class=\"has-text-align-center\"><img loading=\"lazy\" decoding=\"async\" width=\"533\" height=\"236\" class=\"wp-image-27959\" style=\"width: 533px;\" src=\"https:\/\/www.greenpeace.org\/static\/planet4-brasil-stateless\/2020\/10\/52a76190-zona-certo.jpg\" alt=\"\" srcset=\"https:\/\/www.greenpeace.org\/static\/planet4-brasil-stateless\/2020\/10\/52a76190-zona-certo.jpg 1277w, https:\/\/www.greenpeace.org\/static\/planet4-brasil-stateless\/2020\/10\/52a76190-zona-certo-300x133.jpg 300w, https:\/\/www.greenpeace.org\/static\/planet4-brasil-stateless\/2020\/10\/52a76190-zona-certo-1024x453.jpg 1024w, https:\/\/www.greenpeace.org\/static\/planet4-brasil-stateless\/2020\/10\/52a76190-zona-certo-768x340.jpg 768w, https:\/\/www.greenpeace.org\/static\/planet4-brasil-stateless\/2020\/10\/52a76190-zona-certo-510x226.jpg 510w\" sizes=\"auto, (max-width: 533px) 100vw, 533px\" \/><\/p>\n\n<p><strong>17\/10 &#8211; Cine Debate &#8211; Litoral Norte\/RS<\/strong><\/p>\n\n<p>E teve mais cineminha virtual por aqui! Os volunt\u00e1rios e volunt\u00e1rias do Litoral Norte (RS) assistiram ao document\u00e1rio \u201cSer T\u00e3o Velho Cerrado\u201d, um cl\u00e1ssico entre os nossos grupos locais. O filme brasileiro fala sobre a concilia\u00e7\u00e3o dos interesses relacionados ao manejo da \u00c1rea de Prote\u00e7\u00e3o Ambiental da regi\u00e3o de Pouso Alto no Cerrado. Bacana, n\u00e9? <a href=\"https:\/\/www.youtube.com\/watch?v=5BZoEyBvXpc&amp;t=4s\"><strong>Vem ver \ud83d\ude42\u00a0<\/strong><\/a><\/p>\n\n<p class=\"has-text-align-center\"><img loading=\"lazy\" decoding=\"async\" width=\"394\" height=\"389\" class=\"wp-image-27960\" style=\"width: 394px;\" src=\"https:\/\/www.greenpeace.org\/static\/planet4-brasil-stateless\/2020\/10\/f1ac859c-litoral-norte.png\" alt=\"\" srcset=\"https:\/\/www.greenpeace.org\/static\/planet4-brasil-stateless\/2020\/10\/f1ac859c-litoral-norte.png 600w, https:\/\/www.greenpeace.org\/static\/planet4-brasil-stateless\/2020\/10\/f1ac859c-litoral-norte-300x296.png 300w, https:\/\/www.greenpeace.org\/static\/planet4-brasil-stateless\/2020\/10\/f1ac859c-litoral-norte-345x340.png 345w\" sizes=\"auto, (max-width: 394px) 100vw, 394px\" \/><\/p>\n\n<p><strong>17\/10 &#8211; Reuni\u00e3o Mensal &#8211; Vale do Itaja\u00ed&nbsp;<\/strong><\/p>\n\n<p>Tamb\u00e9m teve alinhamento do m\u00eas entre os volutas do Vale do Itaja\u00ed, grupo que ainda est\u00e1 em forma\u00e7\u00e3o. Os participantes aproveitaram o momento de reuni\u00e3o para dar boas vindas aos novos volunt\u00e1rios e volunt\u00e1rias, organizar as pr\u00f3ximas atividades e discutir formas de aprimorar o engajamento nas redes sociais.\u00a0<\/p>\n\n<p class=\"has-text-align-center\"><img loading=\"lazy\" decoding=\"async\" width=\"811\" height=\"228\" class=\"wp-image-27961\" style=\"width: 811px;\" src=\"https:\/\/www.greenpeace.org\/static\/planet4-brasil-stateless\/2020\/10\/a2f5182f-datas-especiais.png\" alt=\"\" srcset=\"https:\/\/www.greenpeace.org\/static\/planet4-brasil-stateless\/2020\/10\/a2f5182f-datas-especiais.png 2041w, https:\/\/www.greenpeace.org\/static\/planet4-brasil-stateless\/2020\/10\/a2f5182f-datas-especiais-300x85.png 300w, https:\/\/www.greenpeace.org\/static\/planet4-brasil-stateless\/2020\/10\/a2f5182f-datas-especiais-1024x288.png 1024w, https:\/\/www.greenpeace.org\/static\/planet4-brasil-stateless\/2020\/10\/a2f5182f-datas-especiais-768x216.png 768w, https:\/\/www.greenpeace.org\/static\/planet4-brasil-stateless\/2020\/10\/a2f5182f-datas-especiais-1536x433.png 1536w, https:\/\/www.greenpeace.org\/static\/planet4-brasil-stateless\/2020\/10\/a2f5182f-datas-especiais-510x144.png 510w\" sizes=\"auto, (max-width: 811px) 100vw, 811px\" \/><\/p>\n\n<p><strong>15\/10 &#8211; Dia do Professor&nbsp;<\/strong><\/p>\n\n<p>Os grupos de Goi\u00e2nia e Vale do Itaja\u00ed (em forma\u00e7\u00e3o) dedicaram um espa\u00e7o nas pautas locais para homenagear a todes os professores e professoras que dedicam-se para construir um mundo melhor atrav\u00e9s da educa\u00e7\u00e3o &lt;3 <\/p>\n\n<p class=\"has-text-align-center\"><img loading=\"lazy\" decoding=\"async\" width=\"426\" height=\"322\" class=\"wp-image-27962\" style=\"width: 426px;\" src=\"https:\/\/www.greenpeace.org\/static\/planet4-brasil-stateless\/2020\/10\/33120982-goiania.png\" alt=\"\" srcset=\"https:\/\/www.greenpeace.org\/static\/planet4-brasil-stateless\/2020\/10\/33120982-goiania.png 592w, https:\/\/www.greenpeace.org\/static\/planet4-brasil-stateless\/2020\/10\/33120982-goiania-300x227.png 300w, https:\/\/www.greenpeace.org\/static\/planet4-brasil-stateless\/2020\/10\/33120982-goiania-449x340.png 449w\" sizes=\"auto, (max-width: 426px) 100vw, 426px\" \/><\/p>\n\n<p><strong>15\/10 &#8211; Dia do consumo consciente&nbsp;<\/strong><\/p>\n\n<p>O Dia do Consumo Consciente foi institu\u00eddo pelo Minist\u00e9rio do Meio Ambiente (MMA) em 2009, com o intuito de chamar a aten\u00e7\u00e3o da popula\u00e7\u00e3o para a necessidade de consumir respeitando os limites do planeta. Ou seja, a data \u00e9 um marco important\u00edssimo na tentativa de aumentar a consci\u00eancia do p\u00fablico sobre os problemas sociais, econ\u00f4micos, ambientais e pol\u00edticos causados pelos padr\u00f5es de produ\u00e7\u00e3o e consumo excessivos.<\/p>\n\n<p>O Consumo Sustent\u00e1vel, alternativa para a grande problem\u00e1tica da sobrecarga da terra, envolve a escolha de produtos que utilizam menos recursos naturais em sua produ\u00e7\u00e3o, que garantam o emprego decente aos que os produzem, e que sejam facilmente reaproveitados ou reciclados.<\/p>\n\n<p>A humanidade consome atualmente mais de 30% dos recursos naturais do que a capacidade de renova\u00e7\u00e3o do planeta. Dados apontam que, em menos de 50 anos, ser\u00e3o necess\u00e1rios dois planetas Terra para atender \u00e0s nossas necessidades.<\/p>\n\n<p>E teve post \u00e0 be\u00e7a sobre o tema; vem ver:&nbsp;<\/p>\n\n<p><strong>Belo Horizonte:\u00a0<\/strong><\/p>\n\n<p class=\"has-text-align-center\"><img loading=\"lazy\" decoding=\"async\" width=\"336\" height=\"330\" class=\"wp-image-27963\" style=\"width: 336px;\" src=\"https:\/\/www.greenpeace.org\/static\/planet4-brasil-stateless\/2020\/10\/df80a370-belo-horizonte2.png\" alt=\"\" srcset=\"https:\/\/www.greenpeace.org\/static\/planet4-brasil-stateless\/2020\/10\/df80a370-belo-horizonte2.png 600w, https:\/\/www.greenpeace.org\/static\/planet4-brasil-stateless\/2020\/10\/df80a370-belo-horizonte2-300x295.png 300w, https:\/\/www.greenpeace.org\/static\/planet4-brasil-stateless\/2020\/10\/df80a370-belo-horizonte2-346x340.png 346w\" sizes=\"auto, (max-width: 336px) 100vw, 336px\" \/><\/p>\n\n<p>E dos mesmos criadores de <a href=\"https:\/\/www.youtube.com\/watch?v=NU9JoFKlaZ0\">Green Day &#8211; Wake Me Up When September Ends<\/a>, veio a\u00ed a Green Friday &#8211; Me Acorde Quando o Consumo Irrespons\u00e1vel Acabar, de Porto Alegre:<\/p>\n\n<p class=\"has-text-align-center\">\u00a0<img loading=\"lazy\" decoding=\"async\" width=\"351\" height=\"351\" class=\"wp-image-27964\" style=\"width: 351px;\" src=\"https:\/\/www.greenpeace.org\/static\/planet4-brasil-stateless\/2020\/10\/752c50bc-porto-alegre2.png\" alt=\"\" srcset=\"https:\/\/www.greenpeace.org\/static\/planet4-brasil-stateless\/2020\/10\/752c50bc-porto-alegre2.png 598w, https:\/\/www.greenpeace.org\/static\/planet4-brasil-stateless\/2020\/10\/752c50bc-porto-alegre2-300x300.png 300w, https:\/\/www.greenpeace.org\/static\/planet4-brasil-stateless\/2020\/10\/752c50bc-porto-alegre2-150x150.png 150w, https:\/\/www.greenpeace.org\/static\/planet4-brasil-stateless\/2020\/10\/752c50bc-porto-alegre2-340x340.png 340w\" sizes=\"auto, (max-width: 351px) 100vw, 351px\" \/><\/p>\n\n<p><strong>Jo\u00e3o Pessoa:<\/strong> <\/p>\n\n<p class=\"has-text-align-center\"><img loading=\"lazy\" decoding=\"async\" width=\"364\" height=\"358\" class=\"wp-image-27965\" style=\"width: 364px;\" src=\"https:\/\/www.greenpeace.org\/static\/planet4-brasil-stateless\/2020\/10\/28560788-joao-pessoa.png\" alt=\"\" srcset=\"https:\/\/www.greenpeace.org\/static\/planet4-brasil-stateless\/2020\/10\/28560788-joao-pessoa.png 598w, https:\/\/www.greenpeace.org\/static\/planet4-brasil-stateless\/2020\/10\/28560788-joao-pessoa-300x295.png 300w, https:\/\/www.greenpeace.org\/static\/planet4-brasil-stateless\/2020\/10\/28560788-joao-pessoa-346x340.png 346w\" sizes=\"auto, (max-width: 364px) 100vw, 364px\" \/><\/p>\n\n<p>Em Recife, os voluntas aproveitaram a data para dar algumas dicas de como ter um dia a dia mais sustent\u00e1vel:\u00a0<\/p>\n\n<p class=\"has-text-align-center\"><img loading=\"lazy\" decoding=\"async\" width=\"365\" height=\"365\" class=\"wp-image-27966\" style=\"width: 365px;\" src=\"https:\/\/www.greenpeace.org\/static\/planet4-brasil-stateless\/2020\/10\/1de3fec3-recife4.png\" alt=\"\" srcset=\"https:\/\/www.greenpeace.org\/static\/planet4-brasil-stateless\/2020\/10\/1de3fec3-recife4.png 598w, https:\/\/www.greenpeace.org\/static\/planet4-brasil-stateless\/2020\/10\/1de3fec3-recife4-300x300.png 300w, https:\/\/www.greenpeace.org\/static\/planet4-brasil-stateless\/2020\/10\/1de3fec3-recife4-150x150.png 150w, https:\/\/www.greenpeace.org\/static\/planet4-brasil-stateless\/2020\/10\/1de3fec3-recife4-340x340.png 340w\" sizes=\"auto, (max-width: 365px) 100vw, 365px\" \/><\/p>\n\n<p>E teve mais dicas vindas de Zona da Mata; se liga:<\/p>\n\n<p class=\"has-text-align-center\">\u00a0<img loading=\"lazy\" decoding=\"async\" width=\"364\" height=\"362\" class=\"wp-image-27967\" style=\"width: 364px;\" src=\"https:\/\/www.greenpeace.org\/static\/planet4-brasil-stateless\/2020\/10\/f3d53940-zonadamata2.png\" alt=\"\" srcset=\"https:\/\/www.greenpeace.org\/static\/planet4-brasil-stateless\/2020\/10\/f3d53940-zonadamata2.png 598w, https:\/\/www.greenpeace.org\/static\/planet4-brasil-stateless\/2020\/10\/f3d53940-zonadamata2-300x298.png 300w, https:\/\/www.greenpeace.org\/static\/planet4-brasil-stateless\/2020\/10\/f3d53940-zonadamata2-150x150.png 150w, https:\/\/www.greenpeace.org\/static\/planet4-brasil-stateless\/2020\/10\/f3d53940-zonadamata2-342x340.png 342w\" sizes=\"auto, (max-width: 364px) 100vw, 364px\" \/><img loading=\"lazy\" decoding=\"async\" width=\"364\" height=\"360\" class=\"wp-image-27968\" style=\"width: 364px;\" src=\"https:\/\/www.greenpeace.org\/static\/planet4-brasil-stateless\/2020\/10\/83b93993-zonadamata3.png\" alt=\"\" srcset=\"https:\/\/www.greenpeace.org\/static\/planet4-brasil-stateless\/2020\/10\/83b93993-zonadamata3.png 596w, https:\/\/www.greenpeace.org\/static\/planet4-brasil-stateless\/2020\/10\/83b93993-zonadamata3-300x297.png 300w, https:\/\/www.greenpeace.org\/static\/planet4-brasil-stateless\/2020\/10\/83b93993-zonadamata3-343x340.png 343w\" sizes=\"auto, (max-width: 364px) 100vw, 364px\" \/><\/p>\n\n<p><strong>16\/10 &#8211; Dia Mundial da Alimenta\u00e7\u00e3o<\/strong><\/p>\n\n<p>O Dia Da Alimenta\u00e7\u00e3o, comemorado no dia 16 de outubro, foi criado para gerar uma reflex\u00e3o sobre o atual cen\u00e1rio da alimenta\u00e7\u00e3o no mundo. Um dos grandes problemas atualmente \u00e9 o desperd\u00edcio de comida. Voc\u00ea sabia que cada brasileiro, em m\u00e9dia, joga fora cerca de 40 kg de comida todos os anos? \u00c9 isso que indicou uma pesquisa realizada pela Embrapa!<\/p>\n\n<p>E sabe o que mais? Alimenta\u00e7\u00e3o e sustentabilidade tem muito mais a ver do que voc\u00ea imagina. A mudan\u00e7a de alguns h\u00e1bitos alimentares em nossa rotina podem fazer a diferen\u00e7a na preserva\u00e7\u00e3o do meio ambiente! E para nos ajudar a aderir a um estilo mais saud\u00e1vel e melhor para o planeta, os grupos deram v\u00e1rias dicas \u00f3timas nas redes.<\/p>\n\n<p>Em S\u00e3o Lu\u00eds, por exemplo, os voluntas convidaram a Raiza Moreira, nutricionista especialista em vegetarianismo e veganismo, para falar sobre a ind\u00fastria da carne e seus malef\u00edcios, al\u00e9m de muitos outros t\u00f3picos essenciais. <a href=\"https:\/\/www.instagram.com\/p\/CGaHA79JLff\/\">Vem ver o v\u00eddeo \ud83d\ude42\u00a0<\/a><\/p>\n\n<p class=\"has-text-align-center\"><img loading=\"lazy\" decoding=\"async\" width=\"268\" height=\"482\" class=\"wp-image-27969\" style=\"width: 268px;\" src=\"https:\/\/www.greenpeace.org\/static\/planet4-brasil-stateless\/2020\/10\/88b83edb-sao-luis2.png\" alt=\"\" srcset=\"https:\/\/www.greenpeace.org\/static\/planet4-brasil-stateless\/2020\/10\/88b83edb-sao-luis2.png 330w, https:\/\/www.greenpeace.org\/static\/planet4-brasil-stateless\/2020\/10\/88b83edb-sao-luis2-167x300.png 167w, https:\/\/www.greenpeace.org\/static\/planet4-brasil-stateless\/2020\/10\/88b83edb-sao-luis2-189x340.png 189w\" sizes=\"auto, (max-width: 268px) 100vw, 268px\" \/><\/p>\n\n<p>Recife tamb\u00e9m fez sua parte:\u00a0\u00a0<\/p>\n\n<p class=\"has-text-align-center\"><img loading=\"lazy\" decoding=\"async\" width=\"396\" height=\"397\" class=\"wp-image-27970\" style=\"width: 396px;\" src=\"https:\/\/www.greenpeace.org\/static\/planet4-brasil-stateless\/2020\/10\/bf4c9cdf-recife.png\" alt=\"\" srcset=\"https:\/\/www.greenpeace.org\/static\/planet4-brasil-stateless\/2020\/10\/bf4c9cdf-recife.png 598w, https:\/\/www.greenpeace.org\/static\/planet4-brasil-stateless\/2020\/10\/bf4c9cdf-recife-300x300.png 300w, https:\/\/www.greenpeace.org\/static\/planet4-brasil-stateless\/2020\/10\/bf4c9cdf-recife-150x150.png 150w, https:\/\/www.greenpeace.org\/static\/planet4-brasil-stateless\/2020\/10\/bf4c9cdf-recife-339x340.png 339w\" sizes=\"auto, (max-width: 396px) 100vw, 396px\" \/><\/p>\n\n<p class=\"has-text-align-center\"><img loading=\"lazy\" decoding=\"async\" width=\"300\" height=\"297\" class=\"wp-image-27971\" style=\"width: 300px;\" src=\"https:\/\/www.greenpeace.org\/static\/planet4-brasil-stateless\/2020\/10\/b9244222-recife6.png\" alt=\"\" srcset=\"https:\/\/www.greenpeace.org\/static\/planet4-brasil-stateless\/2020\/10\/b9244222-recife6.png 600w, https:\/\/www.greenpeace.org\/static\/planet4-brasil-stateless\/2020\/10\/b9244222-recife6-300x297.png 300w, https:\/\/www.greenpeace.org\/static\/planet4-brasil-stateless\/2020\/10\/b9244222-recife6-150x150.png 150w, https:\/\/www.greenpeace.org\/static\/planet4-brasil-stateless\/2020\/10\/b9244222-recife6-343x340.png 343w\" sizes=\"auto, (max-width: 300px) 100vw, 300px\" \/><img loading=\"lazy\" decoding=\"async\" width=\"297\" height=\"298\" class=\"wp-image-27972\" style=\"width: 297px;\" src=\"https:\/\/www.greenpeace.org\/static\/planet4-brasil-stateless\/2020\/10\/98c7d2eb-recife7.png\" alt=\"\" srcset=\"https:\/\/www.greenpeace.org\/static\/planet4-brasil-stateless\/2020\/10\/98c7d2eb-recife7.png 598w, https:\/\/www.greenpeace.org\/static\/planet4-brasil-stateless\/2020\/10\/98c7d2eb-recife7-300x300.png 300w, https:\/\/www.greenpeace.org\/static\/planet4-brasil-stateless\/2020\/10\/98c7d2eb-recife7-150x150.png 150w, https:\/\/www.greenpeace.org\/static\/planet4-brasil-stateless\/2020\/10\/98c7d2eb-recife7-339x340.png 339w\" sizes=\"auto, (max-width: 297px) 100vw, 297px\" \/><\/p>\n\n<p><strong>17\/10 &#8211; Dia da Agricultura&nbsp;<\/strong><\/p>\n\n<p>E o grupo de S\u00e3o Lu\u00eds, que est\u00e1 super engajado, tamb\u00e9m pegou o gancho do Dia da Agricultura para falar sobre a import\u00e2ncia da agricultura familiar &#8211; e como ela ainda \u00e9 subestimada.<\/p>\n\n<p>Uma pesquisa realizada pela Secretaria de Agricultura Familiar e Cooperativismo, divulgada em 2016, indica que essa forma de agricultura est\u00e1 presente em 90% dos munic\u00edpios brasileiros e responde por 35% do PIB nacional.<\/p>\n\n<p>O modo de produ\u00e7\u00e3o \u00e9 sustent\u00e1vel, promove uma alimenta\u00e7\u00e3o mais saud\u00e1vel e ajuda o produtor local.&nbsp;<\/p>\n\n<p>Para falar um pouco mais sobre o assunto, os voluntas convidaram Let\u00edcia Viana, Coordenadora do <a href=\"https:\/\/www.instagram.com\/Armaz\/\">@Armaz<\/a><a href=\"http:\/\/xn--mdocampo-90a.ma\/\">\u00e9mdoCampo.ma<\/a>, para gravar um v\u00eddeo explicativo, que <a href=\"https:\/\/www.instagram.com\/p\/CGdTgO8JEWv\/\">voc\u00ea encontra aqui \ud83d\ude42\u00a0<\/a><\/p>\n\n<p class=\"has-text-align-center\"><img loading=\"lazy\" decoding=\"async\" width=\"255\" height=\"449\" class=\"wp-image-27973\" style=\"width: 255px;\" src=\"https:\/\/www.greenpeace.org\/static\/planet4-brasil-stateless\/2020\/10\/48f308f5-sao-luis3.png\" alt=\"\" srcset=\"https:\/\/www.greenpeace.org\/static\/planet4-brasil-stateless\/2020\/10\/48f308f5-sao-luis3.png 332w, https:\/\/www.greenpeace.org\/static\/planet4-brasil-stateless\/2020\/10\/48f308f5-sao-luis3-171x300.png 171w, https:\/\/www.greenpeace.org\/static\/planet4-brasil-stateless\/2020\/10\/48f308f5-sao-luis3-193x340.png 193w\" sizes=\"auto, (max-width: 255px) 100vw, 255px\" \/><\/p>\n\n<p class=\"has-text-align-center\"><img loading=\"lazy\" decoding=\"async\" width=\"701\" height=\"223\" class=\"wp-image-27974\" style=\"width: 701px;\" src=\"https:\/\/www.greenpeace.org\/static\/planet4-brasil-stateless\/2020\/10\/4c5d55b9-dicas.png\" alt=\"\" srcset=\"https:\/\/www.greenpeace.org\/static\/planet4-brasil-stateless\/2020\/10\/4c5d55b9-dicas.png 1915w, https:\/\/www.greenpeace.org\/static\/planet4-brasil-stateless\/2020\/10\/4c5d55b9-dicas-300x95.png 300w, https:\/\/www.greenpeace.org\/static\/planet4-brasil-stateless\/2020\/10\/4c5d55b9-dicas-1024x326.png 1024w, https:\/\/www.greenpeace.org\/static\/planet4-brasil-stateless\/2020\/10\/4c5d55b9-dicas-768x244.png 768w, https:\/\/www.greenpeace.org\/static\/planet4-brasil-stateless\/2020\/10\/4c5d55b9-dicas-1536x488.png 1536w, https:\/\/www.greenpeace.org\/static\/planet4-brasil-stateless\/2020\/10\/4c5d55b9-dicas-510x162.png 510w\" sizes=\"auto, (max-width: 701px) 100vw, 701px\" \/><\/p>\n\n<p>E para n\u00e3o te deixar com inveja do tanto de Cine Debate que teve essa semana, os voluntas de Recife separaram um filminho excelente pra voc\u00ea tamb\u00e9m assistir e debater com quem quiser! O longa chama-se \u201cSustainable\u201d, e claro, fala sobre sustentabilidade econ\u00f4mica e ambiental e suas rela\u00e7\u00f5es com o nosso sistema alimentar. Legal, n\u00e9? <a href=\"https:\/\/www.youtube.com\/watch?v=VbWqIIl8EL0\">Vem ver o trailer aqui \ud83d\ude42\u00a0<\/a><\/p>\n\n<p class=\"has-text-align-center\"><img loading=\"lazy\" decoding=\"async\" width=\"303\" height=\"305\" class=\"wp-image-27975\" style=\"width: 303px;\" src=\"https:\/\/www.greenpeace.org\/static\/planet4-brasil-stateless\/2020\/10\/c7b1a814-recife5.png\" alt=\"\" srcset=\"https:\/\/www.greenpeace.org\/static\/planet4-brasil-stateless\/2020\/10\/c7b1a814-recife5.png 596w, https:\/\/www.greenpeace.org\/static\/planet4-brasil-stateless\/2020\/10\/c7b1a814-recife5-298x300.png 298w, https:\/\/www.greenpeace.org\/static\/planet4-brasil-stateless\/2020\/10\/c7b1a814-recife5-150x150.png 150w, https:\/\/www.greenpeace.org\/static\/planet4-brasil-stateless\/2020\/10\/c7b1a814-recife5-338x340.png 338w\" sizes=\"auto, (max-width: 303px) 100vw, 303px\" \/><\/p>\n\n<p class=\"has-text-align-center\"><img loading=\"lazy\" decoding=\"async\" width=\"745\" height=\"209\" class=\"wp-image-27976\" style=\"width: 745px;\" src=\"https:\/\/www.greenpeace.org\/static\/planet4-brasil-stateless\/2020\/10\/b74d46c6-campanhas-locais.png\" alt=\"\" srcset=\"https:\/\/www.greenpeace.org\/static\/planet4-brasil-stateless\/2020\/10\/b74d46c6-campanhas-locais.png 2047w, https:\/\/www.greenpeace.org\/static\/planet4-brasil-stateless\/2020\/10\/b74d46c6-campanhas-locais-300x84.png 300w, https:\/\/www.greenpeace.org\/static\/planet4-brasil-stateless\/2020\/10\/b74d46c6-campanhas-locais-1024x288.png 1024w, https:\/\/www.greenpeace.org\/static\/planet4-brasil-stateless\/2020\/10\/b74d46c6-campanhas-locais-768x216.png 768w, https:\/\/www.greenpeace.org\/static\/planet4-brasil-stateless\/2020\/10\/b74d46c6-campanhas-locais-1536x431.png 1536w, https:\/\/www.greenpeace.org\/static\/planet4-brasil-stateless\/2020\/10\/b74d46c6-campanhas-locais-510x143.png 510w\" sizes=\"auto, (max-width: 745px) 100vw, 745px\" \/><\/p>\n\n<p>O grupo de Porto Alegre continua com a campanha local #PortoN\u00e3o. Essa semana, os voluntas repostaram uma imagem da <a href=\"https:\/\/www.instagram.com\/preservetorres\/\">@preservetorres<\/a>, e aproveitaram para divulgar a <a href=\"https:\/\/linktr.ee\/greenpeacepoa\">peti\u00e7\u00e3o que est\u00e1 rolando<\/a> pela causa. Bora assinar e ajudar? <\/p>\n\n<p class=\"has-text-align-center\"><img loading=\"lazy\" decoding=\"async\" width=\"346\" height=\"343\" class=\"wp-image-27977\" style=\"width: 346px;\" src=\"https:\/\/www.greenpeace.org\/static\/planet4-brasil-stateless\/2020\/10\/23b5a509-porto-alegre.png\" alt=\"\" srcset=\"https:\/\/www.greenpeace.org\/static\/planet4-brasil-stateless\/2020\/10\/23b5a509-porto-alegre.png 600w, https:\/\/www.greenpeace.org\/static\/planet4-brasil-stateless\/2020\/10\/23b5a509-porto-alegre-300x297.png 300w, https:\/\/www.greenpeace.org\/static\/planet4-brasil-stateless\/2020\/10\/23b5a509-porto-alegre-150x150.png 150w, https:\/\/www.greenpeace.org\/static\/planet4-brasil-stateless\/2020\/10\/23b5a509-porto-alegre-343x340.png 343w\" sizes=\"auto, (max-width: 346px) 100vw, 346px\" \/><\/p>\n\n<p class=\"has-text-align-center\"><img loading=\"lazy\" decoding=\"async\" width=\"734\" height=\"217\" class=\"wp-image-27978\" style=\"width: 734px;\" src=\"https:\/\/www.greenpeace.org\/static\/planet4-brasil-stateless\/2020\/10\/46cd9e78-segunda-sem-carne.png\" alt=\"\" srcset=\"https:\/\/www.greenpeace.org\/static\/planet4-brasil-stateless\/2020\/10\/46cd9e78-segunda-sem-carne.png 1913w, https:\/\/www.greenpeace.org\/static\/planet4-brasil-stateless\/2020\/10\/46cd9e78-segunda-sem-carne-300x89.png 300w, https:\/\/www.greenpeace.org\/static\/planet4-brasil-stateless\/2020\/10\/46cd9e78-segunda-sem-carne-1024x302.png 1024w, https:\/\/www.greenpeace.org\/static\/planet4-brasil-stateless\/2020\/10\/46cd9e78-segunda-sem-carne-768x227.png 768w, https:\/\/www.greenpeace.org\/static\/planet4-brasil-stateless\/2020\/10\/46cd9e78-segunda-sem-carne-1536x454.png 1536w, https:\/\/www.greenpeace.org\/static\/planet4-brasil-stateless\/2020\/10\/46cd9e78-segunda-sem-carne-510x151.png 510w\" sizes=\"auto, (max-width: 734px) 100vw, 734px\" \/><\/p>\n\n<p>Como entrada para os pratos deliciosos dessa semana, o grupo de Bras\u00edlia contou, atrav\u00e9s de <a href=\"https:\/\/www.instagram.com\/p\/CGSnWgVnxXi\/\">um v\u00eddeo<\/a>, a hist\u00f3ria da Segunda Sem Carne e falou da import\u00e2ncia de repensarmos nossos atos. &lt;3<\/p>\n\n<p class=\"has-text-align-center\"> <img loading=\"lazy\" decoding=\"async\" width=\"314\" height=\"312\" class=\"wp-image-27979\" style=\"width: 314px;\" src=\"https:\/\/www.greenpeace.org\/static\/planet4-brasil-stateless\/2020\/10\/b2055aaf-bras\u00edlia.png\" alt=\"\" srcset=\"https:\/\/www.greenpeace.org\/static\/planet4-brasil-stateless\/2020\/10\/b2055aaf-bras\u00edlia.png 592w, https:\/\/www.greenpeace.org\/static\/planet4-brasil-stateless\/2020\/10\/b2055aaf-bras\u00edlia-300x298.png 300w, https:\/\/www.greenpeace.org\/static\/planet4-brasil-stateless\/2020\/10\/b2055aaf-bras\u00edlia-150x150.png 150w, https:\/\/www.greenpeace.org\/static\/planet4-brasil-stateless\/2020\/10\/b2055aaf-bras\u00edlia-342x340.png 342w\" sizes=\"auto, (max-width: 314px) 100vw, 314px\" \/><img loading=\"lazy\" decoding=\"async\" width=\"313\" height=\"311\" class=\"wp-image-27980\" style=\"width: 313px;\" src=\"https:\/\/www.greenpeace.org\/static\/planet4-brasil-stateless\/2020\/10\/75034adf-brasilia2.png\" alt=\"\" srcset=\"https:\/\/www.greenpeace.org\/static\/planet4-brasil-stateless\/2020\/10\/75034adf-brasilia2.png 598w, https:\/\/www.greenpeace.org\/static\/planet4-brasil-stateless\/2020\/10\/75034adf-brasilia2-300x298.png 300w, https:\/\/www.greenpeace.org\/static\/planet4-brasil-stateless\/2020\/10\/75034adf-brasilia2-150x150.png 150w, https:\/\/www.greenpeace.org\/static\/planet4-brasil-stateless\/2020\/10\/75034adf-brasilia2-342x340.png 342w\" sizes=\"auto, (max-width: 313px) 100vw, 313px\" \/><\/p>\n\n<p>Agora vamos para eles, os pratos principais:<\/p>\n\n<p><a href=\"https:\/\/www.instagram.com\/p\/CGh0viuH0Sj\/\"><strong>Hamb\u00farguer vegano de feij\u00e3o preto &#8211; Recife &lt;3\u00a0\u00a0<\/strong><\/a><\/p>\n\n<p class=\"has-text-align-center\"><img loading=\"lazy\" decoding=\"async\" width=\"358\" height=\"360\" class=\"wp-image-27981\" style=\"width: 358px;\" src=\"https:\/\/www.greenpeace.org\/static\/planet4-brasil-stateless\/2020\/10\/74d383fc-recife8.png\" alt=\"\" srcset=\"https:\/\/www.greenpeace.org\/static\/planet4-brasil-stateless\/2020\/10\/74d383fc-recife8.png 592w, https:\/\/www.greenpeace.org\/static\/planet4-brasil-stateless\/2020\/10\/74d383fc-recife8-298x300.png 298w, https:\/\/www.greenpeace.org\/static\/planet4-brasil-stateless\/2020\/10\/74d383fc-recife8-150x150.png 150w, https:\/\/www.greenpeace.org\/static\/planet4-brasil-stateless\/2020\/10\/74d383fc-recife8-338x340.png 338w\" sizes=\"auto, (max-width: 358px) 100vw, 358px\" \/><\/p>\n\n<p><a href=\"https:\/\/www.instagram.com\/p\/CGh3N4zHIyY\/\"><strong>Bolinho de br\u00f3colis e couve flor &#8211; Goi\u00e2nia (repost Green Brasil) &lt;3\u00a0\u00a0<\/strong><\/a><\/p>\n\n<p class=\"has-text-align-center\"><img loading=\"lazy\" decoding=\"async\" width=\"382\" height=\"385\" class=\"wp-image-27982\" style=\"width: 382px;\" src=\"https:\/\/www.greenpeace.org\/static\/planet4-brasil-stateless\/2020\/10\/81472f8a-goiania2.png\" alt=\"\" srcset=\"https:\/\/www.greenpeace.org\/static\/planet4-brasil-stateless\/2020\/10\/81472f8a-goiania2.png 594w, https:\/\/www.greenpeace.org\/static\/planet4-brasil-stateless\/2020\/10\/81472f8a-goiania2-298x300.png 298w, https:\/\/www.greenpeace.org\/static\/planet4-brasil-stateless\/2020\/10\/81472f8a-goiania2-150x150.png 150w, https:\/\/www.greenpeace.org\/static\/planet4-brasil-stateless\/2020\/10\/81472f8a-goiania2-338x340.png 338w\" sizes=\"auto, (max-width: 382px) 100vw, 382px\" \/><\/p>\n\n<p class=\"has-text-align-center\"><img loading=\"lazy\" decoding=\"async\" width=\"747\" height=\"220\" class=\"wp-image-27983\" style=\"width: 747px;\" src=\"https:\/\/www.greenpeace.org\/static\/planet4-brasil-stateless\/2020\/10\/e59f3206-tbt.png\" alt=\"\" srcset=\"https:\/\/www.greenpeace.org\/static\/planet4-brasil-stateless\/2020\/10\/e59f3206-tbt.png 1915w, https:\/\/www.greenpeace.org\/static\/planet4-brasil-stateless\/2020\/10\/e59f3206-tbt-300x88.png 300w, https:\/\/www.greenpeace.org\/static\/planet4-brasil-stateless\/2020\/10\/e59f3206-tbt-1024x301.png 1024w, https:\/\/www.greenpeace.org\/static\/planet4-brasil-stateless\/2020\/10\/e59f3206-tbt-768x226.png 768w, https:\/\/www.greenpeace.org\/static\/planet4-brasil-stateless\/2020\/10\/e59f3206-tbt-1536x452.png 1536w, https:\/\/www.greenpeace.org\/static\/planet4-brasil-stateless\/2020\/10\/e59f3206-tbt-510x150.png 510w\" sizes=\"auto, (max-width: 747px) 100vw, 747px\" \/><\/p>\n\n<p><a href=\"https:\/\/www.youtube.com\/watch?v=JRJj4z-prvM\">S\u00f3 os loucos sabem<\/a> a saudade que d\u00e1 de fazer uma a\u00e7\u00e3o na rua, n\u00e9? Para aquecer o cora\u00e7\u00e3o, o grupo de Belo Horizonte lembrou de uma a\u00e7\u00e3o de 2017. Na ocasi\u00e3o, os volunt\u00e1rios e volunt\u00e1rias foram at\u00e9 o Parque Municipal de BH para realizar uma atividade educativa envolvendo a campanha Defenda os Corais da Amaz\u00f4nia \ud83d\ude42\u00a0<\/p>\n\n<p class=\"has-text-align-center\"><img loading=\"lazy\" decoding=\"async\" width=\"358\" height=\"345\" class=\"wp-image-27984\" style=\"width: 358px;\" src=\"https:\/\/www.greenpeace.org\/static\/planet4-brasil-stateless\/2020\/10\/1bd0d4da-belo-horizonte.png\" alt=\"\" srcset=\"https:\/\/www.greenpeace.org\/static\/planet4-brasil-stateless\/2020\/10\/1bd0d4da-belo-horizonte.png 600w, https:\/\/www.greenpeace.org\/static\/planet4-brasil-stateless\/2020\/10\/1bd0d4da-belo-horizonte-300x289.png 300w, https:\/\/www.greenpeace.org\/static\/planet4-brasil-stateless\/2020\/10\/1bd0d4da-belo-horizonte-353x340.png 353w\" sizes=\"auto, (max-width: 358px) 100vw, 358px\" \/><\/p>\n\n<p><strong>Seguiremos atualizando e apoiando os grupos, afinal, estamos todes juntos nessa \ud83d\ude42<\/strong><\/p>\n<div class=\"EmptyMessage\">Block content is empty. Check the block&#8217;s settings or remove it.<\/div>","protected":false},"excerpt":{"rendered":"<p>Grupos locais tamb\u00e9m falaram sobre alimenta\u00e7\u00e3o, agricultura, filmes que instigam a reflex\u00e3o sobre as mudan\u00e7as clim\u00e1ticas e muito mais <\/p>\n","protected":false},"author":66,"featured_media":27984,"comment_status":"open","ping_status":"closed","sticky":false,"template":"","format":"standard","meta":{"ep_exclude_from_search":false,"p4_og_title":"","p4_og_description":"","p4_og_image":"","p4_og_image_id":"","p4_seo_canonical_url":"","p4_campaign_name":"not set","p4_local_project":"not set","p4_basket_name":"not set","p4_department":"","footnotes":""},"categories":[4],"tags":[23],"p4-page-type":[38],"class_list":["post-27955","post","type-post","status-publish","format-standard","has-post-thumbnail","hentry","category-ativismo","tag-mobilizacao","p4-page-type-voluntarios"],"_links":{"self":[{"href":"https:\/\/www.greenpeace.org\/brasil\/wp-json\/wp\/v2\/posts\/27955","targetHints":{"allow":["GET"]}}],"collection":[{"href":"https:\/\/www.greenpeace.org\/brasil\/wp-json\/wp\/v2\/posts"}],"about":[{"href":"https:\/\/www.greenpeace.org\/brasil\/wp-json\/wp\/v2\/types\/post"}],"author":[{"embeddable":true,"href":"https:\/\/www.greenpeace.org\/brasil\/wp-json\/wp\/v2\/users\/66"}],"replies":[{"embeddable":true,"href":"https:\/\/www.greenpeace.org\/brasil\/wp-json\/wp\/v2\/comments?post=27955"}],"version-history":[{"count":4,"href":"https:\/\/www.greenpeace.org\/brasil\/wp-json\/wp\/v2\/posts\/27955\/revisions"}],"predecessor-version":[{"id":58679,"href":"https:\/\/www.greenpeace.org\/brasil\/wp-json\/wp\/v2\/posts\/27955\/revisions\/58679"}],"wp:featuredmedia":[{"embeddable":true,"href":"https:\/\/www.greenpeace.org\/brasil\/wp-json\/wp\/v2\/media\/27984"}],"wp:attachment":[{"href":"https:\/\/www.greenpeace.org\/brasil\/wp-json\/wp\/v2\/media?parent=27955"}],"wp:term":[{"taxonomy":"category","embeddable":true,"href":"https:\/\/www.greenpeace.org\/brasil\/wp-json\/wp\/v2\/categories?post=27955"},{"taxonomy":"post_tag","embeddable":true,"href":"https:\/\/www.greenpeace.org\/brasil\/wp-json\/wp\/v2\/tags?post=27955"},{"taxonomy":"p4-page-type","embeddable":true,"href":"https:\/\/www.greenpeace.org\/brasil\/wp-json\/wp\/v2\/p4-page-type?post=27955"}],"curies":[{"name":"wp","href":"https:\/\/api.w.org\/{rel}","templated":true}]}}