{"id":28018,"date":"2020-10-29T15:43:26","date_gmt":"2020-10-29T18:43:26","guid":{"rendered":"https:\/\/www.greenpeace.org\/brasil\/?p=28018"},"modified":"2025-07-02T04:31:23","modified_gmt":"2025-07-02T07:31:23","slug":"tem-um-monstro-na-minha-cozinha-voluntas-mobilizam-se-em-peso-contra-o-desmatamento","status":"publish","type":"post","link":"https:\/\/www.greenpeace.org\/brasil\/voluntarios\/tem-um-monstro-na-minha-cozinha-voluntas-mobilizam-se-em-peso-contra-o-desmatamento\/","title":{"rendered":"Tem um monstro na minha cozinha: Voluntas mobilizam-se em peso contra o desmatamento"},"content":{"rendered":"\n<h4 class=\"wp-block-heading\">Mostrando que d\u00e1 pra comer bem sem destruir as florestas, os grupos locais compartilharam um curta-metragem e incentivaram a mudan\u00e7a de h\u00e1bito atrav\u00e9s de receitas vegetarianas <\/h4>\n\n<p class=\"has-text-align-center\"><img loading=\"lazy\" decoding=\"async\" width=\"747\" height=\"258\" class=\"wp-image-28019\" style=\"width: 747px;\" src=\"https:\/\/www.greenpeace.org\/static\/planet4-brasil-stateless\/2020\/10\/ba6aeee2-destaque-certo.png\" alt=\"\" srcset=\"https:\/\/www.greenpeace.org\/static\/planet4-brasil-stateless\/2020\/10\/ba6aeee2-destaque-certo.png 1917w, https:\/\/www.greenpeace.org\/static\/planet4-brasil-stateless\/2020\/10\/ba6aeee2-destaque-certo-300x103.png 300w, https:\/\/www.greenpeace.org\/static\/planet4-brasil-stateless\/2020\/10\/ba6aeee2-destaque-certo-1024x353.png 1024w, https:\/\/www.greenpeace.org\/static\/planet4-brasil-stateless\/2020\/10\/ba6aeee2-destaque-certo-768x265.png 768w, https:\/\/www.greenpeace.org\/static\/planet4-brasil-stateless\/2020\/10\/ba6aeee2-destaque-certo-1536x530.png 1536w, https:\/\/www.greenpeace.org\/static\/planet4-brasil-stateless\/2020\/10\/ba6aeee2-destaque-certo-510x176.png 510w\" sizes=\"auto, (max-width: 747px) 100vw, 747px\" \/><\/p>\n\n<p>Muito provavelmente na \u00faltima semana voc\u00ea teve suas redes sociais tomadas por um v\u00eddeo sobre um monstro que invade uma cozinha. Pois \u00e9, essa postagem, divulgada pelo Greenpeace Brasil, conta como nossos alimentos t\u00eam influ\u00eancia na devasta\u00e7\u00e3o da Amaz\u00f4nia, uma floresta que \u00e9 fundamental para a continuidade da vida no planeta. Atrav\u00e9s de uma <a href=\"https:\/\/www.instagram.com\/p\/CGpZ5Y9BZXG\/\">anima\u00e7\u00e3o super fofa e did\u00e1tica<\/a>, o v\u00eddeo nos instiga a pensar sobre nossas escolhas na hora de comer.&nbsp;<\/p>\n\n<p>E claro, nossos voluntas foram fundamentais na divulga\u00e7\u00e3o desse v\u00eddeo de mobiliza\u00e7\u00e3o. D\u00e1 uma olhada em como ficaram as redes sociais dos grupos locais:<\/p>\n\n<p class=\"has-text-align-center\"> <img loading=\"lazy\" decoding=\"async\" width=\"452\" height=\"452\" class=\"wp-image-28020\" style=\"width: 452px;\" src=\"https:\/\/www.greenpeace.org\/static\/planet4-brasil-stateless\/2020\/10\/7ab9d04e-redes.jpg\" alt=\"\" srcset=\"https:\/\/www.greenpeace.org\/static\/planet4-brasil-stateless\/2020\/10\/7ab9d04e-redes.jpg 1280w, https:\/\/www.greenpeace.org\/static\/planet4-brasil-stateless\/2020\/10\/7ab9d04e-redes-300x300.jpg 300w, https:\/\/www.greenpeace.org\/static\/planet4-brasil-stateless\/2020\/10\/7ab9d04e-redes-1024x1024.jpg 1024w, https:\/\/www.greenpeace.org\/static\/planet4-brasil-stateless\/2020\/10\/7ab9d04e-redes-150x150.jpg 150w, https:\/\/www.greenpeace.org\/static\/planet4-brasil-stateless\/2020\/10\/7ab9d04e-redes-768x768.jpg 768w, https:\/\/www.greenpeace.org\/static\/planet4-brasil-stateless\/2020\/10\/7ab9d04e-redes-340x340.jpg 340w\" sizes=\"auto, (max-width: 452px) 100vw, 452px\" \/><\/p>\n\n<p class=\"has-text-align-center\"><img loading=\"lazy\" decoding=\"async\" width=\"465\" height=\"465\" class=\"wp-image-28021\" style=\"width: 465px;\" src=\"https:\/\/www.greenpeace.org\/static\/planet4-brasil-stateless\/2020\/10\/c6a225a0-redes2.jpg\" alt=\"\" srcset=\"https:\/\/www.greenpeace.org\/static\/planet4-brasil-stateless\/2020\/10\/c6a225a0-redes2.jpg 1280w, https:\/\/www.greenpeace.org\/static\/planet4-brasil-stateless\/2020\/10\/c6a225a0-redes2-300x300.jpg 300w, https:\/\/www.greenpeace.org\/static\/planet4-brasil-stateless\/2020\/10\/c6a225a0-redes2-1024x1024.jpg 1024w, https:\/\/www.greenpeace.org\/static\/planet4-brasil-stateless\/2020\/10\/c6a225a0-redes2-150x150.jpg 150w, https:\/\/www.greenpeace.org\/static\/planet4-brasil-stateless\/2020\/10\/c6a225a0-redes2-768x768.jpg 768w, https:\/\/www.greenpeace.org\/static\/planet4-brasil-stateless\/2020\/10\/c6a225a0-redes2-340x340.jpg 340w\" sizes=\"auto, (max-width: 465px) 100vw, 465px\" \/><\/p>\n\n<p>E para engajar todes que passaram pelo v\u00eddeo, duas volunt\u00e1rias do Grupo de Belo Horizonte apareceram pelas redes para incentivar os seguidores e seguidoras a postar receitas sem carne! <a href=\"https:\/\/www.instagram.com\/p\/CGqMgB2Hc-I\/\"><strong>Vem ver como ficou \ud83d\ude42&nbsp;<\/strong><\/a><\/p>\n\n<p class=\"has-text-align-center\"><img loading=\"lazy\" decoding=\"async\" width=\"340\" height=\"333\" class=\"wp-image-28022\" style=\"width: 340px;\" src=\"https:\/\/www.greenpeace.org\/static\/planet4-brasil-stateless\/2020\/10\/ea917713-belo-horizonte3.png\" alt=\"\" srcset=\"https:\/\/www.greenpeace.org\/static\/planet4-brasil-stateless\/2020\/10\/ea917713-belo-horizonte3.png 594w, https:\/\/www.greenpeace.org\/static\/planet4-brasil-stateless\/2020\/10\/ea917713-belo-horizonte3-300x294.png 300w, https:\/\/www.greenpeace.org\/static\/planet4-brasil-stateless\/2020\/10\/ea917713-belo-horizonte3-347x340.png 347w\" sizes=\"auto, (max-width: 340px) 100vw, 340px\" \/><img loading=\"lazy\" decoding=\"async\" width=\"336\" height=\"333\" class=\"wp-image-28023\" style=\"width: 336px;\" src=\"https:\/\/www.greenpeace.org\/static\/planet4-brasil-stateless\/2020\/10\/6a55bf9a-belo-horizonte4.png\" alt=\"\" srcset=\"https:\/\/www.greenpeace.org\/static\/planet4-brasil-stateless\/2020\/10\/6a55bf9a-belo-horizonte4.png 598w, https:\/\/www.greenpeace.org\/static\/planet4-brasil-stateless\/2020\/10\/6a55bf9a-belo-horizonte4-300x297.png 300w, https:\/\/www.greenpeace.org\/static\/planet4-brasil-stateless\/2020\/10\/6a55bf9a-belo-horizonte4-150x150.png 150w, https:\/\/www.greenpeace.org\/static\/planet4-brasil-stateless\/2020\/10\/6a55bf9a-belo-horizonte4-343x340.png 343w\" sizes=\"auto, (max-width: 336px) 100vw, 336px\" \/><\/p>\n\n<div class=\"wp-block-image  caption-style-medium caption-alignment-center\"><figure class=\"aligncenter is-resized\"><img loading=\"lazy\" decoding=\"async\" src=\"https:\/\/lh5.googleusercontent.com\/VCCPAIXZZHvBqDsilG0-PK76YuBoF9WnqI40vliI74bs63qUIT5Ep-0OcrT6aEbsej7qrod4Pt2r5TWwX0puSE158CtL56YWu1BtC9ISVqmgLH1fSqYvStiIa6kgh6F-Fgm4CmFC\" alt=\"\" width=\"758\" height=\"253\"\/><\/figure><\/div>\n\n<p><strong>24\/10 &#8211; Reuni\u00e3o Bras\u00edlia<\/strong><\/p>\n\n<p>O papai noel j\u00e1 est\u00e1 quase descendo nossas lareiras, e para programar um fim de ano at\u00edpico &#8211; mas n\u00e3o menos especial, os volunt\u00e1rios e volunt\u00e1rias de Bras\u00edlia fizeram uma reuni\u00e3o para discutir os primeiros preparativos para a\u00e7\u00f5es online de encerramento do ano. Vamos ver o que vem por a\u00ed!<\/p>\n\n<div class=\"wp-block-image  caption-style-medium caption-alignment-center\"><figure class=\"aligncenter is-resized\"><img loading=\"lazy\" decoding=\"async\" src=\"https:\/\/lh4.googleusercontent.com\/eHDcZCmBAT_AkljNsisnt7Kk-0ArfV9SLGhAaQJM3xcm8ytN1wfmMgDuOiYYKA1uF-gFtG6t5zom61p0nYEylDfCR4-BGBYfagmyLx3tBBcRveT7QV1zg8EX1hnFD5vOXaxblZW_\" alt=\"\" width=\"791\" height=\"203\"\/><\/figure><\/div>\n\n<p>O grupo de BH iniciou a onda de mobiliza\u00e7\u00f5es da semana falando sobre desastres ambientais &#8211; e o que nossas a\u00e7\u00f5es cotidianas t\u00eam a ver com isso. Para exemplificar, os voluntas fizeram uma lista de exemplos que aconteceram nos \u00faltimos anos. <a href=\"https:\/\/www.instagram.com\/p\/CGxdKHwneJ2\/\">Vem ver:<\/a>  <\/p>\n\n<p class=\"has-text-align-center\"><img loading=\"lazy\" decoding=\"async\" width=\"318\" height=\"319\" class=\"wp-image-28028\" style=\"width: 318px;\" src=\"https:\/\/www.greenpeace.org\/static\/planet4-brasil-stateless\/2020\/10\/832b9b27-belo-horizonte7.png\" alt=\"\" srcset=\"https:\/\/www.greenpeace.org\/static\/planet4-brasil-stateless\/2020\/10\/832b9b27-belo-horizonte7.png 596w, https:\/\/www.greenpeace.org\/static\/planet4-brasil-stateless\/2020\/10\/832b9b27-belo-horizonte7-300x300.png 300w, https:\/\/www.greenpeace.org\/static\/planet4-brasil-stateless\/2020\/10\/832b9b27-belo-horizonte7-150x150.png 150w, https:\/\/www.greenpeace.org\/static\/planet4-brasil-stateless\/2020\/10\/832b9b27-belo-horizonte7-339x340.png 339w\" sizes=\"auto, (max-width: 318px) 100vw, 318px\" \/><img loading=\"lazy\" decoding=\"async\" width=\"321\" height=\"319\" class=\"wp-image-28029\" style=\"width: 321px;\" src=\"https:\/\/www.greenpeace.org\/static\/planet4-brasil-stateless\/2020\/10\/e6dcfee4-belo-horizonte8.png\" alt=\"\" srcset=\"https:\/\/www.greenpeace.org\/static\/planet4-brasil-stateless\/2020\/10\/e6dcfee4-belo-horizonte8.png 596w, https:\/\/www.greenpeace.org\/static\/planet4-brasil-stateless\/2020\/10\/e6dcfee4-belo-horizonte8-300x298.png 300w, https:\/\/www.greenpeace.org\/static\/planet4-brasil-stateless\/2020\/10\/e6dcfee4-belo-horizonte8-150x150.png 150w, https:\/\/www.greenpeace.org\/static\/planet4-brasil-stateless\/2020\/10\/e6dcfee4-belo-horizonte8-342x340.png 342w\" sizes=\"auto, (max-width: 321px) 100vw, 321px\" \/><\/p>\n\n<p>J\u00e1 em Recife, os volunt\u00e1rios e volunt\u00e1rias resgataram o Dia de Sobrecarga da Terra, que rolou h\u00e1 pouco, para falar sobre esgotamento dos recursos naturais. Dentre os destaques levantados pelo grupo, estava o dado que aponta que, em 2030, precisaremos de dois planetas para suprir nossas necessidades de consumo. Bizarro, n\u00e9?\u00a0<\/p>\n\n<p class=\"has-text-align-center\"><img loading=\"lazy\" decoding=\"async\" width=\"318\" height=\"319\" class=\"wp-image-28030\" style=\"width: 318px;\" src=\"https:\/\/www.greenpeace.org\/static\/planet4-brasil-stateless\/2020\/10\/33d243bc-recife.png\" alt=\"\" srcset=\"https:\/\/www.greenpeace.org\/static\/planet4-brasil-stateless\/2020\/10\/33d243bc-recife.png 596w, https:\/\/www.greenpeace.org\/static\/planet4-brasil-stateless\/2020\/10\/33d243bc-recife-300x300.png 300w, https:\/\/www.greenpeace.org\/static\/planet4-brasil-stateless\/2020\/10\/33d243bc-recife-150x150.png 150w, https:\/\/www.greenpeace.org\/static\/planet4-brasil-stateless\/2020\/10\/33d243bc-recife-339x340.png 339w\" sizes=\"auto, (max-width: 318px) 100vw, 318px\" \/><img loading=\"lazy\" decoding=\"async\" width=\"320\" height=\"320\" class=\"wp-image-28031\" style=\"width: 320px;\" src=\"https:\/\/www.greenpeace.org\/static\/planet4-brasil-stateless\/2020\/10\/4568c663-recife2.png\" alt=\"\" srcset=\"https:\/\/www.greenpeace.org\/static\/planet4-brasil-stateless\/2020\/10\/4568c663-recife2.png 598w, https:\/\/www.greenpeace.org\/static\/planet4-brasil-stateless\/2020\/10\/4568c663-recife2-300x300.png 300w, https:\/\/www.greenpeace.org\/static\/planet4-brasil-stateless\/2020\/10\/4568c663-recife2-150x150.png 150w, https:\/\/www.greenpeace.org\/static\/planet4-brasil-stateless\/2020\/10\/4568c663-recife2-340x340.png 340w\" sizes=\"auto, (max-width: 320px) 100vw, 320px\" \/><\/p>\n\n<p class=\"has-text-align-center\"><img loading=\"lazy\" decoding=\"async\" width=\"336\" height=\"337\" class=\"wp-image-28032\" style=\"width: 336px;\" src=\"https:\/\/www.greenpeace.org\/static\/planet4-brasil-stateless\/2020\/10\/df348483-recife3.png\" alt=\"\" srcset=\"https:\/\/www.greenpeace.org\/static\/planet4-brasil-stateless\/2020\/10\/df348483-recife3.png 594w, https:\/\/www.greenpeace.org\/static\/planet4-brasil-stateless\/2020\/10\/df348483-recife3-300x300.png 300w, https:\/\/www.greenpeace.org\/static\/planet4-brasil-stateless\/2020\/10\/df348483-recife3-150x150.png 150w, https:\/\/www.greenpeace.org\/static\/planet4-brasil-stateless\/2020\/10\/df348483-recife3-339x340.png 339w\" sizes=\"auto, (max-width: 336px) 100vw, 336px\" \/><img loading=\"lazy\" decoding=\"async\" width=\"338\" height=\"337\" class=\"wp-image-28033\" style=\"width: 338px;\" src=\"https:\/\/www.greenpeace.org\/static\/planet4-brasil-stateless\/2020\/10\/102f2ff2-recife4.png\" alt=\"\" srcset=\"https:\/\/www.greenpeace.org\/static\/planet4-brasil-stateless\/2020\/10\/102f2ff2-recife4.png 598w, https:\/\/www.greenpeace.org\/static\/planet4-brasil-stateless\/2020\/10\/102f2ff2-recife4-300x300.png 300w, https:\/\/www.greenpeace.org\/static\/planet4-brasil-stateless\/2020\/10\/102f2ff2-recife4-150x150.png 150w, https:\/\/www.greenpeace.org\/static\/planet4-brasil-stateless\/2020\/10\/102f2ff2-recife4-341x340.png 341w\" sizes=\"auto, (max-width: 338px) 100vw, 338px\" \/><\/p>\n\n<p>E a gente sabe que a \u00fanica forma de impedirmos que esse cen\u00e1rio se agrave \u00e9 nos mobilizarmos hoje, n\u00e9? Ent\u00e3o se liga nessas dicas verdes que o grupo separou para voc\u00ea:<\/p>\n\n<p class=\"has-text-align-center\"> <img loading=\"lazy\" decoding=\"async\" width=\"309\" height=\"308\" class=\"wp-image-28034\" style=\"width: 309px;\" src=\"https:\/\/www.greenpeace.org\/static\/planet4-brasil-stateless\/2020\/10\/7bb20847-recife5.png\" alt=\"\" srcset=\"https:\/\/www.greenpeace.org\/static\/planet4-brasil-stateless\/2020\/10\/7bb20847-recife5.png 596w, https:\/\/www.greenpeace.org\/static\/planet4-brasil-stateless\/2020\/10\/7bb20847-recife5-300x300.png 300w, https:\/\/www.greenpeace.org\/static\/planet4-brasil-stateless\/2020\/10\/7bb20847-recife5-150x150.png 150w, https:\/\/www.greenpeace.org\/static\/planet4-brasil-stateless\/2020\/10\/7bb20847-recife5-341x340.png 341w\" sizes=\"auto, (max-width: 309px) 100vw, 309px\" \/><img loading=\"lazy\" decoding=\"async\" width=\"414\" height=\"408\" class=\"wp-image-28035\" style=\"width: 414px;\" src=\"https:\/\/www.greenpeace.org\/static\/planet4-brasil-stateless\/2020\/10\/f249cb26-recife6.png\" alt=\"\" srcset=\"https:\/\/www.greenpeace.org\/static\/planet4-brasil-stateless\/2020\/10\/f249cb26-recife6.png 600w, https:\/\/www.greenpeace.org\/static\/planet4-brasil-stateless\/2020\/10\/f249cb26-recife6-300x296.png 300w, https:\/\/www.greenpeace.org\/static\/planet4-brasil-stateless\/2020\/10\/f249cb26-recife6-345x340.png 345w\" sizes=\"auto, (max-width: 414px) 100vw, 414px\" \/><\/p>\n\n<p>Falando em coisas que podemos fazer por um mundo melhor, as Elei\u00e7\u00f5es 2020 est\u00e3o chegando, e esse \u00e9 um \u00f3timo momento para exigirmos as mudan\u00e7as que queremos ver e escolher representantes que cuidem do meio ambiente. Pensando nisso, o grupo de Porto Alegre preparou e divulgou uma <a href=\"https:\/\/drive.google.com\/drive\/u\/2\/folders\/1Eo5AdrV8BhDO2keJ0MdBDcPnZ6TT5jzK\">carta de compromisso<\/a>, com uma s\u00e9rie de demandas que devem ser atendidas para uma cidade mais verde. <\/p>\n\n<p class=\"has-text-align-center\"><img loading=\"lazy\" decoding=\"async\" width=\"392\" height=\"381\" class=\"wp-image-28036\" style=\"width: 392px;\" src=\"https:\/\/www.greenpeace.org\/static\/planet4-brasil-stateless\/2020\/10\/4b358b92-porto-alegre.png\" alt=\"\" srcset=\"https:\/\/www.greenpeace.org\/static\/planet4-brasil-stateless\/2020\/10\/4b358b92-porto-alegre.png 592w, https:\/\/www.greenpeace.org\/static\/planet4-brasil-stateless\/2020\/10\/4b358b92-porto-alegre-300x292.png 300w, https:\/\/www.greenpeace.org\/static\/planet4-brasil-stateless\/2020\/10\/4b358b92-porto-alegre-349x340.png 349w\" sizes=\"auto, (max-width: 392px) 100vw, 392px\" \/><\/p>\n\n<p>Achou que tinha acabado? Aguenta que tem mais!<\/p>\n\n<p>O grupo da Zona da Mata Mineira, ainda em forma\u00e7\u00e3o, convidou uma de suas voluntas para falar um pouco sobre a nossa plataforma de voluntariado, o Conex\u00e3o Verde. A volunta explicou sobre o funcionamento, o poder da mobiliza\u00e7\u00e3o e claro, convidou todes que ainda n\u00e3o s\u00e3o inscritos para agregar nessa rede nacional de engajamento. <a href=\"https:\/\/www.instagram.com\/p\/CGigxgfBHS1\/\">Vem ver \ud83d\ude42<\/a> <\/p>\n\n<p class=\"has-text-align-center\"><img loading=\"lazy\" decoding=\"async\" width=\"344\" height=\"542\" class=\"wp-image-28037\" style=\"width: 344px;\" src=\"https:\/\/www.greenpeace.org\/static\/planet4-brasil-stateless\/2020\/10\/ddf479b1-zona-da-mata.png\" alt=\"\" srcset=\"https:\/\/www.greenpeace.org\/static\/planet4-brasil-stateless\/2020\/10\/ddf479b1-zona-da-mata.png 378w, https:\/\/www.greenpeace.org\/static\/planet4-brasil-stateless\/2020\/10\/ddf479b1-zona-da-mata-190x300.png 190w, https:\/\/www.greenpeace.org\/static\/planet4-brasil-stateless\/2020\/10\/ddf479b1-zona-da-mata-216x340.png 216w\" sizes=\"auto, (max-width: 344px) 100vw, 344px\" \/><\/p>\n\n<p class=\"has-text-align-center\"><img loading=\"lazy\" decoding=\"async\" width=\"749\" height=\"238\" class=\"wp-image-28038\" style=\"width: 749px;\" src=\"https:\/\/www.greenpeace.org\/static\/planet4-brasil-stateless\/2020\/10\/acac6d75-dicas.png\" alt=\"\" srcset=\"https:\/\/www.greenpeace.org\/static\/planet4-brasil-stateless\/2020\/10\/acac6d75-dicas.png 1915w, https:\/\/www.greenpeace.org\/static\/planet4-brasil-stateless\/2020\/10\/acac6d75-dicas-300x95.png 300w, https:\/\/www.greenpeace.org\/static\/planet4-brasil-stateless\/2020\/10\/acac6d75-dicas-1024x326.png 1024w, https:\/\/www.greenpeace.org\/static\/planet4-brasil-stateless\/2020\/10\/acac6d75-dicas-768x244.png 768w, https:\/\/www.greenpeace.org\/static\/planet4-brasil-stateless\/2020\/10\/acac6d75-dicas-1536x488.png 1536w, https:\/\/www.greenpeace.org\/static\/planet4-brasil-stateless\/2020\/10\/acac6d75-dicas-510x162.png 510w\" sizes=\"auto, (max-width: 749px) 100vw, 749px\" \/><\/p>\n\n<p>J\u00e1 que essa semana as dicas foram especialmente para os cin\u00e9filos de plant\u00e3o, vem ver o que est\u00e1 em cartaz:<\/p>\n\n<p><a href=\"https:\/\/www.youtube.com\/watch?v=NDx711ibD1M\">The true cost<\/a> &#8211; o longa foi indicado pelo grupo de BH e promete te surpreender com verdades escondidas por tr\u00e1s da ind\u00fastria da moda, especialmente nesta era de consumismo exacerbado e Fast Fashion. M\u00e3o de obra barata, explora\u00e7\u00e3o de animais e da natureza\u2026 A promo\u00e7\u00e3o que enche nossos olhos pelas lojas \u00e9, na verdade, uma grande armadilha. Um spoiler: o meio ambiente n\u00e3o acaba bem.\u00a0<\/p>\n\n<p class=\"has-text-align-center\"><img loading=\"lazy\" decoding=\"async\" width=\"325\" height=\"321\" class=\"wp-image-28039\" style=\"width: 325px;\" src=\"https:\/\/www.greenpeace.org\/static\/planet4-brasil-stateless\/2020\/10\/7033e85c-belo-horizonte.png\" alt=\"\" srcset=\"https:\/\/www.greenpeace.org\/static\/planet4-brasil-stateless\/2020\/10\/7033e85c-belo-horizonte.png 606w, https:\/\/www.greenpeace.org\/static\/planet4-brasil-stateless\/2020\/10\/7033e85c-belo-horizonte-300x296.png 300w, https:\/\/www.greenpeace.org\/static\/planet4-brasil-stateless\/2020\/10\/7033e85c-belo-horizonte-345x340.png 345w\" sizes=\"auto, (max-width: 325px) 100vw, 325px\" \/><\/p>\n\n<p><a href=\"https:\/\/www.youtube.com\/watch?v=Wa546EesVPE\">Home<\/a> &#8211; j\u00e1 esse filme foi indicado pelos voluntas de Recife, mestres na sess\u00e3o verde de cinema. O document\u00e1rio fala sobre a m\u00e3e Terra, lar comum para todes n\u00f3s &lt;3 <\/p>\n\n<p class=\"has-text-align-center\"><img loading=\"lazy\" decoding=\"async\" width=\"364\" height=\"362\" class=\"wp-image-28040\" style=\"width: 364px;\" src=\"https:\/\/www.greenpeace.org\/static\/planet4-brasil-stateless\/2020\/10\/ef04fff1-recife8.png\" alt=\"\" srcset=\"https:\/\/www.greenpeace.org\/static\/planet4-brasil-stateless\/2020\/10\/ef04fff1-recife8.png 596w, https:\/\/www.greenpeace.org\/static\/planet4-brasil-stateless\/2020\/10\/ef04fff1-recife8-300x298.png 300w, https:\/\/www.greenpeace.org\/static\/planet4-brasil-stateless\/2020\/10\/ef04fff1-recife8-150x150.png 150w, https:\/\/www.greenpeace.org\/static\/planet4-brasil-stateless\/2020\/10\/ef04fff1-recife8-342x340.png 342w\" sizes=\"auto, (max-width: 364px) 100vw, 364px\" \/><\/p>\n\n<p class=\"has-text-align-center\"><img loading=\"lazy\" decoding=\"async\" width=\"737\" height=\"218\" class=\"wp-image-28041\" style=\"width: 737px;\" src=\"https:\/\/www.greenpeace.org\/static\/planet4-brasil-stateless\/2020\/10\/f8f3970f-segunda-sem-carne.png\" alt=\"\" srcset=\"https:\/\/www.greenpeace.org\/static\/planet4-brasil-stateless\/2020\/10\/f8f3970f-segunda-sem-carne.png 1913w, https:\/\/www.greenpeace.org\/static\/planet4-brasil-stateless\/2020\/10\/f8f3970f-segunda-sem-carne-300x89.png 300w, https:\/\/www.greenpeace.org\/static\/planet4-brasil-stateless\/2020\/10\/f8f3970f-segunda-sem-carne-1024x302.png 1024w, https:\/\/www.greenpeace.org\/static\/planet4-brasil-stateless\/2020\/10\/f8f3970f-segunda-sem-carne-768x227.png 768w, https:\/\/www.greenpeace.org\/static\/planet4-brasil-stateless\/2020\/10\/f8f3970f-segunda-sem-carne-1536x454.png 1536w, https:\/\/www.greenpeace.org\/static\/planet4-brasil-stateless\/2020\/10\/f8f3970f-segunda-sem-carne-510x151.png 510w\" sizes=\"auto, (max-width: 737px) 100vw, 737px\" \/><\/p>\n\n<p>Engatilhados pelo v\u00eddeo do monstro na cozinha, os voluntas mandaram ver nas receitas sem carne dessa semana. Inclusive, se liga nessa introdu\u00e7\u00e3o que o grupo da Zona da Mata, ainda em forma\u00e7\u00e3o, fez:\u00a0<\/p>\n\n<p class=\"has-text-align-center\"><img loading=\"lazy\" decoding=\"async\" width=\"349\" height=\"350\" class=\"wp-image-28042\" style=\"width: 349px;\" src=\"https:\/\/www.greenpeace.org\/static\/planet4-brasil-stateless\/2020\/10\/ddbc0327-zona-da-mata2.png\" alt=\"\" srcset=\"https:\/\/www.greenpeace.org\/static\/planet4-brasil-stateless\/2020\/10\/ddbc0327-zona-da-mata2.png 596w, https:\/\/www.greenpeace.org\/static\/planet4-brasil-stateless\/2020\/10\/ddbc0327-zona-da-mata2-300x300.png 300w, https:\/\/www.greenpeace.org\/static\/planet4-brasil-stateless\/2020\/10\/ddbc0327-zona-da-mata2-150x150.png 150w, https:\/\/www.greenpeace.org\/static\/planet4-brasil-stateless\/2020\/10\/ddbc0327-zona-da-mata2-339x340.png 339w\" sizes=\"auto, (max-width: 349px) 100vw, 349px\" \/><\/p>\n\n<p class=\"has-text-align-center\"><img loading=\"lazy\" decoding=\"async\" width=\"326\" height=\"327\" class=\"wp-image-28043\" style=\"width: 326px;\" src=\"https:\/\/www.greenpeace.org\/static\/planet4-brasil-stateless\/2020\/10\/271b4b74-zona-da-mata3.png\" alt=\"\" srcset=\"https:\/\/www.greenpeace.org\/static\/planet4-brasil-stateless\/2020\/10\/271b4b74-zona-da-mata3.png 598w, https:\/\/www.greenpeace.org\/static\/planet4-brasil-stateless\/2020\/10\/271b4b74-zona-da-mata3-300x300.png 300w, https:\/\/www.greenpeace.org\/static\/planet4-brasil-stateless\/2020\/10\/271b4b74-zona-da-mata3-150x150.png 150w, https:\/\/www.greenpeace.org\/static\/planet4-brasil-stateless\/2020\/10\/271b4b74-zona-da-mata3-339x340.png 339w\" sizes=\"auto, (max-width: 326px) 100vw, 326px\" \/><img loading=\"lazy\" decoding=\"async\" width=\"325\" height=\"327\" class=\"wp-image-28044\" style=\"width: 325px;\" src=\"https:\/\/www.greenpeace.org\/static\/planet4-brasil-stateless\/2020\/10\/6ddcce6f-zona-da-mata4.png\" alt=\"\" srcset=\"https:\/\/www.greenpeace.org\/static\/planet4-brasil-stateless\/2020\/10\/6ddcce6f-zona-da-mata4.png 592w, https:\/\/www.greenpeace.org\/static\/planet4-brasil-stateless\/2020\/10\/6ddcce6f-zona-da-mata4-298x300.png 298w, https:\/\/www.greenpeace.org\/static\/planet4-brasil-stateless\/2020\/10\/6ddcce6f-zona-da-mata4-150x150.png 150w, https:\/\/www.greenpeace.org\/static\/planet4-brasil-stateless\/2020\/10\/6ddcce6f-zona-da-mata4-338x340.png 338w\" sizes=\"auto, (max-width: 325px) 100vw, 325px\" \/><\/p>\n\n<p>Ent\u00e3o anota tudo porque n\u00e3o tem desculpa pra ficar de fora de uma causa t\u00e3o justa como essa:&nbsp;<\/p>\n\n<p><strong><a href=\"https:\/\/www.instagram.com\/p\/CGqkYjbHEE3\/\">S\u00e3o Paulo &#8211; Homus de gr\u00e3o de bico &lt;3<\/a><\/strong> <\/p>\n\n<p class=\"has-text-align-center\"><img loading=\"lazy\" decoding=\"async\" width=\"401\" height=\"400\" class=\"wp-image-28045\" style=\"width: 401px;\" src=\"https:\/\/www.greenpeace.org\/static\/planet4-brasil-stateless\/2020\/10\/3c904093-saopaulo3.png\" alt=\"\" srcset=\"https:\/\/www.greenpeace.org\/static\/planet4-brasil-stateless\/2020\/10\/3c904093-saopaulo3.png 598w, https:\/\/www.greenpeace.org\/static\/planet4-brasil-stateless\/2020\/10\/3c904093-saopaulo3-300x300.png 300w, https:\/\/www.greenpeace.org\/static\/planet4-brasil-stateless\/2020\/10\/3c904093-saopaulo3-150x150.png 150w, https:\/\/www.greenpeace.org\/static\/planet4-brasil-stateless\/2020\/10\/3c904093-saopaulo3-341x340.png 341w\" sizes=\"auto, (max-width: 401px) 100vw, 401px\" \/><\/p>\n\n<p><strong><a href=\"https:\/\/www.instagram.com\/p\/CGsLsxHnS7S\/\">S\u00e3o Paulo &#8211; Lasanha \u00e0 prisciantelli (Espinafre com alho-por\u00f3) &#8211; Receita da volunt\u00e1ria @maisagontijo &lt;3<\/a><\/strong> <\/p>\n\n<p class=\"has-text-align-center\"><img loading=\"lazy\" decoding=\"async\" width=\"399\" height=\"398\" class=\"wp-image-28046\" style=\"width: 399px;\" src=\"https:\/\/www.greenpeace.org\/static\/planet4-brasil-stateless\/2020\/10\/13dbd276-saopaulo4.png\" alt=\"\" srcset=\"https:\/\/www.greenpeace.org\/static\/planet4-brasil-stateless\/2020\/10\/13dbd276-saopaulo4.png 594w, https:\/\/www.greenpeace.org\/static\/planet4-brasil-stateless\/2020\/10\/13dbd276-saopaulo4-300x300.png 300w, https:\/\/www.greenpeace.org\/static\/planet4-brasil-stateless\/2020\/10\/13dbd276-saopaulo4-150x150.png 150w, https:\/\/www.greenpeace.org\/static\/planet4-brasil-stateless\/2020\/10\/13dbd276-saopaulo4-341x340.png 341w\" sizes=\"auto, (max-width: 399px) 100vw, 399px\" \/><\/p>\n\n<p><strong><a href=\"https:\/\/www.instagram.com\/p\/CGqZHKJnq-O\/\">Belo Horizonte &#8211; Beijinho de banana &lt;3<\/a><\/strong> <\/p>\n\n<p class=\"has-text-align-center\"><img loading=\"lazy\" decoding=\"async\" width=\"412\" height=\"394\" class=\"wp-image-28047\" style=\"width: 412px;\" src=\"https:\/\/www.greenpeace.org\/static\/planet4-brasil-stateless\/2020\/10\/92d45179-belo-horizonte6.png\" alt=\"\" srcset=\"https:\/\/www.greenpeace.org\/static\/planet4-brasil-stateless\/2020\/10\/92d45179-belo-horizonte6.png 594w, https:\/\/www.greenpeace.org\/static\/planet4-brasil-stateless\/2020\/10\/92d45179-belo-horizonte6-300x287.png 300w, https:\/\/www.greenpeace.org\/static\/planet4-brasil-stateless\/2020\/10\/92d45179-belo-horizonte6-356x340.png 356w\" sizes=\"auto, (max-width: 412px) 100vw, 412px\" \/><\/p>\n\n<p><strong><a href=\"https:\/\/www.instagram.com\/p\/CGzuRkmrZ9c\/\">Recife &#8211; Chili sem carne com ab\u00f3bora assada &lt;3<\/a><\/strong> <\/p>\n\n<p class=\"has-text-align-center\"><img loading=\"lazy\" decoding=\"async\" width=\"428\" height=\"434\" class=\"wp-image-28048\" style=\"width: 428px;\" src=\"https:\/\/www.greenpeace.org\/static\/planet4-brasil-stateless\/2020\/10\/dbc718ae-recife9.png\" alt=\"\" srcset=\"https:\/\/www.greenpeace.org\/static\/planet4-brasil-stateless\/2020\/10\/dbc718ae-recife9.png 592w, https:\/\/www.greenpeace.org\/static\/planet4-brasil-stateless\/2020\/10\/dbc718ae-recife9-296x300.png 296w, https:\/\/www.greenpeace.org\/static\/planet4-brasil-stateless\/2020\/10\/dbc718ae-recife9-335x340.png 335w\" sizes=\"auto, (max-width: 428px) 100vw, 428px\" \/><\/p>\n\n<p><strong><a href=\"https:\/\/www.instagram.com\/p\/CGqO29Qn4Ff\/\">Porto Alegre &#8211; Maionese vegana &#8211; aquela que fica \u00f3tima para \u201cchuchar\u201d em tudo &lt;3<\/a><\/strong> <\/p>\n\n<p class=\"has-text-align-center\"><img loading=\"lazy\" decoding=\"async\" width=\"293\" height=\"479\" class=\"wp-image-28049\" style=\"width: 293px;\" src=\"https:\/\/www.greenpeace.org\/static\/planet4-brasil-stateless\/2020\/10\/2e5b6fd8-porto-alegre2.png\" alt=\"\" srcset=\"https:\/\/www.greenpeace.org\/static\/planet4-brasil-stateless\/2020\/10\/2e5b6fd8-porto-alegre2.png 334w, https:\/\/www.greenpeace.org\/static\/planet4-brasil-stateless\/2020\/10\/2e5b6fd8-porto-alegre2-184x300.png 184w, https:\/\/www.greenpeace.org\/static\/planet4-brasil-stateless\/2020\/10\/2e5b6fd8-porto-alegre2-208x340.png 208w\" sizes=\"auto, (max-width: 293px) 100vw, 293px\" \/><\/p>\n\n<p><strong><a href=\"https:\/\/www.instagram.com\/p\/CGqM_UnDWlK\/\">Manaus &#8211; Casca louca de banana &lt;3<\/a><\/strong> <\/p>\n\n<p class=\"has-text-align-center\"><img loading=\"lazy\" decoding=\"async\" width=\"290\" height=\"508\" class=\"wp-image-28050\" style=\"width: 290px;\" src=\"https:\/\/www.greenpeace.org\/static\/planet4-brasil-stateless\/2020\/10\/0203855b-manaus.png\" alt=\"\" srcset=\"https:\/\/www.greenpeace.org\/static\/planet4-brasil-stateless\/2020\/10\/0203855b-manaus.png 332w, https:\/\/www.greenpeace.org\/static\/planet4-brasil-stateless\/2020\/10\/0203855b-manaus-171x300.png 171w, https:\/\/www.greenpeace.org\/static\/planet4-brasil-stateless\/2020\/10\/0203855b-manaus-194x340.png 194w\" sizes=\"auto, (max-width: 290px) 100vw, 290px\" \/><\/p>\n\n<p class=\"has-text-align-center\"><img loading=\"lazy\" decoding=\"async\" width=\"759\" height=\"223\" class=\"wp-image-28051\" style=\"width: 759px;\" src=\"https:\/\/www.greenpeace.org\/static\/planet4-brasil-stateless\/2020\/10\/2dfc9b52-tbt.png\" alt=\"\" srcset=\"https:\/\/www.greenpeace.org\/static\/planet4-brasil-stateless\/2020\/10\/2dfc9b52-tbt.png 1915w, https:\/\/www.greenpeace.org\/static\/planet4-brasil-stateless\/2020\/10\/2dfc9b52-tbt-300x88.png 300w, https:\/\/www.greenpeace.org\/static\/planet4-brasil-stateless\/2020\/10\/2dfc9b52-tbt-1024x301.png 1024w, https:\/\/www.greenpeace.org\/static\/planet4-brasil-stateless\/2020\/10\/2dfc9b52-tbt-768x226.png 768w, https:\/\/www.greenpeace.org\/static\/planet4-brasil-stateless\/2020\/10\/2dfc9b52-tbt-1536x452.png 1536w, https:\/\/www.greenpeace.org\/static\/planet4-brasil-stateless\/2020\/10\/2dfc9b52-tbt-510x150.png 510w\" sizes=\"auto, (max-width: 759px) 100vw, 759px\" \/><\/p>\n\n<p>A saudade tem nome e endere\u00e7o: Grupo de volunt\u00e1rios e volunt\u00e1rias de Belo Horizonte.&nbsp;<\/p>\n\n<p>Dessa vez, nosso grupo nost\u00e1lgico preferido lembrou uma a\u00e7\u00e3o de mar\u00e7o de 2016, quando marcou presen\u00e7a na pra\u00e7a Boa Vista em Divin\u00f3polis, levando conscientiza\u00e7\u00e3o \u00e0 popula\u00e7\u00e3o sobre o meio ambiente e apoiando a luta de movimentos locais em defesa na nascente Bela Vista. <\/p>\n\n<p class=\"has-text-align-center\"><img loading=\"lazy\" decoding=\"async\" width=\"398\" height=\"395\" class=\"wp-image-28055\" style=\"width: 398px;\" src=\"https:\/\/www.greenpeace.org\/static\/planet4-brasil-stateless\/2020\/10\/7bd53050-belo-horizonte2.png\" alt=\"\" srcset=\"https:\/\/www.greenpeace.org\/static\/planet4-brasil-stateless\/2020\/10\/7bd53050-belo-horizonte2.png 598w, https:\/\/www.greenpeace.org\/static\/planet4-brasil-stateless\/2020\/10\/7bd53050-belo-horizonte2-300x298.png 300w, https:\/\/www.greenpeace.org\/static\/planet4-brasil-stateless\/2020\/10\/7bd53050-belo-horizonte2-150x150.png 150w, https:\/\/www.greenpeace.org\/static\/planet4-brasil-stateless\/2020\/10\/7bd53050-belo-horizonte2-342x340.png 342w\" sizes=\"auto, (max-width: 398px) 100vw, 398px\" \/><\/p>\n<div class=\"EmptyMessage\">Block content is empty. Check the block&#8217;s settings or remove it.<\/div>","protected":false},"excerpt":{"rendered":"<p>Mostrando que d\u00e1 pra comer bem sem destruir as florestas, os grupos locais compartilharam um curta-metragem e incentivaram a mudan\u00e7a de h\u00e1bito atrav\u00e9s de receitas vegetarianas <\/p>\n","protected":false},"author":66,"featured_media":28055,"comment_status":"open","ping_status":"closed","sticky":false,"template":"","format":"standard","meta":{"ep_exclude_from_search":false,"p4_og_title":"","p4_og_description":"","p4_og_image":"","p4_og_image_id":"","p4_seo_canonical_url":"","p4_campaign_name":"not set","p4_local_project":"not set","p4_basket_name":"not set","p4_department":"","footnotes":""},"categories":[4],"tags":[23],"p4-page-type":[38],"class_list":["post-28018","post","type-post","status-publish","format-standard","has-post-thumbnail","hentry","category-ativismo","tag-mobilizacao","p4-page-type-voluntarios"],"_links":{"self":[{"href":"https:\/\/www.greenpeace.org\/brasil\/wp-json\/wp\/v2\/posts\/28018","targetHints":{"allow":["GET"]}}],"collection":[{"href":"https:\/\/www.greenpeace.org\/brasil\/wp-json\/wp\/v2\/posts"}],"about":[{"href":"https:\/\/www.greenpeace.org\/brasil\/wp-json\/wp\/v2\/types\/post"}],"author":[{"embeddable":true,"href":"https:\/\/www.greenpeace.org\/brasil\/wp-json\/wp\/v2\/users\/66"}],"replies":[{"embeddable":true,"href":"https:\/\/www.greenpeace.org\/brasil\/wp-json\/wp\/v2\/comments?post=28018"}],"version-history":[{"count":7,"href":"https:\/\/www.greenpeace.org\/brasil\/wp-json\/wp\/v2\/posts\/28018\/revisions"}],"predecessor-version":[{"id":58677,"href":"https:\/\/www.greenpeace.org\/brasil\/wp-json\/wp\/v2\/posts\/28018\/revisions\/58677"}],"wp:featuredmedia":[{"embeddable":true,"href":"https:\/\/www.greenpeace.org\/brasil\/wp-json\/wp\/v2\/media\/28055"}],"wp:attachment":[{"href":"https:\/\/www.greenpeace.org\/brasil\/wp-json\/wp\/v2\/media?parent=28018"}],"wp:term":[{"taxonomy":"category","embeddable":true,"href":"https:\/\/www.greenpeace.org\/brasil\/wp-json\/wp\/v2\/categories?post=28018"},{"taxonomy":"post_tag","embeddable":true,"href":"https:\/\/www.greenpeace.org\/brasil\/wp-json\/wp\/v2\/tags?post=28018"},{"taxonomy":"p4-page-type","embeddable":true,"href":"https:\/\/www.greenpeace.org\/brasil\/wp-json\/wp\/v2\/p4-page-type?post=28018"}],"curies":[{"name":"wp","href":"https:\/\/api.w.org\/{rel}","templated":true}]}}