{"id":28848,"date":"2020-12-11T11:03:07","date_gmt":"2020-12-11T14:03:07","guid":{"rendered":"https:\/\/www.greenpeace.org\/brasil\/?p=28848"},"modified":"2020-12-11T15:54:14","modified_gmt":"2020-12-11T18:54:14","slug":"acordo-de-paris-completa-cinco-anos-sem-nada-a-comemorar","status":"publish","type":"post","link":"https:\/\/www.greenpeace.org\/brasil\/blog\/acordo-de-paris-completa-cinco-anos-sem-nada-a-comemorar\/","title":{"rendered":"Acordo de Paris completa cinco anos sem nada a comemorar"},"content":{"rendered":"\n<p> <\/p>\n\n<figure class=\"wp-block-embed-youtube wp-block-embed is-type-video is-provider-youtube wp-embed-aspect-16-9 wp-has-aspect-ratio\"><div class=\"wp-block-embed__wrapper\">\n<iframe loading=\"lazy\" title=\"Acordo de Paris completa cinco anos sem nada a comemorar\" width=\"500\" height=\"281\" src=\"https:\/\/www.youtube.com\/embed\/M8qjQceCIa8?feature=oembed\" frameborder=\"0\" allow=\"accelerometer; autoplay; clipboard-write; encrypted-media; gyroscope; picture-in-picture; web-share\" referrerpolicy=\"strict-origin-when-cross-origin\" allowfullscreen><\/iframe>\n<\/div><\/figure>\n\n<p>No s\u00e1bado, 12 de dezembro, o mundo prestar\u00e1 aten\u00e7\u00e3o ao quinto anivers\u00e1rio do Acordo de Paris. Por\u00e9m, n\u00e3o temos motivo nenhum para comemorar essa data. Todos os governos falharam em garantir medidas que contribuam com a redu\u00e7\u00e3o das emiss\u00f5es globais e, se continuarmos no atual ritmo, veremos a crise clim\u00e1tica se tornar incontrol\u00e1vel. E n\u00e3o podemos deixar isso acontecer.<\/p>\n\n<p>Enquanto fam\u00edlias se preocupam com qual futuro ir\u00e3o deixar \u00e0s suas filhas e filhos, o Brasil segue na contram\u00e3o do esfor\u00e7o que deve ser global. Demonstrado claramente na apresenta\u00e7\u00e3o da s\u00f3rdida contribui\u00e7\u00e3o para combater as mudan\u00e7as clim\u00e1ticas pelo ministro Ricardo Salles, <a href=\"https:\/\/www.greenpeace.org\/brasil\/blog\/uma-cilada-de-aniversario-para-o-acordo-de-paris\/\">no dia 8 de dezembro<\/a>. O governo quer zerar as emiss\u00f5es de gases de efeito-estufa at\u00e9 2060. Ou seja, daqui 40 anos, sendo que a crise do clima \u00e9 urgente.<\/p>\n\n<p>A somat\u00f3ria do avan\u00e7o do fogo e do desmatamento, mais o desmonte de \u00f3rg\u00e3os de fiscaliza\u00e7\u00e3o promovidos pelo governo Bolsonaro se apresentam de forma antag\u00f4nica \u00e0quilo que qualquer jovem pode esperar de um futuro. <a href=\"https:\/\/www.greenpeace.org\/brasil\/blog\/desmatamento-na-amazonia-e-o-maior-desde-2008-segundo-dados-do-prodes\/\">Segundo dados de desmatamento do Prodes<\/a>, 11.088 km\u00b2, uma \u00e1rea equivalente a 7 vezes a cidade de S\u00e3o Paulo foi desmatada. \u00c9 a maior taxa dos \u00faltimos 12 anos.&nbsp;<\/p>\n\n<p class=\"has-background has-spray-background-color\">S\u00e3o as crian\u00e7as e os jovens do mundo todo que devem ver um futuro justo e poss\u00edvel \u00e0 sua frente. Chega de homens de terno tomando decis\u00f5es sozinhos e a portas fechadas que impactam o mundo todo. Enquanto isso, a Amaz\u00f4nia e o Pantanal queimam em chamas que fazem desaparecer nosso futuro.<\/p>\n\n<p>O Brasil tem um papel fundamental para contornar a crise clim\u00e1tica que passa pela total prote\u00e7\u00e3o da Amaz\u00f4nia, bem como garantir as <a href=\"http:\/\/florestasemcortes.org.br\/\">ferramentas para esta prote\u00e7\u00e3o<\/a>. A crise causada pela destrui\u00e7\u00e3o de nossos biomas \u00e9 sentida diariamente em nossas cidades, com per\u00edodo de secas cada vez mais extensas, chuvas torrenciais mais volumosas e mudan\u00e7a no padr\u00e3o das esta\u00e7\u00f5es do ano.<\/p>\n\n<p>O anivers\u00e1rio de 5 anos do Acordo de Paris ser\u00e1 lembrado como marco fundamental do futuro que o Brasil projeta, de lideran\u00e7a \u00e0 capacho global. A sociedade brasileira precisa se unir e exigir uma mudan\u00e7a dessa dire\u00e7\u00e3o com uma agenda mais audaciosa do governo e com um olhar para uma sociedade justa e de respeito ao meio ambiente.<\/p>\n\n<p>Ao rever suas metas clim\u00e1ticas, o governo brasileiro apresentou um documento vazio que n\u00e3o traduz a ambi\u00e7\u00e3o necess\u00e1ria para frear as mudan\u00e7as clim\u00e1ticas. \u00c9 por isso que estamos chamando a aten\u00e7\u00e3o para a data dos 5 anos do Acordo de Paris e dizer que precisamos de a\u00e7\u00f5es que priorizem a floresta em p\u00e9, para que possamos viver um mundo mais verde e justo.&nbsp;<\/p>\n\n<p><a href=\"https:\/\/www.dw.com\/pt-br\/principais-pontos-do-acordo-de-paris-sobre-o-clima\/a-18915243\">A seguir destacamos 5 pontos importantes sobre o Acordo de Paris e a NDC brasileira<\/a><\/p>\n\n<figure class=\"wp-block-image size-large  caption-style-medium caption-alignment-center\"><img loading=\"lazy\" decoding=\"async\" width=\"800\" height=\"600\" src=\"https:\/\/www.greenpeace.org\/static\/planet4-brasil-stateless\/37f02329-gp0sttxt2_web_size.jpg\" alt=\"\" class=\"wp-image-28853\"\/><figcaption>Protesto contra a crise clim\u00e1tica, no M\u00e9xico. Apesar de os pa\u00edses do mundo todo terem se comprometido com o Acordo de Paris, pouco foi feito at\u00e9 hoje.<div class=\"credit icon-left\"> \u00a9 V\u00edctor Ceballos \/ Greenpeace<\/div><\/figcaption><\/figure>\n\n<p><\/p>\n\n<p><strong>Manter o aumento da temperatura m\u00e9dia global abaixo de 2 \u00baC:<\/strong> o mundo se comprometeu a limitar o aumento da temperatura global a&nbsp; 2 \u00baC em rela\u00e7\u00e3o aos n\u00edveis da era pr\u00e9-industrial e a &#8220;continuar os esfor\u00e7os para limitar o aumento da temperatura a 1,5 \u00baC&#8221;. Isso significa reduzir as emiss\u00f5es dos gases causadores do efeito estufa, que no Brasil s\u00e3o principalmente provenientes do desmatamento e queimadas, mudan\u00e7as no uso da terra e transportes.<\/p>\n\n<p><strong>Transpar\u00eancia:<\/strong> os pa\u00edses signat\u00e1rios do Acordo devem registrar e divulgar suas atividades para prote\u00e7\u00e3o do clima, assim como dados sobre a emiss\u00e3o de gases de efeito estufa. Por isso, \u00e9 importante que os pa\u00edses tenham condi\u00e7\u00f5es de medir regularmente suas emiss\u00f5es e estejam dispostos a compartilhar os dados. Apesar disso, o Acordo de Paris n\u00e3o prev\u00ea nenhuma san\u00e7\u00e3o a pa\u00edses que n\u00e3o cumprem as estipula\u00e7\u00f5es.<\/p>\n\n<p><strong>Revis\u00e3o dos compromissos: <\/strong>um dos objetivos essenciais do acordo \u00e9 de prever a revis\u00e3o dos compromissos volunt\u00e1rios dos pa\u00edses, de cinco em cinco anos. A primeira ser\u00e1 em 2025 e as seguintes dever\u00e3o mostrar &#8220;uma progress\u00e3o&#8221;.<\/p>\n\n<p><strong>Verifica\u00e7\u00e3o: <\/strong>pa\u00edses industrializados devem estabelecer objetivos de redu\u00e7\u00e3o das emiss\u00f5es em valores absolutos mais arrojados que os outros. Isso demonstra um reconhecimento de que esses pa\u00edses s\u00e3o respons\u00e1veis hist\u00f3ricos pela polui\u00e7\u00e3o do planeta desde a Primeira Revolu\u00e7\u00e3o Industrial. O Acordo de Paris prev\u00ea que o mesmo sistema seja aplicado a todas as na\u00e7\u00f5es signat\u00e1rias, por\u00e9m, com uma flexibilidade que respeite as diferentes realidades de cada pa\u00eds.&nbsp;<\/p>\n\n<p><strong>Ajuda financeira aos pa\u00edses em desenvolvimento: <\/strong>em 2009 prometeu-se que os pa\u00edses desenvolvidos disponibilizariam 100 bilh\u00f5es de d\u00f3lares por ano, a partir de 2020, para ajudar as na\u00e7\u00f5es em desenvolvimento a financiar a transi\u00e7\u00e3o para energias limpas, assim como sua adapta\u00e7\u00e3o aos efeitos do aquecimento.<\/p>\n","protected":false},"excerpt":{"rendered":"<p>O acordo, que prev\u00ea esfor\u00e7os para conter as mudan\u00e7as clim\u00e1ticas, continua mais no papel do que em a\u00e7\u00f5es. No Brasil, o governo revisou as metas de reduzir a emiss\u00e3o de gases sem considerar a urg\u00eancia da crise. <\/p>\n","protected":false},"author":25,"featured_media":28853,"comment_status":"open","ping_status":"closed","sticky":false,"template":"","format":"standard","meta":{"ep_exclude_from_search":false,"p4_og_title":"","p4_og_description":"","p4_og_image":"","p4_og_image_id":"","p4_seo_canonical_url":"","p4_campaign_name":"not set","p4_local_project":"not set","p4_basket_name":"not set","p4_department":"","footnotes":""},"categories":[2],"tags":[6],"p4-page-type":[16],"class_list":["post-28848","post","type-post","status-publish","format-standard","has-post-thumbnail","hentry","category-transforme-a-sociedade","tag-clima","p4-page-type-blog"],"_links":{"self":[{"href":"https:\/\/www.greenpeace.org\/brasil\/wp-json\/wp\/v2\/posts\/28848","targetHints":{"allow":["GET"]}}],"collection":[{"href":"https:\/\/www.greenpeace.org\/brasil\/wp-json\/wp\/v2\/posts"}],"about":[{"href":"https:\/\/www.greenpeace.org\/brasil\/wp-json\/wp\/v2\/types\/post"}],"author":[{"embeddable":true,"href":"https:\/\/www.greenpeace.org\/brasil\/wp-json\/wp\/v2\/users\/25"}],"replies":[{"embeddable":true,"href":"https:\/\/www.greenpeace.org\/brasil\/wp-json\/wp\/v2\/comments?post=28848"}],"version-history":[{"count":10,"href":"https:\/\/www.greenpeace.org\/brasil\/wp-json\/wp\/v2\/posts\/28848\/revisions"}],"predecessor-version":[{"id":28874,"href":"https:\/\/www.greenpeace.org\/brasil\/wp-json\/wp\/v2\/posts\/28848\/revisions\/28874"}],"wp:featuredmedia":[{"embeddable":true,"href":"https:\/\/www.greenpeace.org\/brasil\/wp-json\/wp\/v2\/media\/28853"}],"wp:attachment":[{"href":"https:\/\/www.greenpeace.org\/brasil\/wp-json\/wp\/v2\/media?parent=28848"}],"wp:term":[{"taxonomy":"category","embeddable":true,"href":"https:\/\/www.greenpeace.org\/brasil\/wp-json\/wp\/v2\/categories?post=28848"},{"taxonomy":"post_tag","embeddable":true,"href":"https:\/\/www.greenpeace.org\/brasil\/wp-json\/wp\/v2\/tags?post=28848"},{"taxonomy":"p4-page-type","embeddable":true,"href":"https:\/\/www.greenpeace.org\/brasil\/wp-json\/wp\/v2\/p4-page-type?post=28848"}],"curies":[{"name":"wp","href":"https:\/\/api.w.org\/{rel}","templated":true}]}}