{"id":2966,"date":"2017-11-13T14:07:17","date_gmt":"2017-11-13T17:07:17","guid":{"rendered":"https:\/\/www.greenpeace.org\/brasil\/?p=2966"},"modified":"2019-11-06T05:20:49","modified_gmt":"2019-11-06T08:20:49","slug":"estudo-lancado-na-cop23-indica-caminhos-para-o-brasil-zerar-o-desmatamento-na-amazonia","status":"publish","type":"post","link":"https:\/\/www.greenpeace.org\/brasil\/publicacoes\/estudo-lancado-na-cop23-indica-caminhos-para-o-brasil-zerar-o-desmatamento-na-amazonia\/","title":{"rendered":"Estudo lan\u00e7ado na COP23 indica caminhos para o Brasil zerar o desmatamento na Amaz\u00f4nia"},"content":{"rendered":"<p>O Grupo de Trabalho (GT) pelo <strong>Desmatamento Zero<\/strong> &#8211; composto pelas ONGs Greenpeace, Instituto Centro de Vida, Imaflora, Imazon, Instituto Socioambiental, IPAM, TNC e WWF &#8211; lan\u00e7ou nesta segunda-feira (13), na <strong>COP23<\/strong>, em Bonn, o relat\u00f3rio \u201c<a href=\"https:\/\/www.greenpeace.org\/static\/planet4-brasil-stateless\/2018\/07\/Relatorio_DesmatamentoZero_Completo.pdf\"><strong>Desmatamento zero na Amaz\u00f4nia: como e por que chegar l\u00e1<\/strong><\/a>\u201d. No estudo, as organiza\u00e7\u00f5es indicam caminhos para eliminar, no curto prazo, o desmatamento na Amaz\u00f4nia, com benef\u00edcios ambientais, econ\u00f4micos e sociais para todos.<\/p>\n<div id=\"attachment_2978\" style=\"width: 351px\" class=\"wp-caption alignleft\"><img loading=\"lazy\" decoding=\"async\" aria-describedby=\"caption-attachment-2978\" class=\" wp-image-2978\" src=\"https:\/\/www.greenpeace.org\/static\/planet4-brasil-stateless\/2018\/07\/gt-desmatamento-zero-cop23.jpg\" alt=\"Representantes do GT do Desmatamento Zero \" width=\"341\" height=\"227\" srcset=\"https:\/\/www.greenpeace.org\/static\/planet4-brasil-stateless\/2018\/07\/gt-desmatamento-zero-cop23.jpg 800w, https:\/\/www.greenpeace.org\/static\/planet4-brasil-stateless\/2018\/07\/gt-desmatamento-zero-cop23-300x200.jpg 300w, https:\/\/www.greenpeace.org\/static\/planet4-brasil-stateless\/2018\/07\/gt-desmatamento-zero-cop23-768x512.jpg 768w, https:\/\/www.greenpeace.org\/static\/planet4-brasil-stateless\/2018\/07\/gt-desmatamento-zero-cop23-510x340.jpg 510w\" sizes=\"auto, (max-width: 341px) 100vw, 341px\" \/><p id=\"caption-attachment-2978\" class=\"wp-caption-text\">Representantes do GT do Desmatamento Zero apresentam novo estudo durante a COP23.<\/p><\/div>\n<p>No documento, o GT defende que n\u00e3o h\u00e1 mais justificativas para a destrui\u00e7\u00e3o da vegeta\u00e7\u00e3o nativa do Brasil. Continuar desmatando resulta em desequil\u00edbrio do clima, destr\u00f3i a biodiversidade e os recursos h\u00eddricos, traz preju\u00edzos \u00e0 sa\u00fade humana e, ao contr\u00e1rio do que muitos acreditam, compromete a competitividade da produ\u00e7\u00e3o agropecu\u00e1ria. Em 2016 o desmatamento na Amaz\u00f4nia, sozinho, foi respons\u00e1vel por 26% das emiss\u00f5es dom\u00e9sticas de gases do efeito estufa. Zerar o desmatamento, \u00e9 portanto, a forma mais r\u00e1pida e f\u00e1cil de reduzir emiss\u00f5es e cumprir com o acordo de Paris.<\/p>\n<p>A boa not\u00edcia \u00e9 que o Brasil j\u00e1 conhece o caminho para o desmatamento zero e sabe como chegar l\u00e1. \u201cAs medidas implementadas nos \u00faltimos anos (2005-2012) derrubaram as taxas de desmatamento na Amaz\u00f4nia em cerca de 70% e indicam que os elementos necess\u00e1rios para atingir o desmatamento zero se encontram presentes\u201d, destaca a publica\u00e7\u00e3o.<br \/>\n<a href=\"https:\/\/www.greenpeace.org\/static\/planet4-brasil-stateless\/2018\/07\/Relatorio_DesmatamentoZero_Completo.pdf\">&gt;&gt; Leia aqui o relat\u00f3rio completo<\/a><\/p>\n<p><a href=\"https:\/\/www.greenpeace.org\/static\/planet4-brasil-stateless\/2018\/07\/Relatorio_DesmatamentoZero_Resumido.pdf\">&gt;&gt; Leia aqui o sum\u00e1rio executivo<\/a><\/p>\n<p>\u201cO Brasil j\u00e1 sabe o caminho para chegar ao desmatamento zero, mas tem seguido na dire\u00e7\u00e3o oposta. Temer e o Congresso v\u00eam discutindo e aprovando medidas que incentivam ainda mais desmatamento, grilagem e viol\u00eancia no campo. Caso a\u00e7\u00f5es n\u00e3o sejam tomadas urgentemente, o cen\u00e1rio \u00e9 de perman\u00eancia de altas taxas de desmatamento na Amaz\u00f4nia\u201d, comenta Cristiane Mazzetti, especialista em Amaz\u00f4nia do Greenpeace Brasil. &#8220;O caminho existe, mas \u00e9 preciso que governos e empresas se comprometam seriamente em transformar as a\u00e7\u00f5es propostas no documento em realidade, eliminando qualquer forma de desmatamento no curto prazo\u201d, complementa.<\/p>\n<div id=\"attachment_2979\" style=\"width: 354px\" class=\"wp-caption alignright\"><img loading=\"lazy\" decoding=\"async\" aria-describedby=\"caption-attachment-2979\" class=\" wp-image-2979\" src=\"https:\/\/www.greenpeace.org\/static\/planet4-brasil-stateless\/2018\/07\/GP018NG_PressMedia-1024x683.jpg\" alt=\"\" width=\"344\" height=\"229\" srcset=\"https:\/\/www.greenpeace.org\/static\/planet4-brasil-stateless\/2018\/07\/GP018NG_PressMedia-1024x683.jpg 1024w, https:\/\/www.greenpeace.org\/static\/planet4-brasil-stateless\/2018\/07\/GP018NG_PressMedia-300x200.jpg 300w, https:\/\/www.greenpeace.org\/static\/planet4-brasil-stateless\/2018\/07\/GP018NG_PressMedia-768x512.jpg 768w, https:\/\/www.greenpeace.org\/static\/planet4-brasil-stateless\/2018\/07\/GP018NG_PressMedia-2048x1366.jpg 2048w, https:\/\/www.greenpeace.org\/static\/planet4-brasil-stateless\/2018\/07\/GP018NG_PressMedia-510x340.jpg 510w\" sizes=\"auto, (max-width: 344px) 100vw, 344px\" \/><p id=\"caption-attachment-2979\" class=\"wp-caption-text\">Sobrevoo mostra floresta em chamas na Amaz\u00f4nia<\/p><\/div>\n<p>\u201cMilhares de pessoas morrem ou adoecem por ano por causa da fuma\u00e7a das queimadas associadas ao desmatamento. J\u00e1 sabemos o que fazer para zerar o desmatamento e salvar estas vidas e evitar as doen\u00e7as. Agora \u00e9 preciso coragem para agir\u201d, Paulo Barreto, pesquisador s\u00eanior do Imazon.<\/p>\n<p>\u201cO fim do desmatamento na Amaz\u00f4nia e a conserva\u00e7\u00e3o florestal representam atualmente o melhor investimento que a agricultura pode fazer a favor de sua produtividade futura. Florestas s\u00e3o grandes sistemas de irriga\u00e7\u00e3o da lavoura. N\u00e3o \u00e9 s\u00f3 produzir sem desmatar, mas sim produzir mais e melhor, conservando as florestas da regi\u00e3o\u201d, Paulo Moutinho, pesquisador s\u00eanior do IPAM.<\/p>\n<p>A trilha para o desmatamento zero, de acordo com as organiza\u00e7\u00f5es, envolve diversos setores e passa, necessariamente, por quatro eixos de atua\u00e7\u00e3o:<\/p>\n<ul>\n<li>implementa\u00e7\u00e3o de pol\u00edticas p\u00fablicas ambientais efetivas e perenes;<\/li>\n<li>apoio a usos sustent\u00e1veis da floresta e melhores pr\u00e1ticas agropecu\u00e1rias;<\/li>\n<li>restri\u00e7\u00e3o dr\u00e1stica do mercado para produtos associados a novos desmatamentos;<\/li>\n<li>engajamento de eleitores, consumidores e investidores nos esfor\u00e7os de zerar o desmatamento.<\/li>\n<\/ul>\n<p>Para o GT, mudan\u00e7as no sistema de produ\u00e7\u00e3o agropecu\u00e1ria, combate \u00e0 grilagem de terras p\u00fablicas, atua\u00e7\u00e3o do mercado e est\u00edmulo \u00e0 economia florestal est\u00e3o entre as a\u00e7\u00f5es mais urgentes para zerar o desmatamento, indicados no estudo:<\/p>\n<ul>\n<li>A agropecu\u00e1ria pode continuar a contribuir para a economia produzindo nas \u00e1reas j\u00e1 desmatadas. S\u00f3 na Amaz\u00f4nia h\u00e1 10 milh\u00f5es de hectares de pastagens abandonadas ou mal aproveitadas, que poderiam ser usadas para a amplia\u00e7\u00e3o da produ\u00e7\u00e3o de carne e gr\u00e3os.<\/li>\n<li>Em 2016, pelo menos 24% do desmatamento se concentrou em \u00e1reas p\u00fablicas sem destina\u00e7\u00e3o. Hoje h\u00e1 70 milh\u00f5es de hectares n\u00e3o destinados na Amaz\u00f4nia, que precisam ser convertidos em terras ind\u00edgenas e unidades de conserva\u00e7\u00e3o para frear o desmatamento especulativo.<\/li>\n<li>O est\u00edmulo \u00e0 economia florestal por meio de programas de governo tamb\u00e9m precisa ser ampliado. A extra\u00e7\u00e3o de produtos florestais rendeu cerca de R$ 3 bilh\u00f5es na m\u00e9dia de 2015 e 2016, dos quais R$ 1,8 bilh\u00e3o s\u00e3o oriundos da explora\u00e7\u00e3o de madeira e 537 milh\u00f5es de extra\u00e7\u00e3o de a\u00e7a\u00ed.<\/li>\n<li>Promover incentivos positivos para aqueles que conservam florestas al\u00e9m da exig\u00eancia legal.<\/li>\n<li>Al\u00e9m de ampliar as a\u00e7\u00f5es de comando e controle, que continuam sendo fundamentais, \u00e9 imprescind\u00edvel aumentar a efic\u00e1cia na puni\u00e7\u00e3o de crimes ambientais.<\/li>\n<li>O setor privado deve ampliar esfor\u00e7os no monitoramento completo das cadeias produtivas e bloqueio de produtores que desmatam. Neste caminho, a transpar\u00eancia total de dados socioambientais pelos governos \u00e9 fundamental.<\/li>\n<\/ul>\n<p>O relat\u00f3rio refor\u00e7a, ainda, a import\u00e2ncia da mobiliza\u00e7\u00e3o da sociedade contra as tentativas recentes de enfraquecer a prote\u00e7\u00e3o florestal, como a flexibiliza\u00e7\u00e3o do licenciamento ambiental, a redu\u00e7\u00e3o da prote\u00e7\u00e3o de Unidades de Conserva\u00e7\u00e3o, a paralisa\u00e7\u00e3o dos processos de demarca\u00e7\u00e3o de Terras Ind\u00edgenas e a anistia de grilagem de terras p\u00fablicas &#8211; gerando um lucro de R$ 19 bilh\u00f5es para grileiros.<\/p>\n","protected":false},"excerpt":{"rendered":"<p>Para organiza\u00e7\u00f5es respons\u00e1veis pela publica\u00e7\u00e3o, o caminho j\u00e1 existe, mas \u00e9 preciso que governos e empresas se comprometam em eliminar, no curto prazo, qualquer forma de desmatamento<\/p>\n","protected":false},"author":28,"featured_media":2975,"comment_status":"open","ping_status":"open","sticky":false,"template":"","format":"standard","meta":{"ep_exclude_from_search":false,"p4_og_title":"","p4_og_description":"","p4_og_image":"","p4_og_image_id":"","p4_seo_canonical_url":"","p4_campaign_name":"","p4_local_project":"","p4_basket_name":"","p4_department":"","footnotes":""},"categories":[3],"tags":[22],"p4-page-type":[15],"class_list":["post-2966","post","type-post","status-publish","format-standard","has-post-thumbnail","hentry","category-proteja-a-natureza","tag-florestas","p4-page-type-publicacoes"],"_links":{"self":[{"href":"https:\/\/www.greenpeace.org\/brasil\/wp-json\/wp\/v2\/posts\/2966","targetHints":{"allow":["GET"]}}],"collection":[{"href":"https:\/\/www.greenpeace.org\/brasil\/wp-json\/wp\/v2\/posts"}],"about":[{"href":"https:\/\/www.greenpeace.org\/brasil\/wp-json\/wp\/v2\/types\/post"}],"author":[{"embeddable":true,"href":"https:\/\/www.greenpeace.org\/brasil\/wp-json\/wp\/v2\/users\/28"}],"replies":[{"embeddable":true,"href":"https:\/\/www.greenpeace.org\/brasil\/wp-json\/wp\/v2\/comments?post=2966"}],"version-history":[{"count":5,"href":"https:\/\/www.greenpeace.org\/brasil\/wp-json\/wp\/v2\/posts\/2966\/revisions"}],"predecessor-version":[{"id":2983,"href":"https:\/\/www.greenpeace.org\/brasil\/wp-json\/wp\/v2\/posts\/2966\/revisions\/2983"}],"wp:featuredmedia":[{"embeddable":true,"href":"https:\/\/www.greenpeace.org\/brasil\/wp-json\/wp\/v2\/media\/2975"}],"wp:attachment":[{"href":"https:\/\/www.greenpeace.org\/brasil\/wp-json\/wp\/v2\/media?parent=2966"}],"wp:term":[{"taxonomy":"category","embeddable":true,"href":"https:\/\/www.greenpeace.org\/brasil\/wp-json\/wp\/v2\/categories?post=2966"},{"taxonomy":"post_tag","embeddable":true,"href":"https:\/\/www.greenpeace.org\/brasil\/wp-json\/wp\/v2\/tags?post=2966"},{"taxonomy":"p4-page-type","embeddable":true,"href":"https:\/\/www.greenpeace.org\/brasil\/wp-json\/wp\/v2\/p4-page-type?post=2966"}],"curies":[{"name":"wp","href":"https:\/\/api.w.org\/{rel}","templated":true}]}}