{"id":30302,"date":"2021-03-18T11:39:35","date_gmt":"2021-03-18T14:39:35","guid":{"rendered":"https:\/\/www.greenpeace.org\/brasil\/?p=30302"},"modified":"2023-01-12T15:29:52","modified_gmt":"2023-01-12T18:29:52","slug":"qual-seria-seu-maior-medo-se-tivesse-que-andar-pela-floresta-a-noite","status":"publish","type":"post","link":"https:\/\/www.greenpeace.org\/brasil\/blog\/qual-seria-seu-maior-medo-se-tivesse-que-andar-pela-floresta-a-noite\/","title":{"rendered":"Qual seria seu maior medo se tivesse que andar pela floresta \u00e0 noite?"},"content":{"rendered":"\n<h4 class=\"wp-block-heading\">Conhe\u00e7a alguns dos desafios que cientistas brasileiros enfrentam para pesquisar a biodiversidade da Amaz\u00f4nia.<\/h4>\n\n<figure class=\"wp-block-image size-large  caption-style-medium caption-alignment-center\"><img loading=\"lazy\" decoding=\"async\" width=\"1024\" height=\"683\" src=\"https:\/\/www.greenpeace.org\/static\/planet4-brasil-stateless\/2021\/03\/5baed7ff-cr\u00e9ditos_-leo-lanna-3-1024x683.jpg\" alt=\"\" class=\"wp-image-30311\" srcset=\"https:\/\/www.greenpeace.org\/static\/planet4-brasil-stateless\/2021\/03\/5baed7ff-cr\u00e9ditos_-leo-lanna-3-1024x683.jpg 1024w, https:\/\/www.greenpeace.org\/static\/planet4-brasil-stateless\/2021\/03\/5baed7ff-cr\u00e9ditos_-leo-lanna-3-300x200.jpg 300w, https:\/\/www.greenpeace.org\/static\/planet4-brasil-stateless\/2021\/03\/5baed7ff-cr\u00e9ditos_-leo-lanna-3-768x512.jpg 768w, https:\/\/www.greenpeace.org\/static\/planet4-brasil-stateless\/2021\/03\/5baed7ff-cr\u00e9ditos_-leo-lanna-3-1536x1024.jpg 1536w, https:\/\/www.greenpeace.org\/static\/planet4-brasil-stateless\/2021\/03\/5baed7ff-cr\u00e9ditos_-leo-lanna-3-2048x1366.jpg 2048w, https:\/\/www.greenpeace.org\/static\/planet4-brasil-stateless\/2021\/03\/5baed7ff-cr\u00e9ditos_-leo-lanna-3-510x340.jpg 510w\" sizes=\"auto, (max-width: 1024px) 100vw, 1024px\" \/><figcaption>Foto: Leo Lanna. <\/figcaption><\/figure>\n\n<p>O que te traria pavor na noite escura da floresta? Muita gente logo pensa no encontro com algum animal pe\u00e7onhento ou grande, como cobras, aranhas, on\u00e7as, jacar\u00e9s. Eu, que sou pesquisador e passo horas imerso na escurid\u00e3o da Amaz\u00f4nia, tenho outra resposta. Meu maior medo \u00e9 o ser humano. O temor de encontrar algu\u00e9m que n\u00e3o seja da minha equipe.&nbsp;<\/p>\n\n<p>Quando entramos na mata atr\u00e1s dos louva-a-deus, animal que pesquiso pelo Projeto Mantis, o que mais temos receio \u00e9 ver sinais de outras pessoas na \u00e1rea. Infelizmente, s\u00e3o mais comuns do que gostar\u00edamos.<\/p>\n\n<p>Semana passada narrei aqui no blog a <a href=\"https:\/\/www.greenpeace.org\/brasil\/blog\/biodiversidade-saiba-como-e-ser-pesquisador-na-amazonia\/\">experi\u00eancia inesquec\u00edvel de encontrar uma nova esp\u00e9cie na Amaz\u00f4nia<\/a>. Enquanto a ci\u00eancia avan\u00e7a, revelando a biodiversidade magn\u00edfica de nossas florestas, muitos se esquecem que por tr\u00e1s da pesquisa h\u00e1 pessoas, com suas viv\u00eancias, subjetividades e, claro, seus medos. Para quem trabalha na mata, o temor ao homem \u00e9 quase un\u00e2nime.&nbsp;<\/p>\n\n<p>Para lidar com os animais sa\u00edmos preparados, com galochas, roupas adequadas, olhos atentos, conhecimento e respeito. Assim, encontrar uma serpente \u00e9 sempre incr\u00edvel, as aranhas s\u00e3o sempre intrigantes. On\u00e7as? Um sonho distante, j\u00e1 que elas sabem que estamos l\u00e1 muito antes de chegarmos perto, e normalmente nos evitam.&nbsp;<\/p>\n\n<p>Agora, como lidar com o outro? Como reagir frente a uma luz desconhecida em plena madrugada, em meio a uma floresta isolada? Na \u00faltima grande expedi\u00e7\u00e3o do <a href=\"https:\/\/www.projetomantis.com\/\">Projeto Mantis<\/a>, em 2019, trabalhamos na Amaz\u00f4nia peruana, na Reserva Nacional Allpahuayo-Mishana. Como a reserva fica pr\u00f3xima a uma estrada e \u00e0 principal cidade amaz\u00f4nica do pa\u00eds, Iquitos, havia muitos riscos envolvidos em entrar na floresta \u00e0 noite.&nbsp;<\/p>\n\n<p>Pesquisadores locais nos alertaram: \u201cNunca caminhem por uma trilha fora do circuito, nem avancem demais na mata. Existem armadilhas de ca\u00e7adores acionadas por um fio quase invis\u00edvel, que os animais trope\u00e7am, disparando automaticamente uma arma.\u201d E era comum, na calada da noite, ouvir ao longe tiros secos, duros, certeiros. Ali n\u00e3o havia ca\u00e7a de subsist\u00eancia. Era o triste fim de algum animal para nutrir apenas a gan\u00e2ncia humana.&nbsp;<\/p>\n\n<figure class=\"wp-block-image size-large  caption-style-medium caption-alignment-center\"><img loading=\"lazy\" decoding=\"async\" width=\"1024\" height=\"683\" src=\"https:\/\/www.greenpeace.org\/static\/planet4-brasil-stateless\/2021\/03\/2e895e93-cr\u00e9dito_-jo\u00e3o-herculano-1024x683.jpg\" alt=\"\" class=\"wp-image-30308\" srcset=\"https:\/\/www.greenpeace.org\/static\/planet4-brasil-stateless\/2021\/03\/2e895e93-cr\u00e9dito_-jo\u00e3o-herculano-1024x683.jpg 1024w, https:\/\/www.greenpeace.org\/static\/planet4-brasil-stateless\/2021\/03\/2e895e93-cr\u00e9dito_-jo\u00e3o-herculano-300x200.jpg 300w, https:\/\/www.greenpeace.org\/static\/planet4-brasil-stateless\/2021\/03\/2e895e93-cr\u00e9dito_-jo\u00e3o-herculano-768x512.jpg 768w, https:\/\/www.greenpeace.org\/static\/planet4-brasil-stateless\/2021\/03\/2e895e93-cr\u00e9dito_-jo\u00e3o-herculano-1536x1024.jpg 1536w, https:\/\/www.greenpeace.org\/static\/planet4-brasil-stateless\/2021\/03\/2e895e93-cr\u00e9dito_-jo\u00e3o-herculano-2048x1366.jpg 2048w, https:\/\/www.greenpeace.org\/static\/planet4-brasil-stateless\/2021\/03\/2e895e93-cr\u00e9dito_-jo\u00e3o-herculano-510x340.jpg 510w\" sizes=\"auto, (max-width: 1024px) 100vw, 1024px\" \/><figcaption>Foto: Jo\u00e3o Herculano <\/figcaption><\/figure>\n\n<p>Ao sair e ao chegar, sempre avis\u00e1vamos o guarda-parque local. A reserva, como muitas outras da Amaz\u00f4nia, tamb\u00e9m sofria com o tr\u00e1fico ilegal de animais, at\u00e9 mesmo de insetos, comercializados no mercado negro como bichos de estima\u00e7\u00e3o. A desconfian\u00e7a chega a tal ponto, que&nbsp; cada vez mais pesquisadores passaram a n\u00e3o revelar a localidade exata onde vive uma esp\u00e9cie nova ou rara.&nbsp;<\/p>\n\n<p>No Brasil, conforme avan\u00e7a o retrocesso e o obscurantismo, com o sucateamento dos \u00f3rg\u00e3os ambientais, incentivo \u00e0s armas, desmoraliza\u00e7\u00e3o da fiscaliza\u00e7\u00e3o, desest\u00edmulo \u00e0 ci\u00eancia, os perigos de encontrar outras pessoas na floresta s\u00f3 aumentam. Os riscos envolvidos na pesquisa da biodiversidade brasileira s\u00e3o muitos, e certamente cresceram nos \u00faltimos anos.<\/p>\n\n<p>Existe uma imensur\u00e1vel diversidade de seres da Amaz\u00f4nia, muitos ainda desconhecidos. Para avan\u00e7armos no conhecimento, \u00e9 preciso investir em ci\u00eancia e naqueles que est\u00e3o por tr\u00e1s desse trabalho. A descoberta de novas esp\u00e9cies, a fotografia da conserva\u00e7\u00e3o, o estudo de ecologia dos ecossistemas, entre outros, contribuem muito para que a sociedade conhe\u00e7a e apoie causas ambientais.&nbsp;<\/p>\n\n<p>Uma esp\u00e9cie amea\u00e7ada ou nova pode determinar a cria\u00e7\u00e3o de uma unidade de conserva\u00e7\u00e3o e ajudar a aprofundarmos o conhecimento sobre nosso planeta. Ao mesmo tempo, \u00e9 justamente onde a biodiversidade est\u00e1 mais amea\u00e7ada que pesquisadores mais temem trabalhar: \u00e1reas com minera\u00e7\u00e3o e extra\u00e7\u00e3o de madeira ilegais, \u00e1reas sob o poder e influ\u00eancia de fazendas predat\u00f3rias, rotas de tr\u00e1fico. S\u00e3o lugares com grandes riscos envolvidos ao explorar a Amaz\u00f4nia para revelar sua incr\u00edvel biodiversidade e o valor incalcul\u00e1vel de manter a floresta viva. Locais onde dizer-se pesquisador n\u00e3o \u00e9 uma boa escolha.<\/p>\n<div data-render=\"planet4-blocks\/gallery\" data-attributes=\"{&quot;attributes&quot;:{&quot;multiple_image&quot;:&quot;30310,30309&quot;,&quot;image_data&quot;:[{&quot;url&quot;:&quot;https:\\\/\\\/www.greenpeace.org\\\/static\\\/planet4-brasil-stateless\\\/2021\\\/03\\\/4cc0e94b-cr\\u00e9ditos_-leo-lanna-scaled.jpg&quot;,&quot;focalPoint&quot;:{&quot;x&quot;:0.5,&quot;y&quot;:0.5},&quot;id&quot;:30310},{&quot;url&quot;:&quot;https:\\\/\\\/www.greenpeace.org\\\/static\\\/planet4-brasil-stateless\\\/2021\\\/03\\\/0115a227-cr\\u00e9ditos_-lvcas-fiat-scaled.jpg&quot;,&quot;focalPoint&quot;:{&quot;x&quot;:0.5,&quot;y&quot;:0.5},&quot;id&quot;:30309}],&quot;gallery_block_style&quot;:0,&quot;gallery_block_title&quot;:&quot;&quot;,&quot;gallery_block_description&quot;:&quot;&quot;,&quot;gallery_block_focus_points&quot;:&quot;&quot;,&quot;images&quot;:[{&quot;image_src&quot;:&quot;https:\\\/\\\/www.greenpeace.org\\\/static\\\/planet4-brasil-stateless\\\/2021\\\/03\\\/4cc0e94b-cr\\u00e9ditos_-leo-lanna-scaled.jpg&quot;,&quot;image_srcset&quot;:&quot;https:\\\/\\\/www.greenpeace.org\\\/static\\\/planet4-brasil-stateless\\\/2021\\\/03\\\/4cc0e94b-cr\\u00e9ditos_-leo-lanna-scaled.jpg 2560w, https:\\\/\\\/www.greenpeace.org\\\/static\\\/planet4-brasil-stateless\\\/2021\\\/03\\\/4cc0e94b-cr\\u00e9ditos_-leo-lanna-300x200.jpg 300w, https:\\\/\\\/www.greenpeace.org\\\/static\\\/planet4-brasil-stateless\\\/2021\\\/03\\\/4cc0e94b-cr\\u00e9ditos_-leo-lanna-1024x683.jpg 1024w, https:\\\/\\\/www.greenpeace.org\\\/static\\\/planet4-brasil-stateless\\\/2021\\\/03\\\/4cc0e94b-cr\\u00e9ditos_-leo-lanna-768x512.jpg 768w, https:\\\/\\\/www.greenpeace.org\\\/static\\\/planet4-brasil-stateless\\\/2021\\\/03\\\/4cc0e94b-cr\\u00e9ditos_-leo-lanna-1536x1024.jpg 1536w, https:\\\/\\\/www.greenpeace.org\\\/static\\\/planet4-brasil-stateless\\\/2021\\\/03\\\/4cc0e94b-cr\\u00e9ditos_-leo-lanna-2048x1366.jpg 2048w, https:\\\/\\\/www.greenpeace.org\\\/static\\\/planet4-brasil-stateless\\\/2021\\\/03\\\/4cc0e94b-cr\\u00e9ditos_-leo-lanna-510x340.jpg 510w&quot;,&quot;image_sizes&quot;:false,&quot;alt_text&quot;:&quot;&quot;,&quot;caption&quot;:&quot;Foto: Leo Lanna. &quot;,&quot;focus_image&quot;:&quot;&quot;,&quot;credits&quot;:&quot;&quot;},{&quot;image_src&quot;:&quot;https:\\\/\\\/www.greenpeace.org\\\/static\\\/planet4-brasil-stateless\\\/2021\\\/03\\\/0115a227-cr\\u00e9ditos_-lvcas-fiat-scaled.jpg&quot;,&quot;image_srcset&quot;:&quot;https:\\\/\\\/www.greenpeace.org\\\/static\\\/planet4-brasil-stateless\\\/2021\\\/03\\\/0115a227-cr\\u00e9ditos_-lvcas-fiat-scaled.jpg 2560w, https:\\\/\\\/www.greenpeace.org\\\/static\\\/planet4-brasil-stateless\\\/2021\\\/03\\\/0115a227-cr\\u00e9ditos_-lvcas-fiat-300x200.jpg 300w, https:\\\/\\\/www.greenpeace.org\\\/static\\\/planet4-brasil-stateless\\\/2021\\\/03\\\/0115a227-cr\\u00e9ditos_-lvcas-fiat-1024x683.jpg 1024w, https:\\\/\\\/www.greenpeace.org\\\/static\\\/planet4-brasil-stateless\\\/2021\\\/03\\\/0115a227-cr\\u00e9ditos_-lvcas-fiat-768x512.jpg 768w, https:\\\/\\\/www.greenpeace.org\\\/static\\\/planet4-brasil-stateless\\\/2021\\\/03\\\/0115a227-cr\\u00e9ditos_-lvcas-fiat-1536x1024.jpg 1536w, https:\\\/\\\/www.greenpeace.org\\\/static\\\/planet4-brasil-stateless\\\/2021\\\/03\\\/0115a227-cr\\u00e9ditos_-lvcas-fiat-2048x1366.jpg 2048w, https:\\\/\\\/www.greenpeace.org\\\/static\\\/planet4-brasil-stateless\\\/2021\\\/03\\\/0115a227-cr\\u00e9ditos_-lvcas-fiat-510x340.jpg 510w&quot;,&quot;image_sizes&quot;:false,&quot;alt_text&quot;:&quot;&quot;,&quot;caption&quot;:&quot;Foto: Lvcas Fiat.&quot;,&quot;focus_image&quot;:&quot;&quot;,&quot;credits&quot;:&quot;&quot;}]}}\"><\/div>\n<p>No m\u00eas que vem, em Abril, sigo para a Reserva Particular do Patrim\u00f4nio Natural (RPPN) Cristalino, localizada em uma zona extremamente amea\u00e7ada do infame Arco do Desmatamento na Amaz\u00f4nia do Mato Grosso. Gra\u00e7as \u00e0 reserva e \u00e1reas adjacentes, ainda resiste l\u00e1 uma das faunas mais ricas do Brasil.&nbsp;<\/p>\n\n<p>A expedi\u00e7\u00e3o \u00e9 parte do meu mestrado em Zoologia, com bolsa concedida pelo Greenpeace Brasil por meio do programa<a href=\"https:\/\/www.greenpeace.org\/brasil\/protegendo-o-desconhecido\/\"> \u201cTatiana de Carvalho de Incentivo \u00e0 Pesquisa e Conserva\u00e7\u00e3o da Biodiversidade na Amaz\u00f4nia\u201d.<\/a> Com equipe reduzida por conta da pandemia, iremos somente eu e Lvcas, tamb\u00e9m da equipe do Projeto Mantis. A escolha da RPPN foi uma forma de minimizar os riscos envolvidos, enquanto exploramos noite adentro a floresta em busca de seres incr\u00edveis.&nbsp;<\/p>\n\n<p>Essa jornada ser\u00e1 compartilhada pelo Greenpeace Brasil e nas <a href=\"https:\/\/www.instagram.com\/projetomantis\/?hl=pt-br\">redes sociais do Projeto Mantis<\/a>. Enquanto nos preparamos, v\u00eam \u00e0 tona expedi\u00e7\u00f5es passadas, surpresas e descobertas que nos motivam. Mesmo com todas as dificuldades impostas aos pesquisadores brasileiros, nossa ci\u00eancia segue viva. Mal podemos esperar para estar l\u00e1.<\/p>\n","protected":false},"excerpt":{"rendered":"<p>Conhe\u00e7a alguns dos desafios que cientistas brasileiros enfrentam para pesquisar a biodiversidade da Amaz\u00f4nia.<\/p>\n","protected":false},"author":24,"featured_media":30308,"comment_status":"open","ping_status":"closed","sticky":false,"template":"","format":"standard","meta":{"ep_exclude_from_search":false,"p4_og_title":"","p4_og_description":"","p4_og_image":"","p4_og_image_id":"","p4_seo_canonical_url":"","p4_campaign_name":"not set","p4_local_project":"not set","p4_basket_name":"not set","p4_department":"","footnotes":""},"categories":[3],"tags":[26],"p4-page-type":[16],"class_list":["post-30302","post","type-post","status-publish","format-standard","has-post-thumbnail","hentry","category-proteja-a-natureza","tag-biodiversidade","p4-page-type-blog"],"_links":{"self":[{"href":"https:\/\/www.greenpeace.org\/brasil\/wp-json\/wp\/v2\/posts\/30302","targetHints":{"allow":["GET"]}}],"collection":[{"href":"https:\/\/www.greenpeace.org\/brasil\/wp-json\/wp\/v2\/posts"}],"about":[{"href":"https:\/\/www.greenpeace.org\/brasil\/wp-json\/wp\/v2\/types\/post"}],"author":[{"embeddable":true,"href":"https:\/\/www.greenpeace.org\/brasil\/wp-json\/wp\/v2\/users\/24"}],"replies":[{"embeddable":true,"href":"https:\/\/www.greenpeace.org\/brasil\/wp-json\/wp\/v2\/comments?post=30302"}],"version-history":[{"count":12,"href":"https:\/\/www.greenpeace.org\/brasil\/wp-json\/wp\/v2\/posts\/30302\/revisions"}],"predecessor-version":[{"id":30318,"href":"https:\/\/www.greenpeace.org\/brasil\/wp-json\/wp\/v2\/posts\/30302\/revisions\/30318"}],"wp:featuredmedia":[{"embeddable":true,"href":"https:\/\/www.greenpeace.org\/brasil\/wp-json\/wp\/v2\/media\/30308"}],"wp:attachment":[{"href":"https:\/\/www.greenpeace.org\/brasil\/wp-json\/wp\/v2\/media?parent=30302"}],"wp:term":[{"taxonomy":"category","embeddable":true,"href":"https:\/\/www.greenpeace.org\/brasil\/wp-json\/wp\/v2\/categories?post=30302"},{"taxonomy":"post_tag","embeddable":true,"href":"https:\/\/www.greenpeace.org\/brasil\/wp-json\/wp\/v2\/tags?post=30302"},{"taxonomy":"p4-page-type","embeddable":true,"href":"https:\/\/www.greenpeace.org\/brasil\/wp-json\/wp\/v2\/p4-page-type?post=30302"}],"curies":[{"name":"wp","href":"https:\/\/api.w.org\/{rel}","templated":true}]}}