{"id":30646,"date":"2021-04-06T10:23:15","date_gmt":"2021-04-06T13:23:15","guid":{"rendered":"https:\/\/www.greenpeace.org\/brasil\/?p=30646"},"modified":"2021-04-12T16:19:04","modified_gmt":"2021-04-12T19:19:04","slug":"um-cheque-em-branco-para-os-inimigos-do-meio-ambiente-no-brasil","status":"publish","type":"post","link":"https:\/\/www.greenpeace.org\/brasil\/blog\/um-cheque-em-branco-para-os-inimigos-do-meio-ambiente-no-brasil\/","title":{"rendered":"Um cheque em branco para os inimigos do meio ambiente no Brasil"},"content":{"rendered":"\n<p>Em carta, sociedade civil pede para que os Estados Unidos n\u00e3o apoiem as pol\u00edticas de destrui\u00e7\u00e3o ambiental do governo Bolsonaro<\/p>\n\n<div class=\"wp-block-image\"><figure class=\"aligncenter size-large\"><img loading=\"lazy\" decoding=\"async\" width=\"800\" height=\"534\" src=\"https:\/\/www.greenpeace.org\/static\/planet4-brasil-stateless\/2021\/04\/4c5d2784-gp0sturqn_web_size.jpg\" alt=\"\" class=\"wp-image-30648\" srcset=\"https:\/\/www.greenpeace.org\/static\/planet4-brasil-stateless\/2021\/04\/4c5d2784-gp0sturqn_web_size.jpg 800w, https:\/\/www.greenpeace.org\/static\/planet4-brasil-stateless\/2021\/04\/4c5d2784-gp0sturqn_web_size-300x200.jpg 300w, https:\/\/www.greenpeace.org\/static\/planet4-brasil-stateless\/2021\/04\/4c5d2784-gp0sturqn_web_size-768x513.jpg 768w, https:\/\/www.greenpeace.org\/static\/planet4-brasil-stateless\/2021\/04\/4c5d2784-gp0sturqn_web_size-510x340.jpg 510w\" sizes=\"auto, (max-width: 800px) 100vw, 800px\" \/><figcaption>Focos de calor em \u00e1rea de Prodes (2017-2019) e Deter, no Munic\u00edpio de L\u00e1brea (AM). O registro foi feito em agosto de 2020 durante  uma s\u00e9rie de sobrevoos de monitoramento do Greenpeace para registrar o avan\u00e7o do desmatamento e das queimadas na Amaz\u00f4nia. \u00a9 Christian Braga \/ Greenpeace<\/figcaption><\/figure><\/div>\n\n<p>Nos dias 22 e 23 de abril, acontecer\u00e1 a C\u00fapula do Clima, evento online convocado pelo governo dos Estados Unidos para discutir o combate \u00e0 crise clim\u00e1tica, reunindo l\u00edderes mundiais.<\/p>\n\n<p>A atividade faz parte dos esfor\u00e7os do presidente norte-americano Joe Biden para reposicionar seu pa\u00eds como articulador internacional e lideran\u00e7a no combate \u00e0s mudan\u00e7as clim\u00e1ticas. No entanto, negocia\u00e7\u00f5es nos bastidores entre os Estados Unidos e o governo de Jair Bolsonaro podem colocar em cheque essa posi\u00e7\u00e3o pretendida por Biden.&nbsp;<\/p>\n\n<p><strong>A portas fechadas, Brasil e Estados Unidos negociam o an\u00fancio da transfer\u00eancia de recursos bilion\u00e1rios para conter o desmatamento no Brasil. Por\u00e9m, n\u00e3o h\u00e1 qualquer garantia de que o dinheiro ser\u00e1 de fato destinado \u00e0 prote\u00e7\u00e3o das florestas. <\/strong>Pelo contr\u00e1rio, o acordo pode tornar o governo Biden c\u00famplice da destrui\u00e7\u00e3o ambiental promovida pelo governo de Jair Bolsonaro.<\/p>\n\n<p>Diante desse cen\u00e1rio, a sociedade civil, representada por 199 organiza\u00e7\u00f5es e Greenpeace, enviou carta a John Kerry, o enviado especial dos EUA para o clima, pedindo para que o governo Biden n\u00e3o assine um \u201ccheque em branco\u201d com a administra\u00e7\u00e3o de Bolsonaro. (O arquivo com a \u00edntegra da carta est\u00e1 no final do texto)<\/p>\n\n<p><strong>O que se v\u00ea no Brasil hoje s\u00e3o medidas que promovem o desmatamento na Amaz\u00f4nia e premiam os criminosos <\/strong>por meio de um governo que, aliado ao Legislativo, t\u00eam sistematicamente atacado o meio ambiente com o compromisso de \u201cpassar a boiada\u201d sobre a prote\u00e7\u00e3o ambiental.&nbsp;<\/p>\n\n<p>Nesse sentido, a transfer\u00eancia de recursos dos EUA para o Brasil legitimaria e fortaleceria a pol\u00edtica antiambiental do ministro do Meio Ambiente Ricardo Salles, fazendo com que o dinheiro n\u00e3o chegasse aos que mais necessitam de coopera\u00e7\u00e3o, como popula\u00e7\u00f5es ind\u00edgenas, quilombolas e pequenos produtores. Um exemplo disso \u00e9 o programa <a href=\"https:\/\/www.inesc.org.br\/programa-piloto-para-pagamento-por-resultados-de-redd-beneficiando-quem-preserva-a-floresta\/\">Floresta + Carbono<\/a>, voltado para donos de terras na Amaz\u00f4nia, com fraca men\u00e7\u00e3o aos povos ind\u00edgenas, comunidades tradicionais e agricultores familiares.<\/p>\n\n<p>A destina\u00e7\u00e3o de recursos para a prote\u00e7\u00e3o ambiental \u00e9 extremamente relevante, por\u00e9m, como garantir que o dinheiro transferido pelos EUA ser\u00e1 de fato destinado \u00e0 prote\u00e7\u00e3o da maior floresta tropical do planeta se at\u00e9 agora nem o dinheiro j\u00e1 existente e or\u00e7ado para a conten\u00e7\u00e3o do desmatamento foi gasto pelo governo federal?<\/p>\n\n<p>&nbsp;<\/p>\n\n<figure class=\"wp-block-image size-large\"><img loading=\"lazy\" decoding=\"async\" width=\"800\" height=\"439\" src=\"https:\/\/www.greenpeace.org\/static\/planet4-brasil-stateless\/2021\/04\/9f74b70c-imagem-1-email-clima-biden-1.png\" alt=\"\" class=\"wp-image-30653\" srcset=\"https:\/\/www.greenpeace.org\/static\/planet4-brasil-stateless\/2021\/04\/9f74b70c-imagem-1-email-clima-biden-1.png 800w, https:\/\/www.greenpeace.org\/static\/planet4-brasil-stateless\/2021\/04\/9f74b70c-imagem-1-email-clima-biden-1-300x165.png 300w, https:\/\/www.greenpeace.org\/static\/planet4-brasil-stateless\/2021\/04\/9f74b70c-imagem-1-email-clima-biden-1-768x421.png 768w, https:\/\/www.greenpeace.org\/static\/planet4-brasil-stateless\/2021\/04\/9f74b70c-imagem-1-email-clima-biden-1-510x280.png 510w\" sizes=\"auto, (max-width: 800px) 100vw, 800px\" \/><\/figure>\n\n<p><strong>Recursos que poderiam ser utilizados para a prote\u00e7\u00e3o das florestas est\u00e3o paralisados<\/strong><\/p>\n\n<p>Desde 2019, o governo brasileiro deixou de gastar 500 milh\u00f5es de d\u00f3lares do Fundo Amaz\u00f4nia e 96.5 milh\u00f5es de d\u00f3lares do Fundo Verde pelo Clima (Green Climate Fund, em ingl\u00eas), que poderiam estar sendo utilizados para a prote\u00e7\u00e3o das florestas e das popula\u00e7\u00f5es ind\u00edgenas e pequenos propriet\u00e1rios de terras. No caminho contr\u00e1rio, o pedido de recurso do governo Bolsonaro tem o intuito de ser destinado&nbsp; de maneira indiscriminada para grandes propriet\u00e1rios de terra.&nbsp;<\/p>\n\n<p>Vergonhosamente, em dezembro de 2020, o governo brasileiro apresentou compromissos para a redu\u00e7\u00e3o das mudan\u00e7as clim\u00e1ticas no formato de <a href=\"https:\/\/www.greenpeace.org\/brasil\/blog\/uma-cilada-de-aniversario-para-o-acordo-de-paris\/\">um documento vazio<\/a> e menos ambicioso que as contribui\u00e7\u00f5es passadas ao Acordo de Paris. Em parte do <a href=\"http:\/\/www4.unfccc.int\/sites\/NDCStaging\/Pages\/Party.aspx?party=BRA\">documento <\/a>, o governo afirma condicionar o compromisso ao repasse de recursos de pa\u00edses desenvolvidos para o Brasil cumprir seu papel.<\/p>\n\n<p>Al\u00e9m disso, o governo brasileiro tenta se beneficiar do Artigo 6 (sobre mercado de carbono) do Acordo de Paris, ainda a ser negociado, como solu\u00e7\u00e3o para o controle do desmatamento, e n\u00e3o como o que verdadeiramente \u00e9, uma pol\u00edtica que deve ser usada com cautela e devida regula\u00e7\u00e3o, sem qualquer inclus\u00e3o de compensa\u00e7\u00f5es florestais.&nbsp;<\/p>\n\n<p>\u00c9 dif\u00edcil imaginar uma solu\u00e7\u00e3o para a Amaz\u00f4nia proposta por um governo respons\u00e1vel por um<a href=\"https:\/\/www.greenpeace.org\/brasil\/blog\/desmatamento-na-amazonia-e-o-maior-desde-2008-segundo-dados-do-prodes\/\"> aumento hist\u00f3rico do desmatamento<\/a> (9,5% de aumento em 2020 comparado ao ano de 2019) e que reiteradamente apoia projetos de lei prejudiciais aos povos ind\u00edgenas, unidades de conserva\u00e7\u00e3o e pequenos produtores, al\u00e9m de n\u00e3o promover a\u00e7\u00f5es or\u00e7ament\u00e1rias que impactam diretamente a preven\u00e7\u00e3o e o combate ao desmatamento e queimadas nos biomas do Brasil, bem como na cria\u00e7\u00e3o, gest\u00e3o e implementa\u00e7\u00e3o de Unidades de Conserva\u00e7\u00e3o federais.\u00a0<\/p>\n\n<p><strong>Qualquer esfor\u00e7o para defender as florestas no Brasil deve coibir crimes ambientais e apoiar povos ind\u00edgenas<\/strong>, amplamente reconhecidos como <a href=\"https:\/\/veja.abril.com.br\/ciencia\/onu-povos-indigenas-sao-os-melhores-guardioes-de-florestas\/\">guardi\u00f5es da floresta<\/a> e n\u00e3o ser utilizado para compensar grandes propriet\u00e1rios de terras e grileiros que avan\u00e7am sobre as florestas.<\/p>\n\n<p>Quanto ao Congresso Nacional, este se prepara para votar, com o apoio do governo de Jair Bolsonaro e a menor participa\u00e7\u00e3o popular poss\u00edvel, um<a href=\"https:\/\/www.greenpeace.org\/brasil\/blog\/o-trator-ruralista-que-destroi-a-amazonia-precisa-ser-freado\/\"> enorme pacote de retrocessos na prote\u00e7\u00e3o ambiental<\/a>, que poder\u00e1 deixar marcas dif\u00edceis de apagar. Recentemente, apesar dos esfor\u00e7os do Greenpeace e de outras organiza\u00e7\u00f5es, al\u00e9m de milhares de pessoas que se mobilizaram na campanha <a href=\"http:\/\/florestasemcortes.org.br\/\">Floresta sem Cortes<\/a> por um or\u00e7amento mais justo para o meio ambiente, o Congresso tamb\u00e9m aprovou o menor <a href=\"https:\/\/www.greenpeace.org\/brasil\/blog\/congresso-nacional-e-governo-unidos-contra-o-meio-ambiente\/\">or\u00e7amento para o meio ambiente em 21 anos<\/a>, comprovando, mais uma vez, ser conivente com a pol\u00edtica antiambiental e de desprezo \u00e0 vida do governo Bolsonaro.<\/p>\n\n<p>Tanto no caso do avan\u00e7o do desmatamento e queimadas vistos ano passado, como no caso dos recordes de mortes pela pandemia, a sociedade est\u00e1 sendo v\u00edtima da neglig\u00eancia do governo Bolsonaro para enfrentar esses problemas, com base em fatos cient\u00edficos, de forma transparente e que atenda aos interesses da popula\u00e7\u00e3o. Em ambos os casos vemos um despreparo total para lidar com a vida \u2013 especialmente a da popula\u00e7\u00e3o.&nbsp;<\/p>\n\n<p><strong>Um acordo com o governo Bolsonaro significaria legitimar uma pol\u00edtica baseada em um conceito de desenvolvimento arcaico que aumenta a desigualdade e destr\u00f3i o meio ambiente, agrava a crise do clima e mata centenas de brasileiros diariamente<\/strong>, j\u00e1 que interesses pol\u00edticos continuam acima da prote\u00e7\u00e3o coletiva da popula\u00e7\u00e3o, que perece diante de uma crise ambiental, clim\u00e1tica e de sa\u00fade.&nbsp;<\/p>\n\n<p>O governo de Joe Biden e Kamala Harris foi eleito com a promessa de responder \u00e0 ci\u00eancia e retomar a luta contra a crise do clima. Negociar com violadores de direitos \u00e9 concordar com as mesmas pol\u00edticas anti direitos humanos que h\u00e1 pouco tempo tamb\u00e9m foram realidade nos Estados Unidos sob o governo de Donald Trump. Consertar o que foi destru\u00eddo leva mais tempo que bons discursos e fotos nos jornais.<\/p>\n\n<p>Leia a carta na \u00edntegra:<\/p>\n\n<div class=\"wp-block-file\"><a href=\"https:\/\/www.greenpeace.org\/static\/planet4-brasil-stateless\/2021\/04\/9e677e8e-carta-da-sociedade-civil-brasileira-ao-governo-dos-estados-unidos-da-america_portugues.pdf\">Carta da sociedade civil brasileira ao governo dos Estados Unidos da Am\u00e9rica<\/a><\/div>\n","protected":false},"excerpt":{"rendered":"<p>Em carta, sociedade civil pede para que os Estados Unidos n\u00e3o apoiem as pol\u00edticas de destrui\u00e7\u00e3o ambiental do governo Bolsonaro<\/p>\n","protected":false},"author":67,"featured_media":30648,"comment_status":"open","ping_status":"closed","sticky":false,"template":"","format":"standard","meta":{"ep_exclude_from_search":false,"p4_og_title":"","p4_og_description":"","p4_og_image":"","p4_og_image_id":"","p4_seo_canonical_url":"","p4_campaign_name":"not set","p4_local_project":"not set","p4_basket_name":"not set","p4_department":"","footnotes":""},"categories":[2],"tags":[6],"p4-page-type":[16],"class_list":["post-30646","post","type-post","status-publish","format-standard","has-post-thumbnail","hentry","category-transforme-a-sociedade","tag-clima","p4-page-type-blog"],"_links":{"self":[{"href":"https:\/\/www.greenpeace.org\/brasil\/wp-json\/wp\/v2\/posts\/30646","targetHints":{"allow":["GET"]}}],"collection":[{"href":"https:\/\/www.greenpeace.org\/brasil\/wp-json\/wp\/v2\/posts"}],"about":[{"href":"https:\/\/www.greenpeace.org\/brasil\/wp-json\/wp\/v2\/types\/post"}],"author":[{"embeddable":true,"href":"https:\/\/www.greenpeace.org\/brasil\/wp-json\/wp\/v2\/users\/67"}],"replies":[{"embeddable":true,"href":"https:\/\/www.greenpeace.org\/brasil\/wp-json\/wp\/v2\/comments?post=30646"}],"version-history":[{"count":12,"href":"https:\/\/www.greenpeace.org\/brasil\/wp-json\/wp\/v2\/posts\/30646\/revisions"}],"predecessor-version":[{"id":30773,"href":"https:\/\/www.greenpeace.org\/brasil\/wp-json\/wp\/v2\/posts\/30646\/revisions\/30773"}],"wp:featuredmedia":[{"embeddable":true,"href":"https:\/\/www.greenpeace.org\/brasil\/wp-json\/wp\/v2\/media\/30648"}],"wp:attachment":[{"href":"https:\/\/www.greenpeace.org\/brasil\/wp-json\/wp\/v2\/media?parent=30646"}],"wp:term":[{"taxonomy":"category","embeddable":true,"href":"https:\/\/www.greenpeace.org\/brasil\/wp-json\/wp\/v2\/categories?post=30646"},{"taxonomy":"post_tag","embeddable":true,"href":"https:\/\/www.greenpeace.org\/brasil\/wp-json\/wp\/v2\/tags?post=30646"},{"taxonomy":"p4-page-type","embeddable":true,"href":"https:\/\/www.greenpeace.org\/brasil\/wp-json\/wp\/v2\/p4-page-type?post=30646"}],"curies":[{"name":"wp","href":"https:\/\/api.w.org\/{rel}","templated":true}]}}