{"id":30755,"date":"2021-04-09T12:45:55","date_gmt":"2021-04-09T15:45:55","guid":{"rendered":"https:\/\/www.greenpeace.org\/brasil\/?p=30755"},"modified":"2021-04-09T13:49:49","modified_gmt":"2021-04-09T16:49:49","slug":"tempero-drag-so-a-agroecologia-salva","status":"publish","type":"post","link":"https:\/\/www.greenpeace.org\/brasil\/blog\/tempero-drag-so-a-agroecologia-salva\/","title":{"rendered":"Tempero Drag: s\u00f3 a agroecologia salva!"},"content":{"rendered":"\n<h4 class=\"wp-block-heading\">Em um aul\u00e3o de 24 minutos, a professora Rita von Hunty explica porque a agroecologia \u00e9 o caminho para o Brasil enfrentar as crises atuais<\/h4>\n\n<figure class=\"wp-block-embed is-type-video is-provider-youtube wp-block-embed-youtube wp-embed-aspect-16-9 wp-has-aspect-ratio\"><div class=\"wp-block-embed__wrapper\">\n<lite-youtube style=\"background-image: url('https:\/\/i.ytimg.com\/vi\/QZsSAPEOdmQ\/hqdefault.jpg');\" videoid=\"QZsSAPEOdmQ\" params=\"rel=0\"><\/lite-youtube>\n<\/div><\/figure>\n\n<p>Com toda sua eleg\u00e2ncia e did\u00e1tica, a professora Rita von Hunty, do canal de Youtube <em>Tempero Drag<\/em>, gravou um v\u00eddeo para refor\u00e7ar o que a ci\u00eancia e organiza\u00e7\u00f5es da sociedade civil j\u00e1 apontam h\u00e1 d\u00e9cadas: o atual modelo de produ\u00e7\u00e3o de alimentos \u00e9 insustent\u00e1vel. Em uma grande aula recheada de refer\u00eancias bibliogr\u00e1ficas, Rita aponta a agricultura familiar de base ecol\u00f3gica como uma sa\u00edda estrutural para as crises de fome, de sa\u00fade e ambiental que o Brasil atravessa hoje. &nbsp;<\/p>\n\n<p>\u201cA gente precisa de um sistema que n\u00e3o esteja focado em destruir e lucrar. Mas um sistema que esteja focado em colabora\u00e7\u00e3o, alimenta\u00e7\u00e3o e preserva\u00e7\u00e3o\u201d, diz Rita. Um sistema que exista para alimentar pessoas, n\u00e3o empresas. Que respeite e valorize a diversidade e a cultura alimentar de cada regi\u00e3o. Que gere sa\u00fade no campo e nas cidades. E que seja feito em parceria com a natureza.<\/p>\n\n<p>A boa not\u00edcia \u00e9 que esse sistema j\u00e1 existe. E \u00e9 colocado em pr\u00e1tica n\u00e3o h\u00e1 50, nem 60 anos: mas h\u00e1 milhares de anos. Os princ\u00edpios e a l\u00f3gica que tradicionalmente movem a agroecologia s\u00e3o outros: em vez de mercadoria, o alimento e o ambiente em que ele \u00e9 cultivado s\u00e3o considerados direitos. No lugar da competi\u00e7\u00e3o, entram em campo a solidariedade e a coopera\u00e7\u00e3o em rede. E no centro de suas pr\u00e1ticas n\u00e3o est\u00e1 o lucro, mas a vida, a sa\u00fade e a dignidade humana.<\/p>\n\n<p>No v\u00eddeo, Rita lembra que o Brasil est\u00e1 de volta ao mapa da fome, e questiona as cifras bilion\u00e1rias do agroneg\u00f3cio brasileiro em um momento de crise humanit\u00e1ria: \u201cComo esse pa\u00eds exporta 5.67 bilh\u00f5es em janeiro s\u00f3 de produtos agr\u00edcolas? A conta n\u00e3o fecha, n\u00e9 mo\u00e7ada?!\u201d.<\/p>\n\n<p>Por outro lado, ela ressalta o papel fundamental da agricultura familiar no combate \u00e0 fome: desde o in\u00edcio da pandemia, s\u00f3 o Movimento dos Trabalhadores Rurais Sem Terra (MST) j\u00e1 doou para as periferias de todo o Brasil mais de 4 mil toneladas e 750 mil marmitas de alimentos saud\u00e1veis e sem agrot\u00f3xicos.<\/p>\n\n<p>\u201c\u00c9 importante que a gente saiba que existem a\u00e7\u00f5es, grupos, organiza\u00e7\u00f5es que tentam frear esses avan\u00e7os do agro \u00e9 pop, da agroind\u00fastria. Que tentam construir o futuro numa outra dire\u00e7\u00e3o\u201d, diz. \u201cA agroecologia como salva\u00e7\u00e3o \u00e9 uma grande verdade\u201d. &nbsp;<\/p>\n\n<p>E sua fam\u00edlia, j\u00e1 apoia a agricultura familiar de base ecol\u00f3gica?<\/p>\n\n<p>Comer \u00e9 um ato pol\u00edtico! Procure saber onde est\u00e3o os produtores agroecol\u00f3gicos pr\u00f3ximos de sua casa. Fortale\u00e7a esse movimento! Para te ajudar, preparamos uma lista com pequenos agricultores que produzem alimentos saud\u00e1veis e sem veneno pelas 5 regi\u00f5es do Brasil. <a href=\"https:\/\/www.greenpeace.org\/brasil\/agricultura\/encontre-um-produtor-agroecologico-perto-de-voce\/\">D\u00e1 uma olhada aqui<\/a>.<\/p>\n","protected":false},"excerpt":{"rendered":"<p>Em um aul\u00e3o de 24 minutos, a professora Rita von Hunty explica porque a agroecologia \u00e9 o caminho para o Brasil enfrentar as crises atuais<\/p>\n","protected":false},"author":28,"featured_media":30756,"comment_status":"open","ping_status":"closed","sticky":false,"template":"","format":"standard","meta":{"ep_exclude_from_search":false,"p4_og_title":"","p4_og_description":"","p4_og_image":"","p4_og_image_id":"","p4_seo_canonical_url":"","p4_campaign_name":"not set","p4_local_project":"not set","p4_basket_name":"not set","p4_department":"","footnotes":""},"categories":[2],"tags":[18],"p4-page-type":[16],"class_list":["post-30755","post","type-post","status-publish","format-standard","has-post-thumbnail","hentry","category-transforme-a-sociedade","tag-agroecologia","p4-page-type-blog"],"_links":{"self":[{"href":"https:\/\/www.greenpeace.org\/brasil\/wp-json\/wp\/v2\/posts\/30755","targetHints":{"allow":["GET"]}}],"collection":[{"href":"https:\/\/www.greenpeace.org\/brasil\/wp-json\/wp\/v2\/posts"}],"about":[{"href":"https:\/\/www.greenpeace.org\/brasil\/wp-json\/wp\/v2\/types\/post"}],"author":[{"embeddable":true,"href":"https:\/\/www.greenpeace.org\/brasil\/wp-json\/wp\/v2\/users\/28"}],"replies":[{"embeddable":true,"href":"https:\/\/www.greenpeace.org\/brasil\/wp-json\/wp\/v2\/comments?post=30755"}],"version-history":[{"count":3,"href":"https:\/\/www.greenpeace.org\/brasil\/wp-json\/wp\/v2\/posts\/30755\/revisions"}],"predecessor-version":[{"id":30760,"href":"https:\/\/www.greenpeace.org\/brasil\/wp-json\/wp\/v2\/posts\/30755\/revisions\/30760"}],"wp:featuredmedia":[{"embeddable":true,"href":"https:\/\/www.greenpeace.org\/brasil\/wp-json\/wp\/v2\/media\/30756"}],"wp:attachment":[{"href":"https:\/\/www.greenpeace.org\/brasil\/wp-json\/wp\/v2\/media?parent=30755"}],"wp:term":[{"taxonomy":"category","embeddable":true,"href":"https:\/\/www.greenpeace.org\/brasil\/wp-json\/wp\/v2\/categories?post=30755"},{"taxonomy":"post_tag","embeddable":true,"href":"https:\/\/www.greenpeace.org\/brasil\/wp-json\/wp\/v2\/tags?post=30755"},{"taxonomy":"p4-page-type","embeddable":true,"href":"https:\/\/www.greenpeace.org\/brasil\/wp-json\/wp\/v2\/p4-page-type?post=30755"}],"curies":[{"name":"wp","href":"https:\/\/api.w.org\/{rel}","templated":true}]}}