{"id":30795,"date":"2021-04-15T15:59:37","date_gmt":"2021-04-15T18:59:37","guid":{"rendered":"https:\/\/www.greenpeace.org\/brasil\/?p=30795"},"modified":"2021-12-01T09:29:54","modified_gmt":"2021-12-01T12:29:54","slug":"voce-sabe-quais-sao-os-impactos-da-agropecuaria","status":"publish","type":"post","link":"https:\/\/www.greenpeace.org\/brasil\/voluntarios\/voce-sabe-quais-sao-os-impactos-da-agropecuaria\/","title":{"rendered":"Voc\u00ea sabe quais s\u00e3o os impactos da agropecu\u00e1ria?"},"content":{"rendered":"\n<h4 class=\"wp-block-heading\">Em semana cheia de curiosidades, volunt\u00e1rios e volunt\u00e1rias explicam as consequ\u00eancias da pr\u00e1tica e falam sobre alternativas para um futuro promissor<\/h4>\n\n<p class=\"has-text-align-center\"><img loading=\"lazy\" decoding=\"async\" width=\"820\" height=\"271\" class=\"wp-image-30796\" style=\"width: 820px;\" src=\"https:\/\/www.greenpeace.org\/static\/planet4-brasil-stateless\/2021\/04\/66231c06-curiosidades.png\" alt=\"\" srcset=\"https:\/\/www.greenpeace.org\/static\/planet4-brasil-stateless\/2021\/04\/66231c06-curiosidades.png 1970w, https:\/\/www.greenpeace.org\/static\/planet4-brasil-stateless\/2021\/04\/66231c06-curiosidades-300x99.png 300w, https:\/\/www.greenpeace.org\/static\/planet4-brasil-stateless\/2021\/04\/66231c06-curiosidades-1024x338.png 1024w, https:\/\/www.greenpeace.org\/static\/planet4-brasil-stateless\/2021\/04\/66231c06-curiosidades-768x253.png 768w, https:\/\/www.greenpeace.org\/static\/planet4-brasil-stateless\/2021\/04\/66231c06-curiosidades-1536x507.png 1536w, https:\/\/www.greenpeace.org\/static\/planet4-brasil-stateless\/2021\/04\/66231c06-curiosidades-510x168.png 510w\" sizes=\"auto, (max-width: 820px) 100vw, 820px\" \/><\/p>\n\n<p>Popular entre os vegetarianos, o cogumelo sempre faz sucesso pela versatilidade e sabor marcante. Mas voc\u00ea sabe quais os benef\u00edcios desse alimento para a nossa sa\u00fade? Vem c\u00e1 que <a href=\"https:\/\/www.instagram.com\/p\/CNSyewWrPGE\/\"><strong>o grupo de Bertioga te conta:\u00a0<\/strong><\/a><\/p>\n\n<p class=\"has-text-align-center\"><img loading=\"lazy\" decoding=\"async\" width=\"350\" height=\"349\" class=\"wp-image-30797\" style=\"width: 350px;\" src=\"https:\/\/www.greenpeace.org\/static\/planet4-brasil-stateless\/2021\/04\/7c54d3c6-bertioga.jpg\" alt=\"\" srcset=\"https:\/\/www.greenpeace.org\/static\/planet4-brasil-stateless\/2021\/04\/7c54d3c6-bertioga.jpg 745w, https:\/\/www.greenpeace.org\/static\/planet4-brasil-stateless\/2021\/04\/7c54d3c6-bertioga-300x300.jpg 300w, https:\/\/www.greenpeace.org\/static\/planet4-brasil-stateless\/2021\/04\/7c54d3c6-bertioga-150x150.jpg 150w, https:\/\/www.greenpeace.org\/static\/planet4-brasil-stateless\/2021\/04\/7c54d3c6-bertioga-341x340.jpg 341w\" sizes=\"auto, (max-width: 350px) 100vw, 350px\" \/><img loading=\"lazy\" decoding=\"async\" width=\"350\" height=\"350\" class=\"wp-image-30798\" style=\"width: 350px;\" src=\"https:\/\/www.greenpeace.org\/static\/planet4-brasil-stateless\/2021\/04\/09b7796d-bertioga2.jpg\" alt=\"\" srcset=\"https:\/\/www.greenpeace.org\/static\/planet4-brasil-stateless\/2021\/04\/09b7796d-bertioga2.jpg 745w, https:\/\/www.greenpeace.org\/static\/planet4-brasil-stateless\/2021\/04\/09b7796d-bertioga2-300x300.jpg 300w, https:\/\/www.greenpeace.org\/static\/planet4-brasil-stateless\/2021\/04\/09b7796d-bertioga2-150x150.jpg 150w, https:\/\/www.greenpeace.org\/static\/planet4-brasil-stateless\/2021\/04\/09b7796d-bertioga2-340x340.jpg 340w\" sizes=\"auto, (max-width: 350px) 100vw, 350px\" \/><\/p>\n\n<p class=\"has-text-align-center\"><img loading=\"lazy\" decoding=\"async\" width=\"350\" height=\"350\" class=\"wp-image-30799\" style=\"width: 350px;\" src=\"https:\/\/www.greenpeace.org\/static\/planet4-brasil-stateless\/2021\/04\/1f28e882-bertioga3.jpg\" alt=\"\" srcset=\"https:\/\/www.greenpeace.org\/static\/planet4-brasil-stateless\/2021\/04\/1f28e882-bertioga3.jpg 746w, https:\/\/www.greenpeace.org\/static\/planet4-brasil-stateless\/2021\/04\/1f28e882-bertioga3-300x300.jpg 300w, https:\/\/www.greenpeace.org\/static\/planet4-brasil-stateless\/2021\/04\/1f28e882-bertioga3-150x150.jpg 150w, https:\/\/www.greenpeace.org\/static\/planet4-brasil-stateless\/2021\/04\/1f28e882-bertioga3-340x340.jpg 340w\" sizes=\"auto, (max-width: 350px) 100vw, 350px\" \/><img loading=\"lazy\" decoding=\"async\" width=\"350\" height=\"349\" class=\"wp-image-30800\" style=\"width: 350px;\" src=\"https:\/\/www.greenpeace.org\/static\/planet4-brasil-stateless\/2021\/04\/043b93ce-bertioga4.jpg\" alt=\"\" srcset=\"https:\/\/www.greenpeace.org\/static\/planet4-brasil-stateless\/2021\/04\/043b93ce-bertioga4.jpg 744w, https:\/\/www.greenpeace.org\/static\/planet4-brasil-stateless\/2021\/04\/043b93ce-bertioga4-300x300.jpg 300w, https:\/\/www.greenpeace.org\/static\/planet4-brasil-stateless\/2021\/04\/043b93ce-bertioga4-150x150.jpg 150w, https:\/\/www.greenpeace.org\/static\/planet4-brasil-stateless\/2021\/04\/043b93ce-bertioga4-341x340.jpg 341w\" sizes=\"auto, (max-width: 350px) 100vw, 350px\" \/><\/p>\n\n<p>Ainda falando de alimenta\u00e7\u00e3o, mas partindo para um lado mais sombrio, os voluntas de Recife explicaram os impactos da agropecu\u00e1ria. Dentre os principais, est\u00e3o o desmatamento, queimadas, degrada\u00e7\u00e3o do solo e desertifica\u00e7\u00e3o. Corre l\u00e1 no<a href=\"https:\/\/www.instagram.com\/p\/CNkkIXmrfY1\/\"> <strong>instagram oficial do grupo<\/strong><\/a> pra entender mais sobre cada um desses pontos \ud83d\ude42\u00a0<\/p>\n\n<p class=\"has-text-align-center\"><img loading=\"lazy\" decoding=\"async\" width=\"470\" height=\"265\" class=\"wp-image-30801\" style=\"width: 470px;\" src=\"https:\/\/www.greenpeace.org\/static\/planet4-brasil-stateless\/2021\/04\/2c9fc5a8-recife3.jpg\" alt=\"\" srcset=\"https:\/\/www.greenpeace.org\/static\/planet4-brasil-stateless\/2021\/04\/2c9fc5a8-recife3.jpg 744w, https:\/\/www.greenpeace.org\/static\/planet4-brasil-stateless\/2021\/04\/2c9fc5a8-recife3-300x169.jpg 300w, https:\/\/www.greenpeace.org\/static\/planet4-brasil-stateless\/2021\/04\/2c9fc5a8-recife3-510x288.jpg 510w\" sizes=\"auto, (max-width: 470px) 100vw, 470px\" \/><\/p>\n\n<p>E o grupo de Salvador, que sempre arrasa nas ilustra\u00e7\u00f5es, preparou uma essa semana sobre as mudan\u00e7as no uso da terra. <strong><a href=\"https:\/\/www.instagram.com\/p\/CNda9NjHm4J\/\">Vem ver:\u00a0<\/a><\/strong> <\/p>\n\n<p class=\"has-text-align-center\"><img loading=\"lazy\" decoding=\"async\" width=\"350\" height=\"350\" class=\"wp-image-30802\" style=\"width: 350px;\" src=\"https:\/\/www.greenpeace.org\/static\/planet4-brasil-stateless\/2021\/04\/95fdbf4f-salvador.jpg\" alt=\"\" srcset=\"https:\/\/www.greenpeace.org\/static\/planet4-brasil-stateless\/2021\/04\/95fdbf4f-salvador.jpg 744w, https:\/\/www.greenpeace.org\/static\/planet4-brasil-stateless\/2021\/04\/95fdbf4f-salvador-300x300.jpg 300w, https:\/\/www.greenpeace.org\/static\/planet4-brasil-stateless\/2021\/04\/95fdbf4f-salvador-150x150.jpg 150w, https:\/\/www.greenpeace.org\/static\/planet4-brasil-stateless\/2021\/04\/95fdbf4f-salvador-340x340.jpg 340w\" sizes=\"auto, (max-width: 350px) 100vw, 350px\" \/><img loading=\"lazy\" decoding=\"async\" width=\"348\" height=\"349\" class=\"wp-image-30803\" style=\"width: 348px;\" src=\"https:\/\/www.greenpeace.org\/static\/planet4-brasil-stateless\/2021\/04\/f4c8452e-salvador2.jpg\" alt=\"\" srcset=\"https:\/\/www.greenpeace.org\/static\/planet4-brasil-stateless\/2021\/04\/f4c8452e-salvador2.jpg 746w, https:\/\/www.greenpeace.org\/static\/planet4-brasil-stateless\/2021\/04\/f4c8452e-salvador2-300x300.jpg 300w, https:\/\/www.greenpeace.org\/static\/planet4-brasil-stateless\/2021\/04\/f4c8452e-salvador2-150x150.jpg 150w, https:\/\/www.greenpeace.org\/static\/planet4-brasil-stateless\/2021\/04\/f4c8452e-salvador2-339x340.jpg 339w\" sizes=\"auto, (max-width: 348px) 100vw, 348px\" \/><\/p>\n\n<p class=\"has-text-align-center\"><img loading=\"lazy\" decoding=\"async\" width=\"350\" height=\"350\" class=\"wp-image-30804\" style=\"width: 350px;\" src=\"https:\/\/www.greenpeace.org\/static\/planet4-brasil-stateless\/2021\/04\/240eb07d-salvador3.jpg\" alt=\"\" srcset=\"https:\/\/www.greenpeace.org\/static\/planet4-brasil-stateless\/2021\/04\/240eb07d-salvador3.jpg 745w, https:\/\/www.greenpeace.org\/static\/planet4-brasil-stateless\/2021\/04\/240eb07d-salvador3-300x300.jpg 300w, https:\/\/www.greenpeace.org\/static\/planet4-brasil-stateless\/2021\/04\/240eb07d-salvador3-150x150.jpg 150w, https:\/\/www.greenpeace.org\/static\/planet4-brasil-stateless\/2021\/04\/240eb07d-salvador3-340x340.jpg 340w\" sizes=\"auto, (max-width: 350px) 100vw, 350px\" \/><img loading=\"lazy\" decoding=\"async\" width=\"349\" height=\"351\" class=\"wp-image-30805\" style=\"width: 349px;\" src=\"https:\/\/www.greenpeace.org\/static\/planet4-brasil-stateless\/2021\/04\/8cf0fd45-salvador4.jpg\" alt=\"\" srcset=\"https:\/\/www.greenpeace.org\/static\/planet4-brasil-stateless\/2021\/04\/8cf0fd45-salvador4.jpg 744w, https:\/\/www.greenpeace.org\/static\/planet4-brasil-stateless\/2021\/04\/8cf0fd45-salvador4-298x300.jpg 298w, https:\/\/www.greenpeace.org\/static\/planet4-brasil-stateless\/2021\/04\/8cf0fd45-salvador4-150x150.jpg 150w, https:\/\/www.greenpeace.org\/static\/planet4-brasil-stateless\/2021\/04\/8cf0fd45-salvador4-338x340.jpg 338w\" sizes=\"auto, (max-width: 349px) 100vw, 349px\" \/><\/p>\n\n<p>J\u00e1 falamos de alimenta\u00e7\u00e3o, agropecu\u00e1ria, uso da terra\u2026 t\u00e1 faltando o qu\u00ea? Falar de energia! Para isso, contamos com o grupo de Zona da Mata &lt;3<\/p>\n\n<p><a href=\"https:\/\/www.instagram.com\/p\/CNccG4FHzFX\/\"><strong>Como as mudan\u00e7as clim\u00e1ticas podem afetar as hidrel\u00e9tricas?\u00a0<\/strong><\/a><\/p>\n\n<p class=\"has-text-align-center\"><img loading=\"lazy\" decoding=\"async\" width=\"350\" height=\"351\" class=\"wp-image-30806\" style=\"width: 350px;\" src=\"https:\/\/www.greenpeace.org\/static\/planet4-brasil-stateless\/2021\/04\/29291c07-zona-da-mata.jpg\" alt=\"\" srcset=\"https:\/\/www.greenpeace.org\/static\/planet4-brasil-stateless\/2021\/04\/29291c07-zona-da-mata.jpg 740w, https:\/\/www.greenpeace.org\/static\/planet4-brasil-stateless\/2021\/04\/29291c07-zona-da-mata-300x300.jpg 300w, https:\/\/www.greenpeace.org\/static\/planet4-brasil-stateless\/2021\/04\/29291c07-zona-da-mata-150x150.jpg 150w, https:\/\/www.greenpeace.org\/static\/planet4-brasil-stateless\/2021\/04\/29291c07-zona-da-mata-339x340.jpg 339w\" sizes=\"auto, (max-width: 350px) 100vw, 350px\" \/><img loading=\"lazy\" decoding=\"async\" width=\"350\" height=\"352\" class=\"wp-image-30807\" style=\"width: 350px;\" src=\"https:\/\/www.greenpeace.org\/static\/planet4-brasil-stateless\/2021\/04\/491d5a73-zona-da-mata2.jpg\" alt=\"\" srcset=\"https:\/\/www.greenpeace.org\/static\/planet4-brasil-stateless\/2021\/04\/491d5a73-zona-da-mata2.jpg 742w, https:\/\/www.greenpeace.org\/static\/planet4-brasil-stateless\/2021\/04\/491d5a73-zona-da-mata2-298x300.jpg 298w, https:\/\/www.greenpeace.org\/static\/planet4-brasil-stateless\/2021\/04\/491d5a73-zona-da-mata2-150x150.jpg 150w, https:\/\/www.greenpeace.org\/static\/planet4-brasil-stateless\/2021\/04\/491d5a73-zona-da-mata2-338x340.jpg 338w\" sizes=\"auto, (max-width: 350px) 100vw, 350px\" \/><\/p>\n\n<p>E pra finalizar conhecendo um pouco mais sobre energia h\u00eddrica, o grupo tamb\u00e9m fez um <strong><a href=\"https:\/\/www.instagram.com\/p\/CNdec4DHm2A\/\">TikTok super din\u00e2mico:\u00a0<\/a><\/strong> <\/p>\n\n<p class=\"has-text-align-center\"><img loading=\"lazy\" decoding=\"async\" width=\"270\" height=\"485\" class=\"wp-image-30808\" style=\"width: 270px;\" src=\"https:\/\/www.greenpeace.org\/static\/planet4-brasil-stateless\/2021\/04\/4e1817ff-zona-da-mata3.jpg\" alt=\"\" srcset=\"https:\/\/www.greenpeace.org\/static\/planet4-brasil-stateless\/2021\/04\/4e1817ff-zona-da-mata3.jpg 413w, https:\/\/www.greenpeace.org\/static\/planet4-brasil-stateless\/2021\/04\/4e1817ff-zona-da-mata3-167x300.jpg 167w, https:\/\/www.greenpeace.org\/static\/planet4-brasil-stateless\/2021\/04\/4e1817ff-zona-da-mata3-189x340.jpg 189w\" sizes=\"auto, (max-width: 270px) 100vw, 270px\" \/><\/p>\n\n<p class=\"has-text-align-center\"><img loading=\"lazy\" decoding=\"async\" width=\"820\" height=\"271\" class=\"wp-image-30809\" style=\"width: 820px;\" src=\"https:\/\/www.greenpeace.org\/static\/planet4-brasil-stateless\/2021\/04\/fd7369cc-datas-especiais.png\" alt=\"\" srcset=\"https:\/\/www.greenpeace.org\/static\/planet4-brasil-stateless\/2021\/04\/fd7369cc-datas-especiais.png 1970w, https:\/\/www.greenpeace.org\/static\/planet4-brasil-stateless\/2021\/04\/fd7369cc-datas-especiais-300x99.png 300w, https:\/\/www.greenpeace.org\/static\/planet4-brasil-stateless\/2021\/04\/fd7369cc-datas-especiais-1024x338.png 1024w, https:\/\/www.greenpeace.org\/static\/planet4-brasil-stateless\/2021\/04\/fd7369cc-datas-especiais-768x253.png 768w, https:\/\/www.greenpeace.org\/static\/planet4-brasil-stateless\/2021\/04\/fd7369cc-datas-especiais-1536x507.png 1536w, https:\/\/www.greenpeace.org\/static\/planet4-brasil-stateless\/2021\/04\/fd7369cc-datas-especiais-510x168.png 510w\" sizes=\"auto, (max-width: 820px) 100vw, 820px\" \/><\/p>\n\n<p><strong>07\/04 &#8211; Dia Mundial da Sa\u00fade&nbsp;<\/strong><\/p>\n\n<p>Sabia que a polui\u00e7\u00e3o dos oceanos pode comprometer a sua sa\u00fade? Pois \u00e9!&nbsp;<\/p>\n\n<p>O grupo de Bertioga aproveitou a data para unir dois assuntos important\u00edssimos e explicar como esse processo acontece. Como exemplo, os voluntas citaram a contamina\u00e7\u00e3o pelo consumo de peixes que ingeriram res\u00edduos t\u00f3xicos. <a href=\"https:\/\/www.instagram.com\/p\/CNYLkr-Bx9E\/\"><strong>Vem ver mais aqui:\u00a0<\/strong><\/a><\/p>\n\n<p class=\"has-text-align-center\"><img loading=\"lazy\" decoding=\"async\" width=\"350\" height=\"349\" class=\"wp-image-30810\" style=\"width: 350px;\" src=\"https:\/\/www.greenpeace.org\/static\/planet4-brasil-stateless\/2021\/04\/54788524-bertioga5.jpg\" alt=\"\" srcset=\"https:\/\/www.greenpeace.org\/static\/planet4-brasil-stateless\/2021\/04\/54788524-bertioga5.jpg 747w, https:\/\/www.greenpeace.org\/static\/planet4-brasil-stateless\/2021\/04\/54788524-bertioga5-300x300.jpg 300w, https:\/\/www.greenpeace.org\/static\/planet4-brasil-stateless\/2021\/04\/54788524-bertioga5-150x150.jpg 150w, https:\/\/www.greenpeace.org\/static\/planet4-brasil-stateless\/2021\/04\/54788524-bertioga5-341x340.jpg 341w\" sizes=\"auto, (max-width: 350px) 100vw, 350px\" \/><img loading=\"lazy\" decoding=\"async\" width=\"350\" height=\"349\" class=\"wp-image-30811\" style=\"width: 350px;\" src=\"https:\/\/www.greenpeace.org\/static\/planet4-brasil-stateless\/2021\/04\/11b99781-bertioga6.jpg\" alt=\"\" srcset=\"https:\/\/www.greenpeace.org\/static\/planet4-brasil-stateless\/2021\/04\/11b99781-bertioga6.jpg 747w, https:\/\/www.greenpeace.org\/static\/planet4-brasil-stateless\/2021\/04\/11b99781-bertioga6-300x300.jpg 300w, https:\/\/www.greenpeace.org\/static\/planet4-brasil-stateless\/2021\/04\/11b99781-bertioga6-150x150.jpg 150w, https:\/\/www.greenpeace.org\/static\/planet4-brasil-stateless\/2021\/04\/11b99781-bertioga6-341x340.jpg 341w\" sizes=\"auto, (max-width: 350px) 100vw, 350px\" \/><\/p>\n\n<p>Entramos em abril, m\u00eas que \u00e9 colorido de laranja em conscientiza\u00e7\u00e3o contra a crueldade animal. Infelizmente, em pleno 2021, ainda vemos muitos casos de domestica\u00e7\u00e3o de animais silvestres, tr\u00e1fico de esp\u00e9cies, ca\u00e7a e pesca ilegal etc.&nbsp;<\/p>\n\n<p>Para amplificar a mensagem de luta e preven\u00e7\u00e3o, o grupo de Belo Horizonte fez <a href=\"https:\/\/www.instagram.com\/p\/CNh81jRn3X2\/\"><strong>post nas redes:\u00a0<\/strong><\/a><\/p>\n\n<p class=\"has-text-align-center\"><img loading=\"lazy\" decoding=\"async\" width=\"370\" height=\"369\" class=\"wp-image-30812\" style=\"width: 370px;\" src=\"https:\/\/www.greenpeace.org\/static\/planet4-brasil-stateless\/2021\/04\/703d073e-belo-horizonte5.jpg\" alt=\"\" srcset=\"https:\/\/www.greenpeace.org\/static\/planet4-brasil-stateless\/2021\/04\/703d073e-belo-horizonte5.jpg 746w, https:\/\/www.greenpeace.org\/static\/planet4-brasil-stateless\/2021\/04\/703d073e-belo-horizonte5-300x300.jpg 300w, https:\/\/www.greenpeace.org\/static\/planet4-brasil-stateless\/2021\/04\/703d073e-belo-horizonte5-150x150.jpg 150w, https:\/\/www.greenpeace.org\/static\/planet4-brasil-stateless\/2021\/04\/703d073e-belo-horizonte5-341x340.jpg 341w\" sizes=\"auto, (max-width: 370px) 100vw, 370px\" \/><\/p>\n\n<p class=\"has-text-align-center\"><img loading=\"lazy\" decoding=\"async\" width=\"820\" height=\"271\" class=\"wp-image-30813\" style=\"width: 820px;\" src=\"https:\/\/www.greenpeace.org\/static\/planet4-brasil-stateless\/2021\/04\/80556a86-mobilizacoes-online.png\" alt=\"\" srcset=\"https:\/\/www.greenpeace.org\/static\/planet4-brasil-stateless\/2021\/04\/80556a86-mobilizacoes-online.png 1970w, https:\/\/www.greenpeace.org\/static\/planet4-brasil-stateless\/2021\/04\/80556a86-mobilizacoes-online-300x99.png 300w, https:\/\/www.greenpeace.org\/static\/planet4-brasil-stateless\/2021\/04\/80556a86-mobilizacoes-online-1024x338.png 1024w, https:\/\/www.greenpeace.org\/static\/planet4-brasil-stateless\/2021\/04\/80556a86-mobilizacoes-online-768x253.png 768w, https:\/\/www.greenpeace.org\/static\/planet4-brasil-stateless\/2021\/04\/80556a86-mobilizacoes-online-1536x507.png 1536w, https:\/\/www.greenpeace.org\/static\/planet4-brasil-stateless\/2021\/04\/80556a86-mobilizacoes-online-510x168.png 510w\" sizes=\"auto, (max-width: 820px) 100vw, 820px\" \/><\/p>\n\n<p>Falando de animais, o grupo de Bertioga<a href=\"https:\/\/www.instagram.com\/p\/CNfPGZmnwhs\/\"><strong> divulgou alguns cards do Mundo Bita<\/strong><\/a>, que contam algumas curiosidades sobre a vida marinha &lt;3 <\/p>\n\n<p class=\"has-text-align-center\"><img loading=\"lazy\" decoding=\"async\" width=\"350\" height=\"348\" class=\"wp-image-30814\" style=\"width: 350px;\" src=\"https:\/\/www.greenpeace.org\/static\/planet4-brasil-stateless\/2021\/04\/9ce121fe-bertioga7.jpg\" alt=\"\" srcset=\"https:\/\/www.greenpeace.org\/static\/planet4-brasil-stateless\/2021\/04\/9ce121fe-bertioga7.jpg 752w, https:\/\/www.greenpeace.org\/static\/planet4-brasil-stateless\/2021\/04\/9ce121fe-bertioga7-300x298.jpg 300w, https:\/\/www.greenpeace.org\/static\/planet4-brasil-stateless\/2021\/04\/9ce121fe-bertioga7-150x150.jpg 150w, https:\/\/www.greenpeace.org\/static\/planet4-brasil-stateless\/2021\/04\/9ce121fe-bertioga7-342x340.jpg 342w\" sizes=\"auto, (max-width: 350px) 100vw, 350px\" \/><img loading=\"lazy\" decoding=\"async\" width=\"347\" height=\"349\" class=\"wp-image-30815\" style=\"width: 347px;\" src=\"https:\/\/www.greenpeace.org\/static\/planet4-brasil-stateless\/2021\/04\/1f6b5482-bertioga8.jpg\" alt=\"\" srcset=\"https:\/\/www.greenpeace.org\/static\/planet4-brasil-stateless\/2021\/04\/1f6b5482-bertioga8.jpg 744w, https:\/\/www.greenpeace.org\/static\/planet4-brasil-stateless\/2021\/04\/1f6b5482-bertioga8-298x300.jpg 298w, https:\/\/www.greenpeace.org\/static\/planet4-brasil-stateless\/2021\/04\/1f6b5482-bertioga8-150x150.jpg 150w, https:\/\/www.greenpeace.org\/static\/planet4-brasil-stateless\/2021\/04\/1f6b5482-bertioga8-338x340.jpg 338w\" sizes=\"auto, (max-width: 347px) 100vw, 347px\" \/><\/p>\n\n<p>Nadando agora para Recife, os voluntas produziram um v\u00eddeo para o canal do grupo no Youtube sobre mudan\u00e7as clim\u00e1ticas e suas consequ\u00eancias. <strong><a href=\"https:\/\/www.youtube.com\/watch?v=aIqlaIe9jzM\">Vem ver &lt;3<\/a><\/strong> <\/p>\n\n<p class=\"has-text-align-center\"><img loading=\"lazy\" decoding=\"async\" width=\"350\" height=\"351\" class=\"wp-image-30816\" style=\"width: 350px;\" src=\"https:\/\/www.greenpeace.org\/static\/planet4-brasil-stateless\/2021\/04\/1905b27e-recife.jpg\" alt=\"\" srcset=\"https:\/\/www.greenpeace.org\/static\/planet4-brasil-stateless\/2021\/04\/1905b27e-recife.jpg 745w, https:\/\/www.greenpeace.org\/static\/planet4-brasil-stateless\/2021\/04\/1905b27e-recife-300x300.jpg 300w, https:\/\/www.greenpeace.org\/static\/planet4-brasil-stateless\/2021\/04\/1905b27e-recife-150x150.jpg 150w, https:\/\/www.greenpeace.org\/static\/planet4-brasil-stateless\/2021\/04\/1905b27e-recife-339x340.jpg 339w\" sizes=\"auto, (max-width: 350px) 100vw, 350px\" \/><\/p>\n\n<p>Em Fortaleza, os volunt\u00e1rios e volunt\u00e1rias seguem propagando conscientiza\u00e7\u00e3o sobre a prote\u00e7\u00e3o e defesa de povos origin\u00e1rios. Essa semana, o grupo falou sobre o povo Jenipapo-canind\u00e9\/Janipapo-Kanind\u00e9, um dos pioneiros na produ\u00e7\u00e3o agr\u00edcola, extrativista e artesanal. <a href=\"https:\/\/www.instagram.com\/p\/CNbDvVOFDuG\/\"><strong>Vem conhecer mais sobre a hist\u00f3ria \ud83d\ude42\u00a0<\/strong><\/a><\/p>\n\n<p class=\"has-text-align-center\"><img loading=\"lazy\" decoding=\"async\" width=\"350\" height=\"352\" class=\"wp-image-30826\" style=\"width: 350px;\" src=\"https:\/\/www.greenpeace.org\/static\/planet4-brasil-stateless\/2021\/04\/6ad54cfe-fortaleza.jpg\" alt=\"\" srcset=\"https:\/\/www.greenpeace.org\/static\/planet4-brasil-stateless\/2021\/04\/6ad54cfe-fortaleza.jpg 742w, https:\/\/www.greenpeace.org\/static\/planet4-brasil-stateless\/2021\/04\/6ad54cfe-fortaleza-298x300.jpg 298w, https:\/\/www.greenpeace.org\/static\/planet4-brasil-stateless\/2021\/04\/6ad54cfe-fortaleza-150x150.jpg 150w, https:\/\/www.greenpeace.org\/static\/planet4-brasil-stateless\/2021\/04\/6ad54cfe-fortaleza-338x340.jpg 338w\" sizes=\"auto, (max-width: 350px) 100vw, 350px\" \/><img loading=\"lazy\" decoding=\"async\" width=\"348\" height=\"351\" class=\"wp-image-30827\" style=\"width: 348px;\" src=\"https:\/\/www.greenpeace.org\/static\/planet4-brasil-stateless\/2021\/04\/c4096e7b-fortaleza2.jpg\" alt=\"\" srcset=\"https:\/\/www.greenpeace.org\/static\/planet4-brasil-stateless\/2021\/04\/c4096e7b-fortaleza2.jpg 738w, https:\/\/www.greenpeace.org\/static\/planet4-brasil-stateless\/2021\/04\/c4096e7b-fortaleza2-297x300.jpg 297w, https:\/\/www.greenpeace.org\/static\/planet4-brasil-stateless\/2021\/04\/c4096e7b-fortaleza2-150x150.jpg 150w, https:\/\/www.greenpeace.org\/static\/planet4-brasil-stateless\/2021\/04\/c4096e7b-fortaleza2-337x340.jpg 337w\" sizes=\"auto, (max-width: 348px) 100vw, 348px\" \/><\/p>\n\n<p>Para quem acompanhou as redes do Greenpeace Brasil na \u00faltima semana, viu o conte\u00fado \u201c\u00c9 tudo farinha do mesmo Salles\u201d, falando que para a Amaz\u00f4nia, o maior patrim\u00f4nio ambiental da popula\u00e7\u00e3o brasileira, estar protegida, ser\u00e1 preciso bem mais que a mudan\u00e7a de um ministro no Minist\u00e9rio do Meio Ambiente. Quem compartilhou<a href=\"https:\/\/www.greenpeace.org\/brasil\/blog\/e-tudo-farinha-do-mesmo-salles\/?utm_source=whatsapp&amp;utm_medium=social&amp;utm_campaign=resista&amp;utm_content=en_20210409_video\"> <strong>o blog<\/strong><\/a> foram os grupos de <a href=\"https:\/\/www.instagram.com\/p\/CNfDQDSnJOY\/\"><strong>Goi\u00e2nia<\/strong><\/a> e <strong><a href=\"https:\/\/www.instagram.com\/p\/CNavjYzDB0-\/\">Manaus:\u00a0<\/a><\/strong> <\/p>\n\n<p class=\"has-text-align-center\"><img loading=\"lazy\" decoding=\"async\" width=\"350\" height=\"348\" class=\"wp-image-30828\" style=\"width: 350px;\" src=\"https:\/\/www.greenpeace.org\/static\/planet4-brasil-stateless\/2021\/04\/e7098b8d-goiania2.jpg\" alt=\"\" srcset=\"https:\/\/www.greenpeace.org\/static\/planet4-brasil-stateless\/2021\/04\/e7098b8d-goiania2.jpg 748w, https:\/\/www.greenpeace.org\/static\/planet4-brasil-stateless\/2021\/04\/e7098b8d-goiania2-300x298.jpg 300w, https:\/\/www.greenpeace.org\/static\/planet4-brasil-stateless\/2021\/04\/e7098b8d-goiania2-150x150.jpg 150w, https:\/\/www.greenpeace.org\/static\/planet4-brasil-stateless\/2021\/04\/e7098b8d-goiania2-342x340.jpg 342w\" sizes=\"auto, (max-width: 350px) 100vw, 350px\" \/><\/p>\n\n<p class=\"has-text-align-center\"><img loading=\"lazy\" decoding=\"async\" width=\"820\" height=\"271\" class=\"wp-image-30829\" style=\"width: 820px;\" src=\"https:\/\/www.greenpeace.org\/static\/planet4-brasil-stateless\/2021\/04\/28d0299e-dicas-dos-voluntas.png\" alt=\"\" srcset=\"https:\/\/www.greenpeace.org\/static\/planet4-brasil-stateless\/2021\/04\/28d0299e-dicas-dos-voluntas.png 1970w, https:\/\/www.greenpeace.org\/static\/planet4-brasil-stateless\/2021\/04\/28d0299e-dicas-dos-voluntas-300x99.png 300w, https:\/\/www.greenpeace.org\/static\/planet4-brasil-stateless\/2021\/04\/28d0299e-dicas-dos-voluntas-1024x338.png 1024w, https:\/\/www.greenpeace.org\/static\/planet4-brasil-stateless\/2021\/04\/28d0299e-dicas-dos-voluntas-768x253.png 768w, https:\/\/www.greenpeace.org\/static\/planet4-brasil-stateless\/2021\/04\/28d0299e-dicas-dos-voluntas-1536x507.png 1536w, https:\/\/www.greenpeace.org\/static\/planet4-brasil-stateless\/2021\/04\/28d0299e-dicas-dos-voluntas-510x168.png 510w\" sizes=\"auto, (max-width: 820px) 100vw, 820px\" \/><\/p>\n\n<p>Abrindo nosso quadro queridinho, o grupo de Belo Horizonte indicou<a href=\"https:\/\/www.instagram.com\/p\/CNTLGp3n7FK\/\"><strong> 4 perfis nas redes sociais que falam sobre sustentabilidade<\/strong><\/a>. A gente ama uma corrente do bem, n\u00e9? &lt;3\u00a0<\/p>\n\n<p class=\"has-text-align-center\"><img loading=\"lazy\" decoding=\"async\" width=\"350\" height=\"349\" class=\"wp-image-30830\" style=\"width: 350px;\" src=\"https:\/\/www.greenpeace.org\/static\/planet4-brasil-stateless\/2021\/04\/f6516e61-belo-horizonte.jpg\" alt=\"\" srcset=\"https:\/\/www.greenpeace.org\/static\/planet4-brasil-stateless\/2021\/04\/f6516e61-belo-horizonte.jpg 747w, https:\/\/www.greenpeace.org\/static\/planet4-brasil-stateless\/2021\/04\/f6516e61-belo-horizonte-300x300.jpg 300w, https:\/\/www.greenpeace.org\/static\/planet4-brasil-stateless\/2021\/04\/f6516e61-belo-horizonte-150x150.jpg 150w, https:\/\/www.greenpeace.org\/static\/planet4-brasil-stateless\/2021\/04\/f6516e61-belo-horizonte-341x340.jpg 341w\" sizes=\"auto, (max-width: 350px) 100vw, 350px\" \/><img loading=\"lazy\" decoding=\"async\" width=\"351\" height=\"349\" class=\"wp-image-30831\" style=\"width: 351px;\" src=\"https:\/\/www.greenpeace.org\/static\/planet4-brasil-stateless\/2021\/04\/50312d4f-belo-horizonte2.jpg\" alt=\"\" srcset=\"https:\/\/www.greenpeace.org\/static\/planet4-brasil-stateless\/2021\/04\/50312d4f-belo-horizonte2.jpg 747w, https:\/\/www.greenpeace.org\/static\/planet4-brasil-stateless\/2021\/04\/50312d4f-belo-horizonte2-300x298.jpg 300w, https:\/\/www.greenpeace.org\/static\/planet4-brasil-stateless\/2021\/04\/50312d4f-belo-horizonte2-150x150.jpg 150w, https:\/\/www.greenpeace.org\/static\/planet4-brasil-stateless\/2021\/04\/50312d4f-belo-horizonte2-342x340.jpg 342w\" sizes=\"auto, (max-width: 351px) 100vw, 351px\" \/><\/p>\n\n<p class=\"has-text-align-center\"><img loading=\"lazy\" decoding=\"async\" width=\"350\" height=\"349\" class=\"wp-image-30832\" style=\"width: 350px;\" src=\"https:\/\/www.greenpeace.org\/static\/planet4-brasil-stateless\/2021\/04\/342ae76d-belo-horizonte3.jpg\" alt=\"\" srcset=\"https:\/\/www.greenpeace.org\/static\/planet4-brasil-stateless\/2021\/04\/342ae76d-belo-horizonte3.jpg 744w, https:\/\/www.greenpeace.org\/static\/planet4-brasil-stateless\/2021\/04\/342ae76d-belo-horizonte3-300x300.jpg 300w, https:\/\/www.greenpeace.org\/static\/planet4-brasil-stateless\/2021\/04\/342ae76d-belo-horizonte3-150x150.jpg 150w, https:\/\/www.greenpeace.org\/static\/planet4-brasil-stateless\/2021\/04\/342ae76d-belo-horizonte3-341x340.jpg 341w\" sizes=\"auto, (max-width: 350px) 100vw, 350px\" \/><img loading=\"lazy\" decoding=\"async\" width=\"349\" height=\"349\" class=\"wp-image-30833\" style=\"width: 349px;\" src=\"https:\/\/www.greenpeace.org\/static\/planet4-brasil-stateless\/2021\/04\/4eb059e3-belo-horizonte4.jpg\" alt=\"\" srcset=\"https:\/\/www.greenpeace.org\/static\/planet4-brasil-stateless\/2021\/04\/4eb059e3-belo-horizonte4.jpg 739w, https:\/\/www.greenpeace.org\/static\/planet4-brasil-stateless\/2021\/04\/4eb059e3-belo-horizonte4-300x300.jpg 300w, https:\/\/www.greenpeace.org\/static\/planet4-brasil-stateless\/2021\/04\/4eb059e3-belo-horizonte4-150x150.jpg 150w, https:\/\/www.greenpeace.org\/static\/planet4-brasil-stateless\/2021\/04\/4eb059e3-belo-horizonte4-340x340.jpg 340w\" sizes=\"auto, (max-width: 349px) 100vw, 349px\" \/><\/p>\n\n<p>Minha casa, sua casa! Os voluntas de Recife<a href=\"https:\/\/www.instagram.com\/p\/CNdLgDqLOTg\"><strong> indicaram uma s\u00e9rie documental<\/strong> <\/a>que fala sobre esse espa\u00e7o gigante\u00a0 onde a gente compartilha a vida juntes. \u201cNosso Planeta\u201d \u00e9 dividida em 8 epis\u00f3dios e explora a vida selvagem, a beleza natural da Terra, as extraordin\u00e1rias criaturas vivas, as mudan\u00e7as clim\u00e1ticas e o impacto que elas est\u00e3o ocasionando para nossa exist\u00eancia. Imperd\u00edvel, n\u00e9? T\u00e1 dispon\u00edvel na Netflix \ud83d\ude42\u00a0<\/p>\n\n<p class=\"has-text-align-center\"><img loading=\"lazy\" decoding=\"async\" width=\"350\" height=\"352\" class=\"wp-image-30834\" style=\"width: 350px;\" src=\"https:\/\/www.greenpeace.org\/static\/planet4-brasil-stateless\/2021\/04\/b78f4a16-recife2.jpg\" alt=\"\" srcset=\"https:\/\/www.greenpeace.org\/static\/planet4-brasil-stateless\/2021\/04\/b78f4a16-recife2.jpg 743w, https:\/\/www.greenpeace.org\/static\/planet4-brasil-stateless\/2021\/04\/b78f4a16-recife2-298x300.jpg 298w, https:\/\/www.greenpeace.org\/static\/planet4-brasil-stateless\/2021\/04\/b78f4a16-recife2-150x150.jpg 150w, https:\/\/www.greenpeace.org\/static\/planet4-brasil-stateless\/2021\/04\/b78f4a16-recife2-338x340.jpg 338w\" sizes=\"auto, (max-width: 350px) 100vw, 350px\" \/><\/p>\n\n<p>E pra salvar o nosso planeta, uma das melhores coisas que podemos fazer \u00e9 a mudan\u00e7a de pequenos h\u00e1bitos do dia a dia. Ent\u00e3o por que n\u00e3o come\u00e7ar com o shampoo e condicionador em barra, <a href=\"https:\/\/www.instagram.com\/p\/CNX5gxPHoDM\/\"><strong>indicado pelo grupo de Goi\u00e2nia?&nbsp;<\/strong><\/a><\/p>\n\n<p>Apenas um kit \u00e9 capaz de economizar 5 garrafas pl\u00e1sticas! <\/p>\n\n<p class=\"has-text-align-center\"><img loading=\"lazy\" decoding=\"async\" width=\"350\" height=\"349\" class=\"wp-image-30835\" style=\"width: 350px;\" src=\"https:\/\/www.greenpeace.org\/static\/planet4-brasil-stateless\/2021\/04\/b82a09e6-goiania.jpg\" alt=\"\" srcset=\"https:\/\/www.greenpeace.org\/static\/planet4-brasil-stateless\/2021\/04\/b82a09e6-goiania.jpg 744w, https:\/\/www.greenpeace.org\/static\/planet4-brasil-stateless\/2021\/04\/b82a09e6-goiania-300x300.jpg 300w, https:\/\/www.greenpeace.org\/static\/planet4-brasil-stateless\/2021\/04\/b82a09e6-goiania-150x150.jpg 150w, https:\/\/www.greenpeace.org\/static\/planet4-brasil-stateless\/2021\/04\/b82a09e6-goiania-341x340.jpg 341w\" sizes=\"auto, (max-width: 350px) 100vw, 350px\" \/><\/p>\n\n<p class=\"has-text-align-center\"><img loading=\"lazy\" decoding=\"async\" width=\"820\" height=\"271\" class=\"wp-image-30836\" style=\"width: 820px;\" src=\"https:\/\/www.greenpeace.org\/static\/planet4-brasil-stateless\/2021\/04\/00cbe47a-segunda-sem-carne.png\" alt=\"\" srcset=\"https:\/\/www.greenpeace.org\/static\/planet4-brasil-stateless\/2021\/04\/00cbe47a-segunda-sem-carne.png 1970w, https:\/\/www.greenpeace.org\/static\/planet4-brasil-stateless\/2021\/04\/00cbe47a-segunda-sem-carne-300x99.png 300w, https:\/\/www.greenpeace.org\/static\/planet4-brasil-stateless\/2021\/04\/00cbe47a-segunda-sem-carne-1024x338.png 1024w, https:\/\/www.greenpeace.org\/static\/planet4-brasil-stateless\/2021\/04\/00cbe47a-segunda-sem-carne-768x253.png 768w, https:\/\/www.greenpeace.org\/static\/planet4-brasil-stateless\/2021\/04\/00cbe47a-segunda-sem-carne-1536x507.png 1536w, https:\/\/www.greenpeace.org\/static\/planet4-brasil-stateless\/2021\/04\/00cbe47a-segunda-sem-carne-510x168.png 510w\" sizes=\"auto, (max-width: 820px) 100vw, 820px\" \/><\/p>\n\n<p>J\u00e1 que aqui no Brasil tudo acaba em pizza, vamos encerrar esse gir\u00e3o \u00e0 moda da casa. O grupo de Bertioga separou uma lista com pizzarias veganas em todo pa\u00eds, pra voc\u00ea que ama pizza mas sofre com a falta de op\u00e7\u00f5es sustent\u00e1veis. <a href=\"https:\/\/www.instagram.com\/p\/CNlKBgALboc\/?igshid=1xl1l1biqbq27\"><strong>Vem ver tudo aqui:\u00a0<\/strong><\/a><\/p>\n\n<p class=\"has-text-align-center\"><img loading=\"lazy\" decoding=\"async\" width=\"350\" height=\"352\" class=\"wp-image-30837\" style=\"width: 350px;\" src=\"https:\/\/www.greenpeace.org\/static\/planet4-brasil-stateless\/2021\/04\/78c6ba0a-bertioga9.jpg\" alt=\"\" srcset=\"https:\/\/www.greenpeace.org\/static\/planet4-brasil-stateless\/2021\/04\/78c6ba0a-bertioga9.jpg 740w, https:\/\/www.greenpeace.org\/static\/planet4-brasil-stateless\/2021\/04\/78c6ba0a-bertioga9-298x300.jpg 298w, https:\/\/www.greenpeace.org\/static\/planet4-brasil-stateless\/2021\/04\/78c6ba0a-bertioga9-150x150.jpg 150w, https:\/\/www.greenpeace.org\/static\/planet4-brasil-stateless\/2021\/04\/78c6ba0a-bertioga9-338x340.jpg 338w\" sizes=\"auto, (max-width: 350px) 100vw, 350px\" \/><\/p>\n\n<p><strong>Seguiremos atualizando e apoiando os grupos, afinal, estamos todes juntos nessa \ud83d\ude42<\/strong><\/p>\n<div class=\"EmptyMessage\">Block content is empty. Check the block&#8217;s settings or remove it.<\/div>","protected":false},"excerpt":{"rendered":"<p>Em semana cheia de curiosidades, volunt\u00e1rios e volunt\u00e1rias explicam as consequ\u00eancias da pr\u00e1tica e falam sobre alternativas para um futuro promissor<\/p>\n","protected":false},"author":66,"featured_media":30805,"comment_status":"open","ping_status":"closed","sticky":false,"template":"","format":"standard","meta":{"ep_exclude_from_search":false,"p4_og_title":"","p4_og_description":"","p4_og_image":"","p4_og_image_id":"","p4_seo_canonical_url":"","p4_campaign_name":"not set","p4_local_project":"not set","p4_basket_name":"not set","p4_department":"","footnotes":""},"categories":[4],"tags":[23],"p4-page-type":[38],"class_list":["post-30795","post","type-post","status-publish","format-standard","has-post-thumbnail","hentry","category-ativismo","tag-mobilizacao","p4-page-type-voluntarios"],"_links":{"self":[{"href":"https:\/\/www.greenpeace.org\/brasil\/wp-json\/wp\/v2\/posts\/30795","targetHints":{"allow":["GET"]}}],"collection":[{"href":"https:\/\/www.greenpeace.org\/brasil\/wp-json\/wp\/v2\/posts"}],"about":[{"href":"https:\/\/www.greenpeace.org\/brasil\/wp-json\/wp\/v2\/types\/post"}],"author":[{"embeddable":true,"href":"https:\/\/www.greenpeace.org\/brasil\/wp-json\/wp\/v2\/users\/66"}],"replies":[{"embeddable":true,"href":"https:\/\/www.greenpeace.org\/brasil\/wp-json\/wp\/v2\/comments?post=30795"}],"version-history":[{"count":2,"href":"https:\/\/www.greenpeace.org\/brasil\/wp-json\/wp\/v2\/posts\/30795\/revisions"}],"predecessor-version":[{"id":35207,"href":"https:\/\/www.greenpeace.org\/brasil\/wp-json\/wp\/v2\/posts\/30795\/revisions\/35207"}],"wp:featuredmedia":[{"embeddable":true,"href":"https:\/\/www.greenpeace.org\/brasil\/wp-json\/wp\/v2\/media\/30805"}],"wp:attachment":[{"href":"https:\/\/www.greenpeace.org\/brasil\/wp-json\/wp\/v2\/media?parent=30795"}],"wp:term":[{"taxonomy":"category","embeddable":true,"href":"https:\/\/www.greenpeace.org\/brasil\/wp-json\/wp\/v2\/categories?post=30795"},{"taxonomy":"post_tag","embeddable":true,"href":"https:\/\/www.greenpeace.org\/brasil\/wp-json\/wp\/v2\/tags?post=30795"},{"taxonomy":"p4-page-type","embeddable":true,"href":"https:\/\/www.greenpeace.org\/brasil\/wp-json\/wp\/v2\/p4-page-type?post=30795"}],"curies":[{"name":"wp","href":"https:\/\/api.w.org\/{rel}","templated":true}]}}