{"id":30818,"date":"2021-04-15T15:38:40","date_gmt":"2021-04-15T18:38:40","guid":{"rendered":"https:\/\/www.greenpeace.org\/brasil\/?p=30818"},"modified":"2021-04-16T18:22:21","modified_gmt":"2021-04-16T21:22:21","slug":"sem-ouvir-as-vozes-da-amazonia-nao-e-possivel-um-acordo-com-os-eua","status":"publish","type":"post","link":"https:\/\/www.greenpeace.org\/brasil\/blog\/sem-ouvir-as-vozes-da-amazonia-nao-e-possivel-um-acordo-com-os-eua\/","title":{"rendered":"Sem ouvir as vozes da Amaz\u00f4nia, n\u00e3o \u00e9 poss\u00edvel um acordo com os EUA"},"content":{"rendered":"\n<h4 class=\"wp-block-heading\">Em ato e carta a Joe Biden, lideran\u00e7as de povos ind\u00edgenas e tradicionais, ambientalistas e parlamentares alertam: confiar no governo Bolsonaro \u00e9 legitimar sua pol\u00edtica de destrui\u00e7\u00e3o ambiental<\/h4>\n\n<figure class=\"wp-block-image size-large\"><img loading=\"lazy\" decoding=\"async\" width=\"1024\" height=\"683\" src=\"https:\/\/www.greenpeace.org\/static\/planet4-brasil-stateless\/2021\/04\/f6391029-gp0stt6g8_medium_res-1024x683.jpg\" alt=\"\" class=\"wp-image-30875\" srcset=\"https:\/\/www.greenpeace.org\/static\/planet4-brasil-stateless\/2021\/04\/f6391029-gp0stt6g8_medium_res-1024x683.jpg 1024w, https:\/\/www.greenpeace.org\/static\/planet4-brasil-stateless\/2021\/04\/f6391029-gp0stt6g8_medium_res-300x200.jpg 300w, https:\/\/www.greenpeace.org\/static\/planet4-brasil-stateless\/2021\/04\/f6391029-gp0stt6g8_medium_res-768x512.jpg 768w, https:\/\/www.greenpeace.org\/static\/planet4-brasil-stateless\/2021\/04\/f6391029-gp0stt6g8_medium_res-510x340.jpg 510w, https:\/\/www.greenpeace.org\/static\/planet4-brasil-stateless\/2021\/04\/f6391029-gp0stt6g8_medium_res.jpg 1200w\" sizes=\"auto, (max-width: 1024px) 100vw, 1024px\" \/><figcaption>O recado dos povos da floresta \u00e9: &#8220;governo Biden, n\u00e3o confie no governo brasileiro atual\u201d. <div class=\"credit icon-left\"> \u00a9 Greenpeace<\/div><\/figcaption><\/figure>\n\n<p>Lideran\u00e7as de povos ind\u00edgenas e tradicionais, representantes de organiza\u00e7\u00f5es da sociedade civil, ambientalistas, cientistas, artistas e parlamentares se reuniram nesta manh\u00e3 (quinta-feira, 15), no evento <em>Emerg\u00eancia Amaz\u00f4nica &#8211; Em defesa da Floresta e da Vida<\/em>, para dizer em uma \u00fanica voz: <strong>\u00e9 preciso ouvir as vozes da Amaz\u00f4nia; caso contr\u00e1rio, n\u00e3o ser\u00e1 poss\u00edvel um acordo financeiro entre Brasil e Estados Unidos<\/strong>.<\/p>\n\n<p>O ato, organizado pelo F\u00f3rum Nacional Permanente em Defesa da Amaz\u00f4nia, da C\u00e2mara dos Deputados, teve como objetivo discutir os impactos sociais, ambientais e econ\u00f4micos que a floresta amaz\u00f4nica e seus povos podem sofrer caso as negocia\u00e7\u00f5es entre os governos Biden e Bolsonaro continuem acontecendo \u00e0s escondidas, especialmente quando o pa\u00eds passa pelo pior momento da pandemia, atingindo a marca de mais de 360 mil mortos pela Covid-19, e retorna ao Mapa da Fome.<\/p>\n\n<p>Uma carta-manifesto endere\u00e7ada ao presidente dos Estados Unidos e assinada por 55 parlamentares e mais de 60 organiza\u00e7\u00f5es da sociedade civil, incluindo Greenpeace Brasil, Articula\u00e7\u00e3o dos Povos Ind\u00edgenas do Brasil (Apib) e Observat\u00f3rio do Clima, foi publicada ao final do evento. <strong>O documento alerta que um acordo firmado diante do cen\u00e1rio de destrui\u00e7\u00e3o ambiental e genoc\u00eddio das popula\u00e7\u00f5es da Amaz\u00f4nia representaria uma valida\u00e7\u00e3o \u00e0 pol\u00edtica de retrocessos do governo brasileiro<\/strong>.&nbsp;<\/p>\n\n<p>\u201c\u00c9 alarmante que o governo dos Estados Unidos atribua confian\u00e7a a um governo que empenha o negacionismo clim\u00e1tico e tem a Amaz\u00f4nia e aqueles que lutam por sua conserva\u00e7\u00e3o como inimigos\u201d, diz um trecho da carta, que deixa claro que os signat\u00e1rios apoiam e estimulam a coopera\u00e7\u00e3o internacional para a defesa do meio ambiente no Brasil, tendo em vista o papel estrat\u00e9gico do pa\u00eds no combate \u00e0 crise clim\u00e1tica planet\u00e1ria, mas n\u00e3o sob essas condi\u00e7\u00f5es.&nbsp;<\/p>\n\n<p>Infelizmente, a prote\u00e7\u00e3o da floresta e seus povos n\u00e3o \u00e9 prioridade do atual governo brasileiro que, a uma semana da C\u00fapula do Clima convocada pelo governo Biden, apresenta <a href=\"https:\/\/www.greenpeace.org\/brasil\/blog\/um-plano-para-aumentar-o-desmatamento-e-ainda-ganhar-dinheiro-com-isso\/\">planos ineficientes<\/a> e <a href=\"https:\/\/www1.folha.uol.com.br\/mundo\/2021\/04\/em-carta-a-biden-bolsonaro-promete-acabar-com-desmatamento-ilegal-ate-2030.shtml\" target=\"_blank\" rel=\"noreferrer noopener\">promessas<\/a> que tentam apenas maquiar a realidade. Por isso, afirma Mariana Mota, coordenadora de Pol\u00edticas P\u00fablicas do Greenpeace Brasil, \u201cum poss\u00edvel acordo legitimaria e financiaria a agenda de destrui\u00e7\u00e3o da Amaz\u00f4nia promovida pelo governo federal, que tamb\u00e9m avan\u00e7a no Congresso Nacional para desregulamentar legisla\u00e7\u00f5es socioambientais e fundi\u00e1rias\u201d.&nbsp;<\/p>\n\n<p>Para Mariana, \u00e9 fundamental que a sociedade se una para conter o avan\u00e7o da agenda ruralista e exigir o fortalecimento dos \u00f3rg\u00e3os ambientais e dos recursos necess\u00e1rios para que cumpram sua fun\u00e7\u00e3o de proteger o meio ambiente.&nbsp;<\/p>\n\n<figure class=\"wp-block-image size-large\"><img loading=\"lazy\" decoding=\"async\" width=\"800\" height=\"534\" src=\"https:\/\/www.greenpeace.org\/static\/planet4-brasil-stateless\/2021\/04\/ec7d2066-gp0stqiyw_web_size.jpg\" alt=\"\" class=\"wp-image-30821\" srcset=\"https:\/\/www.greenpeace.org\/static\/planet4-brasil-stateless\/2021\/04\/ec7d2066-gp0stqiyw_web_size.jpg 800w, https:\/\/www.greenpeace.org\/static\/planet4-brasil-stateless\/2021\/04\/ec7d2066-gp0stqiyw_web_size-300x200.jpg 300w, https:\/\/www.greenpeace.org\/static\/planet4-brasil-stateless\/2021\/04\/ec7d2066-gp0stqiyw_web_size-768x513.jpg 768w, https:\/\/www.greenpeace.org\/static\/planet4-brasil-stateless\/2021\/04\/ec7d2066-gp0stqiyw_web_size-510x340.jpg 510w\" sizes=\"auto, (max-width: 800px) 100vw, 800px\" \/><figcaption>A Amaz\u00f4nia \u00e9 fundamental para o enfrentamento da crise clim\u00e1tica mundial e precisa ser protegida.<div class=\"credit icon-left\"> \u00a9 Daniel Beltr\u00e1 \/ Greenpeace<\/div><\/figcaption><\/figure>\n\n<h4 class=\"wp-block-heading\"><strong>\u201cN\u00e3o aceito madeireiros e garimpeiros dentro da minha terra. Quero a floresta em p\u00e9\u201d<\/strong><\/h4>\n\n<p>Em um discurso comovente dirigido ao presidente Joe Biden, o cacique Raoni, a maior lideran\u00e7a ind\u00edgena do Brasil, mandou um recado claro: \u201cN\u00e3o aceito madeireiros e garimpeiros dentro da minha terra. Quero a floresta em p\u00e9. Eu n\u00e3o estou aqui de brincadeira\u201d, ele disse em v\u00eddeo gravado para o evento. <strong>Raoni recomendou ao presidente dos Estados Unidos que ignore o que o governante brasileiro tem a dizer<\/strong>, e lembrou que Bolsonaro foi o \u00fanico presidente do pa\u00eds a agir contra o cacique, reconhecido internacionalmente por sua luta em defesa da Amaz\u00f4nia. (Leia a mensagem completa de Raoni ao final do blog)<\/p>\n\n<p>A atriz e ambientalista Luc\u00e9lia Santos tamb\u00e9m se dirigiu ao presidente estadunidense: \u201cN\u00e3o sei se voc\u00ea j\u00e1 esteve na Amaz\u00f4nia. Se n\u00e3o esteve ainda, por favor venha. Sem nenhuma ironia, eu digo o seguinte: tem gente na Amaz\u00f4nia, s\u00e3o 30 milh\u00f5es de brasileiros e brasileiras. <strong>Os assuntos relacionados \u00e0 Amaz\u00f4nia t\u00eam que ser discutidos com os povos que est\u00e3o diretamente ligados \u00e0 Amaz\u00f4nia. <\/strong>N\u00e3o existe qualquer possibilidade de voc\u00ea ser bem-vindo negociando a portas fechadas com Bolsonaro\u201d. Luc\u00e9lia afirmou que Biden inspirou a todos ao retomar as conversas sobre o Acordo de Paris, para ent\u00e3o lembrar que Bolsonaro rejeita o tratado internacional do clima.&nbsp;<\/p>\n\n<p>Bolsonaro n\u00e3o apenas nega o acordo clim\u00e1tico como chamou a pr\u00f3pria elei\u00e7\u00e3o dos Estados Unidos de fraude, conforme lembrou M\u00e1rcio Astrini, secret\u00e1rio-executivo do Observat\u00f3rio do Clima. \u201cA ajuda internacional \u00e9 sempre muito bem-vinda, mas o dinheiro n\u00e3o pode parar nas m\u00e3os desse tipo de gente. O recado final \u00e9: governo americano, n\u00e3o confie no governo brasileiro\u201d.&nbsp;<\/p>\n\n<p class=\"has-grey-900-color has-yellow-background-color has-text-color has-background\"><strong>Mensagem do cacique Raoni ao presidente Joe Biden<\/strong><br><br>\u201cPresidente dos Estados Unidos. Ou\u00e7a com aten\u00e7\u00e3o o que vou falar. Tenho ouvido muitas coisas ruins, por isso tenho ficado muito triste. Triste por saber que, de tudo que eu tenho feito em prol do meio ambiente, ele est\u00e1 sendo cada dia mais amea\u00e7ado.<br><br>Senhor Presidente, o presidente deste pa\u00eds tem feito muitas mentiras. Ou\u00e7a-me. Eu n\u00e3o aceito madeireiros aqui dentro da minha terra e nem garimpeiros. Quero a floresta em p\u00e9, para que mantenha os animais alimentados. <br><br>A minha popula\u00e7\u00e3o Kayap\u00f3 tem aumentado a cada dia. Ou\u00e7a o que estou falando, entenda o meu pensamento, me ajude e eu tamb\u00e9m vou te ajudar. Para que possamos conseguir somente coisas boas, para que as pessoas reconhe\u00e7am os frutos do nosso trabalho, pensamentos que estou falando de muito longe, senhor presidente. N\u00e3o sei falar seu nome. Mas o meu nome o senhor j\u00e1 conhece. Eu me chamo Raoni. \u00c9 isso.&nbsp;<br><br>Eu n\u00e3o estou aqui de brincadeira. Eu sempre lutei pela perman\u00eancia desta floresta e desta terra. Que seja intacta. Desde jovem venho falando sobre isso. E os presidentes anteriores sempre me escutaram. Somente este presidente est\u00e1 contra mim. Eu n\u00e3o gostei disso, por isso estou falando para o senhor, espero que me escute onde estiver. Se este presidente ruim falar alguma coisa para o senhor, ignore-o! Diga que Raoni j\u00e1 falou contigo. Diga apenas isso. Para ver se ele toma ju\u00edzo. Ele est\u00e1 querendo liberar desmatamento nas nossas florestas, incentivando invas\u00f5es \u00e0s nossas terras. E eu n\u00e3o estou gostando nada disso. Quero nossos rios limpos, sem barragens. Para que a floresta permane\u00e7a em p\u00e9 e para que meus netos e bisnetos possam viver nela que eu estou pedindo.&nbsp;<br><br>Essas minhas palavras s\u00e3o para que tenhamos paz e harmonia. Para qu\u00ea nos odiar tanto por causa da terra e da floresta? N\u00e3o pode ser assim. S\u00f3 n\u00e3o quero ver ningu\u00e9m derrubando a floresta. N\u00e3o quero explora\u00e7\u00e3o de min\u00e9rios. Pois tudo que tinha ao nosso redor, j\u00e1 est\u00e1 acabando. Se n\u00e3o souberam cuidar os seus territ\u00f3rios, para qu\u00ea incomodar o nosso que estamos cuidando?<br><br>Era isso que queria dizer! Aperto sua m\u00e3o de longe. Mando ainda um abra\u00e7o para o senhor de longe. Estou doente e triste ao mesmo tempo. Pois muitas pessoas que eu conhe\u00e7o morreram. Aqui tamb\u00e9m muitos morreram. Por isso a minha tristeza. Mesmo estando muito triste, a circunst\u00e2ncia me for\u00e7ou a falar novamente em p\u00fablico. N\u00e3o deveria estar fazendo isso, mas estou! Para que o senhor me escute, reflita e que assim possamos encontrar um caminho, uma solu\u00e7\u00e3o melhor para preservar o meio ambiente. S\u00f3 isso, obrigado!\u201d<\/p>\n\n<figure class=\"wp-block-embed is-type-video is-provider-youtube wp-block-embed-youtube wp-embed-aspect-16-9 wp-has-aspect-ratio\"><div class=\"wp-block-embed__wrapper\">\n<lite-youtube style=\"background-image: url('https:\/\/i.ytimg.com\/vi\/V-A1WcIUyA0\/hqdefault.jpg');\" videoid=\"V-A1WcIUyA0\" params=\"rel=0\"><\/lite-youtube>\n<\/div><\/figure>\n","protected":false},"excerpt":{"rendered":"<p>Em ato e carta a Joe Biden, lideran\u00e7as de povos ind\u00edgenas e tradicionais, ambientalistas e parlamentares alertam: confiar no governo Bolsonaro \u00e9 legitimar sua pol\u00edtica de destrui\u00e7\u00e3o ambiental <\/p>\n","protected":false},"author":19,"featured_media":30875,"comment_status":"open","ping_status":"closed","sticky":false,"template":"","format":"standard","meta":{"ep_exclude_from_search":false,"p4_og_title":"","p4_og_description":"","p4_og_image":"","p4_og_image_id":"","p4_seo_canonical_url":"","p4_campaign_name":"Covid-19 Response","p4_local_project":"not set","p4_basket_name":"not set","p4_department":"","footnotes":""},"categories":[2],"tags":[22,23],"p4-page-type":[16],"class_list":["post-30818","post","type-post","status-publish","format-standard","has-post-thumbnail","hentry","category-transforme-a-sociedade","tag-florestas","tag-mobilizacao","p4-page-type-blog"],"_links":{"self":[{"href":"https:\/\/www.greenpeace.org\/brasil\/wp-json\/wp\/v2\/posts\/30818","targetHints":{"allow":["GET"]}}],"collection":[{"href":"https:\/\/www.greenpeace.org\/brasil\/wp-json\/wp\/v2\/posts"}],"about":[{"href":"https:\/\/www.greenpeace.org\/brasil\/wp-json\/wp\/v2\/types\/post"}],"author":[{"embeddable":true,"href":"https:\/\/www.greenpeace.org\/brasil\/wp-json\/wp\/v2\/users\/19"}],"replies":[{"embeddable":true,"href":"https:\/\/www.greenpeace.org\/brasil\/wp-json\/wp\/v2\/comments?post=30818"}],"version-history":[{"count":12,"href":"https:\/\/www.greenpeace.org\/brasil\/wp-json\/wp\/v2\/posts\/30818\/revisions"}],"predecessor-version":[{"id":30876,"href":"https:\/\/www.greenpeace.org\/brasil\/wp-json\/wp\/v2\/posts\/30818\/revisions\/30876"}],"wp:featuredmedia":[{"embeddable":true,"href":"https:\/\/www.greenpeace.org\/brasil\/wp-json\/wp\/v2\/media\/30875"}],"wp:attachment":[{"href":"https:\/\/www.greenpeace.org\/brasil\/wp-json\/wp\/v2\/media?parent=30818"}],"wp:term":[{"taxonomy":"category","embeddable":true,"href":"https:\/\/www.greenpeace.org\/brasil\/wp-json\/wp\/v2\/categories?post=30818"},{"taxonomy":"post_tag","embeddable":true,"href":"https:\/\/www.greenpeace.org\/brasil\/wp-json\/wp\/v2\/tags?post=30818"},{"taxonomy":"p4-page-type","embeddable":true,"href":"https:\/\/www.greenpeace.org\/brasil\/wp-json\/wp\/v2\/p4-page-type?post=30818"}],"curies":[{"name":"wp","href":"https:\/\/api.w.org\/{rel}","templated":true}]}}