{"id":30969,"date":"2021-04-23T16:05:28","date_gmt":"2021-04-23T19:05:28","guid":{"rendered":"https:\/\/www.greenpeace.org\/brasil\/?p=30969"},"modified":"2021-05-04T09:58:59","modified_gmt":"2021-05-04T12:58:59","slug":"arthur-lira-quer-acelerar-o-trator-ruralista-precisamos-frea-lo","status":"publish","type":"post","link":"https:\/\/www.greenpeace.org\/brasil\/blog\/arthur-lira-quer-acelerar-o-trator-ruralista-precisamos-frea-lo\/","title":{"rendered":"Arthur Lira quer acelerar o trator ruralista: precisamos fre\u00e1-lo!"},"content":{"rendered":"\n<h4 class=\"wp-block-heading\">Ruralistas querem pautar PL da Grilagem e da flexibiliza\u00e7\u00e3o do licenciamento, amea\u00e7as graves ao meio ambiente e aos povos da floresta. Ajude a pressionar o presidente da C\u00e2mara<\/h4>\n\n<figure class=\"wp-block-image size-large\"><img loading=\"lazy\" decoding=\"async\" width=\"1024\" height=\"683\" src=\"https:\/\/www.greenpeace.org\/static\/planet4-brasil-stateless\/2021\/04\/b66ee2eb-freionotrator2_1200x800-1024x683.png\" alt=\"\" class=\"wp-image-30983\" srcset=\"https:\/\/www.greenpeace.org\/static\/planet4-brasil-stateless\/2021\/04\/b66ee2eb-freionotrator2_1200x800-1024x683.png 1024w, https:\/\/www.greenpeace.org\/static\/planet4-brasil-stateless\/2021\/04\/b66ee2eb-freionotrator2_1200x800-300x200.png 300w, https:\/\/www.greenpeace.org\/static\/planet4-brasil-stateless\/2021\/04\/b66ee2eb-freionotrator2_1200x800-768x512.png 768w, https:\/\/www.greenpeace.org\/static\/planet4-brasil-stateless\/2021\/04\/b66ee2eb-freionotrator2_1200x800-510x340.png 510w, https:\/\/www.greenpeace.org\/static\/planet4-brasil-stateless\/2021\/04\/b66ee2eb-freionotrator2_1200x800.png 1200w\" sizes=\"auto, (max-width: 1024px) 100vw, 1024px\" \/><\/figure>\n\n<p>Pegando carona no <a href=\"https:\/\/www.greenpeace.org\/brasil\/blog\/a-quem-bolsonaro-quer-enganar\/\">discurso mentiroso<\/a> do presidente Jair Bolsonaro na C\u00fapula do Clima, ontem (22\/03), o presidente da C\u00e2mara dos Deputados Arthur Lira (PP\/AL) <a rel=\"noreferrer noopener\" href=\"https:\/\/economia.estadao.com.br\/noticias\/geral,lira-diz-em-evento-que-vai-pautar-licenciamento-ambiental-e-regularizacao-fundiaria,70003690331?utm_source=twitter:newsfeed&amp;utm_medium=social-organic&amp;utm_campaign=redes-sociais:042021:e&amp;utm_content=:::&amp;utm_term=\" target=\"_blank\">prometeu colocar em pauta<\/a> projetos de lei (PLs) que ele vende como bons para a sociedade, mas que, se aprovados, ir\u00e3o fazer estrago na Amaz\u00f4nia e em outras regi\u00f5es do pa\u00eds. O primeiro \u00e9 o PL da Grilagem; o segundo, o PL do Licenciamento Ambiental. [<em>Veja ao fim do blog como voc\u00ea pode ajudar<\/em>]<\/p>\n\n<p><strong>A Lira e a todos os deputados e senadores, o recado \u00e9 claro: \u00e9 inadmiss\u00edvel que seja discutido qualquer tema que n\u00e3o esteja diretamente ligado a solucionar a crise sanit\u00e1ria que se instalou no pa\u00eds devido \u00e0 pandemia. Todas as aten\u00e7\u00f5es do Parlamento precisam estar voltadas para salvar vidas, n\u00e3o para amea\u00e7\u00e1-las ainda mais.<\/strong><\/p>\n\n<h3 class=\"wp-block-heading\"><strong>PL da Grilagem volta a assombrar<\/strong><\/h3>\n\n<p>As constantes tentativas de altera\u00e7\u00e3o das leis sobre regulariza\u00e7\u00e3o fundi\u00e1ria fazem a gente se perguntar: a quem interessa tanta mudan\u00e7a? Apesar de todas as manifesta\u00e7\u00f5es contr\u00e1rias ao PL 2.633\/2020, mais conhecido como o<strong> PL da Grilagem<\/strong>, em 2020, os ruralistas no Congresso insistem em fechar os ouvidos para a sociedade e querem legalizar o roubo de terras p\u00fablicas, beneficiando grupos criminosos e desmatadores. (Relembre <a href=\"https:\/\/www.greenpeace.org\/brasil\/blog\/mp-da-grilagem-vira-pl-da-grilagem-e-ameaca-as-florestas-continua\/\">aqui<\/a> que a MP da Grilagem virou o PL da Grilagem).<\/p>\n\n<p>Junto com o PL 510\/2021, no Senado, e o <a href=\"https:\/\/www.greenpeace.org\/brasil\/blog\/vexame-no-senado-o-trator-ruralista-esta-passando\/\">PL 4.348\/2019<\/a>, na C\u00e2mara, o PL da Grilagem \u00e9 um incentivo para que novas invas\u00f5es e desmatamentos ilegais aconte\u00e7am, pois \u00e9 um atestado de que o crime compensa. A regulariza\u00e7\u00e3o fundi\u00e1ria \u00e9 uma quest\u00e3o importante no Brasil, mas feita dessa forma n\u00e3o contempla quem de fato tem direito \u00e0 titula\u00e7\u00e3o, que s\u00e3o os agricultores e agricultoras familiares. Para regularizar as propriedades desses trabalhadores e trabalhadoras, que esperam h\u00e1 anos por isso, <strong>j\u00e1 existe lei, n\u00e3o precisamos de uma nova legisla\u00e7\u00e3o<\/strong>. O que falta \u00e9 interesse pol\u00edtico e capacidade dos \u00f3rg\u00e3os. Que tal se Bolsonaro fortalecer o Incra e deix\u00e1-lo trabalhar?&nbsp;<\/p>\n\n<p>Al\u00e9m disso, o governo precisa reconhecer, com urg\u00eancia, os direitos territoriais de popula\u00e7\u00f5es ind\u00edgenas e comunidades tradicionais, demarcando e titulando suas terras, al\u00e9m de priorizar a cria\u00e7\u00e3o das unidades de conserva\u00e7\u00e3o, que protegem a floresta.&nbsp;<\/p>\n\n<h3 class=\"wp-block-heading\"><strong>Licenciamento ambiental n\u00e3o \u00e9 entrave, \u00e9 solu\u00e7\u00e3o<\/strong><\/h3>\n\n<p>Outro assunto trazido pelo trator ruralista \u00e9 o <strong>PL do Licenciamento <\/strong>(a Lei Geral do Licenciamento Ambiental, n\u00ba 3.729\/2004). O licenciamento ambiental \u00e9 um instrumento extremamente importante para prevenir e mitigar os impactos negativos ao ambiente e \u00e0s popula\u00e7\u00f5es quando h\u00e1 instala\u00e7\u00e3o de empreendimentos (por exemplo, usinas hidrel\u00e9tricas e rodovias). <\/p>\n\n<p>Por\u00e9m, a bancada ruralista quer que o PL do Licenciamento transforme&nbsp;essa ferramenta em mera burocracia, enfraquecendo a prote\u00e7\u00e3o ambiental, reduzindo a participa\u00e7\u00e3o das popula\u00e7\u00f5es impactadas e trazendo inseguran\u00e7a jur\u00eddica para os pr\u00f3prios empreendedores. No momento em que a Amaz\u00f4nia sofre com <a href=\"https:\/\/www.greenpeace.org\/brasil\/blog\/desmatamento-na-amazonia-e-o-maior-desde-2008-segundo-dados-do-prodes\/\">taxas recordes de desmatamento<\/a>, fragilizar o licenciamento ambiental \u00e9 ajudar a decretar a morte da floresta.&nbsp;<\/p>\n\n<p>Diversas organiza\u00e7\u00f5es da sociedade civil (Observat\u00f3rio do Clima, Greenpeace, WWF, Instituto Socioambiental, SOS Mata Atl\u00e2ntica, Instituto Democracia e Sustentabilidade, Instituto Sociedade, Popula\u00e7\u00e3o e Natureza e Inesc) entregaram na semana passada um documento ao relator do PL do Licenciamento, deputado Neri Geller (PP\/MT). <a href=\"https:\/\/www.oc.eco.br\/wp-content\/uploads\/2021\/04\/Documento-para-o-relator-do-Licenciamento-versa%CC%83o-final-13-04-2021.pdf\" target=\"_blank\" rel=\"noreferrer noopener\">Na nota de posicionamento<\/a>, as entidades afirmam que um texto complexo como esse, que pode impactar a vida de milh\u00f5es de pessoas e envolve praticamente todas as atividades socioecon\u00f4micas, n\u00e3o pode ser votado diretamente em plen\u00e1rio, sem debate e participa\u00e7\u00e3o da sociedade.<\/p>\n\n<p><strong>Um novo texto sobre licenciamento, baseado nas propostas anteriores, ainda ser\u00e1 apresentado por Neri Geller, e as entidades refor\u00e7am a necessidade de discuti-lo amplamente antes de ser colocado em vota\u00e7\u00e3o.&nbsp;<\/strong><\/p>\n\n<p>As organiza\u00e7\u00f5es lembram que existe um consenso sobre o Brasil ter uma lei espec\u00edfica sobre o tema e sobre a necessidade de se tratar de modalidades simplificadas de licenciamento para empreendimentos de baixo impacto e risco. Mas essa, definitivamente, n\u00e3o \u00e9 a hora adequada para se discutir o tema.&nbsp;<\/p>\n\n<figure class=\"wp-block-image size-large\"><img loading=\"lazy\" decoding=\"async\" width=\"1024\" height=\"683\" src=\"https:\/\/www.greenpeace.org\/static\/planet4-brasil-stateless\/2021\/04\/5b9aa7a8-freionotrator2_1200x800-1024x683.png\" alt=\"\" class=\"wp-image-31018\" srcset=\"https:\/\/www.greenpeace.org\/static\/planet4-brasil-stateless\/2021\/04\/5b9aa7a8-freionotrator2_1200x800-1024x683.png 1024w, https:\/\/www.greenpeace.org\/static\/planet4-brasil-stateless\/2021\/04\/5b9aa7a8-freionotrator2_1200x800-300x200.png 300w, https:\/\/www.greenpeace.org\/static\/planet4-brasil-stateless\/2021\/04\/5b9aa7a8-freionotrator2_1200x800-768x512.png 768w, https:\/\/www.greenpeace.org\/static\/planet4-brasil-stateless\/2021\/04\/5b9aa7a8-freionotrator2_1200x800-510x340.png 510w, https:\/\/www.greenpeace.org\/static\/planet4-brasil-stateless\/2021\/04\/5b9aa7a8-freionotrator2_1200x800.png 1200w\" sizes=\"auto, (max-width: 1024px) 100vw, 1024px\" \/><\/figure>\n\n<p>Algumas das amea\u00e7as que o PL do Licenciamento pode trazer s\u00e3o:<\/p>\n\n<ul class=\"wp-block-list\"><li>Isen\u00e7\u00e3o de licenciamento de atividades com <strong>impacto ambiental<\/strong>;<\/li><li>Brecha para que estados e munic\u00edpios atraiam empreendimentos para suas localidades por terem regras de licenciamento <strong>menos r\u00edgidas<\/strong> que outras unidades da federa\u00e7\u00e3o;<\/li><li>Abertura para aplica\u00e7\u00e3o da Licen\u00e7a por Ades\u00e3o e Compromisso (LAC), op\u00e7\u00e3o que pode tornar o licenciamento <strong>exce\u00e7\u00e3o ao inv\u00e9s de regra<\/strong>, levando a uma esp\u00e9cie de autolicenciamento que gerar\u00e1 problemas s\u00e9rios;<\/li><li>Restri\u00e7\u00f5es \u00e0 <strong>participa\u00e7\u00e3o popular<\/strong> no processo de licenciamento, inclusive das pessoas impactadas por empreendimentos;<\/li><li>Restri\u00e7\u00e3o \u00e0 <strong>participa\u00e7\u00e3o de \u00f3rg\u00e3os fundamentais<\/strong>, como o Instituto Chico Mendes de Conserva\u00e7\u00e3o da Biodiversidade (ICMBio), Funai, Iphan, o Minist\u00e9rio da Agricultura e o Minist\u00e9rio da Sa\u00fade, gerando inconstitucionalidade e colocando em risco direitos dos povos ind\u00edgenas e tradicionais;<\/li><li>Aus\u00eancia de qualquer tratamento \u00e0 quest\u00e3o das <strong>mudan\u00e7as clim\u00e1ticas<\/strong>.&nbsp;<\/li><\/ul>\n\n<h3 class=\"wp-block-heading\"><strong>Como eu ajudo a frear o trator?<\/strong><\/h3>\n\n<p>Escreva para o presidente da C\u00e2mara dos Deputados, Arthur Lira, e pressione para que ele n\u00e3o paute projetos sobre licenciamento ambiental e regulariza\u00e7\u00e3o fundi\u00e1ria no plen\u00e1rio da Casa. A prioridade agora \u00e9 o combate \u00e0 Covid-19!<\/p>\n\n<p><strong>Twitter: <\/strong><strong>@ArthurLira_&nbsp;<\/strong><\/p>\n\n<p><strong>Facebook: <\/strong><a href=\"https:\/\/www.facebook.com\/arthurliradeputadofederal\"><strong>https:\/\/www.facebook.com\/arthurliradeputadofederal<\/strong><\/a><\/p>\n\n<p><strong>Instagram: <\/strong><a href=\"https:\/\/www.instagram.com\/oficialarthurlira\/\"><strong>https:\/\/www.instagram.com\/oficialarthurlira\/<\/strong><\/a><\/p>\n\n<p><strong>E-mails: dep.arthurlira@camara.leg.br <strong>e presidencia@camara.leg.br<\/strong><\/strong><\/p>\n","protected":false},"excerpt":{"rendered":"<p>Ruralistas querem pautar PL da Grilagem e da flexibiliza\u00e7\u00e3o do licenciamento, amea\u00e7as graves ao meio ambiente e aos povos da floresta. Ajude a pressionar o presidente da C\u00e2mara<\/p>\n","protected":false},"author":19,"featured_media":30983,"comment_status":"open","ping_status":"closed","sticky":false,"template":"","format":"standard","meta":{"ep_exclude_from_search":false,"p4_og_title":"","p4_og_description":"","p4_og_image":"","p4_og_image_id":"","p4_seo_canonical_url":"","p4_campaign_name":"not set","p4_local_project":"not set","p4_basket_name":"not set","p4_department":"","footnotes":""},"categories":[2],"tags":[13,22],"p4-page-type":[16],"class_list":["post-30969","post","type-post","status-publish","format-standard","has-post-thumbnail","hentry","category-transforme-a-sociedade","tag-greenpeace","tag-florestas","p4-page-type-blog"],"_links":{"self":[{"href":"https:\/\/www.greenpeace.org\/brasil\/wp-json\/wp\/v2\/posts\/30969","targetHints":{"allow":["GET"]}}],"collection":[{"href":"https:\/\/www.greenpeace.org\/brasil\/wp-json\/wp\/v2\/posts"}],"about":[{"href":"https:\/\/www.greenpeace.org\/brasil\/wp-json\/wp\/v2\/types\/post"}],"author":[{"embeddable":true,"href":"https:\/\/www.greenpeace.org\/brasil\/wp-json\/wp\/v2\/users\/19"}],"replies":[{"embeddable":true,"href":"https:\/\/www.greenpeace.org\/brasil\/wp-json\/wp\/v2\/comments?post=30969"}],"version-history":[{"count":15,"href":"https:\/\/www.greenpeace.org\/brasil\/wp-json\/wp\/v2\/posts\/30969\/revisions"}],"predecessor-version":[{"id":31274,"href":"https:\/\/www.greenpeace.org\/brasil\/wp-json\/wp\/v2\/posts\/30969\/revisions\/31274"}],"wp:featuredmedia":[{"embeddable":true,"href":"https:\/\/www.greenpeace.org\/brasil\/wp-json\/wp\/v2\/media\/30983"}],"wp:attachment":[{"href":"https:\/\/www.greenpeace.org\/brasil\/wp-json\/wp\/v2\/media?parent=30969"}],"wp:term":[{"taxonomy":"category","embeddable":true,"href":"https:\/\/www.greenpeace.org\/brasil\/wp-json\/wp\/v2\/categories?post=30969"},{"taxonomy":"post_tag","embeddable":true,"href":"https:\/\/www.greenpeace.org\/brasil\/wp-json\/wp\/v2\/tags?post=30969"},{"taxonomy":"p4-page-type","embeddable":true,"href":"https:\/\/www.greenpeace.org\/brasil\/wp-json\/wp\/v2\/p4-page-type?post=30969"}],"curies":[{"name":"wp","href":"https:\/\/api.w.org\/{rel}","templated":true}]}}