{"id":31173,"date":"2021-04-30T11:50:24","date_gmt":"2021-04-30T14:50:24","guid":{"rendered":"https:\/\/www.greenpeace.org\/brasil\/?p=31173"},"modified":"2024-04-01T11:29:53","modified_gmt":"2024-04-01T14:29:53","slug":"400-mil-vidas-perdidas-pela-covid-19-ja-passou-da-hora-do-brasil-proteger-seus-cidadaos","status":"publish","type":"post","link":"https:\/\/www.greenpeace.org\/brasil\/blog\/400-mil-vidas-perdidas-pela-covid-19-ja-passou-da-hora-do-brasil-proteger-seus-cidadaos\/","title":{"rendered":"400 mil vidas perdidas pela Covid-19: j\u00e1 passou da hora do Brasil proteger seus cidad\u00e3os"},"content":{"rendered":"\n<h4 class=\"wp-block-heading\">Do Encontro das \u00c1guas, em Manaus (AM), o Greenpeace envia mensagem de solidariedade e cobra do poder p\u00fablico medidas efetivas de combate \u00e0 pandemia, com foco na prote\u00e7\u00e3o das pessoas<\/h4>\n\n<figure class=\"wp-block-image aligncenter size-large\"><img loading=\"lazy\" decoding=\"async\" width=\"1024\" height=\"576\" src=\"https:\/\/www.greenpeace.org\/static\/planet4-brasil-stateless\/2021\/04\/f321eeb9-gp1sv49e_high_res-1024x576.jpg\" alt=\"\" class=\"wp-image-31180\" srcset=\"https:\/\/www.greenpeace.org\/static\/planet4-brasil-stateless\/2021\/04\/f321eeb9-gp1sv49e_high_res-1024x576.jpg 1024w, https:\/\/www.greenpeace.org\/static\/planet4-brasil-stateless\/2021\/04\/f321eeb9-gp1sv49e_high_res-300x169.jpg 300w, https:\/\/www.greenpeace.org\/static\/planet4-brasil-stateless\/2021\/04\/f321eeb9-gp1sv49e_high_res-768x432.jpg 768w, https:\/\/www.greenpeace.org\/static\/planet4-brasil-stateless\/2021\/04\/f321eeb9-gp1sv49e_high_res-1536x863.jpg 1536w, https:\/\/www.greenpeace.org\/static\/planet4-brasil-stateless\/2021\/04\/f321eeb9-gp1sv49e_high_res-2048x1151.jpg 2048w, https:\/\/www.greenpeace.org\/static\/planet4-brasil-stateless\/2021\/04\/f321eeb9-gp1sv49e_high_res-510x287.jpg 510w\" sizes=\"auto, (max-width: 1024px) 100vw, 1024px\" \/><figcaption class=\"wp-element-caption\">Ativistas utilizaram 18 toneladas de alimentos, m\u00e1scaras, materiais de higiene e cilindros de oxig\u00eanio para formar a mensagem. Foto: Leo Otero\/Greenpeace<\/figcaption><\/figure>\n\n<p>Ap\u00f3s o Brasil atingir a tr\u00e1gica marca de mais de 400 mil mortos pela Covid-19, o Encontro das \u00c1guas de Manaus (AM), um dos mais famosos s\u00edmbolos da Amaz\u00f4nia brasileira, amanheceu com uma mensagem de solidariedade: a bordo de uma grande balsa, ativistas do Greenpeace Brasil utilizaram alimentos, m\u00e1scaras, materiais de higiene e cilindros de oxig\u00eanio para formar a mensagem \u201c400 mil vidas\u201d, em respeito \u00e0s v\u00edtimas e suas fam\u00edlias.&nbsp;&nbsp;<\/p>\n\n<p>Para formar a mensagem \u201c400 mil vidas\u201d, de 14 metros de altura e 92 metros de comprimento, foram utilizadas 18 toneladas de mantimentos e produtos, que ser\u00e3o doados para comunidades e institui\u00e7\u00f5es que j\u00e1 v\u00eam atendendo fam\u00edlias em situa\u00e7\u00e3o de vulnerabilidade na capital do Amazonas e seu entorno: CUFA Manaus, Parque das Tribos, Comunidade do Juli\u00e3o, Aldeia Beija-flor e Associa\u00e7\u00e3o Omisma Watyam\u00e3.<\/p>\n\n<p>Diante da <a href=\"https:\/\/www.greenpeace.org\/brasil\/blog\/nossa-natureza-e-de-luta-e-pela-vida\/\">mais grave crise de sa\u00fade j\u00e1 enfrentada<\/a> na hist\u00f3ria recente do pa\u00eds, a a\u00e7\u00e3o realizada hoje tamb\u00e9m tem como objetivo cobrar do poder p\u00fablico sua responsabilidade no combate \u00e0 pandemia, com foco priorit\u00e1rio na ado\u00e7\u00e3o de medidas eficazes de prote\u00e7\u00e3o para toda a sociedade brasileira, com destaque para pol\u00edticas p\u00fablicas focadas nas classes mais vulner\u00e1veis e na redu\u00e7\u00e3o das desigualdades, que t\u00eam se acentuado nos \u00faltimos meses.<\/p>\n\n<p>\u201cChegamos ao tr\u00e1gico n\u00famero de 400 mil pessoas que perderam suas vidas por conta de um cen\u00e1rio que, em grande parte, poderia ter sido evitado. Vivemos hoje em um pa\u00eds onde falta respeito \u00e0 popula\u00e7\u00e3o e onde milh\u00f5es de brasileiras e brasileiros seguem abandonados \u00e0 pr\u00f3pria sorte &#8211; sem vacina, sem comida, sem emprego\u201d, afirma Tica Minami, Diretora de Programas do Greenpeace Brasil. \u201cDesde o in\u00edcio da pandemia, o governo federal vem agindo de forma irrespons\u00e1vel para lidar com a doen\u00e7a e proteger a popula\u00e7\u00e3o, provocando danos profundos a milhares de fam\u00edlias e preju\u00edzos econ\u00f4micos para o pa\u00eds. Trata-se de um cen\u00e1rio que poderia ter sido evitado se a pandemia tivesse sido tratada com seriedade e respeito pela ci\u00eancia\u201d, complementa.&nbsp;<\/p>\n<div data-hydrate=\"planet4-blocks\/gallery\" data-attributes=\"{&quot;attributes&quot;:{&quot;multiple_image&quot;:&quot;31212,31213,31214,31215,31216,31217,31218,31219&quot;,&quot;image_data&quot;:[{&quot;url&quot;:&quot;https:\\\/\\\/www.greenpeace.org\\\/static\\\/planet4-brasil-stateless\\\/2021\\\/04\\\/d99cd4a9-foto-2.jpg&quot;,&quot;focalPoint&quot;:{&quot;x&quot;:0.5,&quot;y&quot;:0.5},&quot;id&quot;:31212},{&quot;url&quot;:&quot;https:\\\/\\\/www.greenpeace.org\\\/static\\\/planet4-brasil-stateless\\\/2021\\\/04\\\/5605987c-foto-3.jpg&quot;,&quot;focalPoint&quot;:{&quot;x&quot;:0.5,&quot;y&quot;:0.5},&quot;id&quot;:31213},{&quot;url&quot;:&quot;https:\\\/\\\/www.greenpeace.org\\\/static\\\/planet4-brasil-stateless\\\/2021\\\/04\\\/03c38d22-foto-4.jpg&quot;,&quot;focalPoint&quot;:{&quot;x&quot;:0.5,&quot;y&quot;:0.5},&quot;id&quot;:31214},{&quot;url&quot;:&quot;https:\\\/\\\/www.greenpeace.org\\\/static\\\/planet4-brasil-stateless\\\/2021\\\/04\\\/f0b39d61-gp1sv4a3_pressmedia.jpg&quot;,&quot;focalPoint&quot;:{&quot;x&quot;:0.5,&quot;y&quot;:0.5},&quot;id&quot;:31215},{&quot;url&quot;:&quot;https:\\\/\\\/www.greenpeace.org\\\/static\\\/planet4-brasil-stateless\\\/2021\\\/04\\\/00263a83-gp1sv49w_pressmedia.jpg&quot;,&quot;focalPoint&quot;:{&quot;x&quot;:0.5,&quot;y&quot;:0.5},&quot;id&quot;:31216},{&quot;url&quot;:&quot;https:\\\/\\\/www.greenpeace.org\\\/static\\\/planet4-brasil-stateless\\\/2021\\\/04\\\/65a4a593-gp1sv3vj_pressmedia.jpg&quot;,&quot;focalPoint&quot;:{&quot;x&quot;:0.5,&quot;y&quot;:0.5},&quot;id&quot;:31217},{&quot;url&quot;:&quot;https:\\\/\\\/www.greenpeace.org\\\/static\\\/planet4-brasil-stateless\\\/2021\\\/04\\\/113dfa26-gp1sv48v_pressmedia.jpg&quot;,&quot;focalPoint&quot;:{&quot;x&quot;:0.5,&quot;y&quot;:0.5},&quot;id&quot;:31218},{&quot;url&quot;:&quot;https:\\\/\\\/www.greenpeace.org\\\/static\\\/planet4-brasil-stateless\\\/2021\\\/04\\\/19330278-gp1sv48y_pressmedia.jpg&quot;,&quot;focalPoint&quot;:{&quot;x&quot;:0.5,&quot;y&quot;:0.5},&quot;id&quot;:31219}],&quot;gallery_block_style&quot;:0,&quot;gallery_block_title&quot;:&quot;&quot;,&quot;gallery_block_description&quot;:&quot;&quot;,&quot;gallery_block_focus_points&quot;:&quot;&quot;,&quot;images&quot;:[{&quot;image_src&quot;:&quot;https:\\\/\\\/www.greenpeace.org\\\/static\\\/planet4-brasil-stateless\\\/2021\\\/04\\\/d99cd4a9-foto-2.jpg&quot;,&quot;image_srcset&quot;:&quot;https:\\\/\\\/www.greenpeace.org\\\/static\\\/planet4-brasil-stateless\\\/2021\\\/04\\\/d99cd4a9-foto-2.jpg 2500w, https:\\\/\\\/www.greenpeace.org\\\/static\\\/planet4-brasil-stateless\\\/2021\\\/04\\\/d99cd4a9-foto-2-300x200.jpg 300w, https:\\\/\\\/www.greenpeace.org\\\/static\\\/planet4-brasil-stateless\\\/2021\\\/04\\\/d99cd4a9-foto-2-1024x683.jpg 1024w, https:\\\/\\\/www.greenpeace.org\\\/static\\\/planet4-brasil-stateless\\\/2021\\\/04\\\/d99cd4a9-foto-2-768x512.jpg 768w, https:\\\/\\\/www.greenpeace.org\\\/static\\\/planet4-brasil-stateless\\\/2021\\\/04\\\/d99cd4a9-foto-2-1536x1024.jpg 1536w, https:\\\/\\\/www.greenpeace.org\\\/static\\\/planet4-brasil-stateless\\\/2021\\\/04\\\/d99cd4a9-foto-2-2048x1366.jpg 2048w, https:\\\/\\\/www.greenpeace.org\\\/static\\\/planet4-brasil-stateless\\\/2021\\\/04\\\/d99cd4a9-foto-2-510x340.jpg 510w&quot;,&quot;image_sizes&quot;:false,&quot;alt_text&quot;:&quot;&quot;,&quot;caption&quot;:&quot;A\\u00e7\\u00e3o em solidariedade \\u00e0s 400 mil v\\u00edtimas da Covid-19 no Brasil. Mensagem foi montada com 18 toneladas de alimentos, m\\u00e1scaras, materiais de higiene e cilindros de oxig\\u00eanio, que ser\\u00e3o doados. Cr\\u00e9dito: \\nChristian Braga \\\/ Greenpeace&quot;,&quot;focus_image&quot;:&quot;&quot;,&quot;credits&quot;:&quot;&quot;},{&quot;image_src&quot;:&quot;https:\\\/\\\/www.greenpeace.org\\\/static\\\/planet4-brasil-stateless\\\/2021\\\/04\\\/5605987c-foto-3.jpg&quot;,&quot;image_srcset&quot;:&quot;https:\\\/\\\/www.greenpeace.org\\\/static\\\/planet4-brasil-stateless\\\/2021\\\/04\\\/5605987c-foto-3.jpg 2500w, https:\\\/\\\/www.greenpeace.org\\\/static\\\/planet4-brasil-stateless\\\/2021\\\/04\\\/5605987c-foto-3-300x200.jpg 300w, https:\\\/\\\/www.greenpeace.org\\\/static\\\/planet4-brasil-stateless\\\/2021\\\/04\\\/5605987c-foto-3-1024x683.jpg 1024w, https:\\\/\\\/www.greenpeace.org\\\/static\\\/planet4-brasil-stateless\\\/2021\\\/04\\\/5605987c-foto-3-768x512.jpg 768w, https:\\\/\\\/www.greenpeace.org\\\/static\\\/planet4-brasil-stateless\\\/2021\\\/04\\\/5605987c-foto-3-1536x1024.jpg 1536w, https:\\\/\\\/www.greenpeace.org\\\/static\\\/planet4-brasil-stateless\\\/2021\\\/04\\\/5605987c-foto-3-2048x1366.jpg 2048w, https:\\\/\\\/www.greenpeace.org\\\/static\\\/planet4-brasil-stateless\\\/2021\\\/04\\\/5605987c-foto-3-510x340.jpg 510w&quot;,&quot;image_sizes&quot;:false,&quot;alt_text&quot;:&quot;&quot;,&quot;caption&quot;:&quot;A\\u00e7\\u00e3o em solidariedade \\u00e0s 400 mil v\\u00edtimas da Covid-19 no Brasil. Mensagem foi montada com 18 toneladas de alimentos, m\\u00e1scaras, materiais de higiene e cilindros de oxig\\u00eanio, que ser\\u00e3o doados. Cr\\u00e9dito: Christian Braga \\\/ Greenpeace&quot;,&quot;focus_image&quot;:&quot;&quot;,&quot;credits&quot;:&quot;&quot;},{&quot;image_src&quot;:&quot;https:\\\/\\\/www.greenpeace.org\\\/static\\\/planet4-brasil-stateless\\\/2021\\\/04\\\/03c38d22-foto-4.jpg&quot;,&quot;image_srcset&quot;:&quot;https:\\\/\\\/www.greenpeace.org\\\/static\\\/planet4-brasil-stateless\\\/2021\\\/04\\\/03c38d22-foto-4.jpg 2500w, https:\\\/\\\/www.greenpeace.org\\\/static\\\/planet4-brasil-stateless\\\/2021\\\/04\\\/03c38d22-foto-4-300x200.jpg 300w, https:\\\/\\\/www.greenpeace.org\\\/static\\\/planet4-brasil-stateless\\\/2021\\\/04\\\/03c38d22-foto-4-1024x683.jpg 1024w, https:\\\/\\\/www.greenpeace.org\\\/static\\\/planet4-brasil-stateless\\\/2021\\\/04\\\/03c38d22-foto-4-768x512.jpg 768w, https:\\\/\\\/www.greenpeace.org\\\/static\\\/planet4-brasil-stateless\\\/2021\\\/04\\\/03c38d22-foto-4-1536x1024.jpg 1536w, https:\\\/\\\/www.greenpeace.org\\\/static\\\/planet4-brasil-stateless\\\/2021\\\/04\\\/03c38d22-foto-4-2048x1366.jpg 2048w, https:\\\/\\\/www.greenpeace.org\\\/static\\\/planet4-brasil-stateless\\\/2021\\\/04\\\/03c38d22-foto-4-510x340.jpg 510w&quot;,&quot;image_sizes&quot;:false,&quot;alt_text&quot;:&quot;&quot;,&quot;caption&quot;:&quot;A\\u00e7\\u00e3o em solidariedade \\u00e0s 400 mil v\\u00edtimas da Covid-19 no Brasil. Mensagem foi montada com 18 toneladas de alimentos, m\\u00e1scaras, materiais de higiene e cilindros de oxig\\u00eanio, que ser\\u00e3o doados. Cr\\u00e9dito: Christian Braga \\\/ Greenpeace&quot;,&quot;focus_image&quot;:&quot;&quot;,&quot;credits&quot;:&quot;&quot;},{&quot;image_src&quot;:&quot;https:\\\/\\\/www.greenpeace.org\\\/static\\\/planet4-brasil-stateless\\\/2021\\\/04\\\/f0b39d61-gp1sv4a3_pressmedia.jpg&quot;,&quot;image_srcset&quot;:&quot;https:\\\/\\\/www.greenpeace.org\\\/static\\\/planet4-brasil-stateless\\\/2021\\\/04\\\/f0b39d61-gp1sv4a3_pressmedia.jpg 2500w, https:\\\/\\\/www.greenpeace.org\\\/static\\\/planet4-brasil-stateless\\\/2021\\\/04\\\/f0b39d61-gp1sv4a3_pressmedia-300x200.jpg 300w, https:\\\/\\\/www.greenpeace.org\\\/static\\\/planet4-brasil-stateless\\\/2021\\\/04\\\/f0b39d61-gp1sv4a3_pressmedia-1024x683.jpg 1024w, https:\\\/\\\/www.greenpeace.org\\\/static\\\/planet4-brasil-stateless\\\/2021\\\/04\\\/f0b39d61-gp1sv4a3_pressmedia-768x512.jpg 768w, https:\\\/\\\/www.greenpeace.org\\\/static\\\/planet4-brasil-stateless\\\/2021\\\/04\\\/f0b39d61-gp1sv4a3_pressmedia-1536x1024.jpg 1536w, https:\\\/\\\/www.greenpeace.org\\\/static\\\/planet4-brasil-stateless\\\/2021\\\/04\\\/f0b39d61-gp1sv4a3_pressmedia-2048x1366.jpg 2048w, https:\\\/\\\/www.greenpeace.org\\\/static\\\/planet4-brasil-stateless\\\/2021\\\/04\\\/f0b39d61-gp1sv4a3_pressmedia-510x340.jpg 510w&quot;,&quot;image_sizes&quot;:false,&quot;alt_text&quot;:&quot;&quot;,&quot;caption&quot;:&quot;A\\u00e7\\u00e3o em solidariedade \\u00e0s 400 mil v\\u00edtimas da Covid-19 no Brasil. Mensagem foi montada com 18 toneladas de alimentos, m\\u00e1scaras, materiais de higiene e cilindros de oxig\\u00eanio, que ser\\u00e3o doados. Cr\\u00e9dito: Christian Braga \\\/ Greenpeace&quot;,&quot;focus_image&quot;:&quot;&quot;,&quot;credits&quot;:&quot;&quot;},{&quot;image_src&quot;:&quot;https:\\\/\\\/www.greenpeace.org\\\/static\\\/planet4-brasil-stateless\\\/2021\\\/04\\\/00263a83-gp1sv49w_pressmedia.jpg&quot;,&quot;image_srcset&quot;:&quot;https:\\\/\\\/www.greenpeace.org\\\/static\\\/planet4-brasil-stateless\\\/2021\\\/04\\\/00263a83-gp1sv49w_pressmedia.jpg 2500w, https:\\\/\\\/www.greenpeace.org\\\/static\\\/planet4-brasil-stateless\\\/2021\\\/04\\\/00263a83-gp1sv49w_pressmedia-300x200.jpg 300w, https:\\\/\\\/www.greenpeace.org\\\/static\\\/planet4-brasil-stateless\\\/2021\\\/04\\\/00263a83-gp1sv49w_pressmedia-1024x683.jpg 1024w, https:\\\/\\\/www.greenpeace.org\\\/static\\\/planet4-brasil-stateless\\\/2021\\\/04\\\/00263a83-gp1sv49w_pressmedia-768x512.jpg 768w, https:\\\/\\\/www.greenpeace.org\\\/static\\\/planet4-brasil-stateless\\\/2021\\\/04\\\/00263a83-gp1sv49w_pressmedia-1536x1024.jpg 1536w, https:\\\/\\\/www.greenpeace.org\\\/static\\\/planet4-brasil-stateless\\\/2021\\\/04\\\/00263a83-gp1sv49w_pressmedia-2048x1366.jpg 2048w, https:\\\/\\\/www.greenpeace.org\\\/static\\\/planet4-brasil-stateless\\\/2021\\\/04\\\/00263a83-gp1sv49w_pressmedia-510x340.jpg 510w&quot;,&quot;image_sizes&quot;:false,&quot;alt_text&quot;:&quot;&quot;,&quot;caption&quot;:&quot;A\\u00e7\\u00e3o em solidariedade \\u00e0s 400 mil v\\u00edtimas da Covid-19 no Brasil. Mensagem foi montada com 18 toneladas de alimentos, m\\u00e1scaras, materiais de higiene e cilindros de oxig\\u00eanio, que ser\\u00e3o doados. Cr\\u00e9dito: Christian Braga \\\/ Greenpeace&quot;,&quot;focus_image&quot;:&quot;&quot;,&quot;credits&quot;:&quot;&quot;},{&quot;image_src&quot;:&quot;https:\\\/\\\/www.greenpeace.org\\\/static\\\/planet4-brasil-stateless\\\/2021\\\/04\\\/65a4a593-gp1sv3vj_pressmedia.jpg&quot;,&quot;image_srcset&quot;:&quot;https:\\\/\\\/www.greenpeace.org\\\/static\\\/planet4-brasil-stateless\\\/2021\\\/04\\\/65a4a593-gp1sv3vj_pressmedia.jpg 2500w, https:\\\/\\\/www.greenpeace.org\\\/static\\\/planet4-brasil-stateless\\\/2021\\\/04\\\/65a4a593-gp1sv3vj_pressmedia-300x200.jpg 300w, https:\\\/\\\/www.greenpeace.org\\\/static\\\/planet4-brasil-stateless\\\/2021\\\/04\\\/65a4a593-gp1sv3vj_pressmedia-1024x683.jpg 1024w, https:\\\/\\\/www.greenpeace.org\\\/static\\\/planet4-brasil-stateless\\\/2021\\\/04\\\/65a4a593-gp1sv3vj_pressmedia-768x512.jpg 768w, https:\\\/\\\/www.greenpeace.org\\\/static\\\/planet4-brasil-stateless\\\/2021\\\/04\\\/65a4a593-gp1sv3vj_pressmedia-1536x1024.jpg 1536w, https:\\\/\\\/www.greenpeace.org\\\/static\\\/planet4-brasil-stateless\\\/2021\\\/04\\\/65a4a593-gp1sv3vj_pressmedia-2048x1366.jpg 2048w, https:\\\/\\\/www.greenpeace.org\\\/static\\\/planet4-brasil-stateless\\\/2021\\\/04\\\/65a4a593-gp1sv3vj_pressmedia-510x340.jpg 510w&quot;,&quot;image_sizes&quot;:false,&quot;alt_text&quot;:&quot;&quot;,&quot;caption&quot;:&quot;A\\u00e7\\u00e3o em solidariedade \\u00e0s 400 mil v\\u00edtimas da Covid-19 no Brasil. Mensagem foi montada com 18 toneladas de alimentos, m\\u00e1scaras, materiais de higiene e cilindros de oxig\\u00eanio, que ser\\u00e3o doados. Cr\\u00e9dito: Christian Braga \\\/ Greenpeace&quot;,&quot;focus_image&quot;:&quot;&quot;,&quot;credits&quot;:&quot;&quot;},{&quot;image_src&quot;:&quot;https:\\\/\\\/www.greenpeace.org\\\/static\\\/planet4-brasil-stateless\\\/2021\\\/04\\\/113dfa26-gp1sv48v_pressmedia.jpg&quot;,&quot;image_srcset&quot;:&quot;https:\\\/\\\/www.greenpeace.org\\\/static\\\/planet4-brasil-stateless\\\/2021\\\/04\\\/113dfa26-gp1sv48v_pressmedia.jpg 2500w, https:\\\/\\\/www.greenpeace.org\\\/static\\\/planet4-brasil-stateless\\\/2021\\\/04\\\/113dfa26-gp1sv48v_pressmedia-300x200.jpg 300w, https:\\\/\\\/www.greenpeace.org\\\/static\\\/planet4-brasil-stateless\\\/2021\\\/04\\\/113dfa26-gp1sv48v_pressmedia-1024x683.jpg 1024w, https:\\\/\\\/www.greenpeace.org\\\/static\\\/planet4-brasil-stateless\\\/2021\\\/04\\\/113dfa26-gp1sv48v_pressmedia-768x512.jpg 768w, https:\\\/\\\/www.greenpeace.org\\\/static\\\/planet4-brasil-stateless\\\/2021\\\/04\\\/113dfa26-gp1sv48v_pressmedia-1536x1024.jpg 1536w, https:\\\/\\\/www.greenpeace.org\\\/static\\\/planet4-brasil-stateless\\\/2021\\\/04\\\/113dfa26-gp1sv48v_pressmedia-2048x1366.jpg 2048w, https:\\\/\\\/www.greenpeace.org\\\/static\\\/planet4-brasil-stateless\\\/2021\\\/04\\\/113dfa26-gp1sv48v_pressmedia-510x340.jpg 510w&quot;,&quot;image_sizes&quot;:false,&quot;alt_text&quot;:&quot;&quot;,&quot;caption&quot;:&quot;Tica Minami, Diretora de Programas do Greenpeace Brasil, durante preparativos da a\\u00e7\\u00e3o. | Cr\\u00e9ditos: \\nChristian Braga \\\/ Greenpeace&quot;,&quot;focus_image&quot;:&quot;&quot;,&quot;credits&quot;:&quot;&quot;},{&quot;image_src&quot;:&quot;https:\\\/\\\/www.greenpeace.org\\\/static\\\/planet4-brasil-stateless\\\/2021\\\/04\\\/19330278-gp1sv48y_pressmedia.jpg&quot;,&quot;image_srcset&quot;:&quot;https:\\\/\\\/www.greenpeace.org\\\/static\\\/planet4-brasil-stateless\\\/2021\\\/04\\\/19330278-gp1sv48y_pressmedia.jpg 2500w, https:\\\/\\\/www.greenpeace.org\\\/static\\\/planet4-brasil-stateless\\\/2021\\\/04\\\/19330278-gp1sv48y_pressmedia-300x200.jpg 300w, https:\\\/\\\/www.greenpeace.org\\\/static\\\/planet4-brasil-stateless\\\/2021\\\/04\\\/19330278-gp1sv48y_pressmedia-1024x683.jpg 1024w, https:\\\/\\\/www.greenpeace.org\\\/static\\\/planet4-brasil-stateless\\\/2021\\\/04\\\/19330278-gp1sv48y_pressmedia-768x512.jpg 768w, https:\\\/\\\/www.greenpeace.org\\\/static\\\/planet4-brasil-stateless\\\/2021\\\/04\\\/19330278-gp1sv48y_pressmedia-1536x1024.jpg 1536w, https:\\\/\\\/www.greenpeace.org\\\/static\\\/planet4-brasil-stateless\\\/2021\\\/04\\\/19330278-gp1sv48y_pressmedia-2048x1366.jpg 2048w, https:\\\/\\\/www.greenpeace.org\\\/static\\\/planet4-brasil-stateless\\\/2021\\\/04\\\/19330278-gp1sv48y_pressmedia-510x340.jpg 510w&quot;,&quot;image_sizes&quot;:false,&quot;alt_text&quot;:&quot;&quot;,&quot;caption&quot;:&quot;Cr\\u00e9ditos: Christian Braga \\\/ Greenpeace&quot;,&quot;focus_image&quot;:&quot;&quot;,&quot;credits&quot;:&quot;&quot;}]}}\"><section class=\"block carousel-wrap \"><\/section><\/div>\n<p>A pandemia exp\u00f4s e agravou as desigualdades sociais que assolam o Brasil: o desemprego disparou e j\u00e1 s\u00e3o 14,3 milh\u00f5es de pessoas \u00e0 procura de trabalho e cerca de 19 milh\u00f5es de pessoas &#8211; 9% da popula\u00e7\u00e3o brasileira &#8211; sem comida na mesa nem aux\u00edlio de pol\u00edticas sociais efetivas para garantir seus direitos b\u00e1sicos. N\u00e3o bastasse a renda minguar, os pre\u00e7os dos alimentos, combust\u00edveis, energia e outros itens essenciais s\u00f3 subiram nos \u00faltimos meses.<\/p>\n\n<p>Al\u00e9m disso, o pa\u00eds hesita em dar uma resposta firme e eficiente contra a Covid-19. A campanha de vacina\u00e7\u00e3o no Brasil, que j\u00e1 chegou a imunizar mais de 18 milh\u00f5es de crian\u00e7as em um s\u00f3 dia em campanhas anteriores, hoje trope\u00e7a na falta de doses em decorr\u00eancia da total falta de planejamento. Enquanto milh\u00f5es de pessoas sofrem com incertezas, o presidente Jair Bolsonaro segue dando declara\u00e7\u00f5es levianas, minimizando a gravidade da doen\u00e7a, estimulando medidas ineficazes, gerando aglomera\u00e7\u00f5es e promovendo ataques constantes \u00e0 democracia.<\/p>\n\n<p><strong>O que pedimos:<\/strong><\/p>\n\n<ul class=\"wp-block-list\">\n<li><strong>Medidas de prote\u00e7\u00e3o<\/strong> &#8211; que o poder p\u00fablico siga as recomenda\u00e7\u00f5es dos especialistas e estabele\u00e7a medidas de isolamento social garantidas por meio de um lockdown neste momento cr\u00edtico e desenvolva melhor capacidade de rastreamento e monitoramento dos casos, al\u00e9m de testagem para controle de dissemina\u00e7\u00e3o do v\u00edrus, com a compra e distribui\u00e7\u00e3o de testes antig\u00eanicos pelo Estado;<\/li>\n\n\n\n<li><strong>Apoio econ\u00f4mico \u00e0 popula\u00e7\u00e3o carente <\/strong>&#8211; que o Estado permita que as pessoas fiquem em casa, com a garantia de um aux\u00edlio emergencial, e apoie a manuten\u00e7\u00e3o dos pequenos neg\u00f3cios para preservar os postos de trabalho, especialmente entre os mais pobres, que tamb\u00e9m s\u00e3o mais vulner\u00e1veis \u00e0 doen\u00e7a e \u00e0s v\u00e1rias formas de viol\u00eancia que se acentuam neste momento;<\/li>\n\n\n\n<li><strong>Fortalecimento do SUS <\/strong>&#8211;<strong> <\/strong>que o governo federal garanta os recursos financeiros e o abastecimento de insumos (como medicamentos, equipamentos e oxig\u00eanio) para os entes federativos. E assegure que o acesso \u00e0s vacinas seja feito apenas pelo Sistema \u00danico de Sa\u00fade (SUS), e n\u00e3o pelo setor privado, o que privilegiaria apenas aqueles que podem pagar e n\u00e3o protege os mais vulner\u00e1veis;&nbsp;<\/li>\n\n\n\n<li><strong>Medidas que ofere\u00e7am riscos \u00e0 sociedade e ao meio ambiente n\u00e3o sejam estabelecidas pelo poder p\u00fablico e nem colocadas em discuss\u00e3o na pandemia &#8211; <\/strong>Em rela\u00e7\u00e3o \u00e0 natureza e direitos sociais, o poder p\u00fablico, seja Executivo, Legislativo ou Judici\u00e1rio, tem o dever de garantir que os interesses particulares que ameacem a prote\u00e7\u00e3o ambiental e os direitos n\u00e3o prevale\u00e7am em meio ao combate \u00e0 pandemia. Ou seja, devem priorizar as pautas que tratam do enfrentamento da pandemia, tanto sanit\u00e1rias quanto sociais. Em um momento em que vidas s\u00e3o perdidas e pessoas est\u00e3o passando fome e perdendo sua fonte de renda, \u00e9 inaceit\u00e1vel que o poder p\u00fablico aproveite esta trag\u00e9dia nacional para continuar \u201cpassando a boiada\u201d na arena ambiental e de direitos &#8211; como os projetos de lei da grilagem, do licenciamento ambiental e de explora\u00e7\u00e3o em terras ind\u00edgenas, al\u00e9m de cortes no or\u00e7amento em \u00e1reas sens\u00edveis como educa\u00e7\u00e3o e programas sociais.<\/li>\n<\/ul>\n\n<p><strong>Solidariedade<\/strong><\/p>\n\n<p>Enquanto o poder p\u00fablico falha em assumir sua responsabilidade e liderar uma resposta firme e adequada \u00e0 crise da Covid-19, a sociedade civil organizada n\u00e3o tem poupado esfor\u00e7os em agir de maneira r\u00e1pida e eficaz para minimizar os danos da pandemia. A crise sanit\u00e1ria, econ\u00f4mica e social que o pa\u00eds vive s\u00f3 pode ser enfrentada com uni\u00e3o e solidariedade, e n\u00e3o com divis\u00e3o e o medo. \u201cA escolha jamais deveria ser entre comer ou ter sa\u00fade, entre se proteger ou trabalhar. Esse \u00e9 um falso dilema, criado para transferir a responsabilidade, que \u00e9 do poder p\u00fablico, para os ind\u00edviduos\u201d, afirma Tica. Da mesma forma, n\u00e3o existe escolha ou dilema entre um meio ambiente equilibrado e uma popula\u00e7\u00e3o saud\u00e1vel e pr\u00f3spera, pois um \u00e9 condi\u00e7\u00e3o para o outro.&nbsp;<\/p>\n\n<p>Ao longo do \u00faltimo ano, o Greenpeace Brasil realizou o projeto Asas da Emerg\u00eancia, que levou alimentos e materiais de sa\u00fade para diversas comunidades na Amaz\u00f4nia. Por meio desta iniciativa foram doadas mais de 100 toneladas de insumos para cerca de 70 povos ind\u00edgenas em cinco estados amaz\u00f4nicos &#8211; Amazonas, Par\u00e1, Rond\u00f4nia, Roraima e Acre. Tamb\u00e9m foi instalada uma <a href=\"https:\/\/www.greenpeace.org\/brasil\/blog\/greenpeace-e-foirn-doam-usina-de-oxigenio-para-cidade-mais-indigena-do-brasil\/\">usina de oxig\u00eanio<\/a> na cidade de S\u00e3o Gabriel da Cachoeira, no Amazonas, onde vivem 23 povos ind\u00edgenas e 750 comunidades. A usina atender\u00e1 n\u00e3o s\u00f3 esse munic\u00edpio, mas tamb\u00e9m Barcelos e Santa Isabel do Rio Negro &#8211; os tr\u00eas juntos, totalizam quase 100 mil habitantes.&nbsp;<\/p>\n\n<p>Al\u00e9m disso, distribu\u00edmos em 2020 mais de 4.400 marmitas em S\u00e3o Paulo (SP) e no Rio de Janeiro (RJ) com o objetivo de auxiliar fam\u00edlias carentes. Atualmente, estamos trabalhando com parceiros para levar cestas agroecol\u00f3gicas a quem mais precisa. J\u00e1 foram distribu\u00eddas mais de tr\u00eas toneladas desses alimentos para comunidades em Fortaleza (CE), Macei\u00f3 (AL), Recife (PE) e Manaus (AM). &nbsp;<\/p>\n\n<p>O governo federal precisa assumir sua responsabilidade e investir na constru\u00e7\u00e3o e ado\u00e7\u00e3o de pol\u00edticas p\u00fablicas estruturantes e inclusivas. O Brasil e a sociedade brasileira precisam e merecem mais. Uma a\u00e7\u00e3o firme \u00e9 mais urgente do que nunca, n\u00e3o se pode esperar. \u00c9 uma decis\u00e3o pol\u00edtica e, como tal, uma quest\u00e3o de prioridade: a de garantir a vida de todas as pessoas e a prote\u00e7\u00e3o da nossa casa comum.<\/p>\n\n<figure class=\"wp-block-embed is-type-video is-provider-youtube wp-block-embed-youtube wp-embed-aspect-16-9 wp-has-aspect-ratio\"><div class=\"wp-block-embed__wrapper\">\n<lite-youtube style=\"background-image: url('https:\/\/i.ytimg.com\/vi\/akhIb9UdrCE\/hqdefault.jpg');\" videoid=\"akhIb9UdrCE\" params=\"rel=0\"><\/lite-youtube>\n<\/div><figcaption class=\"wp-element-caption\">400 mil vidas perdidas pela Covid-19: j\u00e1 passou da hora do Brasil proteger seus cidad\u00e3os<\/figcaption><\/figure>\n\n<p>Saiba mais:&nbsp;<\/p>\n\n<p><\/p>\n\n<p><a href=\"https:\/\/www.greenpeace.org\/brasil\/blog\/nossa-natureza-e-de-luta-e-pela-vida\/\">Nossa natureza \u00e9 de luta: \u00e9 pela vida<\/a><\/p>\n","protected":false},"excerpt":{"rendered":"<p>Do Encontro das \u00c1guas, em Manaus (AM), o Greenpeace envia mensagem de solidariedade e cobra do poder p\u00fablico medidas efetivas de combate \u00e0 pandemia, com foco na prote\u00e7\u00e3o das pessoas<\/p>\n","protected":false},"author":100,"featured_media":31178,"comment_status":"open","ping_status":"closed","sticky":false,"template":"","format":"standard","meta":{"ep_exclude_from_search":false,"p4_og_title":"","p4_og_description":"","p4_og_image":"","p4_og_image_id":"","p4_seo_canonical_url":"","p4_campaign_name":"not set","p4_local_project":"not set","p4_basket_name":"not set","p4_department":"","footnotes":""},"categories":[5],"tags":[23,25],"p4-page-type":[16],"class_list":["post-31173","post","type-post","status-publish","format-standard","has-post-thumbnail","hentry","category-greenpeace","tag-mobilizacao","tag-relatorios-anuais","p4-page-type-blog"],"_links":{"self":[{"href":"https:\/\/www.greenpeace.org\/brasil\/wp-json\/wp\/v2\/posts\/31173","targetHints":{"allow":["GET"]}}],"collection":[{"href":"https:\/\/www.greenpeace.org\/brasil\/wp-json\/wp\/v2\/posts"}],"about":[{"href":"https:\/\/www.greenpeace.org\/brasil\/wp-json\/wp\/v2\/types\/post"}],"author":[{"embeddable":true,"href":"https:\/\/www.greenpeace.org\/brasil\/wp-json\/wp\/v2\/users\/100"}],"replies":[{"embeddable":true,"href":"https:\/\/www.greenpeace.org\/brasil\/wp-json\/wp\/v2\/comments?post=31173"}],"version-history":[{"count":15,"href":"https:\/\/www.greenpeace.org\/brasil\/wp-json\/wp\/v2\/posts\/31173\/revisions"}],"predecessor-version":[{"id":51877,"href":"https:\/\/www.greenpeace.org\/brasil\/wp-json\/wp\/v2\/posts\/31173\/revisions\/51877"}],"wp:featuredmedia":[{"embeddable":true,"href":"https:\/\/www.greenpeace.org\/brasil\/wp-json\/wp\/v2\/media\/31178"}],"wp:attachment":[{"href":"https:\/\/www.greenpeace.org\/brasil\/wp-json\/wp\/v2\/media?parent=31173"}],"wp:term":[{"taxonomy":"category","embeddable":true,"href":"https:\/\/www.greenpeace.org\/brasil\/wp-json\/wp\/v2\/categories?post=31173"},{"taxonomy":"post_tag","embeddable":true,"href":"https:\/\/www.greenpeace.org\/brasil\/wp-json\/wp\/v2\/tags?post=31173"},{"taxonomy":"p4-page-type","embeddable":true,"href":"https:\/\/www.greenpeace.org\/brasil\/wp-json\/wp\/v2\/p4-page-type?post=31173"}],"curies":[{"name":"wp","href":"https:\/\/api.w.org\/{rel}","templated":true}]}}