{"id":32090,"date":"2021-06-14T14:55:10","date_gmt":"2021-06-14T17:55:10","guid":{"rendered":"https:\/\/www.greenpeace.org\/brasil\/?p=32090"},"modified":"2021-12-01T09:29:49","modified_gmt":"2021-12-01T12:29:49","slug":"justica-climatica-aquecimento-global-e-agroecologia-veja-os-destaques-da-semana-do-meio-ambiente","status":"publish","type":"post","link":"https:\/\/www.greenpeace.org\/brasil\/voluntarios\/justica-climatica-aquecimento-global-e-agroecologia-veja-os-destaques-da-semana-do-meio-ambiente\/","title":{"rendered":"Justi\u00e7a clim\u00e1tica, aquecimento global e agroecologia: Veja os destaques da Semana do Meio Ambiente"},"content":{"rendered":"\n<h4 class=\"wp-block-heading\">O grupo de volunt\u00e1rios de S\u00e3o Paulo, em parceria com o Senac, preparou diversos conte\u00fados para enriquecer o debate sobre a pauta ambiental <\/h4>\n\n<p class=\"has-text-align-center\"><img loading=\"lazy\" decoding=\"async\" width=\"820\" height=\"271\" class=\"wp-image-32091\" style=\"width: 820px;\" src=\"https:\/\/www.greenpeace.org\/static\/planet4-brasil-stateless\/2021\/06\/17f5972d-destaque-da-semana.png\" alt=\"\" srcset=\"https:\/\/www.greenpeace.org\/static\/planet4-brasil-stateless\/2021\/06\/17f5972d-destaque-da-semana.png 1970w, https:\/\/www.greenpeace.org\/static\/planet4-brasil-stateless\/2021\/06\/17f5972d-destaque-da-semana-300x99.png 300w, https:\/\/www.greenpeace.org\/static\/planet4-brasil-stateless\/2021\/06\/17f5972d-destaque-da-semana-1024x338.png 1024w, https:\/\/www.greenpeace.org\/static\/planet4-brasil-stateless\/2021\/06\/17f5972d-destaque-da-semana-768x253.png 768w, https:\/\/www.greenpeace.org\/static\/planet4-brasil-stateless\/2021\/06\/17f5972d-destaque-da-semana-1536x507.png 1536w, https:\/\/www.greenpeace.org\/static\/planet4-brasil-stateless\/2021\/06\/17f5972d-destaque-da-semana-510x168.png 510w\" sizes=\"auto, (max-width: 820px) 100vw, 820px\" \/><\/p>\n\n<p>Tivemos a Semana do Meio Ambiente, e n\u00e3o preciso nem falar que foi um festival de conte\u00fados entre os voluntas, n\u00e9?\u00a0<\/p>\n\n<p>Pra voc\u00ea que n\u00e3o sabe, em 1981 o Brasil comemorava a primeira Semana Nacional do Meio Ambiente. Institu\u00edda por decreto, a comemora\u00e7\u00e3o acontece anualmente na primeira semana de junho, quando, no dia 05, tamb\u00e9m \u00e9 comemorado o Dia Mundial do Meio Ambiente, que foi estabelecido em 1972 pela Organiza\u00e7\u00e3o da Na\u00e7\u00f5es Unidas (ONU).<\/p>\n\n<p>A data tem como objetivo conscientizar e abrir discuss\u00f5es anuais sobre os impactos negativos das a\u00e7\u00f5es dos seres humanos no planeta, como podemos cobrar nossos representantes pol\u00edticos para realiza\u00e7\u00e3o de pol\u00edticas p\u00fablicas direcionadas ao tema e atitudes para possivelmente mudar o atual cen\u00e1rio.<\/p>\n\n<p>Pensando nisso, o GT Ra\u00edzes, um projeto idealizado para levar as pautas do ativismo e o movimento ambiental para as periferias e regi\u00f5es descentralizadas, e o Grupo de Volunt\u00e1rios do Greenpeace de S\u00e3o Paulo, em parceria com o Senac, prepararam uma semana com tem\u00e1ticas para expandirmos nossa vis\u00e3o em rela\u00e7\u00e3o a esse assunto que \u00e9 t\u00e3o importante e necess\u00e1rio.<\/p>\n\n<p>N\u00e3o perca tempo, vem logo ver tudo o que rolou:&nbsp;<\/p>\n\n<p><a href=\"https:\/\/www.instagram.com\/p\/CPvNGQynAbt\/\"><strong>O que s\u00e3o mudan\u00e7as clim\u00e1ticas:\u00a0\u00a0<\/strong><\/a><\/p>\n\n<p class=\"has-text-align-center\"><img loading=\"lazy\" decoding=\"async\" width=\"350\" height=\"350\" class=\"wp-image-32092\" style=\"width: 350px;\" src=\"https:\/\/www.greenpeace.org\/static\/planet4-brasil-stateless\/2021\/06\/e732ad9e-sao-paulo.jpg\" alt=\"\" srcset=\"https:\/\/www.greenpeace.org\/static\/planet4-brasil-stateless\/2021\/06\/e732ad9e-sao-paulo.jpg 746w, https:\/\/www.greenpeace.org\/static\/planet4-brasil-stateless\/2021\/06\/e732ad9e-sao-paulo-300x300.jpg 300w, https:\/\/www.greenpeace.org\/static\/planet4-brasil-stateless\/2021\/06\/e732ad9e-sao-paulo-150x150.jpg 150w, https:\/\/www.greenpeace.org\/static\/planet4-brasil-stateless\/2021\/06\/e732ad9e-sao-paulo-340x340.jpg 340w\" sizes=\"auto, (max-width: 350px) 100vw, 350px\" \/><\/p>\n\n<p><a href=\"https:\/\/www.instagram.com\/p\/CPvQ3lQHgv2\/\"><strong>Qual a diferen\u00e7a entre mudan\u00e7as clim\u00e1ticas e aquecimento global?<\/strong><\/a> <\/p>\n\n<p class=\"has-text-align-center\"><img loading=\"lazy\" decoding=\"async\" width=\"300\" height=\"466\" class=\"wp-image-32093\" style=\"width: 300px;\" src=\"https:\/\/www.greenpeace.org\/static\/planet4-brasil-stateless\/2021\/06\/17cca71d-sao-paulo2.jpg\" alt=\"\" srcset=\"https:\/\/www.greenpeace.org\/static\/planet4-brasil-stateless\/2021\/06\/17cca71d-sao-paulo2.jpg 481w, https:\/\/www.greenpeace.org\/static\/planet4-brasil-stateless\/2021\/06\/17cca71d-sao-paulo2-193x300.jpg 193w, https:\/\/www.greenpeace.org\/static\/planet4-brasil-stateless\/2021\/06\/17cca71d-sao-paulo2-219x340.jpg 219w\" sizes=\"auto, (max-width: 300px) 100vw, 300px\" \/><\/p>\n\n<p><a href=\"https:\/\/www.instagram.com\/p\/CPvaKRrnvBU\/\"><strong>Crise Clim\u00e1tica e o papel da juventude no combate:\u00a0\u00a0<\/strong><\/a><\/p>\n\n<p class=\"has-text-align-center\"><img loading=\"lazy\" decoding=\"async\" width=\"300\" height=\"467\" class=\"wp-image-32094\" style=\"width: 300px;\" src=\"https:\/\/www.greenpeace.org\/static\/planet4-brasil-stateless\/2021\/06\/6ca560c3-sao-paulo3.jpg\" alt=\"\" srcset=\"https:\/\/www.greenpeace.org\/static\/planet4-brasil-stateless\/2021\/06\/6ca560c3-sao-paulo3.jpg 478w, https:\/\/www.greenpeace.org\/static\/planet4-brasil-stateless\/2021\/06\/6ca560c3-sao-paulo3-193x300.jpg 193w, https:\/\/www.greenpeace.org\/static\/planet4-brasil-stateless\/2021\/06\/6ca560c3-sao-paulo3-218x340.jpg 218w\" sizes=\"auto, (max-width: 300px) 100vw, 300px\" \/><\/p>\n\n<p><a href=\"https:\/\/www.instagram.com\/p\/CPvvF4GHXU7\/\"><strong>Justi\u00e7a clim\u00e1tica, desafios socioecon\u00f4micos e a seca:\u00a0<\/strong><\/a><\/p>\n\n<p class=\"has-text-align-center\"><img loading=\"lazy\" decoding=\"async\" width=\"470\" height=\"260\" class=\"wp-image-32095\" style=\"width: 470px;\" src=\"https:\/\/www.greenpeace.org\/static\/planet4-brasil-stateless\/2021\/06\/188896be-sao-paulo5.jpg\" alt=\"\" srcset=\"https:\/\/www.greenpeace.org\/static\/planet4-brasil-stateless\/2021\/06\/188896be-sao-paulo5.jpg 476w, https:\/\/www.greenpeace.org\/static\/planet4-brasil-stateless\/2021\/06\/188896be-sao-paulo5-300x166.jpg 300w\" sizes=\"auto, (max-width: 470px) 100vw, 470px\" \/><\/p>\n\n<p><a href=\"https:\/\/www.instagram.com\/p\/CPv3QSxnY2T\/\"><strong>Aquecimento global e popula\u00e7\u00f5es vulner\u00e1veis:\u00a0<\/strong><\/a> <\/p>\n\n<p class=\"has-text-align-center\"><img loading=\"lazy\" decoding=\"async\" width=\"300\" height=\"465\" class=\"wp-image-32096\" style=\"width: 300px;\" src=\"https:\/\/www.greenpeace.org\/static\/planet4-brasil-stateless\/2021\/06\/e19e57f0-sao-paulo6.jpg\" alt=\"\" srcset=\"https:\/\/www.greenpeace.org\/static\/planet4-brasil-stateless\/2021\/06\/e19e57f0-sao-paulo6.jpg 479w, https:\/\/www.greenpeace.org\/static\/planet4-brasil-stateless\/2021\/06\/e19e57f0-sao-paulo6-194x300.jpg 194w, https:\/\/www.greenpeace.org\/static\/planet4-brasil-stateless\/2021\/06\/e19e57f0-sao-paulo6-219x340.jpg 219w\" sizes=\"auto, (max-width: 300px) 100vw, 300px\" \/><\/p>\n\n<p><a href=\"https:\/\/www.instagram.com\/p\/CPwE-U6H_SM\/\"><strong>Justi\u00e7a clim\u00e1tica e a inseguran\u00e7a alimentar:\u00a0<\/strong><\/a><\/p>\n\n<p class=\"has-text-align-center\"><img loading=\"lazy\" decoding=\"async\" width=\"350\" height=\"382\" class=\"wp-image-32097\" style=\"width: 350px;\" src=\"https:\/\/www.greenpeace.org\/static\/planet4-brasil-stateless\/2021\/06\/db044a7c-sao-paulo7.jpg\" alt=\"\" srcset=\"https:\/\/www.greenpeace.org\/static\/planet4-brasil-stateless\/2021\/06\/db044a7c-sao-paulo7.jpg 747w, https:\/\/www.greenpeace.org\/static\/planet4-brasil-stateless\/2021\/06\/db044a7c-sao-paulo7-275x300.jpg 275w, https:\/\/www.greenpeace.org\/static\/planet4-brasil-stateless\/2021\/06\/db044a7c-sao-paulo7-311x340.jpg 311w\" sizes=\"auto, (max-width: 350px) 100vw, 350px\" \/><img loading=\"lazy\" decoding=\"async\" width=\"349\" height=\"383\" class=\"wp-image-32098\" style=\"width: 349px;\" src=\"https:\/\/www.greenpeace.org\/static\/planet4-brasil-stateless\/2021\/06\/330763a4-sao-paulo8.jpg\" alt=\"\" srcset=\"https:\/\/www.greenpeace.org\/static\/planet4-brasil-stateless\/2021\/06\/330763a4-sao-paulo8.jpg 744w, https:\/\/www.greenpeace.org\/static\/planet4-brasil-stateless\/2021\/06\/330763a4-sao-paulo8-274x300.jpg 274w, https:\/\/www.greenpeace.org\/static\/planet4-brasil-stateless\/2021\/06\/330763a4-sao-paulo8-310x340.jpg 310w\" sizes=\"auto, (max-width: 349px) 100vw, 349px\" \/><\/p>\n\n<p><a href=\"https:\/\/www.instagram.com\/p\/CPxzDkxnL-e\/\"><strong>Agroecologia \u00e9 sa\u00fade:\u00a0\u00a0<\/strong><\/a><\/p>\n\n<p class=\"has-text-align-center\"><img loading=\"lazy\" decoding=\"async\" width=\"350\" height=\"348\" class=\"wp-image-32099\" style=\"width: 350px;\" src=\"https:\/\/www.greenpeace.org\/static\/planet4-brasil-stateless\/2021\/06\/cc11f8ea-sao-paulo10.jpg\" alt=\"\" srcset=\"https:\/\/www.greenpeace.org\/static\/planet4-brasil-stateless\/2021\/06\/cc11f8ea-sao-paulo10.jpg 746w, https:\/\/www.greenpeace.org\/static\/planet4-brasil-stateless\/2021\/06\/cc11f8ea-sao-paulo10-300x298.jpg 300w, https:\/\/www.greenpeace.org\/static\/planet4-brasil-stateless\/2021\/06\/cc11f8ea-sao-paulo10-150x150.jpg 150w, https:\/\/www.greenpeace.org\/static\/planet4-brasil-stateless\/2021\/06\/cc11f8ea-sao-paulo10-342x340.jpg 342w\" sizes=\"auto, (max-width: 350px) 100vw, 350px\" \/><img loading=\"lazy\" decoding=\"async\" width=\"348\" height=\"348\" class=\"wp-image-32100\" style=\"width: 348px;\" src=\"https:\/\/www.greenpeace.org\/static\/planet4-brasil-stateless\/2021\/06\/6d46bc74-sao-paulo11.jpg\" alt=\"\" srcset=\"https:\/\/www.greenpeace.org\/static\/planet4-brasil-stateless\/2021\/06\/6d46bc74-sao-paulo11.jpg 745w, https:\/\/www.greenpeace.org\/static\/planet4-brasil-stateless\/2021\/06\/6d46bc74-sao-paulo11-300x300.jpg 300w, https:\/\/www.greenpeace.org\/static\/planet4-brasil-stateless\/2021\/06\/6d46bc74-sao-paulo11-150x150.jpg 150w, https:\/\/www.greenpeace.org\/static\/planet4-brasil-stateless\/2021\/06\/6d46bc74-sao-paulo11-340x340.jpg 340w\" sizes=\"auto, (max-width: 348px) 100vw, 348px\" \/><\/p>\n\n<p><a href=\"https:\/\/www.instagram.com\/p\/CPyqS5cnXX2\/\"><strong>Produ\u00e7\u00e3o org\u00e2nica &#8211; O que \u00e9 e como funciona no Brasil:\u00a0<\/strong><\/a> <\/p>\n\n<p class=\"has-text-align-center\"><img loading=\"lazy\" decoding=\"async\" width=\"350\" height=\"349\" class=\"wp-image-32101\" style=\"width: 350px;\" src=\"https:\/\/www.greenpeace.org\/static\/planet4-brasil-stateless\/2021\/06\/8043348b-sao-paulo15.jpg\" alt=\"\" srcset=\"https:\/\/www.greenpeace.org\/static\/planet4-brasil-stateless\/2021\/06\/8043348b-sao-paulo15.jpg 747w, https:\/\/www.greenpeace.org\/static\/planet4-brasil-stateless\/2021\/06\/8043348b-sao-paulo15-300x300.jpg 300w, https:\/\/www.greenpeace.org\/static\/planet4-brasil-stateless\/2021\/06\/8043348b-sao-paulo15-150x150.jpg 150w, https:\/\/www.greenpeace.org\/static\/planet4-brasil-stateless\/2021\/06\/8043348b-sao-paulo15-341x340.jpg 341w\" sizes=\"auto, (max-width: 350px) 100vw, 350px\" \/><img loading=\"lazy\" decoding=\"async\" width=\"347\" height=\"349\" class=\"wp-image-32102\" style=\"width: 347px;\" src=\"https:\/\/www.greenpeace.org\/static\/planet4-brasil-stateless\/2021\/06\/126be42a-sao-paulo16.jpg\" alt=\"\" srcset=\"https:\/\/www.greenpeace.org\/static\/planet4-brasil-stateless\/2021\/06\/126be42a-sao-paulo16.jpg 743w, https:\/\/www.greenpeace.org\/static\/planet4-brasil-stateless\/2021\/06\/126be42a-sao-paulo16-298x300.jpg 298w, https:\/\/www.greenpeace.org\/static\/planet4-brasil-stateless\/2021\/06\/126be42a-sao-paulo16-150x150.jpg 150w, https:\/\/www.greenpeace.org\/static\/planet4-brasil-stateless\/2021\/06\/126be42a-sao-paulo16-338x340.jpg 338w\" sizes=\"auto, (max-width: 347px) 100vw, 347px\" \/><\/p>\n\n<p><a href=\"https:\/\/www.instagram.com\/p\/CP0kL8Zn72S\/\"><strong>Pol\u00edticas p\u00fablicas e meio ambiente:\u00a0\u00a0\u00a0<\/strong><\/a><\/p>\n\n<p class=\"has-text-align-center\"><img loading=\"lazy\" decoding=\"async\" width=\"470\" height=\"261\" class=\"wp-image-32103\" style=\"width: 470px;\" src=\"https:\/\/www.greenpeace.org\/static\/planet4-brasil-stateless\/2021\/06\/242638c1-sao-paulo18.jpg\" alt=\"\" srcset=\"https:\/\/www.greenpeace.org\/static\/planet4-brasil-stateless\/2021\/06\/242638c1-sao-paulo18.jpg 480w, https:\/\/www.greenpeace.org\/static\/planet4-brasil-stateless\/2021\/06\/242638c1-sao-paulo18-300x167.jpg 300w\" sizes=\"auto, (max-width: 470px) 100vw, 470px\" \/><\/p>\n\n<p><a href=\"https:\/\/www.instagram.com\/p\/CP02ZAZHpyN\/\"><strong>Grilagem para gado &#8211; Entenda o processo:\u00a0<\/strong><\/a><\/p>\n\n<p class=\"has-text-align-center\"><img loading=\"lazy\" decoding=\"async\" width=\"350\" height=\"349\" class=\"wp-image-32104\" style=\"width: 350px;\" src=\"https:\/\/www.greenpeace.org\/static\/planet4-brasil-stateless\/2021\/06\/a995bd23-sao-paulo19.jpg\" alt=\"\" srcset=\"https:\/\/www.greenpeace.org\/static\/planet4-brasil-stateless\/2021\/06\/a995bd23-sao-paulo19.jpg 745w, https:\/\/www.greenpeace.org\/static\/planet4-brasil-stateless\/2021\/06\/a995bd23-sao-paulo19-300x300.jpg 300w, https:\/\/www.greenpeace.org\/static\/planet4-brasil-stateless\/2021\/06\/a995bd23-sao-paulo19-150x150.jpg 150w, https:\/\/www.greenpeace.org\/static\/planet4-brasil-stateless\/2021\/06\/a995bd23-sao-paulo19-341x340.jpg 341w\" sizes=\"auto, (max-width: 350px) 100vw, 350px\" \/><img loading=\"lazy\" decoding=\"async\" width=\"350\" height=\"349\" class=\"wp-image-32105\" style=\"width: 350px;\" src=\"https:\/\/www.greenpeace.org\/static\/planet4-brasil-stateless\/2021\/06\/26710584-sao-paulo20.jpg\" alt=\"\" srcset=\"https:\/\/www.greenpeace.org\/static\/planet4-brasil-stateless\/2021\/06\/26710584-sao-paulo20.jpg 749w, https:\/\/www.greenpeace.org\/static\/planet4-brasil-stateless\/2021\/06\/26710584-sao-paulo20-300x300.jpg 300w, https:\/\/www.greenpeace.org\/static\/planet4-brasil-stateless\/2021\/06\/26710584-sao-paulo20-150x150.jpg 150w, https:\/\/www.greenpeace.org\/static\/planet4-brasil-stateless\/2021\/06\/26710584-sao-paulo20-341x340.jpg 341w\" sizes=\"auto, (max-width: 350px) 100vw, 350px\" \/><\/p>\n\n<p>Todo esse turbilh\u00e3o maravilhoso de troca de conhecimentos foi s\u00f3 um esquenta pro dia 05, Dia do Meio Ambiente. Vem pra mais:&nbsp;<\/p>\n\n<p><a href=\"https:\/\/www.instagram.com\/p\/CPwXVMynz96\/\"><strong>S\u00e3o Paulo:\u00a0<\/strong><\/a><\/p>\n\n<p class=\"has-text-align-center\"><img loading=\"lazy\" decoding=\"async\" width=\"300\" height=\"529\" class=\"wp-image-32106\" style=\"width: 300px;\" src=\"https:\/\/www.greenpeace.org\/static\/planet4-brasil-stateless\/2021\/06\/14499fc0-sao-paulo9.jpg\" alt=\"\" srcset=\"https:\/\/www.greenpeace.org\/static\/planet4-brasil-stateless\/2021\/06\/14499fc0-sao-paulo9.jpg 422w, https:\/\/www.greenpeace.org\/static\/planet4-brasil-stateless\/2021\/06\/14499fc0-sao-paulo9-170x300.jpg 170w, https:\/\/www.greenpeace.org\/static\/planet4-brasil-stateless\/2021\/06\/14499fc0-sao-paulo9-193x340.jpg 193w\" sizes=\"auto, (max-width: 300px) 100vw, 300px\" \/><\/p>\n\n<p><a href=\"https:\/\/www.instagram.com\/p\/CPwSZDfNsns\/\"><strong>Recife:<\/strong><\/a> <\/p>\n\n<p class=\"has-text-align-center\"><img loading=\"lazy\" decoding=\"async\" width=\"350\" height=\"351\" class=\"wp-image-32107\" style=\"width: 350px;\" src=\"https:\/\/www.greenpeace.org\/static\/planet4-brasil-stateless\/2021\/06\/3ff9e574-recife9.jpg\" alt=\"\" srcset=\"https:\/\/www.greenpeace.org\/static\/planet4-brasil-stateless\/2021\/06\/3ff9e574-recife9.jpg 741w, https:\/\/www.greenpeace.org\/static\/planet4-brasil-stateless\/2021\/06\/3ff9e574-recife9-300x300.jpg 300w, https:\/\/www.greenpeace.org\/static\/planet4-brasil-stateless\/2021\/06\/3ff9e574-recife9-150x150.jpg 150w, https:\/\/www.greenpeace.org\/static\/planet4-brasil-stateless\/2021\/06\/3ff9e574-recife9-339x340.jpg 339w\" sizes=\"auto, (max-width: 350px) 100vw, 350px\" \/><img loading=\"lazy\" decoding=\"async\" width=\"353\" height=\"352\" class=\"wp-image-32108\" style=\"width: 353px;\" src=\"https:\/\/www.greenpeace.org\/static\/planet4-brasil-stateless\/2021\/06\/b3abf037-recife10.jpg\" alt=\"\" srcset=\"https:\/\/www.greenpeace.org\/static\/planet4-brasil-stateless\/2021\/06\/b3abf037-recife10.jpg 745w, https:\/\/www.greenpeace.org\/static\/planet4-brasil-stateless\/2021\/06\/b3abf037-recife10-300x300.jpg 300w, https:\/\/www.greenpeace.org\/static\/planet4-brasil-stateless\/2021\/06\/b3abf037-recife10-150x150.jpg 150w, https:\/\/www.greenpeace.org\/static\/planet4-brasil-stateless\/2021\/06\/b3abf037-recife10-341x340.jpg 341w\" sizes=\"auto, (max-width: 353px) 100vw, 353px\" \/><\/p>\n\n<p><a href=\"https:\/\/www.instagram.com\/p\/CPvZlmcnL38\/\"><strong>Vale do Itaja\u00ed:\u00a0<\/strong><\/a><\/p>\n\n<p class=\"has-text-align-center\"><img loading=\"lazy\" decoding=\"async\" width=\"320\" height=\"377\" class=\"wp-image-32109\" style=\"width: 320px;\" src=\"https:\/\/www.greenpeace.org\/static\/planet4-brasil-stateless\/2021\/06\/2578d284-vale-do-itajai.jpg\" alt=\"\" srcset=\"https:\/\/www.greenpeace.org\/static\/planet4-brasil-stateless\/2021\/06\/2578d284-vale-do-itajai.jpg 636w, https:\/\/www.greenpeace.org\/static\/planet4-brasil-stateless\/2021\/06\/2578d284-vale-do-itajai-255x300.jpg 255w, https:\/\/www.greenpeace.org\/static\/planet4-brasil-stateless\/2021\/06\/2578d284-vale-do-itajai-289x340.jpg 289w\" sizes=\"auto, (max-width: 320px) 100vw, 320px\" \/><\/p>\n\n<p><a href=\"https:\/\/www.instagram.com\/p\/CPwOaPknSHc\/\"><strong>Salvador:<\/strong><\/a> <\/p>\n\n<p class=\"has-text-align-center\"><img loading=\"lazy\" decoding=\"async\" width=\"350\" height=\"348\" class=\"wp-image-32110\" style=\"width: 350px;\" src=\"https:\/\/www.greenpeace.org\/static\/planet4-brasil-stateless\/2021\/06\/72f89b65-salvador.jpg\" alt=\"\" srcset=\"https:\/\/www.greenpeace.org\/static\/planet4-brasil-stateless\/2021\/06\/72f89b65-salvador.jpg 746w, https:\/\/www.greenpeace.org\/static\/planet4-brasil-stateless\/2021\/06\/72f89b65-salvador-300x298.jpg 300w, https:\/\/www.greenpeace.org\/static\/planet4-brasil-stateless\/2021\/06\/72f89b65-salvador-150x150.jpg 150w, https:\/\/www.greenpeace.org\/static\/planet4-brasil-stateless\/2021\/06\/72f89b65-salvador-342x340.jpg 342w\" sizes=\"auto, (max-width: 350px) 100vw, 350px\" \/><\/p>\n\n<p><a href=\"https:\/\/www.instagram.com\/p\/CPwMushNmxD\/\"><strong>Bertioga:\u00a0<\/strong><\/a><\/p>\n\n<p class=\"has-text-align-center\"><img loading=\"lazy\" decoding=\"async\" width=\"350\" height=\"351\" class=\"wp-image-32111\" style=\"width: 350px;\" src=\"https:\/\/www.greenpeace.org\/static\/planet4-brasil-stateless\/2021\/06\/40aa049c-bertioga.jpg\" alt=\"\" srcset=\"https:\/\/www.greenpeace.org\/static\/planet4-brasil-stateless\/2021\/06\/40aa049c-bertioga.jpg 742w, https:\/\/www.greenpeace.org\/static\/planet4-brasil-stateless\/2021\/06\/40aa049c-bertioga-300x300.jpg 300w, https:\/\/www.greenpeace.org\/static\/planet4-brasil-stateless\/2021\/06\/40aa049c-bertioga-150x150.jpg 150w, https:\/\/www.greenpeace.org\/static\/planet4-brasil-stateless\/2021\/06\/40aa049c-bertioga-339x340.jpg 339w\" sizes=\"auto, (max-width: 350px) 100vw, 350px\" \/><\/p>\n\n<p><a href=\"https:\/\/www.instagram.com\/p\/CPvf7VIHy8Z\/\"><strong>Bras\u00edlia:<\/strong><\/a> <\/p>\n\n<p class=\"has-text-align-center\"><img loading=\"lazy\" decoding=\"async\" width=\"350\" height=\"347\" class=\"wp-image-32112\" style=\"width: 350px;\" src=\"https:\/\/www.greenpeace.org\/static\/planet4-brasil-stateless\/2021\/06\/ce55eb0c-brasilia2.jpg\" alt=\"\" srcset=\"https:\/\/www.greenpeace.org\/static\/planet4-brasil-stateless\/2021\/06\/ce55eb0c-brasilia2.jpg 745w, https:\/\/www.greenpeace.org\/static\/planet4-brasil-stateless\/2021\/06\/ce55eb0c-brasilia2-300x297.jpg 300w, https:\/\/www.greenpeace.org\/static\/planet4-brasil-stateless\/2021\/06\/ce55eb0c-brasilia2-150x150.jpg 150w, https:\/\/www.greenpeace.org\/static\/planet4-brasil-stateless\/2021\/06\/ce55eb0c-brasilia2-343x340.jpg 343w\" sizes=\"auto, (max-width: 350px) 100vw, 350px\" \/><\/p>\n\n<p><a href=\"https:\/\/www.instagram.com\/p\/CPuWc5Onh82\/\"><strong>Porto Alegre:\u00a0<\/strong><\/a><\/p>\n\n<p class=\"has-text-align-center\"><img loading=\"lazy\" decoding=\"async\" width=\"350\" height=\"350\" class=\"wp-image-32113\" style=\"width: 350px;\" src=\"https:\/\/www.greenpeace.org\/static\/planet4-brasil-stateless\/2021\/06\/770f2139-porto-alegre.jpg\" alt=\"\" srcset=\"https:\/\/www.greenpeace.org\/static\/planet4-brasil-stateless\/2021\/06\/770f2139-porto-alegre.jpg 744w, https:\/\/www.greenpeace.org\/static\/planet4-brasil-stateless\/2021\/06\/770f2139-porto-alegre-300x300.jpg 300w, https:\/\/www.greenpeace.org\/static\/planet4-brasil-stateless\/2021\/06\/770f2139-porto-alegre-150x150.jpg 150w, https:\/\/www.greenpeace.org\/static\/planet4-brasil-stateless\/2021\/06\/770f2139-porto-alegre-340x340.jpg 340w\" sizes=\"auto, (max-width: 350px) 100vw, 350px\" \/><\/p>\n\n<p><a href=\"https:\/\/www.instagram.com\/p\/CPwPVQ5llRr\/\"><strong>Fortaleza:\u00a0<\/strong><\/a><\/p>\n\n<p class=\"has-text-align-center\"><img loading=\"lazy\" decoding=\"async\" width=\"350\" height=\"348\" class=\"wp-image-32114\" style=\"width: 350px;\" src=\"https:\/\/www.greenpeace.org\/static\/planet4-brasil-stateless\/2021\/06\/5980ce10-fortaleza2.jpg\" alt=\"\" srcset=\"https:\/\/www.greenpeace.org\/static\/planet4-brasil-stateless\/2021\/06\/5980ce10-fortaleza2.jpg 744w, https:\/\/www.greenpeace.org\/static\/planet4-brasil-stateless\/2021\/06\/5980ce10-fortaleza2-300x298.jpg 300w, https:\/\/www.greenpeace.org\/static\/planet4-brasil-stateless\/2021\/06\/5980ce10-fortaleza2-150x150.jpg 150w, https:\/\/www.greenpeace.org\/static\/planet4-brasil-stateless\/2021\/06\/5980ce10-fortaleza2-342x340.jpg 342w\" sizes=\"auto, (max-width: 350px) 100vw, 350px\" \/><\/p>\n\n<p><a href=\"https:\/\/www.instagram.com\/p\/CPwElenLmjL\/\"><strong>Bel\u00e9m:\u00a0<\/strong><\/a><\/p>\n\n<p class=\"has-text-align-center\"><img loading=\"lazy\" decoding=\"async\" width=\"350\" height=\"349\" class=\"wp-image-32115\" style=\"width: 350px;\" src=\"https:\/\/www.greenpeace.org\/static\/planet4-brasil-stateless\/2021\/06\/5ceb8c73-belem2.jpg\" alt=\"\" srcset=\"https:\/\/www.greenpeace.org\/static\/planet4-brasil-stateless\/2021\/06\/5ceb8c73-belem2.jpg 741w, https:\/\/www.greenpeace.org\/static\/planet4-brasil-stateless\/2021\/06\/5ceb8c73-belem2-300x300.jpg 300w, https:\/\/www.greenpeace.org\/static\/planet4-brasil-stateless\/2021\/06\/5ceb8c73-belem2-150x150.jpg 150w, https:\/\/www.greenpeace.org\/static\/planet4-brasil-stateless\/2021\/06\/5ceb8c73-belem2-341x340.jpg 341w\" sizes=\"auto, (max-width: 350px) 100vw, 350px\" \/><\/p>\n\n<p>E como apresenta\u00e7\u00e3o de encerramento, lhes apresento nada menos do que o show que foi o desafio desenvolvido pelos nossos grupos locais em conjunto. A din\u00e2mica era a seguinte: um volunt\u00e1rio ou volunt\u00e1ria gravava um v\u00eddeo contando o que fazia para ajudar o planeta; em seguida, desafiava outro grupo local, e assim por diante. Foi tudo! &lt;3&nbsp;<\/p>\n\n<p><a href=\"https:\/\/www.instagram.com\/p\/CPwphajFhEA\/\"><strong>Recife <\/strong><\/a>e <a href=\"https:\/\/www.instagram.com\/p\/CPwWlAhndxp\/\"><strong>Belo Horizonte &lt;3<\/strong><\/a> <\/p>\n\n<p class=\"has-text-align-center\"><img loading=\"lazy\" decoding=\"async\" width=\"250\" height=\"440\" class=\"wp-image-32116\" style=\"width: 250px;\" src=\"https:\/\/www.greenpeace.org\/static\/planet4-brasil-stateless\/2021\/06\/479e8870-recife14.jpg\" alt=\"\" srcset=\"https:\/\/www.greenpeace.org\/static\/planet4-brasil-stateless\/2021\/06\/479e8870-recife14.jpg 363w, https:\/\/www.greenpeace.org\/static\/planet4-brasil-stateless\/2021\/06\/479e8870-recife14-170x300.jpg 170w, https:\/\/www.greenpeace.org\/static\/planet4-brasil-stateless\/2021\/06\/479e8870-recife14-193x340.jpg 193w\" sizes=\"auto, (max-width: 250px) 100vw, 250px\" \/><img loading=\"lazy\" decoding=\"async\" width=\"351\" height=\"439\" class=\"wp-image-32117\" style=\"width: 351px;\" src=\"https:\/\/www.greenpeace.org\/static\/planet4-brasil-stateless\/2021\/06\/073189f6-belo-horizonte.jpg\" alt=\"\" srcset=\"https:\/\/www.greenpeace.org\/static\/planet4-brasil-stateless\/2021\/06\/073189f6-belo-horizonte.jpg 593w, https:\/\/www.greenpeace.org\/static\/planet4-brasil-stateless\/2021\/06\/073189f6-belo-horizonte-240x300.jpg 240w, https:\/\/www.greenpeace.org\/static\/planet4-brasil-stateless\/2021\/06\/073189f6-belo-horizonte-272x340.jpg 272w\" sizes=\"auto, (max-width: 351px) 100vw, 351px\" \/><\/p>\n\n<p><a href=\"https:\/\/www.instagram.com\/p\/CPx4lByH2G_\/\"><strong>Bras\u00edlia<\/strong><\/a> e <a href=\"https:\/\/www.instagram.com\/p\/CPwSdm8nBZt\/\"><strong>Goi\u00e2nia &lt;3<\/strong><\/a> <\/p>\n\n<p class=\"has-text-align-center\"><img loading=\"lazy\" decoding=\"async\" width=\"250\" height=\"448\" class=\"wp-image-32118\" style=\"width: 250px;\" src=\"https:\/\/www.greenpeace.org\/static\/planet4-brasil-stateless\/2021\/06\/1c3410f1-brasilia.jpg\" alt=\"\" srcset=\"https:\/\/www.greenpeace.org\/static\/planet4-brasil-stateless\/2021\/06\/1c3410f1-brasilia.jpg 414w, https:\/\/www.greenpeace.org\/static\/planet4-brasil-stateless\/2021\/06\/1c3410f1-brasilia-167x300.jpg 167w, https:\/\/www.greenpeace.org\/static\/planet4-brasil-stateless\/2021\/06\/1c3410f1-brasilia-190x340.jpg 190w\" sizes=\"auto, (max-width: 250px) 100vw, 250px\" \/><img loading=\"lazy\" decoding=\"async\" width=\"253\" height=\"447\" class=\"wp-image-32119\" style=\"width: 253px;\" src=\"https:\/\/www.greenpeace.org\/static\/planet4-brasil-stateless\/2021\/06\/895f96be-goiania.jpg\" alt=\"\" srcset=\"https:\/\/www.greenpeace.org\/static\/planet4-brasil-stateless\/2021\/06\/895f96be-goiania.jpg 419w, https:\/\/www.greenpeace.org\/static\/planet4-brasil-stateless\/2021\/06\/895f96be-goiania-170x300.jpg 170w, https:\/\/www.greenpeace.org\/static\/planet4-brasil-stateless\/2021\/06\/895f96be-goiania-192x340.jpg 192w\" sizes=\"auto, (max-width: 253px) 100vw, 253px\" \/><\/p>\n\n<p><a href=\"https:\/\/www.instagram.com\/p\/CPwVc1UlGX9\/\"><strong>Fortaleza<\/strong><\/a> e <a href=\"https:\/\/www.instagram.com\/p\/CPwUCDJFlf5\/\"><strong>Bel\u00e9m &lt;3<\/strong><\/a> <\/p>\n\n<p class=\"has-text-align-center\"><img loading=\"lazy\" decoding=\"async\" width=\"370\" height=\"370\" class=\"wp-image-32120\" style=\"width: 370px;\" src=\"https:\/\/www.greenpeace.org\/static\/planet4-brasil-stateless\/2021\/06\/926ea2c7-fortaleza.jpg\" alt=\"\" srcset=\"https:\/\/www.greenpeace.org\/static\/planet4-brasil-stateless\/2021\/06\/926ea2c7-fortaleza.jpg 743w, https:\/\/www.greenpeace.org\/static\/planet4-brasil-stateless\/2021\/06\/926ea2c7-fortaleza-300x300.jpg 300w, https:\/\/www.greenpeace.org\/static\/planet4-brasil-stateless\/2021\/06\/926ea2c7-fortaleza-150x150.jpg 150w, https:\/\/www.greenpeace.org\/static\/planet4-brasil-stateless\/2021\/06\/926ea2c7-fortaleza-340x340.jpg 340w\" sizes=\"auto, (max-width: 370px) 100vw, 370px\" \/><img loading=\"lazy\" decoding=\"async\" width=\"206\" height=\"371\" class=\"wp-image-32121\" style=\"width: 206px;\" src=\"https:\/\/www.greenpeace.org\/static\/planet4-brasil-stateless\/2021\/06\/40084555-belem.jpg\" alt=\"\" srcset=\"https:\/\/www.greenpeace.org\/static\/planet4-brasil-stateless\/2021\/06\/40084555-belem.jpg 410w, https:\/\/www.greenpeace.org\/static\/planet4-brasil-stateless\/2021\/06\/40084555-belem-167x300.jpg 167w, https:\/\/www.greenpeace.org\/static\/planet4-brasil-stateless\/2021\/06\/40084555-belem-189x340.jpg 189w\" sizes=\"auto, (max-width: 206px) 100vw, 206px\" \/><\/p>\n\n<p>Antes de partirmos para a pr\u00f3xima parada, o grupo de Zona da Mata, ainda em forma\u00e7\u00e3o, preparou um TikTok incr\u00edvel sobre a Mata Atl\u00e2ntica. N\u00e3o mosca n\u00e3o,<a href=\"https:\/\/www.instagram.com\/p\/CPtcyFinQ62\/\"> <strong>vem ver:\u00a0<\/strong><\/a> <\/p>\n\n<p class=\"has-text-align-center\"><img loading=\"lazy\" decoding=\"async\" width=\"250\" height=\"452\" class=\"wp-image-32122\" style=\"width: 250px;\" src=\"https:\/\/www.greenpeace.org\/static\/planet4-brasil-stateless\/2021\/06\/d71242a1-zona-da-mata.jpg\" alt=\"\" srcset=\"https:\/\/www.greenpeace.org\/static\/planet4-brasil-stateless\/2021\/06\/d71242a1-zona-da-mata.jpg 409w, https:\/\/www.greenpeace.org\/static\/planet4-brasil-stateless\/2021\/06\/d71242a1-zona-da-mata-166x300.jpg 166w, https:\/\/www.greenpeace.org\/static\/planet4-brasil-stateless\/2021\/06\/d71242a1-zona-da-mata-188x340.jpg 188w\" sizes=\"auto, (max-width: 250px) 100vw, 250px\" \/><\/p>\n\n<p class=\"has-text-align-center\"><img loading=\"lazy\" decoding=\"async\" width=\"820\" height=\"271\" class=\"wp-image-32123\" style=\"width: 820px;\" src=\"https:\/\/www.greenpeace.org\/static\/planet4-brasil-stateless\/2021\/06\/59baa039-dicas-dos-voluntas.png\" alt=\"\" srcset=\"https:\/\/www.greenpeace.org\/static\/planet4-brasil-stateless\/2021\/06\/59baa039-dicas-dos-voluntas.png 1970w, https:\/\/www.greenpeace.org\/static\/planet4-brasil-stateless\/2021\/06\/59baa039-dicas-dos-voluntas-300x99.png 300w, https:\/\/www.greenpeace.org\/static\/planet4-brasil-stateless\/2021\/06\/59baa039-dicas-dos-voluntas-1024x338.png 1024w, https:\/\/www.greenpeace.org\/static\/planet4-brasil-stateless\/2021\/06\/59baa039-dicas-dos-voluntas-768x253.png 768w, https:\/\/www.greenpeace.org\/static\/planet4-brasil-stateless\/2021\/06\/59baa039-dicas-dos-voluntas-1536x507.png 1536w, https:\/\/www.greenpeace.org\/static\/planet4-brasil-stateless\/2021\/06\/59baa039-dicas-dos-voluntas-510x168.png 510w\" sizes=\"auto, (max-width: 820px) 100vw, 820px\" \/><\/p>\n\n<p>Depois de tantos depoimentos incr\u00edveis dos nossos voluntas, a gente fica at\u00e9 mais inspirado, n\u00e9? Ent\u00e3o n\u00e3o deixe essa chama se apagar e j\u00e1 pega a dica de S\u00e3o Paulo, que te ensina a <a href=\"https:\/\/www.instagram.com\/p\/CPykySynTKv\/\"><strong>fazer adubo org\u00e2nico com restos de alimentos:\u00a0<\/strong><\/a><\/p>\n\n<p class=\"has-text-align-center\"><img loading=\"lazy\" decoding=\"async\" width=\"250\" height=\"389\" class=\"wp-image-32125\" style=\"width: 250px;\" src=\"https:\/\/www.greenpeace.org\/static\/planet4-brasil-stateless\/2021\/06\/d44a93f9-sao-paulo14.jpg\" alt=\"\" srcset=\"https:\/\/www.greenpeace.org\/static\/planet4-brasil-stateless\/2021\/06\/d44a93f9-sao-paulo14.jpg 477w, https:\/\/www.greenpeace.org\/static\/planet4-brasil-stateless\/2021\/06\/d44a93f9-sao-paulo14-193x300.jpg 193w, https:\/\/www.greenpeace.org\/static\/planet4-brasil-stateless\/2021\/06\/d44a93f9-sao-paulo14-219x340.jpg 219w\" sizes=\"auto, (max-width: 250px) 100vw, 250px\" \/><\/p>\n\n<p>Eu sei que voc\u00ea tamb\u00e9m est\u00e1 em um relacionamento s\u00e9rio com o ativismo ambiental, ent\u00e3o j\u00e1 separa esses filmes pra ficar super conectado com esse moz\u00e3o no Dia dos Namorados:&nbsp;<\/p>\n\n<p><a href=\"https:\/\/www.instagram.com\/p\/CPvlru8HNdK\/\"><strong>S\u00e3o Paulo &#8211; A Era da Estupidez:\u00a0<\/strong><\/a><\/p>\n\n<p class=\"has-text-align-center\"><img loading=\"lazy\" decoding=\"async\" width=\"350\" height=\"351\" class=\"wp-image-32126\" style=\"width: 350px;\" src=\"https:\/\/www.greenpeace.org\/static\/planet4-brasil-stateless\/2021\/06\/a1581019-sao-paulo4.jpg\" alt=\"\" srcset=\"https:\/\/www.greenpeace.org\/static\/planet4-brasil-stateless\/2021\/06\/a1581019-sao-paulo4.jpg 747w, https:\/\/www.greenpeace.org\/static\/planet4-brasil-stateless\/2021\/06\/a1581019-sao-paulo4-300x300.jpg 300w, https:\/\/www.greenpeace.org\/static\/planet4-brasil-stateless\/2021\/06\/a1581019-sao-paulo4-150x150.jpg 150w, https:\/\/www.greenpeace.org\/static\/planet4-brasil-stateless\/2021\/06\/a1581019-sao-paulo4-339x340.jpg 339w\" sizes=\"auto, (max-width: 350px) 100vw, 350px\" \/><\/p>\n\n<p><a href=\"https:\/\/www.instagram.com\/p\/CPtEpRrrqOx\/\"><strong>Recife &#8211; Como Mudar o Mundo:\u00a0<\/strong><\/a><\/p>\n\n<p class=\"has-text-align-center\"><img loading=\"lazy\" decoding=\"async\" width=\"350\" height=\"350\" class=\"wp-image-32127\" style=\"width: 350px;\" src=\"https:\/\/www.greenpeace.org\/static\/planet4-brasil-stateless\/2021\/06\/4819797f-recife8.jpg\" alt=\"\" srcset=\"https:\/\/www.greenpeace.org\/static\/planet4-brasil-stateless\/2021\/06\/4819797f-recife8.jpg 743w, https:\/\/www.greenpeace.org\/static\/planet4-brasil-stateless\/2021\/06\/4819797f-recife8-300x300.jpg 300w, https:\/\/www.greenpeace.org\/static\/planet4-brasil-stateless\/2021\/06\/4819797f-recife8-150x150.jpg 150w, https:\/\/www.greenpeace.org\/static\/planet4-brasil-stateless\/2021\/06\/4819797f-recife8-340x340.jpg 340w\" sizes=\"auto, (max-width: 350px) 100vw, 350px\" \/><\/p>\n\n<p class=\"has-text-align-center\"><img loading=\"lazy\" decoding=\"async\" width=\"820\" height=\"271\" class=\"wp-image-32128\" style=\"width: 820px;\" src=\"https:\/\/www.greenpeace.org\/static\/planet4-brasil-stateless\/2021\/06\/0033b269-encontros-virtuais.png\" alt=\"\" srcset=\"https:\/\/www.greenpeace.org\/static\/planet4-brasil-stateless\/2021\/06\/0033b269-encontros-virtuais.png 1970w, https:\/\/www.greenpeace.org\/static\/planet4-brasil-stateless\/2021\/06\/0033b269-encontros-virtuais-300x99.png 300w, https:\/\/www.greenpeace.org\/static\/planet4-brasil-stateless\/2021\/06\/0033b269-encontros-virtuais-1024x338.png 1024w, https:\/\/www.greenpeace.org\/static\/planet4-brasil-stateless\/2021\/06\/0033b269-encontros-virtuais-768x253.png 768w, https:\/\/www.greenpeace.org\/static\/planet4-brasil-stateless\/2021\/06\/0033b269-encontros-virtuais-1536x507.png 1536w, https:\/\/www.greenpeace.org\/static\/planet4-brasil-stateless\/2021\/06\/0033b269-encontros-virtuais-510x168.png 510w\" sizes=\"auto, (max-width: 820px) 100vw, 820px\" \/><\/p>\n\n<p>Aproveitando o Dia do Meio Ambiente, o grupo de Belo Horizonte <a href=\"https:\/\/www.instagram.com\/p\/CPx1d5HHZEt\/\"><strong>fez um cine debate <\/strong><\/a>sobre o document\u00e1rio Seaspiracy, dispon\u00edvel na Netflix \ud83d\ude42\u00a0<\/p>\n\n<p class=\"has-text-align-center\"><img loading=\"lazy\" decoding=\"async\" width=\"620\" height=\"265\" class=\"wp-image-32129\" style=\"width: 620px;\" src=\"https:\/\/www.greenpeace.org\/static\/planet4-brasil-stateless\/2021\/06\/71dbe2ea-belo-horizonte2.jpg\" alt=\"\" srcset=\"https:\/\/www.greenpeace.org\/static\/planet4-brasil-stateless\/2021\/06\/71dbe2ea-belo-horizonte2.jpg 743w, https:\/\/www.greenpeace.org\/static\/planet4-brasil-stateless\/2021\/06\/71dbe2ea-belo-horizonte2-300x128.jpg 300w, https:\/\/www.greenpeace.org\/static\/planet4-brasil-stateless\/2021\/06\/71dbe2ea-belo-horizonte2-510x218.jpg 510w\" sizes=\"auto, (max-width: 620px) 100vw, 620px\" \/><\/p>\n\n<p class=\"has-text-align-center\"><img loading=\"lazy\" decoding=\"async\" width=\"820\" height=\"271\" class=\"wp-image-32130\" style=\"width: 820px;\" src=\"https:\/\/www.greenpeace.org\/static\/planet4-brasil-stateless\/2021\/06\/79309dd9-lives-da-semana.png\" alt=\"\" srcset=\"https:\/\/www.greenpeace.org\/static\/planet4-brasil-stateless\/2021\/06\/79309dd9-lives-da-semana.png 1970w, https:\/\/www.greenpeace.org\/static\/planet4-brasil-stateless\/2021\/06\/79309dd9-lives-da-semana-300x99.png 300w, https:\/\/www.greenpeace.org\/static\/planet4-brasil-stateless\/2021\/06\/79309dd9-lives-da-semana-1024x338.png 1024w, https:\/\/www.greenpeace.org\/static\/planet4-brasil-stateless\/2021\/06\/79309dd9-lives-da-semana-768x253.png 768w, https:\/\/www.greenpeace.org\/static\/planet4-brasil-stateless\/2021\/06\/79309dd9-lives-da-semana-1536x507.png 1536w, https:\/\/www.greenpeace.org\/static\/planet4-brasil-stateless\/2021\/06\/79309dd9-lives-da-semana-510x168.png 510w\" sizes=\"auto, (max-width: 820px) 100vw, 820px\" \/><\/p>\n\n<p><a href=\"https:\/\/www.instagram.com\/p\/CPrQQvcJbkp\/\"><strong>03\/06 &#8211; Cicloativismo<\/strong><\/a><\/p>\n\n<p>Pra come\u00e7ar o m\u00eas com a roda direita e do jeito que a gente gosta, o grupo de Recife convidou a L\u00edgia Lima, da AMECICLO (Associa\u00e7\u00e3o Metropolitana de Ciclistas do Recife), para falar sobre as din\u00e2micas e impactos de um estilo de vida mais sustent\u00e1vel.\u00a0<\/p>\n\n<p class=\"has-text-align-center\"><img loading=\"lazy\" decoding=\"async\" width=\"320\" height=\"499\" class=\"wp-image-32131\" style=\"width: 320px;\" src=\"https:\/\/www.greenpeace.org\/static\/planet4-brasil-stateless\/2021\/06\/f884f219-recife7.jpg\" alt=\"\" srcset=\"https:\/\/www.greenpeace.org\/static\/planet4-brasil-stateless\/2021\/06\/f884f219-recife7.jpg 478w, https:\/\/www.greenpeace.org\/static\/planet4-brasil-stateless\/2021\/06\/f884f219-recife7-192x300.jpg 192w, https:\/\/www.greenpeace.org\/static\/planet4-brasil-stateless\/2021\/06\/f884f219-recife7-218x340.jpg 218w\" sizes=\"auto, (max-width: 320px) 100vw, 320px\" \/><\/p>\n\n<p>E ainda em discuss\u00f5es sobre tem\u00e1ticas relacionadas \u00e0 Semana do Meio Ambiente, teve live do Greenpeace com o Senac sobre os objetivos do desenvolvimento sustent\u00e1vel. <a href=\"https:\/\/www.youtube.com\/watch?v=CmRxYvUWBx8\"><strong>Vem ver como foi:\u00a0<\/strong><\/a><\/p>\n\n<p class=\"has-text-align-center\"><img loading=\"lazy\" decoding=\"async\" width=\"620\" height=\"347\" class=\"wp-image-32132\" style=\"width: 620px;\" src=\"https:\/\/www.greenpeace.org\/static\/planet4-brasil-stateless\/2021\/06\/73b71d97-sao-paulo21.jpg\" alt=\"\" srcset=\"https:\/\/www.greenpeace.org\/static\/planet4-brasil-stateless\/2021\/06\/73b71d97-sao-paulo21.jpg 1186w, https:\/\/www.greenpeace.org\/static\/planet4-brasil-stateless\/2021\/06\/73b71d97-sao-paulo21-300x168.jpg 300w, https:\/\/www.greenpeace.org\/static\/planet4-brasil-stateless\/2021\/06\/73b71d97-sao-paulo21-1024x572.jpg 1024w, https:\/\/www.greenpeace.org\/static\/planet4-brasil-stateless\/2021\/06\/73b71d97-sao-paulo21-768x429.jpg 768w, https:\/\/www.greenpeace.org\/static\/planet4-brasil-stateless\/2021\/06\/73b71d97-sao-paulo21-510x285.jpg 510w\" sizes=\"auto, (max-width: 620px) 100vw, 620px\" \/><\/p>\n\n<p class=\"has-text-align-center\"><img loading=\"lazy\" decoding=\"async\" width=\"820\" height=\"271\" class=\"wp-image-32133\" style=\"width: 820px;\" src=\"https:\/\/www.greenpeace.org\/static\/planet4-brasil-stateless\/2021\/06\/0e05e31f-curiosidades.png\" alt=\"\" srcset=\"https:\/\/www.greenpeace.org\/static\/planet4-brasil-stateless\/2021\/06\/0e05e31f-curiosidades.png 1970w, https:\/\/www.greenpeace.org\/static\/planet4-brasil-stateless\/2021\/06\/0e05e31f-curiosidades-300x99.png 300w, https:\/\/www.greenpeace.org\/static\/planet4-brasil-stateless\/2021\/06\/0e05e31f-curiosidades-1024x338.png 1024w, https:\/\/www.greenpeace.org\/static\/planet4-brasil-stateless\/2021\/06\/0e05e31f-curiosidades-768x253.png 768w, https:\/\/www.greenpeace.org\/static\/planet4-brasil-stateless\/2021\/06\/0e05e31f-curiosidades-1536x507.png 1536w, https:\/\/www.greenpeace.org\/static\/planet4-brasil-stateless\/2021\/06\/0e05e31f-curiosidades-510x168.png 510w\" sizes=\"auto, (max-width: 820px) 100vw, 820px\" \/><\/p>\n\n<p><a href=\"https:\/\/www.instagram.com\/p\/CPn601SIxKo\/\"><strong>Restaura\u00e7\u00e3o dos Ecossistemas &#8211; Recife \ud83d\ude42\u00a0<\/strong><\/a><\/p>\n\n<p class=\"has-text-align-center\"><img loading=\"lazy\" decoding=\"async\" width=\"350\" height=\"349\" class=\"wp-image-32134\" style=\"width: 350px;\" src=\"https:\/\/www.greenpeace.org\/static\/planet4-brasil-stateless\/2021\/06\/0b3924f8-recife3.jpg\" alt=\"\" srcset=\"https:\/\/www.greenpeace.org\/static\/planet4-brasil-stateless\/2021\/06\/0b3924f8-recife3.jpg 748w, https:\/\/www.greenpeace.org\/static\/planet4-brasil-stateless\/2021\/06\/0b3924f8-recife3-300x300.jpg 300w, https:\/\/www.greenpeace.org\/static\/planet4-brasil-stateless\/2021\/06\/0b3924f8-recife3-150x150.jpg 150w, https:\/\/www.greenpeace.org\/static\/planet4-brasil-stateless\/2021\/06\/0b3924f8-recife3-341x340.jpg 341w\" sizes=\"auto, (max-width: 350px) 100vw, 350px\" \/><img loading=\"lazy\" decoding=\"async\" width=\"351\" height=\"348\" class=\"wp-image-32135\" style=\"width: 351px;\" src=\"https:\/\/www.greenpeace.org\/static\/planet4-brasil-stateless\/2021\/06\/83664748-recife4.jpg\" alt=\"\" srcset=\"https:\/\/www.greenpeace.org\/static\/planet4-brasil-stateless\/2021\/06\/83664748-recife4.jpg 747w, https:\/\/www.greenpeace.org\/static\/planet4-brasil-stateless\/2021\/06\/83664748-recife4-300x298.jpg 300w, https:\/\/www.greenpeace.org\/static\/planet4-brasil-stateless\/2021\/06\/83664748-recife4-150x150.jpg 150w, https:\/\/www.greenpeace.org\/static\/planet4-brasil-stateless\/2021\/06\/83664748-recife4-343x340.jpg 343w\" sizes=\"auto, (max-width: 351px) 100vw, 351px\" \/><\/p>\n\n<p class=\"has-text-align-center\"><img loading=\"lazy\" decoding=\"async\" width=\"350\" height=\"350\" class=\"wp-image-32136\" style=\"width: 350px;\" src=\"https:\/\/www.greenpeace.org\/static\/planet4-brasil-stateless\/2021\/06\/75d4f445-recife5.jpg\" alt=\"\" srcset=\"https:\/\/www.greenpeace.org\/static\/planet4-brasil-stateless\/2021\/06\/75d4f445-recife5.jpg 746w, https:\/\/www.greenpeace.org\/static\/planet4-brasil-stateless\/2021\/06\/75d4f445-recife5-300x300.jpg 300w, https:\/\/www.greenpeace.org\/static\/planet4-brasil-stateless\/2021\/06\/75d4f445-recife5-150x150.jpg 150w, https:\/\/www.greenpeace.org\/static\/planet4-brasil-stateless\/2021\/06\/75d4f445-recife5-340x340.jpg 340w\" sizes=\"auto, (max-width: 350px) 100vw, 350px\" \/><img loading=\"lazy\" decoding=\"async\" width=\"350\" height=\"351\" class=\"wp-image-32137\" style=\"width: 350px;\" src=\"https:\/\/www.greenpeace.org\/static\/planet4-brasil-stateless\/2021\/06\/988e7d8e-recife6.jpg\" alt=\"\" srcset=\"https:\/\/www.greenpeace.org\/static\/planet4-brasil-stateless\/2021\/06\/988e7d8e-recife6.jpg 745w, https:\/\/www.greenpeace.org\/static\/planet4-brasil-stateless\/2021\/06\/988e7d8e-recife6-300x300.jpg 300w, https:\/\/www.greenpeace.org\/static\/planet4-brasil-stateless\/2021\/06\/988e7d8e-recife6-150x150.jpg 150w, https:\/\/www.greenpeace.org\/static\/planet4-brasil-stateless\/2021\/06\/988e7d8e-recife6-339x340.jpg 339w\" sizes=\"auto, (max-width: 350px) 100vw, 350px\" \/><\/p>\n\n<p class=\"has-text-align-center\"><img loading=\"lazy\" decoding=\"async\" width=\"820\" height=\"271\" class=\"wp-image-32138\" style=\"width: 820px;\" src=\"https:\/\/www.greenpeace.org\/static\/planet4-brasil-stateless\/2021\/06\/f4842aa2-segunda-sem-carne.png\" alt=\"\" srcset=\"https:\/\/www.greenpeace.org\/static\/planet4-brasil-stateless\/2021\/06\/f4842aa2-segunda-sem-carne.png 1970w, https:\/\/www.greenpeace.org\/static\/planet4-brasil-stateless\/2021\/06\/f4842aa2-segunda-sem-carne-300x99.png 300w, https:\/\/www.greenpeace.org\/static\/planet4-brasil-stateless\/2021\/06\/f4842aa2-segunda-sem-carne-1024x338.png 1024w, https:\/\/www.greenpeace.org\/static\/planet4-brasil-stateless\/2021\/06\/f4842aa2-segunda-sem-carne-768x253.png 768w, https:\/\/www.greenpeace.org\/static\/planet4-brasil-stateless\/2021\/06\/f4842aa2-segunda-sem-carne-1536x507.png 1536w, https:\/\/www.greenpeace.org\/static\/planet4-brasil-stateless\/2021\/06\/f4842aa2-segunda-sem-carne-510x168.png 510w\" sizes=\"auto, (max-width: 820px) 100vw, 820px\" \/><\/p>\n\n<p>Vai chegando o Dia dos Namorados e a gente sempre pensa sobre as nossas rela\u00e7\u00f5es, n\u00e9? Ent\u00e3o por que n\u00e3o aproveitar para mudar a sua com o planeta?&nbsp;<\/p>\n\n<p><a href=\"https:\/\/www.instagram.com\/p\/CPjCZXsLEEj\/\"><strong>\u00c9 o que o grupo de Recife sugeriu:\u00a0<\/strong><\/a><\/p>\n\n<p class=\"has-text-align-center\"><img loading=\"lazy\" decoding=\"async\" width=\"350\" height=\"350\" class=\"wp-image-32139\" style=\"width: 350px;\" src=\"https:\/\/www.greenpeace.org\/static\/planet4-brasil-stateless\/2021\/06\/01ef5b41-recife.jpg\" alt=\"\" srcset=\"https:\/\/www.greenpeace.org\/static\/planet4-brasil-stateless\/2021\/06\/01ef5b41-recife.jpg 742w, https:\/\/www.greenpeace.org\/static\/planet4-brasil-stateless\/2021\/06\/01ef5b41-recife-300x300.jpg 300w, https:\/\/www.greenpeace.org\/static\/planet4-brasil-stateless\/2021\/06\/01ef5b41-recife-150x150.jpg 150w, https:\/\/www.greenpeace.org\/static\/planet4-brasil-stateless\/2021\/06\/01ef5b41-recife-340x340.jpg 340w\" sizes=\"auto, (max-width: 350px) 100vw, 350px\" \/><\/p>\n\n<p>O grupo tamb\u00e9m deu<a href=\"https:\/\/www.instagram.com\/p\/CP0sDI8IV7F\/\"><strong> 3 motivos para n\u00e3o consumir animais marinhos:\u00a0<\/strong><\/a><\/p>\n\n<p class=\"has-text-align-center\"><img loading=\"lazy\" decoding=\"async\" width=\"261\" height=\"261\" class=\"wp-image-32140\" style=\"width: 261px;\" src=\"https:\/\/www.greenpeace.org\/static\/planet4-brasil-stateless\/2021\/06\/32adda71-recife11.jpg\" alt=\"\" srcset=\"https:\/\/www.greenpeace.org\/static\/planet4-brasil-stateless\/2021\/06\/32adda71-recife11.jpg 742w, https:\/\/www.greenpeace.org\/static\/planet4-brasil-stateless\/2021\/06\/32adda71-recife11-300x300.jpg 300w, https:\/\/www.greenpeace.org\/static\/planet4-brasil-stateless\/2021\/06\/32adda71-recife11-150x150.jpg 150w, https:\/\/www.greenpeace.org\/static\/planet4-brasil-stateless\/2021\/06\/32adda71-recife11-340x340.jpg 340w\" sizes=\"auto, (max-width: 261px) 100vw, 261px\" \/><img loading=\"lazy\" decoding=\"async\" width=\"260\" height=\"261\" class=\"wp-image-32141\" style=\"width: 260px;\" src=\"https:\/\/www.greenpeace.org\/static\/planet4-brasil-stateless\/2021\/06\/1a79b2b2-recife12.jpg\" alt=\"\" srcset=\"https:\/\/www.greenpeace.org\/static\/planet4-brasil-stateless\/2021\/06\/1a79b2b2-recife12.jpg 740w, https:\/\/www.greenpeace.org\/static\/planet4-brasil-stateless\/2021\/06\/1a79b2b2-recife12-298x300.jpg 298w, https:\/\/www.greenpeace.org\/static\/planet4-brasil-stateless\/2021\/06\/1a79b2b2-recife12-150x150.jpg 150w, https:\/\/www.greenpeace.org\/static\/planet4-brasil-stateless\/2021\/06\/1a79b2b2-recife12-338x340.jpg 338w\" sizes=\"auto, (max-width: 260px) 100vw, 260px\" \/><img loading=\"lazy\" decoding=\"async\" width=\"262\" height=\"261\" class=\"wp-image-32142\" style=\"width: 262px;\" src=\"https:\/\/www.greenpeace.org\/static\/planet4-brasil-stateless\/2021\/06\/dc66b72f-recife13.jpg\" alt=\"\" srcset=\"https:\/\/www.greenpeace.org\/static\/planet4-brasil-stateless\/2021\/06\/dc66b72f-recife13.jpg 743w, https:\/\/www.greenpeace.org\/static\/planet4-brasil-stateless\/2021\/06\/dc66b72f-recife13-300x298.jpg 300w, https:\/\/www.greenpeace.org\/static\/planet4-brasil-stateless\/2021\/06\/dc66b72f-recife13-150x150.jpg 150w, https:\/\/www.greenpeace.org\/static\/planet4-brasil-stateless\/2021\/06\/dc66b72f-recife13-342x340.jpg 342w\" sizes=\"auto, (max-width: 262px) 100vw, 262px\" \/><\/p>\n\n<p>Legal, n\u00e9?<a href=\"https:\/\/www.youtube.com\/watch?v=guPblpt2BN0\"> <strong>Sei que voc\u00ea vai querer ser um(a) de n\u00f3s!<\/strong><\/a><strong> <\/strong>Ent\u00e3o vem ver as receitas:&nbsp;<\/p>\n\n<p><a href=\"https:\/\/www.instagram.com\/p\/CPyItBin4Xg\/\"><strong>Snack de cebola &#8211; S\u00e3o Paulo &lt;3<\/strong><\/a> <\/p>\n\n<p class=\"has-text-align-center\"><img loading=\"lazy\" decoding=\"async\" width=\"350\" height=\"350\" class=\"wp-image-32143\" style=\"width: 350px;\" src=\"https:\/\/www.greenpeace.org\/static\/planet4-brasil-stateless\/2021\/06\/5f0229c8-sao-paulo12.jpg\" alt=\"\" srcset=\"https:\/\/www.greenpeace.org\/static\/planet4-brasil-stateless\/2021\/06\/5f0229c8-sao-paulo12.jpg 748w, https:\/\/www.greenpeace.org\/static\/planet4-brasil-stateless\/2021\/06\/5f0229c8-sao-paulo12-300x300.jpg 300w, https:\/\/www.greenpeace.org\/static\/planet4-brasil-stateless\/2021\/06\/5f0229c8-sao-paulo12-150x150.jpg 150w, https:\/\/www.greenpeace.org\/static\/planet4-brasil-stateless\/2021\/06\/5f0229c8-sao-paulo12-340x340.jpg 340w\" sizes=\"auto, (max-width: 350px) 100vw, 350px\" \/><\/p>\n\n<p><a href=\"https:\/\/www.instagram.com\/p\/CPyzZT4nF1n\/\"><strong>Pesto de abacate &#8211; S\u00e3o Paulo &lt;3<\/strong><\/a> <\/p>\n\n<p class=\"has-text-align-center\"><img loading=\"lazy\" decoding=\"async\" width=\"350\" height=\"351\" class=\"wp-image-32144\" style=\"width: 350px;\" src=\"https:\/\/www.greenpeace.org\/static\/planet4-brasil-stateless\/2021\/06\/0a7f718e-sao-paulo17.jpg\" alt=\"\" srcset=\"https:\/\/www.greenpeace.org\/static\/planet4-brasil-stateless\/2021\/06\/0a7f718e-sao-paulo17.jpg 744w, https:\/\/www.greenpeace.org\/static\/planet4-brasil-stateless\/2021\/06\/0a7f718e-sao-paulo17-300x300.jpg 300w, https:\/\/www.greenpeace.org\/static\/planet4-brasil-stateless\/2021\/06\/0a7f718e-sao-paulo17-150x150.jpg 150w, https:\/\/www.greenpeace.org\/static\/planet4-brasil-stateless\/2021\/06\/0a7f718e-sao-paulo17-339x340.jpg 339w\" sizes=\"auto, (max-width: 350px) 100vw, 350px\" \/><\/p>\n\n<p><a href=\"https:\/\/www.instagram.com\/p\/CP0XwZJnyPu\/\"><strong>Brownie &#8211; Salvador &lt;3<\/strong><\/a> <\/p>\n\n<p class=\"has-text-align-center\"><img loading=\"lazy\" decoding=\"async\" width=\"350\" height=\"350\" class=\"wp-image-32145\" style=\"width: 350px;\" src=\"https:\/\/www.greenpeace.org\/static\/planet4-brasil-stateless\/2021\/06\/122ce378-salvador2.jpg\" alt=\"\" srcset=\"https:\/\/www.greenpeace.org\/static\/planet4-brasil-stateless\/2021\/06\/122ce378-salvador2.jpg 744w, https:\/\/www.greenpeace.org\/static\/planet4-brasil-stateless\/2021\/06\/122ce378-salvador2-300x300.jpg 300w, https:\/\/www.greenpeace.org\/static\/planet4-brasil-stateless\/2021\/06\/122ce378-salvador2-150x150.jpg 150w, https:\/\/www.greenpeace.org\/static\/planet4-brasil-stateless\/2021\/06\/122ce378-salvador2-340x340.jpg 340w\" sizes=\"auto, (max-width: 350px) 100vw, 350px\" \/><\/p>\n\n<p>E pra voc\u00ea que \u00e9 daqueles(as) que nunca sabem o que fazer com os restos de alimentos que ficam no seu arm\u00e1rio e geladeira,<a href=\"https:\/\/www.instagram.com\/p\/CPyYBETnz20\/\"> <strong>o grupo de S\u00e3o Paulo te ensina a reaproveit\u00e1-los:\u00a0<\/strong><\/a> <\/p>\n\n<p class=\"has-text-align-center\"><img loading=\"lazy\" decoding=\"async\" width=\"250\" height=\"388\" class=\"wp-image-32146\" style=\"width: 250px;\" src=\"https:\/\/www.greenpeace.org\/static\/planet4-brasil-stateless\/2021\/06\/a8a1fb99-sao-paulo13.jpg\" alt=\"\" srcset=\"https:\/\/www.greenpeace.org\/static\/planet4-brasil-stateless\/2021\/06\/a8a1fb99-sao-paulo13.jpg 481w, https:\/\/www.greenpeace.org\/static\/planet4-brasil-stateless\/2021\/06\/a8a1fb99-sao-paulo13-193x300.jpg 193w, https:\/\/www.greenpeace.org\/static\/planet4-brasil-stateless\/2021\/06\/a8a1fb99-sao-paulo13-219x340.jpg 219w\" sizes=\"auto, (max-width: 250px) 100vw, 250px\" \/><\/p>\n\n<p><strong>Seguiremos atualizando e apoiando os grupos, afinal, estamos todes juntos nessa \ud83d\ude42<\/strong><\/p>\n<div class=\"EmptyMessage\">Block content is empty. Check the block&#8217;s settings or remove it.<\/div>","protected":false},"excerpt":{"rendered":"<p>O grupo de volunt\u00e1rios de S\u00e3o Paulo, em parceria com o Senac, preparou diversos conte\u00fados para enriquecer o debate sobre a pauta ambiental <\/p>\n","protected":false},"author":66,"featured_media":32113,"comment_status":"open","ping_status":"closed","sticky":false,"template":"","format":"standard","meta":{"ep_exclude_from_search":false,"p4_og_title":"","p4_og_description":"","p4_og_image":"","p4_og_image_id":"","p4_seo_canonical_url":"","p4_campaign_name":"not set","p4_local_project":"not set","p4_basket_name":"not set","p4_department":"","footnotes":""},"categories":[4],"tags":[23],"p4-page-type":[38],"class_list":["post-32090","post","type-post","status-publish","format-standard","has-post-thumbnail","hentry","category-ativismo","tag-mobilizacao","p4-page-type-voluntarios"],"_links":{"self":[{"href":"https:\/\/www.greenpeace.org\/brasil\/wp-json\/wp\/v2\/posts\/32090","targetHints":{"allow":["GET"]}}],"collection":[{"href":"https:\/\/www.greenpeace.org\/brasil\/wp-json\/wp\/v2\/posts"}],"about":[{"href":"https:\/\/www.greenpeace.org\/brasil\/wp-json\/wp\/v2\/types\/post"}],"author":[{"embeddable":true,"href":"https:\/\/www.greenpeace.org\/brasil\/wp-json\/wp\/v2\/users\/66"}],"replies":[{"embeddable":true,"href":"https:\/\/www.greenpeace.org\/brasil\/wp-json\/wp\/v2\/comments?post=32090"}],"version-history":[{"count":4,"href":"https:\/\/www.greenpeace.org\/brasil\/wp-json\/wp\/v2\/posts\/32090\/revisions"}],"predecessor-version":[{"id":35196,"href":"https:\/\/www.greenpeace.org\/brasil\/wp-json\/wp\/v2\/posts\/32090\/revisions\/35196"}],"wp:featuredmedia":[{"embeddable":true,"href":"https:\/\/www.greenpeace.org\/brasil\/wp-json\/wp\/v2\/media\/32113"}],"wp:attachment":[{"href":"https:\/\/www.greenpeace.org\/brasil\/wp-json\/wp\/v2\/media?parent=32090"}],"wp:term":[{"taxonomy":"category","embeddable":true,"href":"https:\/\/www.greenpeace.org\/brasil\/wp-json\/wp\/v2\/categories?post=32090"},{"taxonomy":"post_tag","embeddable":true,"href":"https:\/\/www.greenpeace.org\/brasil\/wp-json\/wp\/v2\/tags?post=32090"},{"taxonomy":"p4-page-type","embeddable":true,"href":"https:\/\/www.greenpeace.org\/brasil\/wp-json\/wp\/v2\/p4-page-type?post=32090"}],"curies":[{"name":"wp","href":"https:\/\/api.w.org\/{rel}","templated":true}]}}