{"id":32542,"date":"2021-06-24T19:08:00","date_gmt":"2021-06-24T22:08:00","guid":{"rendered":"https:\/\/www.greenpeace.org\/brasil\/?p=32542"},"modified":"2022-04-05T14:33:00","modified_gmt":"2022-04-05T17:33:00","slug":"ricardo-salles-vai-tarde-tarde-demais-para-o-governo-recuperar-a-credibilidade","status":"publish","type":"post","link":"https:\/\/www.greenpeace.org\/brasil\/blog\/ricardo-salles-vai-tarde-tarde-demais-para-o-governo-recuperar-a-credibilidade\/","title":{"rendered":"Ricardo Salles vai tarde. Tarde demais para o governo recuperar a credibilidade"},"content":{"rendered":"\n<h4 class=\"wp-block-heading\">Para limpar sua imagem l\u00e1 fora devido aos estragos em 30 meses de mandato, governo Bolsonaro ter\u00e1 que fazer mais do que substituir Salles por Joaquim \u00c1lvaro Pereira Leite<\/h4>\n\n<div class=\"wp-block-image\"><figure class=\"aligncenter size-large is-resized\"><img loading=\"lazy\" decoding=\"async\" src=\"https:\/\/www.greenpeace.org\/static\/planet4-brasil-stateless\/2021\/06\/e01b382a-ricardosalles_twitter_01-1024x576.png\" alt=\"\" class=\"wp-image-32547\" width=\"599\" height=\"336\" srcset=\"https:\/\/www.greenpeace.org\/static\/planet4-brasil-stateless\/2021\/06\/e01b382a-ricardosalles_twitter_01-1024x576.png 1024w, https:\/\/www.greenpeace.org\/static\/planet4-brasil-stateless\/2021\/06\/e01b382a-ricardosalles_twitter_01-300x169.png 300w, https:\/\/www.greenpeace.org\/static\/planet4-brasil-stateless\/2021\/06\/e01b382a-ricardosalles_twitter_01-768x432.png 768w, https:\/\/www.greenpeace.org\/static\/planet4-brasil-stateless\/2021\/06\/e01b382a-ricardosalles_twitter_01-1536x864.png 1536w, https:\/\/www.greenpeace.org\/static\/planet4-brasil-stateless\/2021\/06\/e01b382a-ricardosalles_twitter_01-510x287.png 510w, https:\/\/www.greenpeace.org\/static\/planet4-brasil-stateless\/2021\/06\/e01b382a-ricardosalles_twitter_01.png 1920w\" sizes=\"auto, (max-width: 599px) 100vw, 599px\" \/><\/figure><\/div>\n\n<p>H\u00e1 um ditado popular que diz: \u201cPara grandes males, grandes rem\u00e9dios\u201d, que mostra que precisamos nos empenhar muito para resolver problemas s\u00e9rios. Quando se trata da sa\u00edda do ministro de Meio Ambiente Ricardo Salles do governo, \u00e9 o caso de dizermos: \u201cPara grandes Salles, grandes rem\u00e9dios\u201d. A pol\u00edtica antiambiental do governo Bolsonaro \u00e9 uma doen\u00e7a que n\u00e3o ser\u00e1 eliminada apenas com a sa\u00edda de Salles.&nbsp;<\/p>\n\n<p>No entanto, o governo Bolsonaro pode querer mostrar l\u00e1 fora que a sa\u00edda de Salles \u00e9 suficiente. Nos \u00faltimos meses, investidores, empresas, mercados e lideran\u00e7as internacionais, como o presidente dos Estados Unidos Joe Biden, t\u00eam sinalizado sua preocupa\u00e7\u00e3o com o aumento do desmatamento na Amaz\u00f4nia, o desmonte dos \u00f3rg\u00e3os de prote\u00e7\u00e3o ambiental e a amea\u00e7a de direitos de povos ind\u00edgenas e tradicionais. Afinal, quem quer ser associado \u00e0 destrui\u00e7\u00e3o? Mas a realidade \u00e9 outra: <strong>para n\u00e3o perder ainda mais investimentos, recursos e credibilidade, Bolsonaro ter\u00e1 que fazer muito mais do que substituir Salles no intuito de provar que est\u00e1 consertando os <a rel=\"noreferrer noopener\" href=\"https:\/\/www.oeco.org.br\/reportagens\/os-30-meses-de-ricardo-salles-a-frente-do-ministerio-do-meio-ambiente\/\" target=\"_blank\">estragos provocados em 30 meses de mandato<\/a>.\u00a0<\/strong><\/p>\n\n<p>N\u00e3o podemos nos enganar: <strong>a sa\u00edda de Ricardo Salles, o <\/strong><a href=\"https:\/\/www.greenpeace.org\/brasil\/blog\/ricardo-salles-deve-ser-retirado-imediatamente-do-ministerio-de-meio-ambiente\/\"><strong>ministro da boiada<\/strong><\/a><strong>, n\u00e3o aconteceu devido \u00e0 press\u00e3o internacional, \u00e0 sua imagem arranhada no Brasil e no mundo, muito menos por conta de seus ataques ao meio ambiente<\/strong>. Salles entregou justamente o que o governo Bolsonaro pediu. S\u00f3 caiu porque os inqu\u00e9ritos no Supremo Tribunal Federal (STF) contra ele estavam ficando caros demais. Sem contar a cortina de fuma\u00e7a que se formou em torno de sua sa\u00edda: n\u00e3o foi coincid\u00eancia o an\u00fancio ter sido feito no mesmo dia em que o governo foi denunciado por irregularidades e superfaturamento na compra da Covaxin, vacina indiana contra a Covid-19.<\/p>\n\n<h3 class=\"wp-block-heading\"><strong>\u00c9 tudo farinha do mesmo Salles<\/strong><\/h3>\n\n<p>Para quem est\u00e1 se perguntando se o novo ministro de Meio Ambiente, Joaquim \u00c1lvaro Pereira Leite, conseguir\u00e1 reverter o rumo dos retrocessos socioambientais, infelizmente o cen\u00e1rio n\u00e3o nos permite muito otimismo. Leite foi conselheiro de uma entidade ruralista (SRB &#8211; Sociedade Rural Brasileira) por 23 anos e sua fam\u00edlia, composta por fazendeiros de caf\u00e9, <a href=\"https:\/\/www.bbc.com\/portuguese\/brasil-57590288\" target=\"_blank\" rel=\"noreferrer noopener\">tenta abocanhar um peda\u00e7o da Terra Ind\u00edgena Jaragu\u00e1<\/a>, em S\u00e3o Paulo.&nbsp;<\/p>\n\n<p>O principal motivo da descren\u00e7a, no entanto, \u00e9 claro: <strong>Joaquim \u00c1lvaro Pereira Leite se torna ministro de um presidente da Rep\u00fablica que j\u00e1 provou, em diversas ocasi\u00f5es, n\u00e3o estar preocupado com a conserva\u00e7\u00e3o da floresta e seus povos<\/strong> \u2014 e tamb\u00e9m n\u00e3o gosta de ser contrariado por seus ministros<strong>.<\/strong> Durante a campanha eleitoral, Jair Bolsonaro prometeu acabar com o Minist\u00e9rio do Meio Ambiente (MMA), subordinando-o ao Minist\u00e9rio da Agricultura. S\u00f3 n\u00e3o o fez porque decidiu eliminar o MMA por dentro. Como j\u00e1 mostramos <a href=\"https:\/\/www.greenpeace.org\/brasil\/blog\/e-tudo-farinha-do-mesmo-salles\/\">aqui<\/a>, neste governo, \u00e9 tudo farinha do mesmo Salles.<\/p>\n\n<p>Ainda assim, vale o novo ministro de Meio Ambiente passar por um teste de fidelidade: o Observat\u00f3rio do Clima publicou 15 medidas que Leite deveria tomar para mostrar que \u00e9 diferente de Ricardo Salles (<a href=\"https:\/\/www.oc.eco.br\/o-teste-de-fidelidade-de-joaquim-leite\/\" target=\"_blank\" rel=\"noreferrer noopener\">leia aqui<\/a>).&nbsp;<\/p>\n\n<p>Para Thais Bannwart, porta-voz do Greenpeace Brasil, n\u00e3o h\u00e1 expectativa de uma boa gest\u00e3o do meio ambiente no governo Bolsonaro. \u201cJ\u00e1 est\u00e1 mais do que provado que este governo \u00e9 incompat\u00edvel com a defesa de um meio ambiente saud\u00e1vel e equilibrado. \u00c9 preciso lutar pelo Brasil que queremos: um pa\u00eds que valoriza a floresta em p\u00e9, com sua enorme biodiversidade, o conhecimento das popula\u00e7\u00f5es tradicionais e a produ\u00e7\u00e3o de comida de verdade\u201d.<\/p>\n\n<h3 class=\"wp-block-heading\"><strong>Sai Ricardo Salles mas fica Arthur Lira<\/strong><\/h3>\n\n<div class=\"wp-block-image\"><figure class=\"aligncenter size-large is-resized\"><img decoding=\"async\" src=\"https:\/\/www.greenpeace.org\/static\/planet4-brasil-stateless\/2021\/06\/e764e74c-chico-meme-boiada-1024x703.jpg\" alt=\"\" class=\"wp-image-32546\" width=\"-397\" height=\"-271\" srcset=\"https:\/\/www.greenpeace.org\/static\/planet4-brasil-stateless\/2021\/06\/e764e74c-chico-meme-boiada-1024x703.jpg 1024w, https:\/\/www.greenpeace.org\/static\/planet4-brasil-stateless\/2021\/06\/e764e74c-chico-meme-boiada-300x206.jpg 300w, https:\/\/www.greenpeace.org\/static\/planet4-brasil-stateless\/2021\/06\/e764e74c-chico-meme-boiada-768x528.jpg 768w, https:\/\/www.greenpeace.org\/static\/planet4-brasil-stateless\/2021\/06\/e764e74c-chico-meme-boiada-495x340.jpg 495w, https:\/\/www.greenpeace.org\/static\/planet4-brasil-stateless\/2021\/06\/e764e74c-chico-meme-boiada.jpg 1070w\" sizes=\"(max-width: 1024px) 100vw, 1024px\" \/><\/figure><\/div>\n\n<p>Ricardo Salles caiu, mas um dos principais aliados do governo Bolsonaro na postura de desrespeito ao meio ambiente permanece: <strong>Arthur Lira, presidente da C\u00e2mara dos Deputados, segue firme abrindo a porteira da destrui\u00e7\u00e3o.<\/strong> No m\u00eas passado, colocou em pauta o <a href=\"https:\/\/www.greenpeace.org\/brasil\/blog\/camara-aprova-lei-que-acaba-com-o-licenciamento-ambiental-no-brasil\/\">PL do (n\u00e3o)Licenciamento<\/a>, que foi aprovado e acabou com o principal instrumento de controle ambiental do pa\u00eds. Agora, Lira est\u00e1 determinado a continuar passando o trator por cima das florestas e seus povos, aprovando outros projetos perigosos, como o<a href=\"https:\/\/www.greenpeace.org\/brasil\/blog\/bolsonaristas-e-ruralistas-aprovam-projeto-que-abre-caminho-a-novo-genocidio-indigena\/\"> PL 490<\/a>, o <a href=\"https:\/\/www.greenpeace.org\/brasil\/blog\/como-sinal-verde-de-brasilia-fez-avancar-a-grilagem-na-amazonia\/\">PL da Grilagem<\/a> e o <a href=\"https:\/\/apublica.org\/2021\/03\/congresso-vira-novo-foc-da-batalha-pelos-agrotoxicos\/\" target=\"_blank\" rel=\"noreferrer noopener\">Pacote do Veneno<\/a>.&nbsp;<\/p>\n\n<p><strong>Se voc\u00ea tamb\u00e9m acha que a pol\u00edtica de passar boiadas gera preju\u00edzos \u00e0 popula\u00e7\u00e3o, \u00e0s florestas, \u00e0 economia e ao clima global e precisa ser interrompida, mobilize-se. Pressione o governo, converse com seus amigos, se posicione. \u00c9 hora de frearmos os retrocessos ambientais. E lembre-se: \u201cpara grandes males, grandes rem\u00e9dios\u201d.<\/strong>&nbsp;<\/p>\n","protected":false},"excerpt":{"rendered":"<p>Para limpar sua imagem l\u00e1 fora devido aos estragos em 30 meses de mandato, governo ter\u00e1 que fazer mais do que substituir Salles por Joaquim \u00c1lvaro Pereira Leite<\/p>\n","protected":false},"author":19,"featured_media":32547,"comment_status":"open","ping_status":"closed","sticky":false,"template":"","format":"standard","meta":{"ep_exclude_from_search":false,"p4_og_title":"","p4_og_description":"","p4_og_image":"","p4_og_image_id":"","p4_seo_canonical_url":"","p4_campaign_name":"not set","p4_local_project":"not set","p4_basket_name":"not set","p4_department":"","footnotes":""},"categories":[2],"tags":[22,26],"p4-page-type":[16],"class_list":["post-32542","post","type-post","status-publish","format-standard","has-post-thumbnail","hentry","category-transforme-a-sociedade","tag-florestas","tag-biodiversidade","p4-page-type-blog"],"_links":{"self":[{"href":"https:\/\/www.greenpeace.org\/brasil\/wp-json\/wp\/v2\/posts\/32542","targetHints":{"allow":["GET"]}}],"collection":[{"href":"https:\/\/www.greenpeace.org\/brasil\/wp-json\/wp\/v2\/posts"}],"about":[{"href":"https:\/\/www.greenpeace.org\/brasil\/wp-json\/wp\/v2\/types\/post"}],"author":[{"embeddable":true,"href":"https:\/\/www.greenpeace.org\/brasil\/wp-json\/wp\/v2\/users\/19"}],"replies":[{"embeddable":true,"href":"https:\/\/www.greenpeace.org\/brasil\/wp-json\/wp\/v2\/comments?post=32542"}],"version-history":[{"count":11,"href":"https:\/\/www.greenpeace.org\/brasil\/wp-json\/wp\/v2\/posts\/32542\/revisions"}],"predecessor-version":[{"id":32566,"href":"https:\/\/www.greenpeace.org\/brasil\/wp-json\/wp\/v2\/posts\/32542\/revisions\/32566"}],"wp:featuredmedia":[{"embeddable":true,"href":"https:\/\/www.greenpeace.org\/brasil\/wp-json\/wp\/v2\/media\/32547"}],"wp:attachment":[{"href":"https:\/\/www.greenpeace.org\/brasil\/wp-json\/wp\/v2\/media?parent=32542"}],"wp:term":[{"taxonomy":"category","embeddable":true,"href":"https:\/\/www.greenpeace.org\/brasil\/wp-json\/wp\/v2\/categories?post=32542"},{"taxonomy":"post_tag","embeddable":true,"href":"https:\/\/www.greenpeace.org\/brasil\/wp-json\/wp\/v2\/tags?post=32542"},{"taxonomy":"p4-page-type","embeddable":true,"href":"https:\/\/www.greenpeace.org\/brasil\/wp-json\/wp\/v2\/p4-page-type?post=32542"}],"curies":[{"name":"wp","href":"https:\/\/api.w.org\/{rel}","templated":true}]}}