{"id":32589,"date":"2021-06-29T14:55:40","date_gmt":"2021-06-29T17:55:40","guid":{"rendered":"https:\/\/www.greenpeace.org\/brasil\/?p=32589"},"modified":"2021-06-29T14:55:44","modified_gmt":"2021-06-29T17:55:44","slug":"agroecologia-contra-a-fome-parque-das-tribos-recebe-700-quilos-de-alimento-de-verdade","status":"publish","type":"post","link":"https:\/\/www.greenpeace.org\/brasil\/blog\/agroecologia-contra-a-fome-parque-das-tribos-recebe-700-quilos-de-alimento-de-verdade\/","title":{"rendered":"Agroecologia contra a fome:  Parque das tribos recebe 700 quilos de alimento de verdade"},"content":{"rendered":"\n<h4 class=\"wp-block-heading\">Mulheres do Parque das Tribos, grande aldeia urbana na periferia de Manaus, recebem mais de 700 quilos de comida de verdade, cultivada por produtores agroecol\u00f3gicos que estavam com dificuldade de escoar seus alimentos.&nbsp;<\/h4>\n\n<div class=\"wp-block-image\"><figure class=\"aligncenter size-large\"><img loading=\"lazy\" decoding=\"async\" width=\"1024\" height=\"678\" src=\"https:\/\/www.greenpeace.org\/static\/planet4-brasil-stateless\/2021\/06\/5b431deb-@20210626parquedastribos-55-1024x678.jpg\" alt=\"\" class=\"wp-image-32593\" srcset=\"https:\/\/www.greenpeace.org\/static\/planet4-brasil-stateless\/2021\/06\/5b431deb-@20210626parquedastribos-55-1024x678.jpg 1024w, https:\/\/www.greenpeace.org\/static\/planet4-brasil-stateless\/2021\/06\/5b431deb-@20210626parquedastribos-55-300x199.jpg 300w, https:\/\/www.greenpeace.org\/static\/planet4-brasil-stateless\/2021\/06\/5b431deb-@20210626parquedastribos-55-768x509.jpg 768w, https:\/\/www.greenpeace.org\/static\/planet4-brasil-stateless\/2021\/06\/5b431deb-@20210626parquedastribos-55-1536x1017.jpg 1536w, https:\/\/www.greenpeace.org\/static\/planet4-brasil-stateless\/2021\/06\/5b431deb-@20210626parquedastribos-55-2048x1356.jpg 2048w, https:\/\/www.greenpeace.org\/static\/planet4-brasil-stateless\/2021\/06\/5b431deb-@20210626parquedastribos-55-510x338.jpg 510w\" sizes=\"auto, (max-width: 1024px) 100vw, 1024px\" \/><figcaption>Entrega de alimentos da agricultura familiar para bairro perif\u00e9rico ind\u00edgena, na Zona Norte de Manaus \u00a9 Rodrigo Duarte\/Greenpeace<\/figcaption><\/figure><\/div>\n\n<p>Neste \u00faltimo s\u00e1bado, a Campanha Agroecologia contra a Fome construiu uma ponte de mais de 70 km, colocando o que brotou na terra da fam\u00edlia de Dona Miriam no prato da fam\u00edlia de Cristina. Com tantos atropelos que v\u00eam enfrentando, os agricultores que moram na redondeza do munic\u00edpio de Rio Preto da Eva (AM) dificilmente chegariam ao Parque das Tribos, bairro perif\u00e9rico de Manaus.&nbsp;<\/p>\n\n<p>N\u00e3o muito longe dali, num bairro mais central da capital, Dona Miriam e mais uma dezena de agricultores de sua regi\u00e3o estavam acostumados a ofertar sua produ\u00e7\u00e3o de org\u00e2nicos em uma feirinha que, como tantas outras atividades, parou ap\u00f3s o in\u00edcio da pandemia. Isso os colocou diante de uma situa\u00e7\u00e3o que para muitos pode n\u00e3o ser um obst\u00e1culo, mas para eles certamente foi: a necessidade urgente de readequa\u00e7\u00e3o a um novo modelo de neg\u00f3cio \u2013 que exige experi\u00eancia com venda virtual e uma intelig\u00eancia log\u00edstica totalmente diferente \u2013 e normalmente mais cara \u2013 da praticada com a venda semanal na feira. Exatamente por conta disso, nossos parceiros da Rede Maniva, que h\u00e1 quase 15 anos atua na promo\u00e7\u00e3o da agroecologia e da produ\u00e7\u00e3o org\u00e2nica no Amazonas, apontaram sua b\u00fassola para esses 10 agricultores da regi\u00e3o de Rio Preto da Eva.\u00a0<\/p>\n<div data-render=\"planet4-blocks\/gallery\" data-attributes=\"{&quot;attributes&quot;:{&quot;multiple_image&quot;:&quot;32591,32592,32590&quot;,&quot;image_data&quot;:[{&quot;url&quot;:&quot;https:\\\/\\\/www.greenpeace.org\\\/static\\\/planet4-brasil-stateless\\\/2021\\\/06\\\/cf2d7009-@20210626parquedastribos-58-scaled.jpg&quot;,&quot;focalPoint&quot;:{&quot;x&quot;:0.5,&quot;y&quot;:0.5},&quot;id&quot;:32591},{&quot;url&quot;:&quot;https:\\\/\\\/www.greenpeace.org\\\/static\\\/planet4-brasil-stateless\\\/2021\\\/06\\\/3a283a14-@20210626parquedastribos-42-scaled.jpg&quot;,&quot;focalPoint&quot;:{&quot;x&quot;:0.5,&quot;y&quot;:0.5},&quot;id&quot;:32592},{&quot;url&quot;:&quot;https:\\\/\\\/www.greenpeace.org\\\/static\\\/planet4-brasil-stateless\\\/2021\\\/06\\\/7ae39633-@20210626parquedastribos-53-scaled.jpg&quot;,&quot;focalPoint&quot;:{&quot;x&quot;:0.5,&quot;y&quot;:0.5},&quot;id&quot;:32590}],&quot;className&quot;:&quot;is-style-slider&quot;,&quot;gallery_block_style&quot;:0,&quot;gallery_block_title&quot;:&quot;&quot;,&quot;gallery_block_description&quot;:&quot;&quot;,&quot;gallery_block_focus_points&quot;:&quot;&quot;,&quot;images&quot;:[{&quot;image_src&quot;:&quot;https:\\\/\\\/www.greenpeace.org\\\/static\\\/planet4-brasil-stateless\\\/2021\\\/06\\\/cf2d7009-@20210626parquedastribos-58-scaled.jpg&quot;,&quot;image_srcset&quot;:&quot;https:\\\/\\\/www.greenpeace.org\\\/static\\\/planet4-brasil-stateless\\\/2021\\\/06\\\/cf2d7009-@20210626parquedastribos-58-scaled.jpg 2560w, https:\\\/\\\/www.greenpeace.org\\\/static\\\/planet4-brasil-stateless\\\/2021\\\/06\\\/cf2d7009-@20210626parquedastribos-58-300x199.jpg 300w, https:\\\/\\\/www.greenpeace.org\\\/static\\\/planet4-brasil-stateless\\\/2021\\\/06\\\/cf2d7009-@20210626parquedastribos-58-1024x678.jpg 1024w, https:\\\/\\\/www.greenpeace.org\\\/static\\\/planet4-brasil-stateless\\\/2021\\\/06\\\/cf2d7009-@20210626parquedastribos-58-768x509.jpg 768w, https:\\\/\\\/www.greenpeace.org\\\/static\\\/planet4-brasil-stateless\\\/2021\\\/06\\\/cf2d7009-@20210626parquedastribos-58-1536x1017.jpg 1536w, https:\\\/\\\/www.greenpeace.org\\\/static\\\/planet4-brasil-stateless\\\/2021\\\/06\\\/cf2d7009-@20210626parquedastribos-58-2048x1356.jpg 2048w, https:\\\/\\\/www.greenpeace.org\\\/static\\\/planet4-brasil-stateless\\\/2021\\\/06\\\/cf2d7009-@20210626parquedastribos-58-510x338.jpg 510w&quot;,&quot;image_sizes&quot;:false,&quot;alt_text&quot;:&quot;&quot;,&quot;caption&quot;:&quot;Cacique Lutana, que recentemente assumiu a lideran\\u00e7a do Parque das Tribos, recebendo a doa\\u00e7\\u00e3o \\u00a9 Rodrigo Duarte\\\/Greenpeace&quot;,&quot;focus_image&quot;:&quot;&quot;,&quot;credits&quot;:&quot;&quot;},{&quot;image_src&quot;:&quot;https:\\\/\\\/www.greenpeace.org\\\/static\\\/planet4-brasil-stateless\\\/2021\\\/06\\\/3a283a14-@20210626parquedastribos-42-scaled.jpg&quot;,&quot;image_srcset&quot;:&quot;https:\\\/\\\/www.greenpeace.org\\\/static\\\/planet4-brasil-stateless\\\/2021\\\/06\\\/3a283a14-@20210626parquedastribos-42-scaled.jpg 2560w, https:\\\/\\\/www.greenpeace.org\\\/static\\\/planet4-brasil-stateless\\\/2021\\\/06\\\/3a283a14-@20210626parquedastribos-42-300x199.jpg 300w, https:\\\/\\\/www.greenpeace.org\\\/static\\\/planet4-brasil-stateless\\\/2021\\\/06\\\/3a283a14-@20210626parquedastribos-42-1024x678.jpg 1024w, https:\\\/\\\/www.greenpeace.org\\\/static\\\/planet4-brasil-stateless\\\/2021\\\/06\\\/3a283a14-@20210626parquedastribos-42-768x509.jpg 768w, https:\\\/\\\/www.greenpeace.org\\\/static\\\/planet4-brasil-stateless\\\/2021\\\/06\\\/3a283a14-@20210626parquedastribos-42-1536x1017.jpg 1536w, https:\\\/\\\/www.greenpeace.org\\\/static\\\/planet4-brasil-stateless\\\/2021\\\/06\\\/3a283a14-@20210626parquedastribos-42-2048x1356.jpg 2048w, https:\\\/\\\/www.greenpeace.org\\\/static\\\/planet4-brasil-stateless\\\/2021\\\/06\\\/3a283a14-@20210626parquedastribos-42-510x338.jpg 510w&quot;,&quot;image_sizes&quot;:false,&quot;alt_text&quot;:&quot;&quot;,&quot;caption&quot;:&quot;Mais de 200 quilos de lim\\u00e3o cravo, laranja e lim\\u00e3o tahiti colhidos pelos agricultores de Rio Preto da Eva (AM) \\u00a9 Rodrigo Duarte\\\/Greenpeace&quot;,&quot;focus_image&quot;:&quot;&quot;,&quot;credits&quot;:&quot;&quot;},{&quot;image_src&quot;:&quot;https:\\\/\\\/www.greenpeace.org\\\/static\\\/planet4-brasil-stateless\\\/2021\\\/06\\\/7ae39633-@20210626parquedastribos-53-scaled.jpg&quot;,&quot;image_srcset&quot;:&quot;https:\\\/\\\/www.greenpeace.org\\\/static\\\/planet4-brasil-stateless\\\/2021\\\/06\\\/7ae39633-@20210626parquedastribos-53-scaled.jpg 2560w, https:\\\/\\\/www.greenpeace.org\\\/static\\\/planet4-brasil-stateless\\\/2021\\\/06\\\/7ae39633-@20210626parquedastribos-53-300x199.jpg 300w, https:\\\/\\\/www.greenpeace.org\\\/static\\\/planet4-brasil-stateless\\\/2021\\\/06\\\/7ae39633-@20210626parquedastribos-53-1024x678.jpg 1024w, https:\\\/\\\/www.greenpeace.org\\\/static\\\/planet4-brasil-stateless\\\/2021\\\/06\\\/7ae39633-@20210626parquedastribos-53-768x509.jpg 768w, https:\\\/\\\/www.greenpeace.org\\\/static\\\/planet4-brasil-stateless\\\/2021\\\/06\\\/7ae39633-@20210626parquedastribos-53-1536x1017.jpg 1536w, https:\\\/\\\/www.greenpeace.org\\\/static\\\/planet4-brasil-stateless\\\/2021\\\/06\\\/7ae39633-@20210626parquedastribos-53-2048x1356.jpg 2048w, https:\\\/\\\/www.greenpeace.org\\\/static\\\/planet4-brasil-stateless\\\/2021\\\/06\\\/7ae39633-@20210626parquedastribos-53-510x338.jpg 510w&quot;,&quot;image_sizes&quot;:false,&quot;alt_text&quot;:&quot;&quot;,&quot;caption&quot;:&quot;As redes encurtam a dist\\u00e2ncia entre as m\\u00e3os do produtor e as m\\u00e3os das fam\\u00edlias que mais precisam \\u00a9 Rodrigo Duarte\\\/Greenpeace&quot;,&quot;focus_image&quot;:&quot;&quot;,&quot;credits&quot;:&quot;&quot;}]}}\"><\/div>\n<p>Em seguida, foi s\u00f3 encontrar a outra ponta, tamb\u00e9m sofrendo as sequelas agravadas pela pandemia: a popula\u00e7\u00e3o do Parque das Tribos, periferia da regi\u00e3o norte de Manaus que re\u00fane cerca de 3 mil ind\u00edgenas, em 30 etnias. Quando a cidade enfrentou o caos transmitido em rede nacional com a 2\u00aa onda de Covid-19, no in\u00edcio do ano, foi l\u00e1 que moradores se organizaram e constru\u00edram a UAPI &#8211; Unidade de Apoio \u00e0 Popula\u00e7\u00e3o Ind\u00edgena, e que acabou sendo desativada. \u00c9 l\u00e1 que um posto de sa\u00fade ainda est\u00e1 para chegar e at\u00e9 pouqu\u00edssimo tempo n\u00e3o havia escola. \u00c9 l\u00e1 tamb\u00e9m que a maioria das pessoas n\u00e3o disp\u00f5e de R$3,80 para pegar \u00f4nibus em busca de qualquer coisa sem pensar no dinheiro da passagem de volta. Est\u00e3o, portanto, isolados do mundo, em um contexto de irregularidade fundi\u00e1ria que acarreta muitos tipos de inseguran\u00e7a.<br><\/p>\n\n<p>Nesse cen\u00e1rio de vulnerabilidade, a for\u00e7a feminina cada vez mais se faz presente \u2013 a come\u00e7ar pela Cacique Lutana Kokama, que recentemente assumiu a lideran\u00e7a. A doa\u00e7\u00e3o de alimentos agroecol\u00f3gicos realizada pelo Greenpeace em parceria com a Rede Maniva, que aconteceu no dia 26 de junho, na casa da cacique, foi uma confirma\u00e7\u00e3o disso. Os alimentos foram distribu\u00eddos por um grupo de mulheres, destinados a outras mulheres. \u201cDeixamos os alimentos agrupados por tipo e as mulheres que estavam coordenando a a\u00e7\u00e3o iam compondo as doa\u00e7\u00f5es. Elas sabem tudo ali. Sabem quem est\u00e1 precisando mais. S\u00e3o elas que percorrem as ruas, entram nas casas, sabem at\u00e9 o CPF das pessoas. \u00c9 uma rede feminina de afeto. Elas sabem que h\u00e1 muitas mulheres sustentando sozinhas a fam\u00edlia. Cuidando de suas crian\u00e7as e idosos. Cientes de que s\u00e3o elas que alimentam seus parentes, a a\u00e7\u00e3o foi voltada especialmente para ajud\u00e1-las. Sessenta fam\u00edlias foram beneficiadas\u201d, conta Renata Peixe-Boi, 37, da Rede Maniva, parceira que atuou na a\u00e7\u00e3o desde o contato com os agricultores at\u00e9 e a entrega no Parque das Tribos.&nbsp;<\/p>\n\n<p>A doa\u00e7\u00e3o contou com uma lista de 30 itens, somando mais de 700 quilos de alimentos. \u201cS\u00f3 de macaxeira, foram 200 quilos\u201d, conta Renata. \u201c\u00c9 um alimento estocado dentro da terra, que quando chega fresco, ainda molhado, a gente conhece s\u00f3 de olhar. Ela \u00e9 super exaltada pelas pessoas porque ela em si \u00e9 uma mem\u00f3ria. Tiveram tamb\u00e9m ervas medicinais \u2013 l\u00e1 tem muitas pessoas que tomam ch\u00e1 em vez de caf\u00e9. O ari\u00e1 foi outra estrela da entrega, um tipo de batata que, apesar de f\u00e1cil cultivo, hoje s\u00f3 \u00e9 encontrada em feira org\u00e2nica. Mas quem conhece o ari\u00e1 n\u00e3o \u00e9 quem frequenta a feira, e sim quem est\u00e1 nas periferias. A agricultura familiar \u00e9 cheia de um ingrediente que n\u00e3o est\u00e1 na tabela: o afeto, que traz conex\u00e3o com a ancestralidade\u201d.&nbsp; Em poucas palavras, Renata conecta esse aspecto ao equil\u00edbrio ambiental: \u201cNo Norte e Nordeste temos um jeito muito particular, end\u00eamico, de nos alimentar, que brota do ch\u00e3o. Para manter a floresta em p\u00e9, \u00e9 preciso consumir o que a floresta produz.\u201d&nbsp;<\/p>\n\n<p>Gra\u00e7as \u00e0s doa\u00e7\u00f5es feitas \u00e0 nossa campanha Agroecologia contra a Fome, o Greenpeace segue, ao lado de agricultores e parceiros, conectando os dois lados da ponte \u2013 o de Dona Miriam e o de Cristina. Com isso incentivamos a agroecologia e o resgate de h\u00e1bitos e saberes que, num trabalho em pequena escala mas consistente, desmascara um modelo alimentar hegem\u00f4nico projetado para desnutrir o solo e o ser humano. Trata-se do mesmo modelo que considera <a href=\"https:\/\/agenciabrasil.ebc.com.br\/geral\/noticia\/2021-04\/pesquisa-revela-que-19-milhoes-passaram-fome-no-brasil-no-fim-de-2020\">19 milh\u00f5es de pessoas passando fome<\/a> uma estat\u00edstica, assim como mais de 500 mil mortes. Cada um desses n\u00fameros tem um nome, uma fam\u00edlia, uma hist\u00f3ria \u2013 \u00e9 gente que merece dignidade para viver.\u00a0<\/p>\n\n<div class=\"wp-block-buttons is-layout-flex wp-block-buttons-is-layout-flex\">\n<div class=\"wp-block-button is-style-cta\"><a class=\"wp-block-button__link\" href=\"https:\/\/benfeitoria.com\/greenpeace\/?utm_source=referral&amp;utm_medium=p4&amp;utm_campaign=food&amp;utm_content=en_tag_agri20210629\">Doe para Agroecologia Contra Fome <\/a><\/div>\n<\/div>\n","protected":false},"excerpt":{"rendered":"<p>Mulheres do Parque das Tribos, grande aldeia urbana na periferia de Manaus, recebem mais de 700 quilos de comida de verdade, cultivada por produtores agroecol\u00f3gicos que estavam com dificuldade de escoar seus alimentos. <\/p>\n","protected":false},"author":100,"featured_media":32593,"comment_status":"open","ping_status":"closed","sticky":false,"template":"","format":"standard","meta":{"ep_exclude_from_search":false,"p4_og_title":"","p4_og_description":"","p4_og_image":"","p4_og_image_id":"","p4_seo_canonical_url":"","p4_campaign_name":"not set","p4_local_project":"not set","p4_basket_name":"not set","p4_department":"","footnotes":""},"categories":[5],"tags":[18],"p4-page-type":[16],"class_list":["post-32589","post","type-post","status-publish","format-standard","has-post-thumbnail","hentry","category-greenpeace","tag-agroecologia","p4-page-type-blog"],"_links":{"self":[{"href":"https:\/\/www.greenpeace.org\/brasil\/wp-json\/wp\/v2\/posts\/32589","targetHints":{"allow":["GET"]}}],"collection":[{"href":"https:\/\/www.greenpeace.org\/brasil\/wp-json\/wp\/v2\/posts"}],"about":[{"href":"https:\/\/www.greenpeace.org\/brasil\/wp-json\/wp\/v2\/types\/post"}],"author":[{"embeddable":true,"href":"https:\/\/www.greenpeace.org\/brasil\/wp-json\/wp\/v2\/users\/100"}],"replies":[{"embeddable":true,"href":"https:\/\/www.greenpeace.org\/brasil\/wp-json\/wp\/v2\/comments?post=32589"}],"version-history":[{"count":2,"href":"https:\/\/www.greenpeace.org\/brasil\/wp-json\/wp\/v2\/posts\/32589\/revisions"}],"predecessor-version":[{"id":32595,"href":"https:\/\/www.greenpeace.org\/brasil\/wp-json\/wp\/v2\/posts\/32589\/revisions\/32595"}],"wp:featuredmedia":[{"embeddable":true,"href":"https:\/\/www.greenpeace.org\/brasil\/wp-json\/wp\/v2\/media\/32593"}],"wp:attachment":[{"href":"https:\/\/www.greenpeace.org\/brasil\/wp-json\/wp\/v2\/media?parent=32589"}],"wp:term":[{"taxonomy":"category","embeddable":true,"href":"https:\/\/www.greenpeace.org\/brasil\/wp-json\/wp\/v2\/categories?post=32589"},{"taxonomy":"post_tag","embeddable":true,"href":"https:\/\/www.greenpeace.org\/brasil\/wp-json\/wp\/v2\/tags?post=32589"},{"taxonomy":"p4-page-type","embeddable":true,"href":"https:\/\/www.greenpeace.org\/brasil\/wp-json\/wp\/v2\/p4-page-type?post=32589"}],"curies":[{"name":"wp","href":"https:\/\/api.w.org\/{rel}","templated":true}]}}