{"id":32740,"date":"2021-07-08T10:56:56","date_gmt":"2021-07-08T13:56:56","guid":{"rendered":"https:\/\/www.greenpeace.org\/brasil\/?p=32740"},"modified":"2025-07-02T04:28:57","modified_gmt":"2025-07-02T07:28:57","slug":"o-que-mudancas-climaticas-tem-a-ver-com-a-crise-hidrica-e-o-aumento-na-conta-de-luz","status":"publish","type":"post","link":"https:\/\/www.greenpeace.org\/brasil\/blog\/o-que-mudancas-climaticas-tem-a-ver-com-a-crise-hidrica-e-o-aumento-na-conta-de-luz\/","title":{"rendered":"O que as mudan\u00e7as clim\u00e1ticas t\u00eam a ver com a crise h\u00eddrica e o aumento na conta de luz?"},"content":{"rendered":"\n<h4 class=\"wp-block-heading\">Em entrevista ao Greenpeace, o climatologista Jos\u00e9 Marengo faz uma an\u00e1lise da rela\u00e7\u00e3o entre aquecimento global e a falta de chuvas que impactou o n\u00edvel dos reservat\u00f3rios de grande parte das hidrel\u00e9tricas do pa\u00eds, um dos motivos da alta nas tarifas de energia<\/h4>\n\n<figure class=\"wp-block-image size-large\"><img loading=\"lazy\" decoding=\"async\" width=\"800\" height=\"533\" src=\"https:\/\/www.greenpeace.org\/static\/planet4-brasil-stateless\/2021\/07\/9f503511-gp0stp1p0_web_size.jpg\" alt=\"Detalhe de um terreno ressecado que costumava ser o fundo do reservat\u00f3rio de Serra Azul. Em 2015, o Greenpeace realizou uma expedi\u00e7\u00e3o aos principais mananciais superficiais da regi\u00e3o sudeste do Brasil, onde milh\u00f5es de pessoas foram amea\u00e7adas pela falta de \u00e1gua desde 2014, para destacar a liga\u00e7\u00e3o entre o desmatamento e a crise h\u00eddrica. \u00a9 Gabriel Lindoso \/ Greenpeace\" class=\"wp-image-32741\" srcset=\"https:\/\/www.greenpeace.org\/static\/planet4-brasil-stateless\/2021\/07\/9f503511-gp0stp1p0_web_size.jpg 800w, https:\/\/www.greenpeace.org\/static\/planet4-brasil-stateless\/2021\/07\/9f503511-gp0stp1p0_web_size-300x200.jpg 300w, https:\/\/www.greenpeace.org\/static\/planet4-brasil-stateless\/2021\/07\/9f503511-gp0stp1p0_web_size-768x512.jpg 768w, https:\/\/www.greenpeace.org\/static\/planet4-brasil-stateless\/2021\/07\/9f503511-gp0stp1p0_web_size-510x340.jpg 510w\" sizes=\"auto, (max-width: 800px) 100vw, 800px\" \/><figcaption>Detalhe de um terreno ressecado que costumava ser o fundo do reservat\u00f3rio de Serra Azul. Em 2015, o Greenpeace realizou uma expedi\u00e7\u00e3o aos principais mananciais superficiais da regi\u00e3o sudeste do Brasil, onde milh\u00f5es de pessoas foram amea\u00e7adas pela falta de \u00e1gua desde 2014, para destacar a liga\u00e7\u00e3o entre o desmatamento e a crise h\u00eddrica. \u00a9 Gabriel Lindoso \/ Greenpeace<\/figcaption><\/figure>\n\n<p>A <strong>escassez de chuvas<\/strong> entre setembro de 2020 e mar\u00e7o de 2021 nos reservat\u00f3rios de grande parte das hidrel\u00e9tricas do pa\u00eds somada \u00e0 falta de planejamento do poder p\u00fablico resultaram na pior <strong>crise h\u00eddrica<\/strong> dos \u00faltimos 91 anos, no Centro-Sul. Cinco estados est\u00e3o em alerta de emerg\u00eancia para o per\u00edodo de junho a setembro: Goi\u00e1s, Mato Grosso do Sul, Minas Gerais, Paran\u00e1 e S\u00e3o Paulo.<\/p>\n\n<p>Por conta dessa queda no n\u00edvel dos reservat\u00f3rios, o governo anunciou o acionamento das termel\u00e9tricas para atender \u00e0 demanda do consumo de energia. Al\u00e9m de mais poluentes, a produ\u00e7\u00e3o de energia por usinas t\u00e9rmicas \u00e9 mais cara e essa decis\u00e3o reflete diretamente no bolso da popula\u00e7\u00e3o, que \u00e9 para quem o governo repassa o preju\u00edzo com o aumento da<strong> conta de luz<\/strong>.&nbsp;<\/p>\n\n<p><strong>Mais emiss\u00f5es, maiores os riscos de novas secas. E o planejamento?<\/strong><\/p>\n\n<p>Uma vez que geram energia a partir da queima de combust\u00edveis, como diesel, g\u00e1s e carv\u00e3o, as termel\u00e9tricas s\u00e3o mais poluentes, contribuindo assim para o aumento das emiss\u00f5es brasileiras de gases de efeito estufa que intensificam o <strong>aquecimento global e, consequentemente, o risco de um futuro com mais secas e ainda mais intensas<\/strong>.&nbsp;&nbsp;<\/p>\n\n<p>H\u00e1 tempos a ci\u00eancia vem alertando que <strong>as mudan\u00e7as clim\u00e1ticas est\u00e3o provocando o aumento da intensidade e frequ\u00eancia de eventos extremos<\/strong>, caso de secas e <a href=\"https:\/\/www.greenpeace.org\/brasil\/blog\/cheias-em-manaus-subida-do-rio-negro-expoe-mais-de-8-mil-familias-aos-prejuizos-da-crise-climatica\/\">cheias<\/a>. Como bem lembrou o climatologista e meteorologista Jos\u00e9 Marengo em entrevista ao Greenpeace Brasil (que voc\u00ea pode conferir nos v\u00eddeos que est\u00e3o nesta p\u00e1gina), \u201ca atmosfera n\u00e3o reconhece fronteiras\u201d. Enquanto o mundo todo sofre os impactos do agravamento da crise clim\u00e1tica, o Brasil tamb\u00e9m paga seu pre\u00e7o, e em vez de tentar reverter este cen\u00e1rio com o reconhecimento de que vivemos uma crise e um plano de enfrentamento, o governo coleciona a\u00e7\u00f5es que seguem <a href=\"https:\/\/www.greenpeace.org\/brasil\/blog\/fogo-na-amazonia-junho-registra-maior-numero-de-focos-de-calor-em-14-anos\/\">aumentando as emiss\u00f5es<\/a>.&nbsp;<\/p>\n\n<p>Como se n\u00e3o bastasse as dificuldades impostas pela pandemia, pelos<a href=\"https:\/\/www.greenpeace.org\/brasil\/blog\/cheias-em-manaus-subida-do-rio-negro-expoe-mais-de-8-mil-familias-aos-prejuizos-da-crise-climatica\/\"> eventos decorrentes da crise clim\u00e1tica<\/a>, <a href=\"https:\/\/www.greenpeace.org\/brasil\/blog\/fome-no-brasil-chegou-a-hora-de-doar-para-quem-precisa\/\">inseguran\u00e7a alimentar<\/a> e <a href=\"https:\/\/www.ibge.gov.br\/explica\/desemprego.php\">desemprego<\/a>, agora o cidad\u00e3o brasileiro vai ter de arcar com o <strong>aumento da tarifa de energia <\/strong>que, como toda situa\u00e7\u00e3o de crise, tem peso e consequ\u00eancias muito mais graves sobre aqueles que vivem em situa\u00e7\u00e3o de vulnerabilidade.<\/p>\n\n<p>A situa\u00e7\u00e3o atual poderia ter sido evitada? Ser\u00e1 que em vez de construir e acionar termel\u00e9tricas, que agravam a crise clim\u00e1tica, o Brasil j\u00e1 n\u00e3o poderia ter acelerado em dire\u00e7\u00e3o \u00e0 transi\u00e7\u00e3o para o investimento em fontes de &nbsp;gera\u00e7\u00e3o de energia limpa, renov\u00e1vel e sustent\u00e1vel?&nbsp;<\/p>\n\n<p>Para responder a algumas dessas perguntas, a gente te convida a ouvir essa entrevista com Jos\u00e9 Marengo, climatologista, meteorologista e coordenador-geral de pesquisa e desenvolvimento do Cemaden (Centro Nacional de Monitoramento e Alerta de Desastres Naturais), \u00f3rg\u00e3o ligado ao Minist\u00e9rio da Ci\u00eancia.&nbsp;<\/p>\n\n<p>A entrevista com Marengo foi realizada virtualmente no dia 25 de junho de 2021.&nbsp;<\/p>\n\n<p><strong>Parte 1: Eventos extremos, como a seca no Centro-Sul, poder\u00e3o ser mais frequentes e intensos com as mudan\u00e7as clim\u00e1ticas<\/strong><\/p>\n\n<p>Nesta primeira parte da conversa, Marengo chama aten\u00e7\u00e3o para o fato do clima mundial estar mudando como resultado da intensifica\u00e7\u00e3o do aquecimento global e que as consequ\u00eancias j\u00e1 est\u00e3o sendo observadas. \u201cO aquecimento global \u00e9 um processo natural, s\u00f3 que as atividades humanas est\u00e3o acrescentando e intensificando, assim como seus impactos. N\u00f3s estamos sentindo coisas que n\u00e3o deveriam estar acontecendo, deveriam acontecer nas pr\u00f3ximas d\u00e9cadas ou 100 anos\u201d, alerta.&nbsp;<\/p>\n\n<figure class=\"wp-block-embed is-type-video is-provider-youtube wp-block-embed-youtube wp-embed-aspect-16-9 wp-has-aspect-ratio\"><div class=\"wp-block-embed__wrapper\">\n<lite-youtube style=\"background-image: url('https:\/\/i.ytimg.com\/vi\/f2vZJvogpKM\/hqdefault.jpg');\" videoid=\"f2vZJvogpKM\" params=\"rel=0\"><\/lite-youtube>\n<\/div><\/figure>\n\n<p><strong>Parte 2: O que pode ser feito para mitigar os impactos das mudan\u00e7as clim\u00e1ticas?<\/strong><\/p>\n\n<p>Em novembro deste ano, representantes de pa\u00edses representantes dos pa\u00edses-membros da Organiza\u00e7\u00e3o das Na\u00e7\u00f5es Unidas (ONU) &nbsp;v\u00e3o se reunir na <a href=\"https:\/\/www.greenpeace.org\/brasil\/press\/convencao-de-clima-da-onu-e-adiada-para-2021-devido-ao-coronavirus\/\">Confer\u00eancia da ONU sobre Mudan\u00e7as Clim\u00e1ticas<\/a> (COP26) para tratar de um inimigo comum e que n\u00e3o reconhece fronteiras, a crise clim\u00e1tica. O Brasil tem um papel fundamental neste enfrentamento, que passa pelo fim do desmatamento da Amaz\u00f4nia.&nbsp;&nbsp;<\/p>\n\n<p>O cumprimento das metas assumidas pelos pa\u00edses no <a href=\"https:\/\/www.greenpeace.org\/brasil\/blog\/acordo-de-paris-completa-cinco-anos-sem-nada-a-comemorar\/\">Acordo de Paris<\/a> e o combate ao desmatamento s\u00e3o algumas das a\u00e7\u00f5es destacadas por Marengo para mitigar os impactos das mudan\u00e7as clim\u00e1ticas. Ele tamb\u00e9m aborda a quest\u00e3o social, uma vez que as pessoas em situa\u00e7\u00e3o de vulnerabilidade t\u00eam sua realidade agravada pelas consequ\u00eancias da crise do clima.&nbsp;<\/p>\n\n<figure class=\"wp-block-embed is-type-video is-provider-youtube wp-block-embed-youtube wp-embed-aspect-16-9 wp-has-aspect-ratio\"><div class=\"wp-block-embed__wrapper\">\n<lite-youtube style=\"background-image: url('https:\/\/i.ytimg.com\/vi\/NroVpgf57aA\/hqdefault.jpg');\" videoid=\"NroVpgf57aA\" params=\"rel=0\"><\/lite-youtube>\n<\/div><\/figure>\n\n<p><strong>Parte 3: Ao acionar termel\u00e9tricas para evitar apag\u00e3o, Brasil entra no &#8220;cheque especial&#8221;<\/strong><\/p>\n\n<p>O Brasil tem um enorme potencial para investimento em gera\u00e7\u00e3o de energia limpa, renov\u00e1vel e sustent\u00e1vel, como e\u00f3lica e solar. No entanto, em um momento como este, por falta de planejamento, infraestrutura e vontade pol\u00edtica, precisamos recorrer \u00e0s t\u00e9rmicas para evitar um apag\u00e3o, que s\u00e3o mais caras e poluentes.&nbsp;<\/p>\n\n<p>Nesta terceira parte da entrevista, Marengo aborda as consequ\u00eancias de ainda termos de depender de fontes de energia suja para situa\u00e7\u00f5es de emerg\u00eancia como a que estamos vivendo agora.&nbsp;<\/p>\n\n<figure class=\"wp-block-embed is-type-video is-provider-youtube wp-block-embed-youtube wp-embed-aspect-16-9 wp-has-aspect-ratio\"><div class=\"wp-block-embed__wrapper\">\n<lite-youtube style=\"background-image: url('https:\/\/i.ytimg.com\/vi\/5Nel17VXTBI\/hqdefault.jpg');\" videoid=\"5Nel17VXTBI\" params=\"rel=0\"><\/lite-youtube>\n<\/div><\/figure>\n\n<p><strong>Parte 4: Quais outros eventos extremos s\u00e3o provocados pelas mudan\u00e7as clim\u00e1ticas no Brasil?<\/strong><\/p>\n\n<p>Chegando ao fim desse papo sincero com a ci\u00eancia que esperamos ter te ajudado a pensar em algumas das perguntas lan\u00e7adas l\u00e1 no come\u00e7o do texto, Marengo comenta sobre alguns outros eventos extremos que j\u00e1 s\u00e3o reflexo das mudan\u00e7as clim\u00e1ticas.<\/p>\n\n<figure class=\"wp-block-embed is-type-video is-provider-youtube wp-block-embed-youtube wp-embed-aspect-16-9 wp-has-aspect-ratio\"><div class=\"wp-block-embed__wrapper\">\n<lite-youtube style=\"background-image: url('https:\/\/i.ytimg.com\/vi\/ShgfqaED2zM\/hqdefault.jpg');\" videoid=\"ShgfqaED2zM\" params=\"rel=0\"><\/lite-youtube>\n<\/div><\/figure>\n","protected":false},"excerpt":{"rendered":"<p>Em entrevista ao Greenpeace, o climatologista Jos\u00e9 Marengo faz uma an\u00e1lise da rela\u00e7\u00e3o entre aquecimento global e a falta de chuvas que impactou o n\u00edvel dos reservat\u00f3rios de grande parte das hidrel\u00e9tricas do pa\u00eds, um dos motivos da alta nas tarifas de energia<\/p>\n","protected":false},"author":67,"featured_media":32741,"comment_status":"open","ping_status":"closed","sticky":false,"template":"","format":"standard","meta":{"ep_exclude_from_search":false,"p4_og_title":"","p4_og_description":"","p4_og_image":"","p4_og_image_id":"","p4_seo_canonical_url":"","p4_campaign_name":"not set","p4_local_project":"not set","p4_basket_name":"not set","p4_department":"","footnotes":""},"categories":[48],"tags":[42],"p4-page-type":[16],"class_list":["post-32740","post","type-post","status-publish","format-standard","has-post-thumbnail","hentry","category-justica-climatica","tag-justica-climatica","p4-page-type-blog"],"_links":{"self":[{"href":"https:\/\/www.greenpeace.org\/brasil\/wp-json\/wp\/v2\/posts\/32740","targetHints":{"allow":["GET"]}}],"collection":[{"href":"https:\/\/www.greenpeace.org\/brasil\/wp-json\/wp\/v2\/posts"}],"about":[{"href":"https:\/\/www.greenpeace.org\/brasil\/wp-json\/wp\/v2\/types\/post"}],"author":[{"embeddable":true,"href":"https:\/\/www.greenpeace.org\/brasil\/wp-json\/wp\/v2\/users\/67"}],"replies":[{"embeddable":true,"href":"https:\/\/www.greenpeace.org\/brasil\/wp-json\/wp\/v2\/comments?post=32740"}],"version-history":[{"count":15,"href":"https:\/\/www.greenpeace.org\/brasil\/wp-json\/wp\/v2\/posts\/32740\/revisions"}],"predecessor-version":[{"id":58635,"href":"https:\/\/www.greenpeace.org\/brasil\/wp-json\/wp\/v2\/posts\/32740\/revisions\/58635"}],"wp:featuredmedia":[{"embeddable":true,"href":"https:\/\/www.greenpeace.org\/brasil\/wp-json\/wp\/v2\/media\/32741"}],"wp:attachment":[{"href":"https:\/\/www.greenpeace.org\/brasil\/wp-json\/wp\/v2\/media?parent=32740"}],"wp:term":[{"taxonomy":"category","embeddable":true,"href":"https:\/\/www.greenpeace.org\/brasil\/wp-json\/wp\/v2\/categories?post=32740"},{"taxonomy":"post_tag","embeddable":true,"href":"https:\/\/www.greenpeace.org\/brasil\/wp-json\/wp\/v2\/tags?post=32740"},{"taxonomy":"p4-page-type","embeddable":true,"href":"https:\/\/www.greenpeace.org\/brasil\/wp-json\/wp\/v2\/p4-page-type?post=32740"}],"curies":[{"name":"wp","href":"https:\/\/api.w.org\/{rel}","templated":true}]}}