{"id":33036,"date":"2021-07-29T18:22:23","date_gmt":"2021-07-29T21:22:23","guid":{"rendered":"https:\/\/www.greenpeace.org\/brasil\/?p=33036"},"modified":"2022-04-25T13:33:13","modified_gmt":"2022-04-25T16:33:13","slug":"se-o-planeta-esta-esquentando-por-que-faz-tanto-frio-no-brasil","status":"publish","type":"post","link":"https:\/\/www.greenpeace.org\/brasil\/blog\/se-o-planeta-esta-esquentando-por-que-faz-tanto-frio-no-brasil\/","title":{"rendered":"Se o planeta est\u00e1 esquentando, por que faz tanto frio no Brasil?"},"content":{"rendered":"\n<h4 class=\"wp-block-heading\">Entenda como as mudan\u00e7as clim\u00e1ticas est\u00e3o provocando eventos extremos como essa friaca no Centro-Sul do pa\u00eds<\/h4>\n\n<figure class=\"wp-block-image size-large\"><img loading=\"lazy\" decoding=\"async\" width=\"1024\" height=\"576\" src=\"https:\/\/www.greenpeace.org\/static\/planet4-brasil-stateless\/2021\/07\/b320efdf-img-20210728-wa0022-1-1024x576.jpeg\" alt=\"\" class=\"wp-image-33037\" srcset=\"https:\/\/www.greenpeace.org\/static\/planet4-brasil-stateless\/2021\/07\/b320efdf-img-20210728-wa0022-1-1024x576.jpeg 1024w, https:\/\/www.greenpeace.org\/static\/planet4-brasil-stateless\/2021\/07\/b320efdf-img-20210728-wa0022-1-300x169.jpeg 300w, https:\/\/www.greenpeace.org\/static\/planet4-brasil-stateless\/2021\/07\/b320efdf-img-20210728-wa0022-1-768x432.jpeg 768w, https:\/\/www.greenpeace.org\/static\/planet4-brasil-stateless\/2021\/07\/b320efdf-img-20210728-wa0022-1-510x287.jpeg 510w, https:\/\/www.greenpeace.org\/static\/planet4-brasil-stateless\/2021\/07\/b320efdf-img-20210728-wa0022-1.jpeg 1068w\" sizes=\"auto, (max-width: 1024px) 100vw, 1024px\" \/><figcaption>\u00c1rvore congelada no centro da cidade de S\u00e3o Joaquim, na Serra Catarinense, na manh\u00e3 de 28\/07\/2021. A sensa\u00e7\u00e3o t\u00e9rmica chegou a -12\u00baC no centro da cidade. \u00a9Mycchel Legnaghi\/ S\u00e3o Joaquim on line <\/figcaption><\/figure>\n\n<p>Uma massa de ar polar avan\u00e7a sobre o pa\u00eds fazendo a temperatura cair abaixo de 5\u00baC esta semana em algumas capitais como Porto Alegre, Florian\u00f3polis, Curitiba, S\u00e3o Paulo e Campo Grande. No Rio Grande do Sul, nevou em pelo menos 13 cidades. E ent\u00e3o voc\u00ea pode estar se perguntando, se existe <strong>aquecimento global<\/strong> e o planeta j\u00e1 est\u00e1 mais quente, como pode fazer tanto frio?<\/p>\n\n<p>O aumento da temperatura m\u00e9dia do planeta, conhecido como aquecimento global, \u00e9 um fen\u00f4meno que est\u00e1 sendo acelerado pelas a\u00e7\u00f5es humanas e que tem provocado altera\u00e7\u00f5es no clima mundial, ou seja, se tinha chuva ou sol em uma \u00e9poca do ano e em um determinado lugar, tudo isso est\u00e1 ficando mais intenso, desequilibrado. S\u00e3o os chamados <strong>eventos extremos<\/strong>.<\/p>\n\n<p>Ainda que a chegada de massas de ar frio seja comum nesta \u00e9poca do ano, elas est\u00e3o ainda mais frequentes. Segundo o Instituto Nacional de Meteorologia (Inmet), essa \u00e9 a terceira massa polar que atinge o pa\u00eds somente em 2021.<\/p>\n\n<p><strong>Como o superaquecimento do planeta influenciou o frio que chegou ao Brasil?<\/strong><\/p>\n\n<p>Como j\u00e1 explicamos neste <a href=\"https:\/\/www.greenpeace.org\/brasil\/blog\/o-clima-para-amanha-ja-e-mais-quente\/\">outro artigo<\/a>, existe uma diferen\u00e7a entre o <strong>clima do planeta<\/strong>, que \u00e9 um estudo feito no longo prazo, e a <strong>previs\u00e3o do tempo para amanh\u00e3 <\/strong>ou para a pr\u00f3xima semana, que \u00e9 uma situa\u00e7\u00e3o pontual e restrita a um determinado local. &nbsp;&nbsp;&nbsp;&nbsp;<\/p>\n\n<p>O processo de agravamento dos fen\u00f4menos naturais em decorr\u00eancia da crise do clima \u00e9 alertado h\u00e1 d\u00e9cadas pela ci\u00eancia e se manifesta de diferentes formas.&nbsp;<\/p>\n\n<p><a href=\"https:\/\/www.bbc.com\/portuguese\/geral-57992549\">Em entrevista \u00e0 BBC News Brasil,<\/a> o ge\u00f3grafo e climatologista Francisco Eliseu Aquino, professor da Universidade Federal do Rio Grande do Sul (UFRGS), explicou as origens do frio extremo que atinge o \u201cpa\u00eds tropical\u201d neste momento.<\/p>\n\n<p>Segundo Aquino, o sul do Brasil recebe massas de ar frio vindas da Ant\u00e1rtida, assim como envia massas de ar quente. Mas, com a alta variabilidade clim\u00e1tica provocada pelo aquecimento global, o calor fora do comum no Brasil interfere neste sistema de trocas enviando mais ar quente para a Ant\u00e1rtida e, como consequ\u00eancia, abrindo espa\u00e7o para a chegada de ar frio.&nbsp;<\/p>\n\n<p>O especialista detalha ainda que esta onda de frio, em espec\u00edfico, ser\u00e1 ainda mais severa por ter passado pelo Mar de Weddell,&nbsp; uma das regi\u00f5es mais geladas da Ant\u00e1rtica.<\/p>\n\n<p>Enquanto a seca e o frio avan\u00e7am sobre o Centro-Sul do Brasil, alguns pa\u00edses do Hemisf\u00e9rio Norte registram recordes de calor e volume de chuvas. Como declarou o climatologista<a href=\"https:\/\/www.greenpeace.org\/brasil\/blog\/o-que-mudancas-climaticas-tem-a-ver-com-a-crise-hidrica-e-o-aumento-na-conta-de-luz\/\"> Jos\u00e9 Marengo em entrevista recente ao Greenpeace Brasil<\/a>: \u201cA atmosfera n\u00e3o reconhece fronteiras\u201d.&nbsp;<\/p>\n\n<p>Isso significa que todos j\u00e1 sentimos e sentiremos ainda mais as consequ\u00eancias das mudan\u00e7as clim\u00e1ticas se nada for feito. O Canad\u00e1, por exemplo, conhecido pelas paisagens com montanhas cobertas de gelo, chegou a registrar 50\u00b0 em julho. A maior<a href=\"https:\/\/umsoplaneta.globo.com\/clima\/noticia\/2021\/06\/30\/como-a-pequena-cidade-de-lytton-no-canada-virou-um-dos-lugares-mais-quentes-da-terra.ghtml\"> onda de calor<\/a> dos \u00faltimos tempos causou a <a href=\"https:\/\/exame.com\/mundo\/canada-bate-495oc-forte-onda-de-calor-ja-matou-mais-de-100-pessoas\/\">morte de centenas de pessoas<\/a> e inc\u00eandios florestais em diversas cidades do pa\u00eds.<\/p>\n\n<p>Poucas semanas depois, chuvas muito acima dos padr\u00f5es inundaram cidades na Alemanha e na China. Os eventos extremos nos tr\u00eas pa\u00edses provocaram centenas de mortes.<\/p>\n\n<p>&#8220;Este \u00e9 um ano que est\u00e1 sendo marcado por eventos extremos, uma das graves consequ\u00eancias das mudan\u00e7as clim\u00e1ticas. Salta aos olhos, mas tamb\u00e9m<a href=\"https:\/\/www.greenpeace.org\/brasil\/blog\/minha-casa-esta-completamente-no-fundo-do-rio\/\"> \u00e0s casas e aos corpos<\/a>, o potencial devastador dos impactos e da emerg\u00eancia que vivemos. Precisamos de medidas concretas para combater essa crise. No Brasil, isso significa o fim do desmatamento, o maior fator de emiss\u00f5es de gases de efeito estufa no pa\u00eds, e uma transi\u00e7\u00e3o energ\u00e9tica para fontes limpas e renov\u00e1veis&#8221;, diz Marcelo Laterman, da campanha de Clima e Justi\u00e7a do Greenpeace Brasil.<\/p>\n\n<p><strong>Veja alguns extremos do clima que j\u00e1 aconteceram no Brasil este ano:<\/strong><\/p>\n\n<ul class=\"wp-block-list\"><li>Em fevereiro,<a href=\"https:\/\/www.greenpeace.org\/brasil\/blog\/cheias-no-norte-e-seca-no-centro-sul-precisamos-falar-sobre-os-eventos-climaticos-extremos\/\"> o Acre sofreu uma cheia hist\u00f3rica<\/a> que atingiu mais de 130 mil pessoas em dez cidades diferentes<\/li><li>Em junho, um aumento recorde de chuvas fez o <a href=\"https:\/\/www.greenpeace.org\/brasil\/blog\/cheias-em-manaus-subida-do-rio-negro-expoe-mais-de-8-mil-familias-aos-prejuizos-da-crise-climatica\/\">Rio Negro ter a maior cheia em 119 anos<\/a><\/li><li>Em julho, a falta de chuvas impactou o n\u00edvel dos reservat\u00f3rios de grande parte das hidrel\u00e9tricas do pa\u00eds, provocando <a href=\"https:\/\/www.greenpeace.org\/brasil\/blog\/o-que-mudancas-climaticas-tem-a-ver-com-a-crise-hidrica-e-o-aumento-na-conta-de-luz\/\">crise h\u00eddrica e aumento da conta de luz<\/a>.<\/li><\/ul>\n\n<p class=\"has-grey-900-color has-grey-200-background-color has-text-color has-background\">J\u00e1 existem solu\u00e7\u00f5es para a crise clim\u00e1tica que podem contribuir com a resolu\u00e7\u00e3o da crise econ\u00f4mica e social brasileira. Precisamos apenas ligar os pontos, contar com quem j\u00e1 est\u00e1 atuando e promover a\u00e7\u00f5es que contribuam para a constru\u00e7\u00e3o de um mundo mais justo, inclusivo e em equil\u00edbrio com os recursos naturais do planeta.\u00a0<strong><a href=\"https:\/\/www.greenpeace.org.br\/crise-climatica\">Assine a nossa peti\u00e7\u00e3o<\/a>\u00a0<\/strong>para se juntar ao movimento de pessoas que reconhecem a urg\u00eancia da crise clim\u00e1tica e manter-se informade sobre mobiliza\u00e7\u00f5es e iniciativas para pressionar as autoridades.<\/p>\n","protected":false},"excerpt":{"rendered":"<p>Entenda como as mudan\u00e7as clim\u00e1ticas est\u00e3o provocando eventos extremos como essa friaca no Centro-Sul do pa\u00eds<\/p>\n","protected":false},"author":67,"featured_media":33037,"comment_status":"open","ping_status":"closed","sticky":false,"template":"","format":"standard","meta":{"ep_exclude_from_search":false,"p4_og_title":"","p4_og_description":"","p4_og_image":"","p4_og_image_id":"","p4_seo_canonical_url":"","p4_campaign_name":"not set","p4_local_project":"not set","p4_basket_name":"not set","p4_department":"","footnotes":""},"categories":[48],"tags":[42],"p4-page-type":[16],"class_list":["post-33036","post","type-post","status-publish","format-standard","has-post-thumbnail","hentry","category-justica-climatica","tag-justica-climatica","p4-page-type-blog"],"_links":{"self":[{"href":"https:\/\/www.greenpeace.org\/brasil\/wp-json\/wp\/v2\/posts\/33036","targetHints":{"allow":["GET"]}}],"collection":[{"href":"https:\/\/www.greenpeace.org\/brasil\/wp-json\/wp\/v2\/posts"}],"about":[{"href":"https:\/\/www.greenpeace.org\/brasil\/wp-json\/wp\/v2\/types\/post"}],"author":[{"embeddable":true,"href":"https:\/\/www.greenpeace.org\/brasil\/wp-json\/wp\/v2\/users\/67"}],"replies":[{"embeddable":true,"href":"https:\/\/www.greenpeace.org\/brasil\/wp-json\/wp\/v2\/comments?post=33036"}],"version-history":[{"count":11,"href":"https:\/\/www.greenpeace.org\/brasil\/wp-json\/wp\/v2\/posts\/33036\/revisions"}],"predecessor-version":[{"id":33356,"href":"https:\/\/www.greenpeace.org\/brasil\/wp-json\/wp\/v2\/posts\/33036\/revisions\/33356"}],"wp:featuredmedia":[{"embeddable":true,"href":"https:\/\/www.greenpeace.org\/brasil\/wp-json\/wp\/v2\/media\/33037"}],"wp:attachment":[{"href":"https:\/\/www.greenpeace.org\/brasil\/wp-json\/wp\/v2\/media?parent=33036"}],"wp:term":[{"taxonomy":"category","embeddable":true,"href":"https:\/\/www.greenpeace.org\/brasil\/wp-json\/wp\/v2\/categories?post=33036"},{"taxonomy":"post_tag","embeddable":true,"href":"https:\/\/www.greenpeace.org\/brasil\/wp-json\/wp\/v2\/tags?post=33036"},{"taxonomy":"p4-page-type","embeddable":true,"href":"https:\/\/www.greenpeace.org\/brasil\/wp-json\/wp\/v2\/p4-page-type?post=33036"}],"curies":[{"name":"wp","href":"https:\/\/api.w.org\/{rel}","templated":true}]}}