{"id":33320,"date":"2021-08-17T10:51:48","date_gmt":"2021-08-17T13:51:48","guid":{"rendered":"https:\/\/www.greenpeace.org\/brasil\/?p=33320"},"modified":"2022-03-04T10:00:50","modified_gmt":"2022-03-04T13:00:50","slug":"arthur-lira-ganha-a-motosserra-de-ouro-2021","status":"publish","type":"post","link":"https:\/\/www.greenpeace.org\/brasil\/blog\/arthur-lira-ganha-a-motosserra-de-ouro-2021\/","title":{"rendered":"Arthur Lira ganha a Motosserra de Ouro 2021"},"content":{"rendered":"\n<h4 class=\"wp-block-heading\">Em Bras\u00edlia, nossos ativistas, em protesto pac\u00edfico, encenaram a entrega do Trof\u00e9u Motosserra de Ouro Edi\u00e7\u00e3o 2021 ao presidente da C\u00e2mara dos Deputados. Veja como foi.<\/h4>\n\n<div class=\"wp-block-image\"><figure class=\"aligncenter size-large\"><img loading=\"lazy\" decoding=\"async\" width=\"1024\" height=\"683\" src=\"https:\/\/www.greenpeace.org\/static\/planet4-brasil-stateless\/2021\/08\/81233516-gp1svsxo_medium_res-1024x683.jpg\" alt=\"\" class=\"wp-image-33326\" srcset=\"https:\/\/www.greenpeace.org\/static\/planet4-brasil-stateless\/2021\/08\/81233516-gp1svsxo_medium_res-1024x683.jpg 1024w, https:\/\/www.greenpeace.org\/static\/planet4-brasil-stateless\/2021\/08\/81233516-gp1svsxo_medium_res-300x200.jpg 300w, https:\/\/www.greenpeace.org\/static\/planet4-brasil-stateless\/2021\/08\/81233516-gp1svsxo_medium_res-768x512.jpg 768w, https:\/\/www.greenpeace.org\/static\/planet4-brasil-stateless\/2021\/08\/81233516-gp1svsxo_medium_res-510x340.jpg 510w, https:\/\/www.greenpeace.org\/static\/planet4-brasil-stateless\/2021\/08\/81233516-gp1svsxo_medium_res.jpg 1200w\" sizes=\"auto, (max-width: 1024px) 100vw, 1024px\" \/><figcaption>Ativistas do Greenpeace encenam a entrega do Pr\u00eamio Motosserra de Ouro Edi\u00e7\u00e3o 2021 ao presidente da C\u00e2mara dos Deputados, Arthur Lira (PP-AL) <div class=\"credit icon-left\"> \u00a9 Adriano Machado \/ Greenpeace<\/div><\/figcaption><\/figure><\/div>\n\n<p>Na manh\u00e3 desta ter\u00e7a-feira (17 de agosto), realizamos um protesto pac\u00edfico em frente \u00e0 entrada da C\u00e2mara dos Deputados, em Bras\u00edlia, encenando a entrega do<strong> Trof\u00e9u Motosserra de Ouro Edi\u00e7\u00e3o 2021<\/strong> ao presidente da C\u00e2mara dos Deputados, Arthur Lira (PP-AL).&nbsp;<\/p>\n\n<p>Com uma produ\u00e7\u00e3o inspirada na premia\u00e7\u00e3o do Oscar, com tapete vermelho, convidados vestidos de gala e uma mestre de cerim\u00f4nia, a atividade teve o objetivo de <strong>denunciar a boiada destruidora que Arthur Lira vem passando na C\u00e2mara<\/strong>, ao colocar em vota\u00e7\u00e3o projetos de lei que amea\u00e7am gravemente a Amaz\u00f4nia e outros ambientes naturais, os povos da floresta, do campo e da cidade e o clima global.&nbsp;<\/p>\n\n<p>Confira nossa cobertura:<\/p>\n\n<blockquote class=\"instagram-media\" data-instgrm-permalink=\"https:\/\/www.instagram.com\/tv\/CSrV4hVivlE\/?utm_source=ig_embed&amp;utm_campaign=loading\" data-instgrm-version=\"13\" style=\" background:#FFF; border:0; border-radius:3px; box-shadow:0 0 1px 0 rgba(0,0,0,0.5),0 1px 10px 0 rgba(0,0,0,0.15); margin: 1px; max-width:540px; min-width:326px; padding:0; width:99.375%; width:-webkit-calc(100% - 2px); width:calc(100% - 2px);\"><div style=\"padding:16px;\"> <a href=\"https:\/\/www.instagram.com\/tv\/CSrV4hVivlE\/?utm_source=ig_embed&amp;utm_campaign=loading\" style=\" background:#FFFFFF; line-height:0; padding:0 0; text-align:center; text-decoration:none; width:100%;\" target=\"_blank\" rel=\"noopener\"> <div style=\" display: flex; flex-direction: row; align-items: center;\"> <div style=\"background-color: #F4F4F4; border-radius: 50%; flex-grow: 0; height: 40px; margin-right: 14px; width: 40px;\"><\/div> <div style=\"display: flex; flex-direction: column; flex-grow: 1; justify-content: center;\"> <div style=\" background-color: #F4F4F4; border-radius: 4px; flex-grow: 0; height: 14px; margin-bottom: 6px; width: 100px;\"><\/div> <div style=\" background-color: #F4F4F4; border-radius: 4px; flex-grow: 0; height: 14px; width: 60px;\"><\/div><\/div><\/div><div style=\"padding: 19% 0;\"><\/div> <div style=\"display:block; height:50px; margin:0 auto 12px; width:50px;\"><svg width=\"50px\" height=\"50px\" viewBox=\"0 0 60 60\" version=\"1.1\" xmlns=\"https:\/\/www.w3.org\/2000\/svg\" xmlns:xlink=\"https:\/\/www.w3.org\/1999\/xlink\"><g stroke=\"none\" stroke-width=\"1\" fill=\"none\" fill-rule=\"evenodd\"><g transform=\"translate(-511.000000, -20.000000)\" fill=\"#000000\"><g><path d=\"M556.869,30.41 C554.814,30.41 553.148,32.076 553.148,34.131 C553.148,36.186 554.814,37.852 556.869,37.852 C558.924,37.852 560.59,36.186 560.59,34.131 C560.59,32.076 558.924,30.41 556.869,30.41 M541,60.657 C535.114,60.657 530.342,55.887 530.342,50 C530.342,44.114 535.114,39.342 541,39.342 C546.887,39.342 551.658,44.114 551.658,50 C551.658,55.887 546.887,60.657 541,60.657 M541,33.886 C532.1,33.886 524.886,41.1 524.886,50 C524.886,58.899 532.1,66.113 541,66.113 C549.9,66.113 557.115,58.899 557.115,50 C557.115,41.1 549.9,33.886 541,33.886 M565.378,62.101 C565.244,65.022 564.756,66.606 564.346,67.663 C563.803,69.06 563.154,70.057 562.106,71.106 C561.058,72.155 560.06,72.803 558.662,73.347 C557.607,73.757 556.021,74.244 553.102,74.378 C549.944,74.521 548.997,74.552 541,74.552 C533.003,74.552 532.056,74.521 528.898,74.378 C525.979,74.244 524.393,73.757 523.338,73.347 C521.94,72.803 520.942,72.155 519.894,71.106 C518.846,70.057 518.197,69.06 517.654,67.663 C517.244,66.606 516.755,65.022 516.623,62.101 C516.479,58.943 516.448,57.996 516.448,50 C516.448,42.003 516.479,41.056 516.623,37.899 C516.755,34.978 517.244,33.391 517.654,32.338 C518.197,30.938 518.846,29.942 519.894,28.894 C520.942,27.846 521.94,27.196 523.338,26.654 C524.393,26.244 525.979,25.756 528.898,25.623 C532.057,25.479 533.004,25.448 541,25.448 C548.997,25.448 549.943,25.479 553.102,25.623 C556.021,25.756 557.607,26.244 558.662,26.654 C560.06,27.196 561.058,27.846 562.106,28.894 C563.154,29.942 563.803,30.938 564.346,32.338 C564.756,33.391 565.244,34.978 565.378,37.899 C565.522,41.056 565.552,42.003 565.552,50 C565.552,57.996 565.522,58.943 565.378,62.101 M570.82,37.631 C570.674,34.438 570.167,32.258 569.425,30.349 C568.659,28.377 567.633,26.702 565.965,25.035 C564.297,23.368 562.623,22.342 560.652,21.575 C558.743,20.834 556.562,20.326 553.369,20.18 C550.169,20.033 549.148,20 541,20 C532.853,20 531.831,20.033 528.631,20.18 C525.438,20.326 523.257,20.834 521.349,21.575 C519.376,22.342 517.703,23.368 516.035,25.035 C514.368,26.702 513.342,28.377 512.574,30.349 C511.834,32.258 511.326,34.438 511.181,37.631 C511.035,40.831 511,41.851 511,50 C511,58.147 511.035,59.17 511.181,62.369 C511.326,65.562 511.834,67.743 512.574,69.651 C513.342,71.625 514.368,73.296 516.035,74.965 C517.703,76.634 519.376,77.658 521.349,78.425 C523.257,79.167 525.438,79.673 528.631,79.82 C531.831,79.965 532.853,80.001 541,80.001 C549.148,80.001 550.169,79.965 553.369,79.82 C556.562,79.673 558.743,79.167 560.652,78.425 C562.623,77.658 564.297,76.634 565.965,74.965 C567.633,73.296 568.659,71.625 569.425,69.651 C570.167,67.743 570.674,65.562 570.82,62.369 C570.966,59.17 571,58.147 571,50 C571,41.851 570.966,40.831 570.82,37.631\"><\/path><\/g><\/g><\/g><\/svg><\/div><div style=\"padding-top: 8px;\"> <div style=\" color:#3897f0; font-family:Arial,sans-serif; font-size:14px; font-style:normal; font-weight:550; line-height:18px;\"> Ver essa foto no Instagram<\/div><\/div><div style=\"padding: 12.5% 0;\"><\/div> <div style=\"display: flex; flex-direction: row; margin-bottom: 14px; align-items: center;\"><div> <div style=\"background-color: #F4F4F4; border-radius: 50%; height: 12.5px; width: 12.5px; transform: translateX(0px) translateY(7px);\"><\/div> <div style=\"background-color: #F4F4F4; height: 12.5px; transform: rotate(-45deg) translateX(3px) translateY(1px); width: 12.5px; flex-grow: 0; margin-right: 14px; margin-left: 2px;\"><\/div> <div style=\"background-color: #F4F4F4; border-radius: 50%; height: 12.5px; width: 12.5px; transform: translateX(9px) translateY(-18px);\"><\/div><\/div><div style=\"margin-left: 8px;\"> <div style=\" background-color: #F4F4F4; border-radius: 50%; flex-grow: 0; height: 20px; width: 20px;\"><\/div> <div style=\" width: 0; height: 0; border-top: 2px solid transparent; border-left: 6px solid #f4f4f4; border-bottom: 2px solid transparent; transform: translateX(16px) translateY(-4px) rotate(30deg)\"><\/div><\/div><div style=\"margin-left: auto;\"> <div style=\" width: 0px; border-top: 8px solid #F4F4F4; border-right: 8px solid transparent; transform: translateY(16px);\"><\/div> <div style=\" background-color: #F4F4F4; flex-grow: 0; height: 12px; width: 16px; transform: translateY(-4px);\"><\/div> <div style=\" width: 0; height: 0; border-top: 8px solid #F4F4F4; border-left: 8px solid transparent; transform: translateY(-4px) translateX(8px);\"><\/div><\/div><\/div> <div style=\"display: flex; flex-direction: column; flex-grow: 1; justify-content: center; margin-bottom: 24px;\"> <div style=\" background-color: #F4F4F4; border-radius: 4px; flex-grow: 0; height: 14px; margin-bottom: 6px; width: 224px;\"><\/div> <div style=\" background-color: #F4F4F4; border-radius: 4px; flex-grow: 0; height: 14px; width: 144px;\"><\/div><\/div><\/a><p style=\" color:#c9c8cd; font-family:Arial,sans-serif; font-size:14px; line-height:17px; margin-bottom:0; margin-top:8px; overflow:hidden; padding:8px 0 7px; text-align:center; text-overflow:ellipsis; white-space:nowrap;\"><a href=\"https:\/\/www.instagram.com\/tv\/CSrV4hVivlE\/?utm_source=ig_embed&amp;utm_campaign=loading\" style=\" color:#c9c8cd; font-family:Arial,sans-serif; font-size:14px; font-style:normal; font-weight:normal; line-height:17px; text-decoration:none;\" target=\"_blank\" rel=\"noopener\">Uma publica\u00e7\u00e3o compartilhada por Greenpeace Brasil (@greenpeacebrasil)<\/a><\/p><\/div><\/blockquote> <script async=\"\" src=\"\/\/www.instagram.com\/embed.js\"><\/script>\n\n<p>Na encena\u00e7\u00e3o, ativistas do Greenpeace vestidos como convidados da festa aguardavam o grande vencedor. De um carro de luxo, desceu um homem caracterizado como Arthur Lira, exibindo no pesco\u00e7o seu <strong>crach\u00e1 de \u201cfuncion\u00e1rio do m\u00eas do (des)governo Bolsonaro\u201d<\/strong>.<\/p>\n\n<p>\u201cArthur Lira \u00e9 hoje o funcion\u00e1rio n\u00famero um do presidente Jair Bolsonaro, pois tem colocado em vota\u00e7\u00e3o uma s\u00e9rie de projetos de lei que v\u00e3o contra os interesses da popula\u00e7\u00e3o brasileira e que rezam pela cartilha antiambiental do governo federal, e ir\u00e3o aumentar ainda mais as taxas de desmatamento e queimadas, al\u00e9m de estimular mais o roubo de terras p\u00fablicas e a viol\u00eancia contra popula\u00e7\u00f5es tradicionais e do campo\u201d, afirma Thais Bannwart, porta-voz de Pol\u00edticas P\u00fablicas do Greenpeace Brasil.<\/p>\n\n<p>Como presidente da C\u00e2mara, Lira \u00e9 quem tem o poder de colocar em vota\u00e7\u00e3o ou bloquear propostas nocivas ao meio ambiente e \u00e0s pessoas. Mas, em menos de seis meses de mandato, Lira tem escolhido pautar projetos de lei que representam um gigantesco passo para tr\u00e1s quando se trata de prote\u00e7\u00e3o ambiental, como o <a href=\"https:\/\/www.greenpeace.org\/brasil\/blog\/camara-aprova-lei-que-acaba-com-o-licenciamento-ambiental-no-brasil\/\">PL do (n\u00e3o) Licenciamento Ambiental<\/a> e o <a href=\"https:\/\/www.greenpeace.org\/brasil\/press\/arthur-lira-ignora-apelo-da-sociedade-e-aprova-pl-da-grilagem\/\">PL da Grilagem<\/a>, e promete avan\u00e7ar contra os povos ind\u00edgenas e liberar mais agrot\u00f3xicos nas pr\u00f3ximas semanas.&nbsp;<\/p>\n<div data-render=\"planet4-blocks\/gallery\" data-attributes=\"{&quot;attributes&quot;:{&quot;multiple_image&quot;:&quot;33328,33329,33330&quot;,&quot;image_data&quot;:[{&quot;url&quot;:&quot;https:\\\/\\\/www.greenpeace.org\\\/static\\\/planet4-brasil-stateless\\\/2021\\\/08\\\/9acb146e-gp1svsxq_medium_res.jpg&quot;,&quot;focalPoint&quot;:{&quot;x&quot;:0.5,&quot;y&quot;:0.5},&quot;id&quot;:33328},{&quot;url&quot;:&quot;https:\\\/\\\/www.greenpeace.org\\\/static\\\/planet4-brasil-stateless\\\/2021\\\/08\\\/d7556acf-gp1svsxp_medium_res.jpg&quot;,&quot;focalPoint&quot;:{&quot;x&quot;:0.5,&quot;y&quot;:0.5},&quot;id&quot;:33329},{&quot;url&quot;:&quot;https:\\\/\\\/www.greenpeace.org\\\/static\\\/planet4-brasil-stateless\\\/2021\\\/08\\\/e4e44620-gp1svsxr_medium_res.jpg&quot;,&quot;focalPoint&quot;:{&quot;x&quot;:0.5,&quot;y&quot;:0.5},&quot;id&quot;:33330}],&quot;gallery_block_style&quot;:0,&quot;gallery_block_title&quot;:&quot;&quot;,&quot;gallery_block_description&quot;:&quot;&quot;,&quot;gallery_block_focus_points&quot;:&quot;&quot;,&quot;images&quot;:[{&quot;image_src&quot;:&quot;https:\\\/\\\/www.greenpeace.org\\\/static\\\/planet4-brasil-stateless\\\/2021\\\/08\\\/9acb146e-gp1svsxq_medium_res.jpg&quot;,&quot;image_srcset&quot;:&quot;https:\\\/\\\/www.greenpeace.org\\\/static\\\/planet4-brasil-stateless\\\/2021\\\/08\\\/9acb146e-gp1svsxq_medium_res.jpg 1200w, https:\\\/\\\/www.greenpeace.org\\\/static\\\/planet4-brasil-stateless\\\/2021\\\/08\\\/9acb146e-gp1svsxq_medium_res-300x200.jpg 300w, https:\\\/\\\/www.greenpeace.org\\\/static\\\/planet4-brasil-stateless\\\/2021\\\/08\\\/9acb146e-gp1svsxq_medium_res-1024x683.jpg 1024w, https:\\\/\\\/www.greenpeace.org\\\/static\\\/planet4-brasil-stateless\\\/2021\\\/08\\\/9acb146e-gp1svsxq_medium_res-768x512.jpg 768w, https:\\\/\\\/www.greenpeace.org\\\/static\\\/planet4-brasil-stateless\\\/2021\\\/08\\\/9acb146e-gp1svsxq_medium_res-510x340.jpg 510w&quot;,&quot;image_sizes&quot;:false,&quot;alt_text&quot;:&quot;&quot;,&quot;caption&quot;:&quot;&quot;,&quot;focus_image&quot;:&quot;&quot;,&quot;credits&quot;:&quot;\\u00a9 Adriano Machado \\\/ Greenpeace&quot;},{&quot;image_src&quot;:&quot;https:\\\/\\\/www.greenpeace.org\\\/static\\\/planet4-brasil-stateless\\\/2021\\\/08\\\/d7556acf-gp1svsxp_medium_res.jpg&quot;,&quot;image_srcset&quot;:&quot;https:\\\/\\\/www.greenpeace.org\\\/static\\\/planet4-brasil-stateless\\\/2021\\\/08\\\/d7556acf-gp1svsxp_medium_res.jpg 1200w, https:\\\/\\\/www.greenpeace.org\\\/static\\\/planet4-brasil-stateless\\\/2021\\\/08\\\/d7556acf-gp1svsxp_medium_res-300x200.jpg 300w, https:\\\/\\\/www.greenpeace.org\\\/static\\\/planet4-brasil-stateless\\\/2021\\\/08\\\/d7556acf-gp1svsxp_medium_res-1024x683.jpg 1024w, https:\\\/\\\/www.greenpeace.org\\\/static\\\/planet4-brasil-stateless\\\/2021\\\/08\\\/d7556acf-gp1svsxp_medium_res-768x512.jpg 768w, https:\\\/\\\/www.greenpeace.org\\\/static\\\/planet4-brasil-stateless\\\/2021\\\/08\\\/d7556acf-gp1svsxp_medium_res-510x340.jpg 510w&quot;,&quot;image_sizes&quot;:false,&quot;alt_text&quot;:&quot;&quot;,&quot;caption&quot;:&quot;&quot;,&quot;focus_image&quot;:&quot;&quot;,&quot;credits&quot;:&quot;\\u00a9 Adriano Machado \\\/ Greenpeace&quot;},{&quot;image_src&quot;:&quot;https:\\\/\\\/www.greenpeace.org\\\/static\\\/planet4-brasil-stateless\\\/2021\\\/08\\\/e4e44620-gp1svsxr_medium_res.jpg&quot;,&quot;image_srcset&quot;:&quot;https:\\\/\\\/www.greenpeace.org\\\/static\\\/planet4-brasil-stateless\\\/2021\\\/08\\\/e4e44620-gp1svsxr_medium_res.jpg 1200w, https:\\\/\\\/www.greenpeace.org\\\/static\\\/planet4-brasil-stateless\\\/2021\\\/08\\\/e4e44620-gp1svsxr_medium_res-300x200.jpg 300w, https:\\\/\\\/www.greenpeace.org\\\/static\\\/planet4-brasil-stateless\\\/2021\\\/08\\\/e4e44620-gp1svsxr_medium_res-1024x683.jpg 1024w, https:\\\/\\\/www.greenpeace.org\\\/static\\\/planet4-brasil-stateless\\\/2021\\\/08\\\/e4e44620-gp1svsxr_medium_res-768x512.jpg 768w, https:\\\/\\\/www.greenpeace.org\\\/static\\\/planet4-brasil-stateless\\\/2021\\\/08\\\/e4e44620-gp1svsxr_medium_res-510x340.jpg 510w&quot;,&quot;image_sizes&quot;:false,&quot;alt_text&quot;:&quot;&quot;,&quot;caption&quot;:&quot;&quot;,&quot;focus_image&quot;:&quot;&quot;,&quot;credits&quot;:&quot;\\u00a9 Adriano Machado \\\/ Greenpeace&quot;}]}}\"><\/div>\n<p><strong>Congresso Nacional fechado a sete chaves<\/strong><\/p>\n\n<p>O ativista que representava Arthur Lira tamb\u00e9m segurava um<strong> molho de chaves<\/strong>, que na encena\u00e7\u00e3o simbolizava que o Congresso Nacional est\u00e1 \u201ctrancado a sete chaves\u201d para a sociedade.<\/p>\n\n<p>\u201cArthur Lira se aproveita do per\u00edodo de distanciamento social devido \u00e0 Covid-19, em que o Congresso Nacional est\u00e1 restrito para circula\u00e7\u00e3o de pessoas e as vota\u00e7\u00f5es est\u00e3o acontecendo em sistema semipresencial, para agir de maneira antidemocr\u00e1tica, pautando e aprovando projetos sem a devida participa\u00e7\u00e3o da sociedade e sem transpar\u00eancia nas vota\u00e7\u00f5es\u201d, diz Thais.&nbsp;<\/p>\n\n<p>No entanto, Arthur Lira deveria deixar de lado propostas que amea\u00e7am o bem-estar coletivo e a economia brasileira e focar em solu\u00e7\u00f5es para conter a crise pol\u00edtica, econ\u00f4mica e sanit\u00e1ria no pa\u00eds.<\/p>\n\n<p>H\u00e1 uma semana, a Organiza\u00e7\u00e3o das Na\u00e7\u00f5es Unidas (ONU) divulgou o relat\u00f3rio do Painel Intergovernamental de Mudan\u00e7as Clim\u00e1ticas (IPCC), que alerta sobre a emerg\u00eancia clim\u00e1tica que estamos vivendo e revela que a influ\u00eancia humana \u00e9 respons\u00e1vel por alta de 1,07\u00b0C na temperatura global. <strong>O Brasil tem um papel fundamental no enfrentamento da crise do clima e o desmatamento da Amaz\u00f4nia, que segue batendo recordes m\u00eas a m\u00eas, \u00e9 a principal fonte de emiss\u00f5es de gases do efeito estufa no pa\u00eds. <\/strong>Por isso \u00e9 primordial alcan\u00e7armos o desmatamento zero com leis para conter a a\u00e7\u00e3o humana na destrui\u00e7\u00e3o ambiental.<\/p>\n\n<p class=\"has-grey-900-color has-yellow-background-color has-text-color has-background\">Motosserra de Ouro \u00e9 um trof\u00e9u dado pelo Greenpeace, h\u00e1 v\u00e1rios anos, \u00e0queles que mais estimulam a destrui\u00e7\u00e3o ambiental. A Motosserra de Ouro j\u00e1 foi entregue, por exemplo, \u00e0 <a href=\"https:\/\/www.greenpeace.org\/brasil\/blog\/ela-merece-ela-merece\/\">senadora K\u00e1tia Abreu<\/a>, em 2010, por ter defendido o enfraquecimento do C\u00f3digo Florestal, incentivando o desmatamento. Em 2005, o ent\u00e3o <a href=\"https:\/\/www1.folha.uol.com.br\/fsp\/ciencia\/fe1706200503.htm\">governador de Mato Grosso Blairo Maggi<\/a> foi outro a receber o pr\u00eamio de nossos ativistas, por sua forte contribui\u00e7\u00e3o com a degrada\u00e7\u00e3o da Amaz\u00f4nia.<\/p>\n\n<p><strong>Sociedade unida reprova conduta de Arthur Lira<\/strong><\/p>\n\n<p>As organiza\u00e7\u00f5es da sociedade civil, como Observat\u00f3rio do Clima, Instituto Socioambiental (ISA), Instituto Democracia e Sustentabilidade (IDS) e Instituto Sociedade, Popula\u00e7\u00e3o e Natureza (ISPN) fizeram coro \u00e0 den\u00fancia do papel extremamente danoso que Arthur Lira vem desempenhando como presidente da C\u00e2mara, ao passar as boiadas da pol\u00edtica antiambiental do governo Bolsonaro.<\/p>\n\n<p><em>&#8220;A atua\u00e7\u00e3o do presidente da C\u00e2mara ao viabilizar a aprova\u00e7\u00e3o de legisla\u00e7\u00f5es importantes sem o devido debate, sabendo dos impactos negativos que essas legisla\u00e7\u00f5es ter\u00e3o ao meio ambiente e ao clima no Brasil, qualifica ele para receber o pr\u00eamio.&#8221;<\/em> &#8211;  Adriana Ramos, associada do Instituto Socioambiental (ISA)<\/p>\n\n<p><em>\u201cEm apenas seis meses \u00e0 frente da Presid\u00eancia da C\u00e2mara, o deputado Arthur Lira j\u00e1 se igualou ao antiministro Salles nos danos \u00e0 pol\u00edtica ambiental. Viabilizou a vota\u00e7\u00e3o de duas leis com conte\u00fado muito ruim, um texto sobre licen\u00e7as ambientais que na pr\u00e1tica implode com o licenciamento no pa\u00eds e a Lei da Grilagem. Toda semana anuncia pautas com retrocessos ambientais. Al\u00e9m disso, leva os processos diretamente ao plen\u00e1rio, com relat\u00f3rios que aparecem de \u00faltima hora, praticamente ningu\u00e9m consegue ler antes de votar. Um verdadeiro desastre.\u201d <\/em>&#8211; Suely Ara\u00fajo, especialista s\u00eanior em Pol\u00edticas P\u00fablicas do Observat\u00f3rio do Clima<\/p>\n\n<p><em>\u201cArthur Lira conseguiu em seis meses, fazer um estrago na pol\u00edtica e na legisla\u00e7\u00e3o ambiental brasileira, maior at\u00e9 do que o pr\u00f3prio Salles em dois anos e meia de gest\u00e3o no executivo. Sobretudo por pautar projetos de lei, absolutamente contr\u00e1rios \u00e0 pol\u00edtica ambiental e clim\u00e1tica brasileira, como o PL 3729 e PL 266. Por essa raz\u00e3o ele merece o pr\u00eamio Motosserra de Ouro. E isso tamb\u00e9m \u00e9 uma sinaliza\u00e7\u00e3o ao Rodrigo Pacheco, que se ele n\u00e3o segurar a boiada no Senado, tamb\u00e9m passa a ser merecedor deste pr\u00eamio.\u201d<\/em> &#8211; Andr\u00e9 Lima, consultor s\u00eanior de Pol\u00edtica e Direito do Instituto Democracia e Sustentabilidade (IDS)<\/p>\n\n<p><em>&#8220;A estrutura de governan\u00e7a ambiental do pa\u00eds est\u00e1 sendo desmontada, e a participa\u00e7\u00e3o social nos espa\u00e7os de constru\u00e7\u00e3o de pol\u00edticas p\u00fablicas \u00e9 negada. O governo federal j\u00e1 demonstrou desinteresse em defender o meio ambiente, os povos ind\u00edgenas e as comunidades tradicionais. E, o atual presidente da C\u00e2mara dos Deputados est\u00e1 a servi\u00e7o daqueles que lucram com o desmatamento e a extra\u00e7\u00e3o ilegal de madeira, que flertam com a minera\u00e7\u00e3o em Terras Ind\u00edgenas e \u00e1reas protegidas, promovem a grilagem de terras p\u00fablicas e negam as mudan\u00e7as clim\u00e1ticas. Lira parece n\u00e3o ter compromisso com o futuro do Brasil, est\u00e1 em compasso com o presidente da Rep\u00fablica, e juntos s\u00e3o respons\u00e1veis pelos piores retrocessos nas pol\u00edticas socioambientais do pa\u00eds. Faz jus e merece ser lembrado com essa premia\u00e7\u00e3o do Greenpeace\u201d<\/em> &#8211; Guilherme Eidt, assessor em Pol\u00edticas P\u00fablicas do Instituto Sociedade, Popula\u00e7\u00e3o e Natureza (ISPN)<\/p>\n","protected":false},"excerpt":{"rendered":"<p>Em Bras\u00edlia, nossos ativistas, em protesto pac\u00edfico, encenaram a entrega do Trof\u00e9u Motosserra de Ouro Edi\u00e7\u00e3o 2021 ao presidente da C\u00e2mara dos Deputados. Veja como foi<\/p>\n","protected":false},"author":28,"featured_media":33326,"comment_status":"open","ping_status":"closed","sticky":false,"template":"","format":"standard","meta":{"ep_exclude_from_search":false,"p4_og_title":"","p4_og_description":"","p4_og_image":"","p4_og_image_id":"","p4_seo_canonical_url":"","p4_campaign_name":"not set","p4_local_project":"not set","p4_basket_name":"not set","p4_department":"","footnotes":""},"categories":[2],"tags":[23],"p4-page-type":[16],"class_list":["post-33320","post","type-post","status-publish","format-standard","has-post-thumbnail","hentry","category-transforme-a-sociedade","tag-mobilizacao","p4-page-type-blog"],"_links":{"self":[{"href":"https:\/\/www.greenpeace.org\/brasil\/wp-json\/wp\/v2\/posts\/33320","targetHints":{"allow":["GET"]}}],"collection":[{"href":"https:\/\/www.greenpeace.org\/brasil\/wp-json\/wp\/v2\/posts"}],"about":[{"href":"https:\/\/www.greenpeace.org\/brasil\/wp-json\/wp\/v2\/types\/post"}],"author":[{"embeddable":true,"href":"https:\/\/www.greenpeace.org\/brasil\/wp-json\/wp\/v2\/users\/28"}],"replies":[{"embeddable":true,"href":"https:\/\/www.greenpeace.org\/brasil\/wp-json\/wp\/v2\/comments?post=33320"}],"version-history":[{"count":11,"href":"https:\/\/www.greenpeace.org\/brasil\/wp-json\/wp\/v2\/posts\/33320\/revisions"}],"predecessor-version":[{"id":33337,"href":"https:\/\/www.greenpeace.org\/brasil\/wp-json\/wp\/v2\/posts\/33320\/revisions\/33337"}],"wp:featuredmedia":[{"embeddable":true,"href":"https:\/\/www.greenpeace.org\/brasil\/wp-json\/wp\/v2\/media\/33326"}],"wp:attachment":[{"href":"https:\/\/www.greenpeace.org\/brasil\/wp-json\/wp\/v2\/media?parent=33320"}],"wp:term":[{"taxonomy":"category","embeddable":true,"href":"https:\/\/www.greenpeace.org\/brasil\/wp-json\/wp\/v2\/categories?post=33320"},{"taxonomy":"post_tag","embeddable":true,"href":"https:\/\/www.greenpeace.org\/brasil\/wp-json\/wp\/v2\/tags?post=33320"},{"taxonomy":"p4-page-type","embeddable":true,"href":"https:\/\/www.greenpeace.org\/brasil\/wp-json\/wp\/v2\/p4-page-type?post=33320"}],"curies":[{"name":"wp","href":"https:\/\/api.w.org\/{rel}","templated":true}]}}