{"id":33402,"date":"2021-08-23T18:12:01","date_gmt":"2021-08-23T21:12:01","guid":{"rendered":"https:\/\/www.greenpeace.org\/brasil\/?p=33402"},"modified":"2025-07-02T04:28:30","modified_gmt":"2025-07-02T07:28:30","slug":"greenpeace-explica-esclarece-conceitos-sobre-meio-ambiente","status":"publish","type":"post","link":"https:\/\/www.greenpeace.org\/brasil\/blog\/greenpeace-explica-esclarece-conceitos-sobre-meio-ambiente\/","title":{"rendered":"\u201cGreenpeace Explica\u201d conceitos sobre meio ambiente"},"content":{"rendered":"\n<h4 class=\"wp-block-heading\">Por que a Amaz\u00f4nia pega fogo? O que s\u00e3o os rios voadores? O que \u00e9 o arco do desmatamento? Respondemos a estas e outras perguntas, para voc\u00ea ficar por dentro das pautas ambientais<\/h4>\n\n<p>Quando o assunto \u00e9 meio ambiente, existem tantos termos e conceitos que \u00e0s vezes pode parecer que ambientalistas, cientistas e jornalistas est\u00e3o falando grego! Acreditamos no poder de uma sociedade informada, mas para que a informa\u00e7\u00e3o seja acess\u00edvel e alcance toda a sociedade, precisamos deixar esses termos e conceitos um pouco mais populares.\u00a0<\/p>\n\n<p>Foi com este objetivo que criamos a s\u00e9rie \u201cGreenpeace Explica\u201d, com v\u00eddeos curtos e informativos, que ir\u00e3o trazer informa\u00e7\u00f5es sobre diversos desses conceitos. Toda segunda-feira publicaremos um novo epis\u00f3dio no <a href=\"https:\/\/www.youtube.com\/user\/greenbr\">Youtube do Greenpeace Brasil.\u00a0<\/a><\/p>\n\n<p>A s\u00e9rie \u00e9 \u00f3tima para quem quiser se aprofundar no tema e tamb\u00e9m para ser usado em sala de aula. Confira:<\/p>\n\n<p><strong>Epis\u00f3dio 2<\/strong> &#8211; <strong>O que \u00e9 uma Unidade de Conserva\u00e7\u00e3o?<\/strong><\/p>\n\n<p>Parque Nacional, Parque Estadual, Reserva Biol\u00f3gica, Reserva de Desenvolvimento Sustent\u00e1vel. Todos esses nomes referem-se a diferentes tipos de Unidades de Conserva\u00e7\u00e3o, ou apenas \u201cUC\u201d. Elas s\u00e3o criadas com o objetivo de preservar e conservar a flora, a fauna, os recursos h\u00eddricos, caracter\u00edsticas geol\u00f3gicas, culturais, as belezas naturais, ou como forma de recupera\u00e7\u00e3o de ecossistemas degradados e para promover o desenvolvimento sustent\u00e1vel.<\/p>\n\n<figure class=\"wp-block-embed is-type-video is-provider-youtube wp-block-embed-youtube wp-embed-aspect-16-9 wp-has-aspect-ratio\"><div class=\"wp-block-embed__wrapper\">\n<lite-youtube style=\"background-image: url('https:\/\/i.ytimg.com\/vi\/yt6_u6rgAds\/hqdefault.jpg');\" videoid=\"yt6_u6rgAds\" params=\"rel=0\"><\/lite-youtube>\n<\/div><\/figure>\n\n<p><strong>Epis\u00f3dio 1 &#8211; Por que a Amaz\u00f4nia pega fogo?<\/strong><\/p>\n\n<p>A Amaz\u00f4nia \u00e9 uma floresta tropical \u00famida. E justamente por ser muito \u00famida, ela dificilmente pega fogo de forma natural. Os inc\u00eandios na Amaz\u00f4nia s\u00e3o, portanto, causados pelo ser humano, que usa o fogo no processo de desmatamento. Assista Greenpeace Explica e entenda como isso acontece.<\/p>\n\n<figure class=\"wp-block-embed is-type-video is-provider-youtube wp-block-embed-youtube wp-embed-aspect-16-9 wp-has-aspect-ratio\"><div class=\"wp-block-embed__wrapper\">\n<lite-youtube style=\"background-image: url('https:\/\/i.ytimg.com\/vi\/E0SPaJq2cIk\/hqdefault.jpg');\" videoid=\"E0SPaJq2cIk\" params=\"rel=0\"><\/lite-youtube>\n<\/div><\/figure>\n\n<p><a href=\"https:\/\/www.youtube.com\/user\/greenbr\">Inscreva-se no canal do Greenpeace no Youtube<\/a> e receba todas as novidades. <\/p>\n\n<p><\/p>\n\n<p class=\"has-text-align-center has-grey-80-color has-gp-green-background-color has-text-color has-background\"><strong><a href=\"https:\/\/www.greenpeace.org.br\/todos-pela-amazonia\">Entre para a Brigada Digital e fa\u00e7a mais pela prote\u00e7\u00e3o da floresta. Quer saber mais?&nbsp;Acesse aqui&nbsp;&nbsp;<\/a><\/strong><\/p>\n","protected":false},"excerpt":{"rendered":"<p>Por que a Amaz\u00f4nia pega fogo? O que s\u00e3o os rios voadores? O que \u00e9 o arco do desmatamento? Respondemos a estas e outras perguntas, para voc\u00ea ficar por dentro das pautas ambientais<\/p>\n","protected":false},"author":24,"featured_media":33403,"comment_status":"open","ping_status":"closed","sticky":false,"template":"","format":"standard","meta":{"ep_exclude_from_search":false,"p4_og_title":"","p4_og_description":"","p4_og_image":"","p4_og_image_id":"","p4_seo_canonical_url":"","p4_campaign_name":"not set","p4_local_project":"not set","p4_basket_name":"not set","p4_department":"","footnotes":""},"categories":[3],"tags":[22,40],"p4-page-type":[16],"class_list":["post-33402","post","type-post","status-publish","format-standard","has-post-thumbnail","hentry","category-proteja-a-natureza","tag-florestas","tag-projeto-escola","p4-page-type-blog"],"_links":{"self":[{"href":"https:\/\/www.greenpeace.org\/brasil\/wp-json\/wp\/v2\/posts\/33402","targetHints":{"allow":["GET"]}}],"collection":[{"href":"https:\/\/www.greenpeace.org\/brasil\/wp-json\/wp\/v2\/posts"}],"about":[{"href":"https:\/\/www.greenpeace.org\/brasil\/wp-json\/wp\/v2\/types\/post"}],"author":[{"embeddable":true,"href":"https:\/\/www.greenpeace.org\/brasil\/wp-json\/wp\/v2\/users\/24"}],"replies":[{"embeddable":true,"href":"https:\/\/www.greenpeace.org\/brasil\/wp-json\/wp\/v2\/comments?post=33402"}],"version-history":[{"count":7,"href":"https:\/\/www.greenpeace.org\/brasil\/wp-json\/wp\/v2\/posts\/33402\/revisions"}],"predecessor-version":[{"id":58626,"href":"https:\/\/www.greenpeace.org\/brasil\/wp-json\/wp\/v2\/posts\/33402\/revisions\/58626"}],"wp:featuredmedia":[{"embeddable":true,"href":"https:\/\/www.greenpeace.org\/brasil\/wp-json\/wp\/v2\/media\/33403"}],"wp:attachment":[{"href":"https:\/\/www.greenpeace.org\/brasil\/wp-json\/wp\/v2\/media?parent=33402"}],"wp:term":[{"taxonomy":"category","embeddable":true,"href":"https:\/\/www.greenpeace.org\/brasil\/wp-json\/wp\/v2\/categories?post=33402"},{"taxonomy":"post_tag","embeddable":true,"href":"https:\/\/www.greenpeace.org\/brasil\/wp-json\/wp\/v2\/tags?post=33402"},{"taxonomy":"p4-page-type","embeddable":true,"href":"https:\/\/www.greenpeace.org\/brasil\/wp-json\/wp\/v2\/p4-page-type?post=33402"}],"curies":[{"name":"wp","href":"https:\/\/api.w.org\/{rel}","templated":true}]}}