{"id":33659,"date":"2021-09-27T07:00:00","date_gmt":"2021-09-27T10:00:00","guid":{"rendered":"https:\/\/www.greenpeace.org\/brasil\/?p=33659"},"modified":"2021-09-27T03:43:39","modified_gmt":"2021-09-27T06:43:39","slug":"segunda-sem-carne-setembro-2021","status":"publish","type":"post","link":"https:\/\/www.greenpeace.org\/brasil\/blog\/segunda-sem-carne-setembro-2021\/","title":{"rendered":"Segunda Sem Carne &#8211; Receitas do m\u00eas de setembro de 2021"},"content":{"rendered":"\n<p>Ol\u00e1 para voc\u00ea que chegou por aqui em busca das receitinhas sem carne do m\u00eas de setembro.  <\/p>\n\n<p>Caso voc\u00ea n\u00e3o saiba, toda semana, em nossas redes sociais, n\u00f3s convidamos a todos a refletirem, sobre nossos h\u00e1bitos alimentares e os impactos na nossa sa\u00fade, no planeta e nos animais, com a campanha <strong>Segunda Sem Carne<\/strong>. <\/p>\n\n<p>Voc\u00ea precisa saber que atualmente o planeta passa por uma crise clim\u00e1tica e esse problema vem causando secas, inunda\u00e7\u00f5es, furac\u00f5es, aumento do n\u00edvel do mar e oscila\u00e7\u00f5es extremas do clima.  Portanto, muito al\u00e9m de um cuidado com a pr\u00f3pria sa\u00fade, quando voc\u00ea opta por n\u00e3o consumir produtos de origem animal durante um dia da semana, voc\u00ea tamb\u00e9m est\u00e1 colaborando diretamente no combate ao aquecimento global e todas essas consequ\u00eancias que ele gera. <\/p>\n\n<p>\u00c9 claro que pol\u00edticas p\u00fablicas tamb\u00e9m se fazem necess\u00e1rias na contribui\u00e7\u00e3o com mudan\u00e7as desse tipo, mas a nossa pr\u00f3pria consci\u00eancia j\u00e1 pode ser sim uma forte aliada nessa luta a favor da melhoria da condi\u00e7\u00e3o do meio ambiente como um todo. <\/p>\n\n<p>Vamos \u00e0s receitas?<\/p>\n\n<p><\/p>\n\n<p><strong>Bolo de Legumes<\/strong><\/p>\n\n<figure class=\"wp-block-image size-large\"><img loading=\"lazy\" decoding=\"async\" width=\"1024\" height=\"1024\" src=\"https:\/\/www.greenpeace.org\/static\/planet4-brasil-stateless\/2021\/09\/2c8b0d36-segunda-sem-carne_greenpeace_bolo-de-legumes_amazonia-1024x1024.png\" alt=\"\" class=\"wp-image-34129\" srcset=\"https:\/\/www.greenpeace.org\/static\/planet4-brasil-stateless\/2021\/09\/2c8b0d36-segunda-sem-carne_greenpeace_bolo-de-legumes_amazonia-1024x1024.png 1024w, https:\/\/www.greenpeace.org\/static\/planet4-brasil-stateless\/2021\/09\/2c8b0d36-segunda-sem-carne_greenpeace_bolo-de-legumes_amazonia-300x300.png 300w, https:\/\/www.greenpeace.org\/static\/planet4-brasil-stateless\/2021\/09\/2c8b0d36-segunda-sem-carne_greenpeace_bolo-de-legumes_amazonia-150x150.png 150w, https:\/\/www.greenpeace.org\/static\/planet4-brasil-stateless\/2021\/09\/2c8b0d36-segunda-sem-carne_greenpeace_bolo-de-legumes_amazonia-768x768.png 768w, https:\/\/www.greenpeace.org\/static\/planet4-brasil-stateless\/2021\/09\/2c8b0d36-segunda-sem-carne_greenpeace_bolo-de-legumes_amazonia-1366x1366.png 1366w, https:\/\/www.greenpeace.org\/static\/planet4-brasil-stateless\/2021\/09\/2c8b0d36-segunda-sem-carne_greenpeace_bolo-de-legumes_amazonia-340x340.png 340w, https:\/\/www.greenpeace.org\/static\/planet4-brasil-stateless\/2021\/09\/2c8b0d36-segunda-sem-carne_greenpeace_bolo-de-legumes_amazonia.png 1440w\" sizes=\"auto, (max-width: 1024px) 100vw, 1024px\" \/><\/figure>\n\n<p>Ingredientes:<\/p>\n\n<p>5 tomates cortados em cubos<br>1 cebola picada<br>3 colheres (sopa) de salsa e cebolinha picadas<br>4 ovos<br>3\/4 de x\u00edcara de \u00f3leo<br>100 g de queijo ralado<br>2 x\u00edcaras (ch\u00e1) de farinha de trigo<br>1 colher (sopa) de sal<br>1 colher (sopa\/rasa) de fermento em p\u00f3<br>1 x\u00edcara (ch\u00e1) de ervilhas<br>1 x\u00edcara (ch\u00e1) de milho verde<br>1 cenoura ralada<\/p>\n\n<p>Modo de preparo:<\/p>\n\n<ol class=\"wp-block-list\"><li>Em um recipiente, misture os tomates (se quiser, tempere com sal e or\u00e9gano), cebola, cenoura, milho, ervilha, salsa e cebolinha, queijo ralado, o sal , as gemas levemente batidas e o \u00f3leo<\/li><li>Mexa bem at\u00e9 se misturarem completamente<\/li><li>Coloque a farinha de trigo aos poucos, e continue mexendo<\/li><li>Acrescente o fermento<\/li><li>Bata as claras em neve firme e junte nesta mistura<\/li><li>Unte e polvilhe uma forma redonda com furo central de 30 cm de di\u00e2metro<\/li><li>Leve ao forno para assar por 40 minutos a uma temperatura de 180\u00ba<\/li><\/ol>\n\n<p><strong>Assado Cremoso de Batata e Berinjela <\/strong><\/p>\n\n<figure class=\"wp-block-image size-large\"><img loading=\"lazy\" decoding=\"async\" width=\"1024\" height=\"1024\" src=\"https:\/\/www.greenpeace.org\/static\/planet4-brasil-stateless\/2021\/09\/d45c13b4-segunda-sem-carne_assado-de-batata-com-berinjela_greenpeace-1024x1024.jpeg\" alt=\"\" class=\"wp-image-33703\" srcset=\"https:\/\/www.greenpeace.org\/static\/planet4-brasil-stateless\/2021\/09\/d45c13b4-segunda-sem-carne_assado-de-batata-com-berinjela_greenpeace-1024x1024.jpeg 1024w, https:\/\/www.greenpeace.org\/static\/planet4-brasil-stateless\/2021\/09\/d45c13b4-segunda-sem-carne_assado-de-batata-com-berinjela_greenpeace-300x300.jpeg 300w, https:\/\/www.greenpeace.org\/static\/planet4-brasil-stateless\/2021\/09\/d45c13b4-segunda-sem-carne_assado-de-batata-com-berinjela_greenpeace-150x150.jpeg 150w, https:\/\/www.greenpeace.org\/static\/planet4-brasil-stateless\/2021\/09\/d45c13b4-segunda-sem-carne_assado-de-batata-com-berinjela_greenpeace-768x768.jpeg 768w, https:\/\/www.greenpeace.org\/static\/planet4-brasil-stateless\/2021\/09\/d45c13b4-segunda-sem-carne_assado-de-batata-com-berinjela_greenpeace-340x340.jpeg 340w, https:\/\/www.greenpeace.org\/static\/planet4-brasil-stateless\/2021\/09\/d45c13b4-segunda-sem-carne_assado-de-batata-com-berinjela_greenpeace.jpeg 1080w\" sizes=\"auto, (max-width: 1024px) 100vw, 1024px\" \/><\/figure>\n\n<p>Ingredientes:<\/p>\n\n<p>5-6 batatas grandes, descascadas, cortadas em fatias finas<br>1-2 berinjelas cortadas em fatias finas<br>2 dentes de alho picados<br>1 cebola cortada em cubos<br>400ml caldo de legumes ou \u00e1gua<br>500 ml de leite de coco<br>\u00d3leo vegetal<br>2 colheres de ch\u00e1 de sal<br>1 colher de ch\u00e1 de pimenta do reino<br>1\/2 colher de ch\u00e1 noz-moscada<br>Farinha de sua escolha para engrossar o molho<br>Queijo ralado Vegan [opcional para cobertura ] \u2800<br>\u2800<br>Preparo:<\/p>\n\n<p>Pr\u00e9-aque\u00e7a o forno a 180 graus.<\/p>\n\n<p>Corte as batatas e as berinjelas em rodelas finas.<br>(Voc\u00ea n\u00e3o precisa descascar a Berinjela)<\/p>\n\n<p>Unte levemente uma assadeira com \u00f3leo e alterne entre as batatas e as berinjelas na assadeira.<\/p>\n\n<p>Aque\u00e7a o \u00f3leo em uma frigideira e refogue a cebola e o alho.<\/p>\n\n<p>Em seguida, adicione caldo de vegetais e leite de coco, mexa e comece a adicionar farinha at\u00e9 engrossar.<br>Mexa bem para evitar a forma\u00e7\u00e3o de caro\u00e7os. (Voc\u00ea pode usar o liquidificador pra isso)<\/p>\n\n<p>Tempere tudo com sal, pimenta, noz-moscada e curry.<br>Deixe ferver um pouco, mexendo regularmente.<\/p>\n\n<p>Despeje o molho sobre as batatas e as berinjelas e polvilhe com queijo ralado vegan<\/p>\n\n<p>Asse em forno quente por cerca de 50-60 minutos.<\/p>\n\n<p><\/p>\n\n<p><strong>Sopa de Feij\u00e3o com Banana Frita<\/strong><\/p>\n\n<figure class=\"wp-block-image size-large\"><img loading=\"lazy\" decoding=\"async\" width=\"348\" height=\"482\" src=\"https:\/\/www.greenpeace.org\/static\/planet4-brasil-stateless\/2021\/09\/562f5d0e-sopa-de-feijao-com-bana-frita_greenpeace_segunda-sem-carne_receita-sem-carne_setembro.png\" alt=\"\" class=\"wp-image-33661\" srcset=\"https:\/\/www.greenpeace.org\/static\/planet4-brasil-stateless\/2021\/09\/562f5d0e-sopa-de-feijao-com-bana-frita_greenpeace_segunda-sem-carne_receita-sem-carne_setembro.png 348w, https:\/\/www.greenpeace.org\/static\/planet4-brasil-stateless\/2021\/09\/562f5d0e-sopa-de-feijao-com-bana-frita_greenpeace_segunda-sem-carne_receita-sem-carne_setembro-217x300.png 217w, https:\/\/www.greenpeace.org\/static\/planet4-brasil-stateless\/2021\/09\/562f5d0e-sopa-de-feijao-com-bana-frita_greenpeace_segunda-sem-carne_receita-sem-carne_setembro-245x340.png 245w\" sizes=\"auto, (max-width: 348px) 100vw, 348px\" \/><figcaption><a href=\"https:\/\/www.instagram.com\/reel\/CTfEG8GHPhQ\/?utm_source=ig_web_copy_link\" data-type=\"URL\" data-id=\"https:\/\/www.instagram.com\/reel\/CTfEG8GHPhQ\/?utm_source=ig_web_copy_link\" target=\"_blank\" rel=\"noreferrer noopener\">Veja o post no Instagram<\/a><\/figcaption><\/figure>\n\n<p>Ingredientes:<\/p>\n\n<p>1\/2 cenoura cortada em meia lua<br>2 batatas cortadas em 4<br>2 tomates maduros picadinhos<br>sals\u00e3o a gosto (coloquei uns 3 cm do talo picadinho)<br>cebola a gosto (coloquei 1\/2 grande)<br>dente de alho a gosto (coloquei uns 6)<\/p>\n\n<p>Modo de Preparo:<\/p>\n\n<p>Refogue tudo com sal, pimenta e louro. Logo, coloque o feij\u00e3o preto q tava na geladeira, adicione uns 4 dedos de \u00e1gua acima do conte\u00fado da panela. Deixe cozinhar por uns 30 minutos. Tire metade e bata no liquidificador e leve de volta \u00e0 panela.<\/p>\n\n<p>Por fim, adicione um pouco de macarr\u00e3o e deixe reduzindo mais uns 15 minutos.<\/p>\n\n<p> Frite a banana e o repolho e servia por cima com bastante cheiro verde. <\/p>\n\n<p>E se essa \u00e9 a primeira vez que voc\u00ea cogita aderir \u00e0 redu\u00e7\u00e3o do consumo de alimentos que colaboram com a destrui\u00e7\u00e3o do nosso planeta, e ainda est\u00e1 com um pouco de confus\u00e3o na mente, sem saber ao certo como come\u00e7ar, n\u00f3s podemos te ajudar. Fa\u00e7a parte da nossa campanha Segunda Sem Carne e aproveita para dar uma olhada nesse <a href=\"https:\/\/www.greenpeace.org\/static\/planet4-brasil-stateless\/2020\/04\/2cafdb20-ebook_greenpeace_receitas_sem_carne.pdf\">e-book \u201cQuarentena Sem Carne\u201d<\/a>, com receitas de chefs e nutricionistas da boa alimenta\u00e7\u00e3o. <\/p>\n\n<p><a href=\"https:\/\/www.greenpeace.org\/brasil\/blog\/vegetarianos-o-que-sao-onde-vivem-do-que-se-alimentam\/\" data-type=\"URL\" data-id=\"https:\/\/www.greenpeace.org\/brasil\/blog\/vegetarianos-o-que-sao-onde-vivem-do-que-se-alimentam\/\">Vem entender mais um pouco mais sobre o estilo de vida vegetariano.<\/a><\/p>\n","protected":false},"excerpt":{"rendered":"<p>Toda semana convidamos a todos, atrav\u00e9s das nossas redes sociais, a refletirem sobre como nossos h\u00e1bitos alimentares geram impactos na nossa sa\u00fade, no planeta e nos animais. Ficar um dia&hellip;<\/p>\n","protected":false},"author":92,"featured_media":34129,"comment_status":"open","ping_status":"closed","sticky":false,"template":"","format":"standard","meta":{"ep_exclude_from_search":false,"p4_og_title":"","p4_og_description":"","p4_og_image":"","p4_og_image_id":"","p4_seo_canonical_url":"","p4_campaign_name":"not set","p4_local_project":"not set","p4_basket_name":"not set","p4_department":"","footnotes":""},"categories":[2],"tags":[18],"p4-page-type":[16],"class_list":["post-33659","post","type-post","status-publish","format-standard","has-post-thumbnail","hentry","category-transforme-a-sociedade","tag-agroecologia","p4-page-type-blog"],"_links":{"self":[{"href":"https:\/\/www.greenpeace.org\/brasil\/wp-json\/wp\/v2\/posts\/33659","targetHints":{"allow":["GET"]}}],"collection":[{"href":"https:\/\/www.greenpeace.org\/brasil\/wp-json\/wp\/v2\/posts"}],"about":[{"href":"https:\/\/www.greenpeace.org\/brasil\/wp-json\/wp\/v2\/types\/post"}],"author":[{"embeddable":true,"href":"https:\/\/www.greenpeace.org\/brasil\/wp-json\/wp\/v2\/users\/92"}],"replies":[{"embeddable":true,"href":"https:\/\/www.greenpeace.org\/brasil\/wp-json\/wp\/v2\/comments?post=33659"}],"version-history":[{"count":4,"href":"https:\/\/www.greenpeace.org\/brasil\/wp-json\/wp\/v2\/posts\/33659\/revisions"}],"predecessor-version":[{"id":34130,"href":"https:\/\/www.greenpeace.org\/brasil\/wp-json\/wp\/v2\/posts\/33659\/revisions\/34130"}],"wp:featuredmedia":[{"embeddable":true,"href":"https:\/\/www.greenpeace.org\/brasil\/wp-json\/wp\/v2\/media\/34129"}],"wp:attachment":[{"href":"https:\/\/www.greenpeace.org\/brasil\/wp-json\/wp\/v2\/media?parent=33659"}],"wp:term":[{"taxonomy":"category","embeddable":true,"href":"https:\/\/www.greenpeace.org\/brasil\/wp-json\/wp\/v2\/categories?post=33659"},{"taxonomy":"post_tag","embeddable":true,"href":"https:\/\/www.greenpeace.org\/brasil\/wp-json\/wp\/v2\/tags?post=33659"},{"taxonomy":"p4-page-type","embeddable":true,"href":"https:\/\/www.greenpeace.org\/brasil\/wp-json\/wp\/v2\/p4-page-type?post=33659"}],"curies":[{"name":"wp","href":"https:\/\/api.w.org\/{rel}","templated":true}]}}