{"id":33694,"date":"2021-09-11T10:08:31","date_gmt":"2021-09-11T13:08:31","guid":{"rendered":"https:\/\/www.greenpeace.org\/brasil\/?p=33694"},"modified":"2022-04-25T13:29:52","modified_gmt":"2022-04-25T16:29:52","slug":"conheca-o-pintou-um-climao-o-podcast-educacional-do-greenpeace","status":"publish","type":"post","link":"https:\/\/www.greenpeace.org\/brasil\/blog\/conheca-o-pintou-um-climao-o-podcast-educacional-do-greenpeace\/","title":{"rendered":"Conhe\u00e7a o Pintou Um Clim\u00e3o!, o podcast educacional do Greenpeace"},"content":{"rendered":"\n<h4 class=\"wp-block-heading\"><em>Nos juntamos para levar a discuss\u00e3o ambiental e clim\u00e1tica para dentro das escolas de uma maneira leve e acess\u00edvel<\/em><\/h4>\n\n<div class=\"wp-block-image\"><figure class=\"aligncenter size-large\"><img loading=\"lazy\" decoding=\"async\" width=\"731\" height=\"397\" src=\"https:\/\/www.greenpeace.org\/static\/planet4-brasil-stateless\/2021\/09\/87525bfe-banner.png\" alt=\"\" class=\"wp-image-33697\" srcset=\"https:\/\/www.greenpeace.org\/static\/planet4-brasil-stateless\/2021\/09\/87525bfe-banner.png 731w, https:\/\/www.greenpeace.org\/static\/planet4-brasil-stateless\/2021\/09\/87525bfe-banner-300x163.png 300w, https:\/\/www.greenpeace.org\/static\/planet4-brasil-stateless\/2021\/09\/87525bfe-banner-510x277.png 510w\" sizes=\"auto, (max-width: 731px) 100vw, 731px\" \/><figcaption>Iniciativa \u00e9 de volunt\u00e1rias e volunt\u00e1rios do Projeto Escola e tem como objetivo ajudar a levar o debate sobre a crise clim\u00e1tica para dentro das salas de aula  <\/figcaption><\/figure><\/div>\n\n<p>A crise clim\u00e1tica chegou, n\u00e3o tem como negar. Somente em 2021, vimos diversos <a href=\"https:\/\/www.greenpeace.org\/brasil\/blog\/cheias-no-norte-e-seca-no-centro-sul-precisamos-falar-sobre-os-eventos-climaticos-extremos\/\">eventos clim\u00e1ticos <\/a>como enchentes, secas e temperaturas extremas causarem trag\u00e9dias em todo o mundo. N\u00e3o estamos falando sobre consequ\u00eancias futuras e e sim sobre graves impactos da crise clim\u00e1tica que j\u00e1 fazem parte do nosso cotidiano.  <br><br>E o que n\u00f3s temos a ver com isso? O que podemos fazer?&nbsp;Pensando em como responder essa pergunta, os volunt\u00e1rios e volunt\u00e1rias do <a rel=\"noreferrer noopener\" href=\"https:\/\/www.greenpeace.org\/brasil\/participe\/projeto-escola\/\" target=\"_blank\">Projeto Escola do Greenpeace Brasil<\/a>, refletiram sobre a import\u00e2ncia da conscientiza\u00e7\u00e3o e educa\u00e7\u00e3o ambiental para mudarmos juntos essa realidade e construir um outro futuro.<\/p>\n\n<p>Foi assim que nasceu o <strong>Pintou Um Clim\u00e3o!<\/strong>, nosso podcast educacional! De uma maneira leve e acess\u00edvel, iremos abordar temas como justi\u00e7a clim\u00e1tica, aquecimento global e as diferentes a\u00e7\u00f5es que podem ser tomadas por n\u00f3s e por toda a sociedade para que as mudan\u00e7as clim\u00e1ticas sejam freadas. <\/p>\n\n<p>Em nosso primeiro epis\u00f3dio,  falamos sobre os Objetivos Sustent\u00e1veis da Organiza\u00e7\u00e3o das Na\u00e7\u00f5es Unidas (ONU),  dando destaque para as metas que t\u00eam como foco conter as altera\u00e7\u00f5es clim\u00e1ticas e mitigar seus impactos.\u00a0<\/p>\n\n<p>Tudo isso com a presen\u00e7a de <a href=\"https:\/\/www.instagram.com\/souamandacosta\/\">Amanda Costa<\/a>, ativista clim\u00e1tica, jovem embaixadora da ONU&nbsp;e fundadora do <a href=\"https:\/\/www.instagram.com\/perifasustentavel\/\">PerifaSustent\u00e1vel.<\/a> <\/p>\n\n<p>Tamb\u00e9m falamos sobre como a crise clim\u00e1tica afeta a popula\u00e7\u00e3o de maneira desproporcional, aprofundando desigualdades estruturais.<br><br>Quer saber e entender mais sobre o assunto? Ent\u00e3o vem com a gente! <\/p>\n\n<p>Ou\u00e7a o primeiro epis\u00f3dio do <strong>Pintou Um Clim\u00e3o!<\/strong>, o podcast educacional do Greenpeace:<\/p>\n\n<iframe loading=\"lazy\" src=\"https:\/\/open.spotify.com\/embed\/episode\/1v64WpFRrK3hjGasrAxyRK\" width=\"100%\" height=\"232\" frameBorder=\"0\" allowtransparency=\"true\" allow=\"encrypted-media\"><\/iframe>\n\n<p><\/p>\n","protected":false},"excerpt":{"rendered":"<p>Iniciativa \u00e9 de volunt\u00e1rias e volunt\u00e1rios do Projeto Escola e tem como objetivo ajudar a levar o debate sobre a crise clim\u00e1tica para dentro das salas de aula  <\/p>\n","protected":false},"author":28,"featured_media":33699,"comment_status":"open","ping_status":"closed","sticky":false,"template":"","format":"standard","meta":{"ep_exclude_from_search":false,"p4_og_title":"","p4_og_description":"","p4_og_image":"","p4_og_image_id":"","p4_seo_canonical_url":"","p4_campaign_name":"not set","p4_local_project":"not set","p4_basket_name":"not set","p4_department":"","footnotes":""},"categories":[5],"tags":[42,50],"p4-page-type":[16],"class_list":["post-33694","post","type-post","status-publish","format-standard","has-post-thumbnail","hentry","category-greenpeace","tag-justica-climatica","tag-institucional","p4-page-type-blog"],"_links":{"self":[{"href":"https:\/\/www.greenpeace.org\/brasil\/wp-json\/wp\/v2\/posts\/33694","targetHints":{"allow":["GET"]}}],"collection":[{"href":"https:\/\/www.greenpeace.org\/brasil\/wp-json\/wp\/v2\/posts"}],"about":[{"href":"https:\/\/www.greenpeace.org\/brasil\/wp-json\/wp\/v2\/types\/post"}],"author":[{"embeddable":true,"href":"https:\/\/www.greenpeace.org\/brasil\/wp-json\/wp\/v2\/users\/28"}],"replies":[{"embeddable":true,"href":"https:\/\/www.greenpeace.org\/brasil\/wp-json\/wp\/v2\/comments?post=33694"}],"version-history":[{"count":4,"href":"https:\/\/www.greenpeace.org\/brasil\/wp-json\/wp\/v2\/posts\/33694\/revisions"}],"predecessor-version":[{"id":33729,"href":"https:\/\/www.greenpeace.org\/brasil\/wp-json\/wp\/v2\/posts\/33694\/revisions\/33729"}],"wp:featuredmedia":[{"embeddable":true,"href":"https:\/\/www.greenpeace.org\/brasil\/wp-json\/wp\/v2\/media\/33699"}],"wp:attachment":[{"href":"https:\/\/www.greenpeace.org\/brasil\/wp-json\/wp\/v2\/media?parent=33694"}],"wp:term":[{"taxonomy":"category","embeddable":true,"href":"https:\/\/www.greenpeace.org\/brasil\/wp-json\/wp\/v2\/categories?post=33694"},{"taxonomy":"post_tag","embeddable":true,"href":"https:\/\/www.greenpeace.org\/brasil\/wp-json\/wp\/v2\/tags?post=33694"},{"taxonomy":"p4-page-type","embeddable":true,"href":"https:\/\/www.greenpeace.org\/brasil\/wp-json\/wp\/v2\/p4-page-type?post=33694"}],"curies":[{"name":"wp","href":"https:\/\/api.w.org\/{rel}","templated":true}]}}