{"id":33708,"date":"2021-09-14T19:27:42","date_gmt":"2021-09-14T22:27:42","guid":{"rendered":"https:\/\/www.greenpeace.org\/brasil\/?p=33708"},"modified":"2025-07-02T04:28:11","modified_gmt":"2025-07-02T07:28:11","slug":"hora-de-cantar-junto-confira-a-letra-completa-da-cancao-pra-amazonia","status":"publish","type":"post","link":"https:\/\/www.greenpeace.org\/brasil\/blog\/hora-de-cantar-junto-confira-a-letra-completa-da-cancao-pra-amazonia\/","title":{"rendered":"Hora de cantar junto! Confira a letra completa da Can\u00e7\u00e3o pra Amaz\u00f4nia"},"content":{"rendered":"\n<h4 class=\"wp-block-heading\"><em>Texto do compositor Carlos Renn\u00f3 lista, de maneira po\u00e9tica e emocionante, amea\u00e7as \u00e0 maior floresta tropical do mundo<\/em><\/h4>\n\n<figure class=\"wp-block-embed is-type-video is-provider-youtube wp-block-embed-youtube wp-embed-aspect-16-9 wp-has-aspect-ratio\"><div class=\"wp-block-embed__wrapper\">\n<lite-youtube style=\"background-image: url('https:\/\/i.ytimg.com\/vi\/yE1PENHOpDQ\/hqdefault.jpg');\" videoid=\"yE1PENHOpDQ\" params=\"rel=0\"><\/lite-youtube>\n<\/div><\/figure>\n\n<p>Lan\u00e7ada no \u00faltimo dia 5 de setembro, no programa \u201cFant\u00e1stico\u201d, da Rede Globo (RJ),<em> <\/em>a<em> Can\u00e7\u00e3o pra Amaz\u00f4nia <\/em>segue emocionando os cora\u00e7\u00f5es e mentes dos brasileiros. S\u00e3o mais de trinta artistas que, em performances de alto n\u00edvel, entregam uma mensagem de alerta e esperan\u00e7a frente aos problemas ambientais que o Brasil enfrenta hoje.<\/p>\n\n<p>Atendendo a pedidos, o Greenpeace publica abaixo a \u00edntegra da letra da m\u00fasica. Trabalho do autor e compositor Carlos Renn\u00f3 &#8211; parceiro da institui\u00e7\u00e3o e escriba de outros hinos engajados como \u201cDemarca\u00e7\u00e3o J\u00e1!\u201d (2017), \u201cManifesta\u00e7\u00e3o\u201d (2018) e \u201cPara Onde Vamos?\u201d (2019) &#8211; a letra de <em>\u201cCan\u00e7\u00e3o pra Amaz\u00f4nia\u201d<\/em> est\u00e1 pronta desde o final de 2019, mas s\u00f3 foi musicada por Nando Reis em meados do ano passado.<\/p>\n\n<p>Anteriormente, a letra da m\u00fasica havia sido publicada apenas no caderno &#8220;Ilustr\u00edssima&#8221;, do jornal Folha de S\u00e3o Paulo (SP), justamente no dia 5 de setembro, quando se comemora o Dia Internacional da Amaz\u00f4nia. Agora, ela est\u00e1 a seu alcance, para se emocionar e refletir junto ao grande elenco reunido nesta iniciativa \ud83d\ude42&nbsp;<\/p>\n\n<p class=\"has-text-align-center\"><strong>Ou\u00e7a a <\/strong><strong><em>Can\u00e7\u00e3o pra Amaz\u00f4nia<\/em><\/strong><strong>: <\/strong><a href=\"https:\/\/onerpm.link\/cancaopraamazonia\">https:\/\/onerpm.link\/cancaopraamazonia<\/a>&nbsp;<\/p>\n\n<p class=\"has-text-align-center\"><strong>Visite o site: <\/strong><a href=\"https:\/\/vozdafloresta.com\/\">https:\/\/vozdafloresta.com\/<\/a>&nbsp;<\/p>\n\n<p class=\"has-text-align-center\"><strong><em>Can\u00e7\u00e3o pra Amaz\u00f4nia<\/em><\/strong>:<\/p>\n\n<p class=\"has-text-align-center\"><em>M\u00fasica de Nando Reis &#8211; Letra de Carlos Renn\u00f3<\/em><\/p>\n\n<p class=\"has-text-align-center\"><em>1.<br><\/em><\/p>\n\n<p class=\"has-text-align-center\"><em>Maior floresta tropical da Terra<\/em><\/p>\n\n<p class=\"has-text-align-center\"><em>A toda hora sofre um duro golpe.<\/em><\/p>\n\n<p class=\"has-text-align-center\"><em>Contra trator, corrente, motosserra,<\/em><\/p>\n\n<p class=\"has-text-align-center\"><em>A bela flora clama em v\u00e3o: \u201cMe poupe!\u201d<\/em><\/p>\n\n<p class=\"has-text-align-center\"><em>Por\u00e9m tem uma gente surda e cega<\/em><\/p>\n\n<p class=\"has-text-align-center\"><em>Para a beleza e o valor da mata,<\/em><\/p>\n\n<p class=\"has-text-align-center\"><em>Embora o mundo grite que j\u00e1 chega<\/em><\/p>\n\n<p class=\"has-text-align-center\"><em>Pois \u00e9 a vida que o desmate mata.<\/em><\/p>\n\n<p class=\"has-text-align-center\"><em>Mais vasta ainda todavia \u00e9 a devasta\u00e7\u00e3o e o trauma:<\/em><\/p>\n\n<p class=\"has-text-align-center\"><em>Focos de fogo nos sufocam fauna, flora e at\u00e9 a alma.&nbsp;<\/em><\/p>\n\n<p class=\"has-text-align-center\"><em>Amaz\u00f4nia!<\/em><\/p>\n\n<p class=\"has-text-align-center\"><em>Raz\u00e3o de tanta ins\u00e2nia e tanta ins\u00f4nia!<\/em><\/p>\n\n<p class=\"has-text-align-center\"><em>Amaz\u00f4nia!&nbsp;<\/em><\/p>\n\n<p class=\"has-text-align-center\"><em>Objeto de omiss\u00e3o e a\u00e7\u00e3o err\u00f4nea!<\/em><\/p>\n\n<p class=\"has-text-align-center\"><em>Amaz\u00f4nia!<\/em><\/p>\n\n<p class=\"has-text-align-center\"><em>\u00c9 sem igual, sem plano B nem clone a<\/em><\/p>\n\n<p class=\"has-text-align-center\"><em>Amaz\u00f4nia!&nbsp;<\/em><\/p>\n\n<p class=\"has-text-align-center\"><em>2<\/em>.<\/p>\n\n<p class=\"has-text-align-center\"><em>Desmonte pra desmate e desvario<\/em><\/p>\n\n<p class=\"has-text-align-center\"><em>Liberam a floresta no Brasil<\/em><\/p>\n\n<p class=\"has-text-align-center\"><em>Pro agrobiz e pra minera\u00e7\u00e3o,<\/em><\/p>\n\n<p class=\"has-text-align-center\"><em>Pra hidrel\u00e9trica, pra explora\u00e7\u00e3o.<\/em><\/p>\n\n<p class=\"has-text-align-center\"><em>Recompensando o crime ambiental,<\/em><\/p>\n\n<p class=\"has-text-align-center\"><em>Desregulando o clima mundial,<\/em><\/p>\n\n<p class=\"has-text-align-center\"><em>Negam ci\u00eancia, inc\u00eandio e derrubada.<\/em><\/p>\n\n<p class=\"has-text-align-center\"><em>Negando, v\u00e3o passando a boiada.&nbsp;<\/em><\/p>\n\n<p class=\"has-text-align-center\"><em>Que ignor\u00e2ncia, repugn\u00e2ncia, a cada lance, a cada v\u00eddeo!<\/em><\/p>\n\n<p class=\"has-text-align-center\"><em>Que grande bioecoetnogenomatrisuic\u00eddio!<\/em><\/p>\n\n<p class=\"has-text-align-center\"><em>Amaz\u00f4nia!<\/em><\/p>\n\n<p class=\"has-text-align-center\"><em>Abaixo o (des) governo que abandone a<\/em><\/p>\n\n<p class=\"has-text-align-center\"><em>Amaz\u00f4nia!&nbsp;<\/em><\/p>\n\n<p class=\"has-text-align-center\"><em>N\u00e3o mais a soja, o pasto que seccione a<\/em><\/p>\n\n<p class=\"has-text-align-center\"><em>Amaz\u00f4nia!<\/em><\/p>\n\n<p class=\"has-text-align-center\"><em>N\u00e3o mais a carne, o prato que pressione a&nbsp;<\/em><\/p>\n\n<p class=\"has-text-align-center\"><em>Amaz\u00f4nia!<\/em><\/p>\n\n<p class=\"has-text-align-center\"><em>3. <br><\/em><\/p>\n\n<p class=\"has-text-align-center\"><em>Dos povos da floresta sob press\u00e3o,<\/em><\/p>\n\n<p class=\"has-text-align-center\"><em>O ind\u00edgena, seu grande guardi\u00e3o,<\/em><\/p>\n\n<p class=\"has-text-align-center\"><em>Em comunh\u00e3o com ela h\u00e1 mil\u00eanios,&nbsp;<\/em><\/p>\n\n<p class=\"has-text-align-center\"><em>Nos \u00faltimos e tr\u00e1gicos dec\u00eanios <\/em><em><\/em><\/p>\n\n<p class=\"has-text-align-center\"><em>Vem vendo a mata sendo amea\u00e7ada<\/em><\/p>\n\n<p class=\"has-text-align-center\"><em>E cada terra deles atacada<\/em><\/p>\n\n<p class=\"has-text-align-center\"><em>Por levas de pe\u00f5es de poderosos<\/em><\/p>\n\n<p class=\"has-text-align-center\"><em>Com planos de riqueza horrorosos.&nbsp;<\/em><\/p>\n\n<p class=\"has-text-align-center\"><em>\u00c9 invas\u00e3o!, destrui\u00e7\u00e3o!, \u00f3dio a quem s\u00e3o seus empecilhos!<\/em><\/p>\n\n<p class=\"has-text-align-center\"><em>Eles n\u00e3o pensam no amanh\u00e3 nem do planeta nem dos pr\u00f3prios filhos!<\/em><\/p>\n\n<p class=\"has-text-align-center\"><em>Amaz\u00f4nia!<\/em><\/p>\n\n<p class=\"has-text-align-center\"><em>Abaixo o madeireiro que detone a<\/em><\/p>\n\n<p class=\"has-text-align-center\"><em>Amaz\u00f4nia!<\/em><\/p>\n\n<p class=\"has-text-align-center\"><em>Abaixo o garimpeiro que infeccione a<\/em><\/p>\n\n<p class=\"has-text-align-center\"><em>Amaz\u00f4nia!&nbsp;<\/em><\/p>\n\n<p class=\"has-text-align-center\"><em>Abaixo o grileiro que fraciona a <\/em><em><\/em><em><\/em><\/p>\n\n<p class=\"has-text-align-center\"><em>Amaz\u00f4nia!&nbsp;<\/em><\/p>\n\n<p class=\"has-text-align-center\"><em>4.<br><\/em><\/p>\n\n<p class=\"has-text-align-center\"><em>Mais valiosa que qualquer min\u00e9rio,<\/em><\/p>\n\n<p class=\"has-text-align-center\"><em>Tragada pela mata que transpira,<\/em><\/p>\n\n<p class=\"has-text-align-center\"><em>A \u00e1gua que evapora sobe e vira<\/em><\/p>\n\n<p class=\"has-text-align-center\"><em>De veio subterr\u00e2neo a rio a\u00e9reo.<\/em><\/p>\n\n<p class=\"has-text-align-center\"><em>Mais volumosos do que o Amazonas,<\/em><\/p>\n\n<p class=\"has-text-align-center\"><em>Os rios voadores distribuem<\/em><\/p>\n\n<p class=\"has-text-align-center\"><em>Seus l\u00edmpidos vapores que afluem<\/em><\/p>\n\n<p class=\"has-text-align-center\"><em>Ao Centro-Sul, chegando noutras zonas. <\/em><em><\/em><\/p>\n\n<p class=\"has-text-align-center\"><em>Ent\u00e3o como \u00e9 que na floresta mais chuvosa o fogo avan\u00e7a,<\/em><\/p>\n\n<p class=\"has-text-align-center\"><em>E ardendo em chamas nela queima de futuro uma esperan\u00e7a?<\/em><\/p>\n\n<p class=\"has-text-align-center\"><em>Amaz\u00f4nia!<\/em><\/p>\n\n<p class=\"has-text-align-center\"><em>N\u00e3o mais um mandat\u00e1rio que intencione a<\/em><\/p>\n\n<p class=\"has-text-align-center\"><em>Amaz\u00f4nia,&nbsp;<\/em><\/p>\n\n<p class=\"has-text-align-center\"><em>Nem mais um empres\u00e1rio que ambicione a<\/em><\/p>\n\n<p class=\"has-text-align-center\"><em>Amaz\u00f4nia<\/em><\/p>\n\n<p class=\"has-text-align-center\"><em>Pra mais um ciclo de na\u00e7\u00e3o-col\u00f4nia.<\/em><\/p>\n\n<p class=\"has-text-align-center\"><em>Amaz\u00f4nia! <\/em><em><br><\/em><\/p>\n\n<p class=\"has-text-align-center\"><em>5.<br><\/em><\/p>\n\n<p class=\"has-text-align-center\"><em>Vis\u00e3o monumental que maravilha<\/em><\/p>\n\n<p class=\"has-text-align-center\"><em>Obra da natureza que exubera<\/em><\/p>\n\n<p class=\"has-text-align-center\"><em>De cores, seres, cheiros, som, de vida<\/em><\/p>\n\n<p class=\"has-text-align-center\"><em>T\u00e3o pr\u00f3diga, t\u00e3o pura, t\u00e3o diversa<\/em><\/p>\n\n<p class=\"has-text-align-center\"><em>A f\u00e1brica de chuva mais prolixa<\/em><\/p>\n\n<p class=\"has-text-align-center\"><em>A m\u00e1quina do mundo mais complexa<\/em><\/p>\n\n<p class=\"has-text-align-center\"><em>O doceanoverdepara\u00edso<\/em><\/p>\n\n<p class=\"has-text-align-center\"><em>O cora\u00e7\u00e3o pulsante do planeta<\/em><\/p>\n\n<p class=\"has-text-align-center\"><em>Quinze mil \u00e1rvores contudo agora est\u00e3o indo pro ch\u00e3o.<\/em><\/p>\n\n<p class=\"has-text-align-center\"><em>Quinze mil vidas derrubadas s\u00f3 durante o tempo desta can\u00e7\u00e3o!&#8230;<\/em><\/p>\n\n<p class=\"has-text-align-center\"><em>&#8230; Amaz\u00f4nia&#8230;<\/em><\/p>\n\n<p class=\"has-text-align-center\"><em>Que nem desmatamento desmorone a<\/em><\/p>\n\n<p class=\"has-text-align-center\"><em>Amaz\u00f4nia!<\/em><\/p>\n\n<p class=\"has-text-align-center\"><em>E nem desmandamento deixe insone a<\/em><\/p>\n\n<p class=\"has-text-align-center\"><em>Amaz\u00f4nia!<\/em><\/p>\n\n<p class=\"has-text-align-center\"><em>E nem o aquecimento desfuncione a<\/em><em> <\/em><em><\/em><\/p>\n\n<p class=\"has-text-align-center\"><em>Amaz\u00f4nia!&nbsp;<\/em><\/p>\n\n<p class=\"has-text-align-center\"><em>6.<\/em><\/p>\n\n<p class=\"has-text-align-center\"><em>O que o \u00edndio viu, previu, falou,<\/em><\/p>\n\n<p class=\"has-text-align-center\"><em>Tamb\u00e9m o cientista comprovou.<\/em><\/p>\n\n<p class=\"has-text-align-center\"><em>Desmate aumenta, o clima seco aquece<\/em><\/p>\n\n<p class=\"has-text-align-center\"><em>A mata, o c\u00e9u e a Terra, que estarrece.&nbsp;<\/em><\/p>\n\n<p class=\"has-text-align-center\"><em>Esse \u00e9 o recado deles, l\u00e1 no fundo:<\/em><\/p>\n\n<p class=\"has-text-align-center\"><em>Salve-se a selva ou n\u00e3o se salva o mundo!<\/em><\/p>\n\n<p class=\"has-text-align-center\"><em>Pra n\u00e3o torn\u00e1-los um inferno, um forno,&nbsp;<\/em><\/p>\n\n<p class=\"has-text-align-center\"><em>Salve a Amaz\u00f4nia do ponto sem retorno!<\/em><\/p>\n\n<p class=\"has-text-align-center\"><em>Ser\u00e1 que ainda t\u00e1 em tempo ou o timing disso j\u00e1 perdemos?<\/em><\/p>\n\n<p class=\"has-text-align-center\"><em>Pois, evitemos pelo menos os eventos mais extremos.<\/em><\/p>\n\n<p class=\"has-text-align-center\"><em>Amaz\u00f4nia&#8230;<\/em><\/p>\n\n<p class=\"has-text-align-center\"><em>Quando afinal o homem dimensione a<\/em><em><\/em><\/p>\n\n<p class=\"has-text-align-center\"><em>Amaz\u00f4nia,<\/em><\/p>\n\n<p class=\"has-text-align-center\"><em>Que venha a ter valido a nossa ins\u00f4nia<\/em><\/p>\n\n<p class=\"has-text-align-center\"><em>\u2013 Amaz\u00f4nia \u2013,&nbsp;<\/em><\/p>\n\n<p class=\"has-text-align-center\"><em>Enquanto nos encante e emocione a&#8230;<\/em><\/p>\n\n<p class=\"has-text-align-center\"><em>Amaz\u00f4nia!<\/em><\/p>\n\n<p class=\"has-text-align-center\"><em>Salve a Amaz\u00f4nia!<\/em><\/p>\n\n<p class=\"has-text-align-center\"><em>Salve-se a selva ou n\u00e3o se salva o mundo!<\/em><\/p>\n","protected":false},"excerpt":{"rendered":"<p>Texto do compositor Carlos Renn\u00f3 lista, de maneira po\u00e9tica e emocionante, amea\u00e7as \u00e0 maior floresta tropical do mundo<\/p>\n","protected":false},"author":90,"featured_media":33641,"comment_status":"open","ping_status":"closed","sticky":false,"template":"","format":"standard","meta":{"ep_exclude_from_search":false,"p4_og_title":"","p4_og_description":"","p4_og_image":"","p4_og_image_id":"","p4_seo_canonical_url":"","p4_campaign_name":"not set","p4_local_project":"not set","p4_basket_name":"not set","p4_department":"","footnotes":""},"categories":[49],"tags":[43],"p4-page-type":[16],"class_list":["post-33708","post","type-post","status-publish","format-standard","has-post-thumbnail","hentry","category-amazonia","tag-povos-e-territorios","p4-page-type-blog"],"_links":{"self":[{"href":"https:\/\/www.greenpeace.org\/brasil\/wp-json\/wp\/v2\/posts\/33708","targetHints":{"allow":["GET"]}}],"collection":[{"href":"https:\/\/www.greenpeace.org\/brasil\/wp-json\/wp\/v2\/posts"}],"about":[{"href":"https:\/\/www.greenpeace.org\/brasil\/wp-json\/wp\/v2\/types\/post"}],"author":[{"embeddable":true,"href":"https:\/\/www.greenpeace.org\/brasil\/wp-json\/wp\/v2\/users\/90"}],"replies":[{"embeddable":true,"href":"https:\/\/www.greenpeace.org\/brasil\/wp-json\/wp\/v2\/comments?post=33708"}],"version-history":[{"count":6,"href":"https:\/\/www.greenpeace.org\/brasil\/wp-json\/wp\/v2\/posts\/33708\/revisions"}],"predecessor-version":[{"id":58621,"href":"https:\/\/www.greenpeace.org\/brasil\/wp-json\/wp\/v2\/posts\/33708\/revisions\/58621"}],"wp:featuredmedia":[{"embeddable":true,"href":"https:\/\/www.greenpeace.org\/brasil\/wp-json\/wp\/v2\/media\/33641"}],"wp:attachment":[{"href":"https:\/\/www.greenpeace.org\/brasil\/wp-json\/wp\/v2\/media?parent=33708"}],"wp:term":[{"taxonomy":"category","embeddable":true,"href":"https:\/\/www.greenpeace.org\/brasil\/wp-json\/wp\/v2\/categories?post=33708"},{"taxonomy":"post_tag","embeddable":true,"href":"https:\/\/www.greenpeace.org\/brasil\/wp-json\/wp\/v2\/tags?post=33708"},{"taxonomy":"p4-page-type","embeddable":true,"href":"https:\/\/www.greenpeace.org\/brasil\/wp-json\/wp\/v2\/p4-page-type?post=33708"}],"curies":[{"name":"wp","href":"https:\/\/api.w.org\/{rel}","templated":true}]}}