{"id":33748,"date":"2021-09-17T09:59:26","date_gmt":"2021-09-17T12:59:26","guid":{"rendered":"https:\/\/www.greenpeace.org\/brasil\/?p=33748"},"modified":"2021-09-27T10:25:50","modified_gmt":"2021-09-27T13:25:50","slug":"arthur-lira-e-os-parlamentares-ruralistas-querem-colocar-mais-veneno-no-seu-prato","status":"publish","type":"post","link":"https:\/\/www.greenpeace.org\/brasil\/blog\/arthur-lira-e-os-parlamentares-ruralistas-querem-colocar-mais-veneno-no-seu-prato\/","title":{"rendered":"Arthur Lira e os parlamentares ruralistas querem colocar mais veneno no seu prato"},"content":{"rendered":"\n<h4 class=\"wp-block-heading\">A boiada da vez do governo Bolsonaro \u00e9 o Projeto de Lei 6299\/2002 conhecido como \u201cpacote do veneno\u201d. O PL visa flexibilizar e facilitar a libera\u00e7\u00e3o de fabrica\u00e7\u00e3o e uso de agrot\u00f3xicos e pode ser votado no plen\u00e1rio da C\u00e2mara dos Deputados a qualquer momento.<\/h4>\n\n<div class=\"wp-block-image\"><figure class=\"aligncenter size-large\"><img loading=\"lazy\" decoding=\"async\" width=\"1024\" height=\"576\" src=\"https:\/\/www.greenpeace.org\/static\/planet4-brasil-stateless\/2021\/09\/4edc1907-9710-49f5-ad03-c841ea170a01-1024x576.jpg\" title=\"Chega de Agrot\u00f3xicos: foto em Bras\u00edlia do Projeta\u00e7o organizado pela rede Projetemos e organiza\u00e7\u00f5es contra o Pacote do Veneno\" alt=\"Chega de Agrot\u00f3xicos: foto em Bras\u00edlia do Projeta\u00e7o organizado pela rede Projetemos e organiza\u00e7\u00f5es contra o Pacote do Veneno \" class=\"wp-image-33749\" srcset=\"https:\/\/www.greenpeace.org\/static\/planet4-brasil-stateless\/2021\/09\/4edc1907-9710-49f5-ad03-c841ea170a01-1024x576.jpg 1024w, https:\/\/www.greenpeace.org\/static\/planet4-brasil-stateless\/2021\/09\/4edc1907-9710-49f5-ad03-c841ea170a01-300x169.jpg 300w, https:\/\/www.greenpeace.org\/static\/planet4-brasil-stateless\/2021\/09\/4edc1907-9710-49f5-ad03-c841ea170a01-768x432.jpg 768w, https:\/\/www.greenpeace.org\/static\/planet4-brasil-stateless\/2021\/09\/4edc1907-9710-49f5-ad03-c841ea170a01-510x287.jpg 510w, https:\/\/www.greenpeace.org\/static\/planet4-brasil-stateless\/2021\/09\/4edc1907-9710-49f5-ad03-c841ea170a01.jpg 1280w\" sizes=\"auto, (max-width: 1024px) 100vw, 1024px\" \/><figcaption>Chega de Agrot\u00f3xicos: foto em Bras\u00edlia do Projeta\u00e7o organizado pela rede Projetemos e outras organiza\u00e7\u00f5es contra o Pacote do Veneno <\/figcaption><\/figure><\/div>\n\n<p>De autoria do ex-senador Blairo Maggi e j\u00e1 aprovado pelo Senado Federal, o projeto passou pela Comiss\u00e3o Especial da C\u00e2mara em 2018, sob relatoria do Dep. Luiz Nishimori e a presid\u00eancia da ent\u00e3o Dep. Tereza Cristina (atual Ministra da Agricultura). O projeto avan\u00e7ou mesmo sob intensa press\u00e3o da sociedade, em que quase <a href=\"https:\/\/www.chegadeagrotoxicos.org.br\/\">1.8 milh\u00e3o de pessoas<\/a> e diversas organiza\u00e7\u00f5es se posicionaram contra. Na ocasi\u00e3o, mais<a href=\"https:\/\/contraosagrotoxicos.org\/todo-mundo-e-contra-o-pacote-do-veneno-menos-quem-lucra-com-agrotoxicos\/\"> de 20 \u00f3rg\u00e3os p\u00fablicos<\/a>, como a Funda\u00e7\u00e3o Oswaldo Cruz (Fiocruz), Instituto Nacional de C\u00e2ncer (INCA), Instituto Brasileiro do Meio Ambiente e dos Recursos Naturais Renov\u00e1veis (Ibama) e <a href=\"https:\/\/contraosagrotoxicos.org\/wp-content\/uploads\/2018\/05\/MANIFESTO_PACOTE_VENENO.pdf\">mais de 320 organiza\u00e7\u00f5es da sociedade civil<\/a>, entre elas a Associa\u00e7\u00e3o Brasileira de Sa\u00fade Coletiva (Abrasco), se manifestaram publicamente contra o pacote.<\/p>\n\n<p><strong>Agroneg\u00f3cio acima de tudo, agrot\u00f3xicos em cima de todos!<\/strong><\/p>\n\n<div class=\"wp-block-image\"><figure class=\"aligncenter size-large\"><img loading=\"lazy\" decoding=\"async\" width=\"1024\" height=\"576\" src=\"https:\/\/www.greenpeace.org\/static\/planet4-brasil-stateless\/2021\/09\/48337f04-20210916_012319-1024x576.jpg\" title=\"N\u00e3o d\u00e1 mais para engolir | Ilustra\u00e7\u00e3o projetada em Lviv, Ucr\u00e2nia contra o Pacote do Veneno\" alt=\"N\u00e3o d\u00e1 mais para engolir | Ilustra\u00e7\u00e3o projetada em Lviv, Ucr\u00e2nia contra o Pacote do Veneno \" class=\"wp-image-33751\" srcset=\"https:\/\/www.greenpeace.org\/static\/planet4-brasil-stateless\/2021\/09\/48337f04-20210916_012319-1024x576.jpg 1024w, https:\/\/www.greenpeace.org\/static\/planet4-brasil-stateless\/2021\/09\/48337f04-20210916_012319-300x169.jpg 300w, https:\/\/www.greenpeace.org\/static\/planet4-brasil-stateless\/2021\/09\/48337f04-20210916_012319-768x432.jpg 768w, https:\/\/www.greenpeace.org\/static\/planet4-brasil-stateless\/2021\/09\/48337f04-20210916_012319-1536x864.jpg 1536w, https:\/\/www.greenpeace.org\/static\/planet4-brasil-stateless\/2021\/09\/48337f04-20210916_012319-2048x1152.jpg 2048w, https:\/\/www.greenpeace.org\/static\/planet4-brasil-stateless\/2021\/09\/48337f04-20210916_012319-510x287.jpg 510w\" sizes=\"auto, (max-width: 1024px) 100vw, 1024px\" \/><figcaption>N\u00e3o d\u00e1 mais para engolir | Ilustra\u00e7\u00e3o projetada em Lviv, Ucr\u00e2nia, contra o Pacote do Veneno <\/figcaption><\/figure><\/div>\n\n<p>No executivo, desde o come\u00e7o do mandato de Bolsonaro, o governo vem ignorando a demanda da sociedade e liberando um n\u00famero recorde de agrot\u00f3xicos, boa parte deles sendo altamente ou extremamente t\u00f3xicos e que est\u00e3o tamb\u00e9m na lista de subst\u00e2ncias que j\u00e1 n\u00e3o s\u00e3o mais permitidas na Uni\u00e3o Europ\u00e9ia. J\u00e1 no legislativo, governistas e ruralistas encontram na C\u00e2mara, sob comando de Arthur Lira (PP &#8211; AL), a porteira aberta para passar mais essa boiada.<\/p>\n\n<p>\u201cArthur Lira e os parlamentares ruralistas declararam guerra \u00e0 sociedade e \u00e0 natureza! O pa\u00eds, no caos em que se encontra e os deputados pautando e aprovando projetos que nos prejudicam e colocam em risco nossas crian\u00e7as e nosso futuro \u00e9 no m\u00ednimo, absurdo.  A sociedade n\u00e3o est\u00e1 dividida, ela n\u00e3o quer mais agrot\u00f3xicos e clama pela redu\u00e7\u00e3o do uso dessas subst\u00e2ncias, n\u00e3o pelo aumento indiscriminado como prev\u00ea o pacote do veneno.\u201d&nbsp; afirma a porta-voz da campanha de Agricultura e Alimenta\u00e7\u00e3o do Greenpeace Brasil, Marina Lac\u00f4rte. \u201cInfelizmente Arthur Lira n\u00e3o est\u00e1 nem a\u00ed para a sa\u00fade da popula\u00e7\u00e3o. Cumprir as determina\u00e7\u00f5es do chefe do executivo e acatar os interesses do grande agroneg\u00f3cio s\u00e3o suas prioridades. O veneno \u00e9 a boiada da vez e ele \u00e9 o chefe da boiada\u201d, complementa.&nbsp;<\/p>\n\n<p>Para escancarar a mensagem que os governantes n\u00e3o querem ouvir:<em> \u201cagroneg\u00f3cio acima de tudo, agrot\u00f3xicos em cima de todos\u201d<\/em>, um grupo de ativistas, em parceria com a rede Projetemos projetou ontem, quarta-feira,(15), a mensagem por meio de imagens em pr\u00e9dios, muros e avenidas de Bras\u00edlia, S\u00e3o Paulo, Rio de Janeiro, Recife, Macei\u00f3, Belo Horizonte e Bel\u00e9m. A a\u00e7\u00e3o tamb\u00e9m foi realizada em Lisboa, Portugal e em Lviv, na Ucr\u00e2nia.<\/p>\n\n<figure class=\"wp-block-embed aligncenter is-type-rich is-provider-twitter wp-block-embed-twitter\"><div class=\"wp-block-embed__wrapper\">\n<blockquote class=\"twitter-tweet\" data-width=\"500\" data-dnt=\"true\"><p lang=\"pt\" dir=\"ltr\">Ontem, mais uma vez, o coletivo do <a href=\"https:\/\/twitter.com\/projetemos?ref_src=twsrc%5Etfw\">@projetemos<\/a> espalhou por muros, pr\u00e9dios e avenidas de Bras\u00edlia, S\u00e3o Paulo, Rio de Janeiro, Recife, Macei\u00f3, Belo Horizonte e Bel\u00e9m mensagens contra o projeto de lei conhecido como Pacote do Veneno. <a href=\"https:\/\/twitter.com\/hashtag\/ChegaDeAgrot%C3%B3xicos?src=hash&amp;ref_src=twsrc%5Etfw\">#ChegaDeAgrot\u00f3xicos<\/a> <a href=\"https:\/\/t.co\/1a5dcc5Q2W\">pic.twitter.com\/1a5dcc5Q2W<\/a><\/p>&mdash; Greenpeace Brasil (@GreenpeaceBR) <a href=\"https:\/\/twitter.com\/GreenpeaceBR\/status\/1438495518217355269?ref_src=twsrc%5Etfw\">September 16, 2021<\/a><\/blockquote><script async src=\"https:\/\/platform.twitter.com\/widgets.js\" charset=\"utf-8\"><\/script>\n<\/div><\/figure>\n\n<p>\u201cSe Arthur Lira e os parlamentares n\u00e3o nos ouvem, que nos vejam por meio da Arte e de mensagens espalhadas como as de ontem, nesse grande \u201cprojeta\u00e7o\u201d! Em muros, pr\u00e9dios e avenidas, a a\u00e7\u00e3o preencheu diversos espa\u00e7os em diferentes cidades para dizer que a sociedade n\u00e3o est\u00e1 dividida, que ela n\u00e3o quer mais agrot\u00f3xicos e que clama pela redu\u00e7\u00e3o do uso dessas subst\u00e2ncias. O que a popula\u00e7\u00e3o quer \u00e9 exatamente o contr\u00e1rio do que o pacote do veneno prev\u00ea\u201d, diz Lac\u00f4rte.&nbsp;<\/p>\n\n<p>Dentre os argumentos para justificar a mat\u00e9ria, ruralistas alegam que mais agrot\u00f3xicos s\u00e3o necess\u00e1rios para combater a fome que se alastra no pa\u00eds, j\u00e1 que sem eles \u00e9 imposs\u00edvel produzir em quantidade e velocidade. Entretanto, o argumento n\u00e3o se sustenta, tendo em vista que o Brasil tem batido recordes de produ\u00e7\u00e3o de gr\u00e3os para exporta\u00e7\u00e3o, sobretudo de gr\u00e3os destinados \u00e0 ra\u00e7\u00e3o animal que tem uma boa parte do Produto Interno Bruto &#8211; PIB ancorado na economia de base agro exportadora. Enquanto isso, aproximadamente mais de 125 milh\u00f5es de brasileiras e brasileiros passam por algum grau de inseguran\u00e7a alimentar em 2021 e quase 20 milh\u00f5es est\u00e3o passando fome.&nbsp;<\/p>\n\n<p>Quem de fato est\u00e1 colocando comida de verdade, saud\u00e1vel e diversa na mesa do brasileiro \u00e9 a agricultura familiar e a <a href=\"https:\/\/www.greenpeace.org\/brasil\/blog\/5-coisas-que-voce-precisa-saber-sobre-agroecologia\/\">agroecologia<\/a>. S\u00e3o esses agricultores e agricultoras, inclusive, que t\u00eam sido determinantes no combate \u00e0 fome nesta grave crise enfrentada pelo pa\u00eds, j\u00e1 que \u00e9 deste grupo que tem partido grandes e cont\u00ednuas a\u00e7\u00f5es de solidariedade e distribui\u00e7\u00e3o de alimentos \u00e0s comunidades mais vulner\u00e1veis, e n\u00e3o de empresas ou produtores que fazem parte do agroneg\u00f3cio. Estes \u00faltimos em sua maioria s\u00f3 vem favorecendo mais e mais a concentra\u00e7\u00e3o de renda, a desigualdade e a alimenta\u00e7\u00e3o que adoece as pessoas repleta de ultraprocessados e agrot\u00f3xicos.<\/p>\n\n<p>Diante do risco do projeto de lei ser votado a qualquer momento, assine a peti\u00e7\u00e3o <a href=\"https:\/\/www.chegadeagrotoxicos.org.br\/\">#ChegaDeAgrot\u00f3xicos<\/a>, declare ainda seu amor pela agroecologia saindo dos supermercados e comprando diretamente da agricultura familiar atrav\u00e9s de feiras ou mesmo entrega de cestas em domic\u00edlio.&nbsp;<\/p>\n\n<p>Quer procurar op\u00e7\u00f5es de alimentos sem veneno, justo e saud\u00e1vel para todos? <\/p>\n\n<div class=\"wp-block-buttons is-layout-flex wp-block-buttons-is-layout-flex\">\n<div class=\"wp-block-button is-style-cta\"><a class=\"wp-block-button__link\">Clique aqui e veja a lista com diversos produtores agroecol\u00f3gicos<\/a><\/div>\n<\/div>\n\n<p><\/p>\n","protected":false},"excerpt":{"rendered":"<p>A boiada da vez do governo Bolsonaro \u00e9 o Projeto de Lei 6299\/2002 conhecido como \u201cpacote do veneno\u201d. O PL visa flexibilizar e facilitar a libera\u00e7\u00e3o de fabrica\u00e7\u00e3o e uso de agrot\u00f3xicos e pode ser votado no plen\u00e1rio da C\u00e2mara dos Deputados a qualquer momento.<\/p>\n","protected":false},"author":100,"featured_media":33749,"comment_status":"open","ping_status":"closed","sticky":false,"template":"","format":"standard","meta":{"ep_exclude_from_search":false,"p4_og_title":"","p4_og_description":"","p4_og_image":"","p4_og_image_id":"","p4_seo_canonical_url":"","p4_campaign_name":"not set","p4_local_project":"not set","p4_basket_name":"not set","p4_department":"","footnotes":""},"categories":[5],"tags":[18,23],"p4-page-type":[16],"class_list":["post-33748","post","type-post","status-publish","format-standard","has-post-thumbnail","hentry","category-greenpeace","tag-agroecologia","tag-mobilizacao","p4-page-type-blog"],"_links":{"self":[{"href":"https:\/\/www.greenpeace.org\/brasil\/wp-json\/wp\/v2\/posts\/33748","targetHints":{"allow":["GET"]}}],"collection":[{"href":"https:\/\/www.greenpeace.org\/brasil\/wp-json\/wp\/v2\/posts"}],"about":[{"href":"https:\/\/www.greenpeace.org\/brasil\/wp-json\/wp\/v2\/types\/post"}],"author":[{"embeddable":true,"href":"https:\/\/www.greenpeace.org\/brasil\/wp-json\/wp\/v2\/users\/100"}],"replies":[{"embeddable":true,"href":"https:\/\/www.greenpeace.org\/brasil\/wp-json\/wp\/v2\/comments?post=33748"}],"version-history":[{"count":4,"href":"https:\/\/www.greenpeace.org\/brasil\/wp-json\/wp\/v2\/posts\/33748\/revisions"}],"predecessor-version":[{"id":34136,"href":"https:\/\/www.greenpeace.org\/brasil\/wp-json\/wp\/v2\/posts\/33748\/revisions\/34136"}],"wp:featuredmedia":[{"embeddable":true,"href":"https:\/\/www.greenpeace.org\/brasil\/wp-json\/wp\/v2\/media\/33749"}],"wp:attachment":[{"href":"https:\/\/www.greenpeace.org\/brasil\/wp-json\/wp\/v2\/media?parent=33748"}],"wp:term":[{"taxonomy":"category","embeddable":true,"href":"https:\/\/www.greenpeace.org\/brasil\/wp-json\/wp\/v2\/categories?post=33748"},{"taxonomy":"post_tag","embeddable":true,"href":"https:\/\/www.greenpeace.org\/brasil\/wp-json\/wp\/v2\/tags?post=33748"},{"taxonomy":"p4-page-type","embeddable":true,"href":"https:\/\/www.greenpeace.org\/brasil\/wp-json\/wp\/v2\/p4-page-type?post=33748"}],"curies":[{"name":"wp","href":"https:\/\/api.w.org\/{rel}","templated":true}]}}