{"id":33963,"date":"2021-09-23T17:43:11","date_gmt":"2021-09-23T20:43:11","guid":{"rendered":"https:\/\/www.greenpeace.org\/brasil\/?p=33963"},"modified":"2023-04-06T10:42:52","modified_gmt":"2023-04-06T13:42:52","slug":"se-perdeu-na-boiada-as-principais-propostas-que-ameacam-a-geracao-atual-e-as-futuras","status":"publish","type":"post","link":"https:\/\/www.greenpeace.org\/brasil\/blog\/se-perdeu-na-boiada-as-principais-propostas-que-ameacam-a-geracao-atual-e-as-futuras\/","title":{"rendered":"Se perdeu na boiada? As principais propostas que amea\u00e7am a gera\u00e7\u00e3o atual e as futuras"},"content":{"rendered":"\n<h4 class=\"wp-block-heading\"><strong>S\u00e3o tantas vidas e direitos em risco que t\u00e1 dif\u00edcil de acompanhar! Por isso, reunimos alguns dos Projetos de Lei que mais preocupam a nossa sa\u00fade e o meio ambiente<\/strong><\/h4>\n<div data-hydrate=\"planet4-blocks\/gallery\" data-attributes=\"{&quot;attributes&quot;:{&quot;multiple_image&quot;:&quot;34047&quot;,&quot;image_data&quot;:[{&quot;url&quot;:&quot;https:\\\/\\\/www.greenpeace.org\\\/static\\\/planet4-brasil-stateless\\\/2021\\\/09\\\/b0007dd2-gp1svvg4_medium_res.jpg&quot;,&quot;focalPoint&quot;:{&quot;x&quot;:0.5,&quot;y&quot;:0.5},&quot;id&quot;:34047}],&quot;gallery_block_style&quot;:0,&quot;gallery_block_title&quot;:&quot;&quot;,&quot;gallery_block_description&quot;:&quot;&quot;,&quot;gallery_block_focus_points&quot;:&quot;&quot;,&quot;images&quot;:[{&quot;image_src&quot;:&quot;https:\\\/\\\/www.greenpeace.org\\\/static\\\/planet4-brasil-stateless\\\/2021\\\/09\\\/b0007dd2-gp1svvg4_medium_res.jpg&quot;,&quot;image_srcset&quot;:&quot;https:\\\/\\\/www.greenpeace.org\\\/static\\\/planet4-brasil-stateless\\\/2021\\\/09\\\/b0007dd2-gp1svvg4_medium_res.jpg 1200w, https:\\\/\\\/www.greenpeace.org\\\/static\\\/planet4-brasil-stateless\\\/2021\\\/09\\\/b0007dd2-gp1svvg4_medium_res-300x200.jpg 300w, https:\\\/\\\/www.greenpeace.org\\\/static\\\/planet4-brasil-stateless\\\/2021\\\/09\\\/b0007dd2-gp1svvg4_medium_res-1024x683.jpg 1024w, https:\\\/\\\/www.greenpeace.org\\\/static\\\/planet4-brasil-stateless\\\/2021\\\/09\\\/b0007dd2-gp1svvg4_medium_res-768x512.jpg 768w, https:\\\/\\\/www.greenpeace.org\\\/static\\\/planet4-brasil-stateless\\\/2021\\\/09\\\/b0007dd2-gp1svvg4_medium_res-510x340.jpg 510w&quot;,&quot;image_sizes&quot;:false,&quot;alt_text&quot;:&quot;&quot;,&quot;caption&quot;:&quot;Em agosto, ind\\u00edgenas carregaram um caix\\u00e3o em Bras\\u00edlia com as palavras genoc\\u00eddio, grilagem, Marco Temporal e PLs (Projetos de Lei) da morte.&quot;,&quot;focus_image&quot;:&quot;&quot;,&quot;credits&quot;:&quot;\\u00a9 Tuane Fernandes \\\/ Greenpeace&quot;}]}}\"><section class=\"block carousel-wrap \"><div class=\"carousel slide\"><div class=\"carousel-inner\" role=\"listbox\"><\/div><\/div><\/section><\/div>\n<p>Eu n\u00e3o gostava de pol\u00edtica, at\u00e9 entender que, gostando ou n\u00e3o gostando, ela est\u00e1 em tudo! No mercado, na internet, na rua e, inclusive, na minha vida. Sou de Cubat\u00e3o, um munic\u00edpio no Estado de S\u00e3o Paulo que j\u00e1 foi considerado o mais polu\u00eddo do mundo <a rel=\"noreferrer noopener\" href=\"https:\/\/www.bbc.com\/portuguese\/media-39236610\" target=\"_blank\">nos anos 80<\/a>. Mas gra\u00e7as a muitas pol\u00edticas p\u00fablicas e privadas, ganhamos o t\u00edtulo de cidade-s\u00edmbolo de recupera\u00e7\u00e3o ambiental da <a rel=\"noreferrer noopener\" href=\"https:\/\/www.agem.sp.gov.br\/?page_id=508#:~:text=Na%20d%C3%A9cada%20de%201980%2C%20foi,%2Ds%C3%ADmbolo%20da%20Recupera%C3%A7%C3%A3o%20Ambiental%E2%80%9D.\" target=\"_blank\">ONU em 1992<\/a>. <strong>E essa volta por cima s\u00f3 foi poss\u00edvel porque os cidad\u00e3os cubatenses e a comunidade cient\u00edfica foram ouvidos e respeitados<\/strong>.&nbsp;<\/p>\n\n<p>Hoje, com a pandemia, a pol\u00edtica se mostra mais necess\u00e1ria do que nunca! Porque assim como em Cubat\u00e3o, v\u00e1rios lugares no Brasil ainda enfrentam problemas na sa\u00fade e na economia que foram agravados pela Covid-19, como o desemprego e a fome. Mas, em vez de priorizar medidas que ajudem fam\u00edlias de todo o pa\u00eds, alguns governantes em Bras\u00edlia seguem aproveitando o v\u00edrus para passar a boiada, <strong>votando propostas que favorecem apenas o agroneg\u00f3cio e que j\u00e1 est\u00e3o prejudicando a nossa gera\u00e7\u00e3o e as pr\u00f3ximas<\/strong>.&nbsp;<\/p>\n<div data-hydrate=\"planet4-blocks\/gallery\" data-attributes=\"{&quot;attributes&quot;:{&quot;multiple_image&quot;:&quot;34050,34049&quot;,&quot;image_data&quot;:[{&quot;url&quot;:&quot;https:\\\/\\\/www.greenpeace.org\\\/static\\\/planet4-brasil-stateless\\\/2021\\\/09\\\/53e2cb1b-gp0sj8.jpg&quot;,&quot;focalPoint&quot;:{&quot;x&quot;:0.5,&quot;y&quot;:0.5},&quot;id&quot;:34050},{&quot;url&quot;:&quot;https:\\\/\\\/www.greenpeace.org\\\/static\\\/planet4-brasil-stateless\\\/2021\\\/09\\\/c579dd72-gp0m4n.jpg&quot;,&quot;focalPoint&quot;:{&quot;x&quot;:0.5,&quot;y&quot;:0.5},&quot;id&quot;:34049}],&quot;gallery_block_style&quot;:0,&quot;gallery_block_title&quot;:&quot;&quot;,&quot;gallery_block_description&quot;:&quot;&quot;,&quot;gallery_block_focus_points&quot;:&quot;&quot;,&quot;images&quot;:[{&quot;image_src&quot;:&quot;https:\\\/\\\/www.greenpeace.org\\\/static\\\/planet4-brasil-stateless\\\/2021\\\/09\\\/53e2cb1b-gp0sj8.jpg&quot;,&quot;image_srcset&quot;:&quot;https:\\\/\\\/www.greenpeace.org\\\/static\\\/planet4-brasil-stateless\\\/2021\\\/09\\\/53e2cb1b-gp0sj8.jpg 1200w, https:\\\/\\\/www.greenpeace.org\\\/static\\\/planet4-brasil-stateless\\\/2021\\\/09\\\/53e2cb1b-gp0sj8-300x197.jpg 300w, https:\\\/\\\/www.greenpeace.org\\\/static\\\/planet4-brasil-stateless\\\/2021\\\/09\\\/53e2cb1b-gp0sj8-1024x671.jpg 1024w, https:\\\/\\\/www.greenpeace.org\\\/static\\\/planet4-brasil-stateless\\\/2021\\\/09\\\/53e2cb1b-gp0sj8-768x503.jpg 768w, https:\\\/\\\/www.greenpeace.org\\\/static\\\/planet4-brasil-stateless\\\/2021\\\/09\\\/53e2cb1b-gp0sj8-510x334.jpg 510w&quot;,&quot;image_sizes&quot;:false,&quot;alt_text&quot;:&quot;Toxics Cubatao Documentation in Brazil. \\u00a9 Greenpeace \\\/ Steve Morgan&quot;,&quot;caption&quot;:&quot;Cubat\\u00e3o j\\u00e1 foi considerada a cidade mais polu\\u00edda do mundo e \\u00e9 hoje s\\u00edmbolo de recupera\\u00e7\\u00e3o ambiental gra\\u00e7as \\u00e0s pol\\u00edticas constru\\u00eddas em parceria da sociedade e da ci\\u00eancia. &quot;,&quot;focus_image&quot;:&quot;&quot;,&quot;credits&quot;:&quot;\\u00a9 Steve Morgan - Greenpeace&quot;},{&quot;image_src&quot;:&quot;https:\\\/\\\/www.greenpeace.org\\\/static\\\/planet4-brasil-stateless\\\/2021\\\/09\\\/c579dd72-gp0m4n.jpg&quot;,&quot;image_srcset&quot;:&quot;https:\\\/\\\/www.greenpeace.org\\\/static\\\/planet4-brasil-stateless\\\/2021\\\/09\\\/c579dd72-gp0m4n.jpg 1200w, https:\\\/\\\/www.greenpeace.org\\\/static\\\/planet4-brasil-stateless\\\/2021\\\/09\\\/c579dd72-gp0m4n-300x197.jpg 300w, https:\\\/\\\/www.greenpeace.org\\\/static\\\/planet4-brasil-stateless\\\/2021\\\/09\\\/c579dd72-gp0m4n-1024x671.jpg 1024w, https:\\\/\\\/www.greenpeace.org\\\/static\\\/planet4-brasil-stateless\\\/2021\\\/09\\\/c579dd72-gp0m4n-768x503.jpg 768w, https:\\\/\\\/www.greenpeace.org\\\/static\\\/planet4-brasil-stateless\\\/2021\\\/09\\\/c579dd72-gp0m4n-510x334.jpg 510w&quot;,&quot;image_sizes&quot;:false,&quot;alt_text&quot;:&quot;Toxics Cubatao Documentation in Brazil. \\u00a9 Greenpeace \\\/ Steve Morgan&quot;,&quot;caption&quot;:&quot;Cubat\\u00e3o j\\u00e1 foi considerada a cidade mais polu\\u00edda do mundo e \\u00e9 hoje s\\u00edmbolo de recupera\\u00e7\\u00e3o ambiental gra\\u00e7as \\u00e0s pol\\u00edticas constru\\u00eddas em parceria da sociedade e da ci\\u00eancia. &quot;,&quot;focus_image&quot;:&quot;&quot;,&quot;credits&quot;:&quot;\\u00a9 Steve Morgan - Greenpeace&quot;}]}}\"><section class=\"block carousel-wrap \"><div class=\"carousel slide\"><div class=\"carousel-inner\" role=\"listbox\"><\/div><\/div><\/section><\/div>\n<p>Com <a href=\"https:\/\/fpagropecuaria.org.br\/todos-os-membros\/\" target=\"_blank\" rel=\"noreferrer noopener\"><a href=\"https:\/\/fpagropecuaria.org.br\/todos-os-membros\/\">280 membros<\/a> <\/a>, a bancada ruralista \u00e9 maioria no Congresso Nacional e consegue aprovar ou barrar qualquer medida de seu interesse, ainda mais com o apoio de<strong> Arthur Lira<\/strong>, atual presidente da C\u00e2mara dos Deputados e vencedor da <a rel=\"noreferrer noopener\" href=\"https:\/\/www.greenpeace.org\/brasil\/blog\/arthur-lira-ganha-a-motosserra-de-ouro-2021\/\" target=\"_blank\">Motosserra de Ouro em 2021<\/a>. Enquanto o Brasil <a rel=\"noreferrer noopener\" href=\"https:\/\/economia.uol.com.br\/noticias\/reuters\/2021\/07\/16\/plantio-e-producao-de-soja-do-brasil-devem-avancar-para-recordes-em-202122-diz-safras.htm\" data-type=\"URL\" data-id=\"https:\/\/economia.uol.com.br\/noticias\/reuters\/2021\/07\/16\/plantio-e-producao-de-soja-do-brasil-devem-avancar-para-recordes-em-202122-diz-safras.htm\" target=\"_blank\">bate recorde<\/a> na colheita e na exporta\u00e7\u00e3o da soja, o <a href=\"https:\/\/noticias.r7.com\/economia\/economize\/fotos\/com-103-de-aumento-oleo-de-soja-vira-campeao-da-inflacao-16012021\">\u00f3leo de cozinha<\/a> e outros alimentos est\u00e3o cada vez mais caros, isso sem contar o aumento dos ataques aos <a rel=\"noreferrer noopener\" href=\"https:\/\/noticias.uol.com.br\/meio-ambiente\/ultimas-noticias\/redacao\/2021\/09\/12\/relatorio-aponta-brasil-como-4-pais-em-assassinatos-de-lideres-ambientais.htm\" target=\"_blank\">defensores ambientais<\/a> e do <a rel=\"noreferrer noopener\" href=\"https:\/\/imazon.org.br\/imprensa\/desmatamento-na-amazonia-cresce-30-em-um-2020-e-bate-recorde-dos-ultimos-dez-anos\/\" target=\"_blank\">desmatamento na Amaz\u00f4nia<\/a>, que coincidem com o enfraquecimento das pol\u00edticas que ajudavam a conter e a fiscalizar esses crimes.\u00a0<\/p>\n\n<p>\u00c9 tanto desmonte e tantas vidas em risco que estamos sob alerta mundial. Al\u00e9m do pronunciamento recente da <a rel=\"noreferrer noopener\" href=\"https:\/\/noticias.uol.com.br\/colunas\/jamil-chade\/2021\/09\/13\/onu-critica-governo-bolsonaro.htm\" target=\"_blank\">ONU<\/a>, a Comiss\u00e3o Interamericana de Direitos Humanos (CIDH) tamb\u00e9m se mostrou preocupada com os <a rel=\"noreferrer noopener\" href=\"https:\/\/www.oas.org\/pt\/CIDH\/jsForm\/?File=\/pt\/cidh\/prensa\/notas\/2021\/236.asp\" target=\"_blank\">Projetos de Lei (PLs)<\/a> em curso no Brasil, e advogados ind\u00edgenas fizeram uma denuncia contra <a href=\"https:\/\/brasil.elpais.com\/brasil\/2021-08-09\/bolsonaro-e-denunciado-por-genocidio-em-haia-em-processo-guiado-por-advogado-indigena.html\" data-type=\"URL\" data-id=\"https:\/\/brasil.elpais.com\/brasil\/2021-08-09\/bolsonaro-e-denunciado-por-genocidio-em-haia-em-processo-guiado-por-advogado-indigena.html\" target=\"_blank\" rel=\"noreferrer noopener\">Bolsonaro por genoc\u00eddio<\/a> no Tribunal Penal Internacional. Em quest\u00e3o de dias, um direito que demorou anos para ser conquistado pode ser revogado ou, do nada, um novo projeto pode surgir amea\u00e7ando o nosso futuro e o das florestas.&nbsp;<\/p>\n\n<p><strong>Mas se voc\u00ea se perdeu no meio das boiadas, n\u00e3o se preocupe! Fizemos um resumo com as principais propostas no Congresso Nacional que amea\u00e7am direitos socioambientais.&nbsp;<\/strong><\/p>\n\n<div class=\"wp-block-group is-layout-flow wp-block-group-is-layout-flow\">\n<div class=\"wp-block-group is-layout-flow wp-block-group-is-layout-flow\">\n<p class=\"has-yellow-background-color has-background\"><strong>Boiada do Veneno<\/strong>:<br><br>Todo ano, mais de <a href=\"https:\/\/apublica.org\/2019\/06\/afinal-o-brasil-e-o-maior-consumidor-de-agrotoxico-do-mundo\/\">um bilh\u00e3o de litros <\/a>de agrot\u00f3xicos s\u00e3o despejados em territ\u00f3rio brasileiro, mas o governo tem se esfor\u00e7ado para aumentar ainda mais essa quantidade. Desde a sua posse, Bolsonaro autorizou <a href=\"https:\/\/www.greenpeace.org\/brasil\/blog\/pacote-do-veneno-pode-ser-votado-a-qualquer-momento\/\">mais de mil novas subst\u00e2ncias<\/a> (m\u00e9dia de um veneno novo por cada dia de mandato!) e, a qualquer momento, Arthur Lira pode colocar em vota\u00e7\u00e3o no plen\u00e1rio da C\u00e2mara dos Deputados o Projeto de Lei <a href=\"http:\/\/www.greenpeace.org\/brasil\/blog\/arthur-lira-e-os-parlamentares-ruralistas-querem-colocar-mais-veneno-no-seu-prato\/\">6.299\/02<\/a>, conhecido como <strong>Pacote do Veneno<\/strong>, que enfraquece a legisla\u00e7\u00e3o atual \u2014 que j\u00e1 \u00e9 fr\u00e1gil \u2014 para <strong>aumentar a circula\u00e7\u00e3o de agrot\u00f3xicos no pa\u00eds<\/strong>, liberando inclusive subst\u00e2ncias cancer\u00edgenas e que s\u00e3o proibidas em outros pa\u00edses. <br><br>Al\u00e9m do risco de <a href=\"https:\/\/editora.redeunida.org.br\/project\/dossie-contra-o-pacote-do-veneno-e-em-defesa-da-vida\/\">contamina\u00e7\u00e3o humana e ambiental<\/a>, o PL vai contra o posicionamento de mais de <a href=\"https:\/\/contraosagrotoxicos.org\/todo-mundo-e-contra-o-pacote-do-veneno-menos-quem-lucra-com-agrotoxicos\/\">20 \u00f3rg\u00e3os p\u00fablicos<\/a> e ignora a voz de quase <a href=\"https:\/\/www.chegadeagrotoxicos.org.br\/\">2 milh\u00f5es de brasileiros<\/a> que j\u00e1 declararam: Chega de Agrot\u00f3xicos!&nbsp;<\/p>\n\n\n\n<p class=\"has-yellow-background-color has-background\"><strong>Boiada da Grilagem<\/strong>:<br><br>Grilagem nada mais \u00e9 do que o <strong>roubo de terras p\u00fablicas<\/strong>. Mesmo sendo crime, deputados e senadores prop\u00f5em os Projetos de Lei <a href=\"https:\/\/www.greenpeace.org\/brasil\/blog\/mp-da-grilagem-vira-pl-da-grilagem-e-ameaca-as-florestas-continua\/\">2.633\/20<\/a> e <a href=\"https:\/\/www.greenpeace.org\/brasil\/blog\/o-brasil-ta-lascado\/\">510\/21<\/a> para <strong>legalizar invas\u00f5es de terras,<\/strong> <strong>incluindo \u00e1reas de prote\u00e7\u00e3o ambiental e territ\u00f3rios tradicionais, <\/strong>o que estimula mais desmatamento e conflitos no campo. Pelos corredores do Congresso, os pol\u00edticos n\u00e3o escondem a pressa em aprovar essas medidas nas pr\u00f3ximas semanas. O PL 2.633 j\u00e1 foi aprovado pelos deputados e agora est\u00e1 sendo analisado nas comiss\u00f5es t\u00e9cnicas do Senado junto com o 510, passando por audi\u00eancias p\u00fablicas meramente ilustrativas e sem amplo debate com a sociedade, que tem se posicionado fortemente contra.&nbsp;<br><br>Como se n\u00e3o fosse o bastante, h\u00e1 tamb\u00e9m o PL <a href=\"http:\/\/www.greenpeace.org\/brasil\/blog\/vexame-no-senado-o-trator-ruralista-esta-passando\/\">4.348\/19<\/a>, que libera a grilagem em assentamentos rurais e privatiza \u00e1reas destinadas \u00e0 reforma agr\u00e1ria. Este projeto passou de forma vergonhosa pelo Senado em abril e est\u00e1 aguardando defini\u00e7\u00e3o na C\u00e2mara.<\/p>\n\n\n\n<p class=\"has-yellow-background-color has-background\"><strong>Boiada Anti-Ind\u00edgena<\/strong>: <br><br>Em agosto, Bras\u00edlia foi palco da maior mobiliza\u00e7\u00e3o ind\u00edgena em 35 anos: o <a href=\"https:\/\/www.greenpeace.org\/brasil\/blog\/brasil-terra-indigena\/\">#LutaPelaVida<\/a>, onde mais de 6 mil pessoas e 176 povos se reuniram com urg\u00eancia em defesa das vidas e das Terras Ind\u00edgenas. Entre os projetos de maior amea\u00e7a est\u00e3o os PLs <a href=\"https:\/\/www.greenpeace.org\/brasil\/blog\/bolsonaristas-e-ruralistas-aprovam-projeto-que-abre-caminho-a-novo-genocidio-indigena\/\">490\/07<\/a> e <a href=\"https:\/\/www.camara.leg.br\/proposicoesWeb\/fichadetramitacao?idProposicao=2236765\">191\/20<\/a>, que <strong>violam a Constitui\u00e7\u00e3o Federal e autorizam empreendimentos de alto impacto em territ\u00f3rios ind\u00edgenas<\/strong> (como minera\u00e7\u00e3o, hidrel\u00e9tricas e outras atividades econ\u00f4micas).&nbsp;<br><br>A qualquer instante, o PL 490 pode ser colocado em vota\u00e7\u00e3o na C\u00e2mara dos Deputados, sendo que seu ponto mais pol\u00eamico, o <strong>Marco Temporal<\/strong>, tamb\u00e9m est\u00e1 em <a href=\"https:\/\/www.greenpeace.org\/brasil\/blog\/marco-temporal-alexandre-de-moraes-pede-vista-e-julgamento-e-suspenso\/\">an\u00e1lise no Supremo Tribunal Federal<\/a> sob forte press\u00e3o do agroneg\u00f3cio. A tese ruralista restringe a demarca\u00e7\u00e3o de Terras Ind\u00edgenas ao alegar que as comunidades s\u00f3 t\u00eam direito \u00e0s terras que estivessem sob sua posse em 5 de outubro de 1988, data da promulga\u00e7\u00e3o da Constitui\u00e7\u00e3o, ignorando o hist\u00f3rico de invas\u00e3o e roubo de territ\u00f3rios origin\u00e1rios.&nbsp;<\/p>\n\n\n\n<p class=\"has-yellow-background-color has-background\"><strong>Boiada pelo Fim do Licenciamento<\/strong>: <br><br>Conhecido como <strong>\u201ca m\u00e3e de todas as boiadas\u201d<\/strong>, o PL <a href=\"https:\/\/www.greenpeace.org\/brasil\/blog\/camara-aprova-lei-que-acaba-com-o-licenciamento-ambiental-no-brasil\/\" data-type=\"URL\" data-id=\"https:\/\/www.greenpeace.org\/brasil\/blog\/camara-aprova-lei-que-acaba-com-o-licenciamento-ambiental-no-brasil\/\">3.729\/2004<\/a>, aprovado na C\u00e2mara dos Deputados em maio e que agora tramita no Senado Federal como PL <a href=\"https:\/\/www25.senado.leg.br\/web\/atividade\/materias\/-\/materia\/148785\">2.159\/2021<\/a>,&nbsp; praticamente acaba com o licenciamento ambiental. Isso porque <strong>a nova lei fragiliza e extermina medidas importantes para a sa\u00fade da popula\u00e7\u00e3o e para a prote\u00e7\u00e3o das riquezas naturais do pa\u00eds<\/strong>.<br><br>Os deputados aprovaram a <strong>pior vers\u00e3o j\u00e1 apresentada<\/strong> sobre o tema, pois <strong>transforma o licenciamento em exce\u00e7\u00e3o<\/strong>, o que \u00e9 uma verdadeira amea\u00e7a para o bem-estar coletivo. A proposta tramita no Senado Federal de forma acelerada, com audi\u00eancias p\u00fablicas remotas que n\u00e3o garantem o devido debate com a sociedade sobre um tema t\u00e3o relevante. A relatora do projeto, K\u00e1tia Abreu, \u00e9 expl\u00edcita com rela\u00e7\u00e3o \u00e0 sua inten\u00e7\u00e3o em votar o texto nos pr\u00f3ximos meses.&nbsp;<\/p>\n<\/div>\n<\/div>\n","protected":false},"excerpt":{"rendered":"<p>S\u00e3o tantas vidas e direitos em risco que t\u00e1 dif\u00edcil de acompanhar! Por isso, reunimos alguns dos Projetos de Lei que mais preocupam a nossa sa\u00fade e o meio ambiente<\/p>\n","protected":false},"author":107,"featured_media":34047,"comment_status":"open","ping_status":"closed","sticky":false,"template":"","format":"standard","meta":{"ep_exclude_from_search":false,"p4_og_title":"","p4_og_description":"","p4_og_image":"","p4_og_image_id":"","p4_seo_canonical_url":"","p4_campaign_name":"not set","p4_local_project":"not set","p4_basket_name":"not set","p4_department":"","footnotes":""},"categories":[2],"tags":[8,22],"p4-page-type":[16],"class_list":["post-33963","post","type-post","status-publish","format-standard","has-post-thumbnail","hentry","category-transforme-a-sociedade","tag-resista","tag-florestas","p4-page-type-blog"],"_links":{"self":[{"href":"https:\/\/www.greenpeace.org\/brasil\/wp-json\/wp\/v2\/posts\/33963","targetHints":{"allow":["GET"]}}],"collection":[{"href":"https:\/\/www.greenpeace.org\/brasil\/wp-json\/wp\/v2\/posts"}],"about":[{"href":"https:\/\/www.greenpeace.org\/brasil\/wp-json\/wp\/v2\/types\/post"}],"author":[{"embeddable":true,"href":"https:\/\/www.greenpeace.org\/brasil\/wp-json\/wp\/v2\/users\/107"}],"replies":[{"embeddable":true,"href":"https:\/\/www.greenpeace.org\/brasil\/wp-json\/wp\/v2\/comments?post=33963"}],"version-history":[{"count":20,"href":"https:\/\/www.greenpeace.org\/brasil\/wp-json\/wp\/v2\/posts\/33963\/revisions"}],"predecessor-version":[{"id":45688,"href":"https:\/\/www.greenpeace.org\/brasil\/wp-json\/wp\/v2\/posts\/33963\/revisions\/45688"}],"wp:featuredmedia":[{"embeddable":true,"href":"https:\/\/www.greenpeace.org\/brasil\/wp-json\/wp\/v2\/media\/34047"}],"wp:attachment":[{"href":"https:\/\/www.greenpeace.org\/brasil\/wp-json\/wp\/v2\/media?parent=33963"}],"wp:term":[{"taxonomy":"category","embeddable":true,"href":"https:\/\/www.greenpeace.org\/brasil\/wp-json\/wp\/v2\/categories?post=33963"},{"taxonomy":"post_tag","embeddable":true,"href":"https:\/\/www.greenpeace.org\/brasil\/wp-json\/wp\/v2\/tags?post=33963"},{"taxonomy":"p4-page-type","embeddable":true,"href":"https:\/\/www.greenpeace.org\/brasil\/wp-json\/wp\/v2\/p4-page-type?post=33963"}],"curies":[{"name":"wp","href":"https:\/\/api.w.org\/{rel}","templated":true}]}}