{"id":34327,"date":"2021-10-05T13:11:47","date_gmt":"2021-10-05T16:11:47","guid":{"rendered":"https:\/\/www.greenpeace.org\/brasil\/?p=34327"},"modified":"2024-04-01T12:56:02","modified_gmt":"2024-04-01T15:56:02","slug":"tudo-o-que-voce-precisa-saber-sobre-a-cop26-a-cupula-climatica-da-onu","status":"publish","type":"post","link":"https:\/\/www.greenpeace.org\/brasil\/blog\/tudo-o-que-voce-precisa-saber-sobre-a-cop26-a-cupula-climatica-da-onu\/","title":{"rendered":"Tudo o que voc\u00ea precisa saber sobre a COP26, a c\u00fapula clim\u00e1tica da ONU"},"content":{"rendered":"\n<h4 class=\"wp-block-heading\"><em>Saiba o que ser\u00e1 discutido na confer\u00eancia e o que esperar da participa\u00e7\u00e3o do Brasil&nbsp;<\/em><\/h4>\n\n<figure class=\"wp-block-image aligncenter size-large\"><img loading=\"lazy\" decoding=\"async\" width=\"1024\" height=\"683\" src=\"https:\/\/www.greenpeace.org\/static\/planet4-brasil-stateless\/2021\/10\/6d530972-gp0stubms_medium_res-1024x683.jpg\" alt=\"\" class=\"wp-image-34328\" srcset=\"https:\/\/www.greenpeace.org\/static\/planet4-brasil-stateless\/2021\/10\/6d530972-gp0stubms_medium_res-1024x683.jpg 1024w, https:\/\/www.greenpeace.org\/static\/planet4-brasil-stateless\/2021\/10\/6d530972-gp0stubms_medium_res-300x200.jpg 300w, https:\/\/www.greenpeace.org\/static\/planet4-brasil-stateless\/2021\/10\/6d530972-gp0stubms_medium_res-768x512.jpg 768w, https:\/\/www.greenpeace.org\/static\/planet4-brasil-stateless\/2021\/10\/6d530972-gp0stubms_medium_res-510x340.jpg 510w, https:\/\/www.greenpeace.org\/static\/planet4-brasil-stateless\/2021\/10\/6d530972-gp0stubms_medium_res.jpg 1200w\" sizes=\"auto, (max-width: 1024px) 100vw, 1024px\" \/><figcaption class=\"wp-element-caption\">Protesto em Madrid, na Espanha, onde aconteceu a COP25 em 2019. (Foto: Pablo Bazquez\/Greenpeace)<div class=\"credit icon-left\"> \u00a9 Pablo Bazquez\/Greenpeace<\/div><\/figcaption><\/figure>\n\n<p>Em novembro, o Reino Unido receber\u00e1 os l\u00edderes mundiais em Glasgow para a<strong><a href=\"https:\/\/ukcop26.org\/\" data-type=\"URL\" data-id=\"https:\/\/ukcop26.org\/\" target=\"_blank\" rel=\"noreferrer noopener\"> 26\u00aa C\u00fapula Clim\u00e1tica da ONU <\/a><\/strong>&#8211; tamb\u00e9m conhecida como COP26. A confer\u00eancia acontece poucos meses ap\u00f3s o lan\u00e7amento do \u00faltimo relat\u00f3rio do IPCC, o <a href=\"https:\/\/twitter.com\/IPCC_CH\" target=\"_blank\" rel=\"noreferrer noopener\">Painel Intergovernamental de Mudan\u00e7as Clim\u00e1ticas<\/a>, que afirmou ser inequ\u00edvoca a influ\u00eancia humana no superaquecimento do planeta.<\/p>\n\n<p>Entre 2011 e 2020, a m\u00e9dia da temperatura global atingiu 1.09\u00b0C acima dos n\u00edveis pr\u00e9-industriais. Estamos vivendo a<strong> \u00faltima janela de oportunidades<\/strong> para a tomada de a\u00e7\u00e3o em dire\u00e7\u00e3o a uma mudan\u00e7a urgente e necess\u00e1ria para conter as mudan\u00e7as clim\u00e1ticas e a COP cumpre um importante papel neste cen\u00e1rio.<\/p>\n\n<p>N\u00f3s respondemos algumas perguntas para tirar todas as suas d\u00favidas sobre o <strong>maior encontro global<\/strong> dedicado ao enfrentamento da crise clim\u00e1tica. Confira.<\/p>\n\n<h5 class=\"wp-block-heading\"><strong>O que \u00e9 a COP26 e qual sua import\u00e2ncia?<\/strong><\/h5>\n\n<p>A COP (Confer\u00eancia das Na\u00e7\u00f5es Unidas sobre Mudan\u00e7as Clim\u00e1ticas) acontece anualmente e \u00e9 onde centenas de l\u00edderes mundiais se re\u00fanem para negociar e acordar planos para combater as altera\u00e7\u00f5es do clima.<\/p>\n\n<p>Em 2021, a 26\u00aa edi\u00e7\u00e3o da <a href=\"https:\/\/ukcop26.org\/\" target=\"_blank\" rel=\"noreferrer noopener\">confer\u00eancia clim\u00e1tica acontecer\u00e1 em Glasgow,<\/a> na Esc\u00f3cia, de 31 de outubro a 12 de novembro. Esta \u00e9 a reuni\u00e3o mais importante desde a COP21, em 2015, quando quase 200 l\u00edderes mundiais assinaram o <strong>Acordo de Paris<\/strong> e formalizaram seu comprometimento em frear as mudan\u00e7as clim\u00e1ticas.<\/p>\n\n<p>Para isso, em Paris, cada na\u00e7\u00e3o signat\u00e1ria prometeu desenvolver planos para diminuir consideravelmente as emiss\u00f5es de carbono e apresentar suas estrat\u00e9gicas cinco anos mais tarde, na COP26. O encontro estava previsto para ocorrer ano passado, mas teve sua data original transferida em raz\u00e3o da pandemia do coronav\u00edrus. A \u00faltima COP aconteceu em Madrid, em 2019.<\/p>\n\n<figure class=\"wp-block-image aligncenter size-large\"><img loading=\"lazy\" decoding=\"async\" width=\"433\" height=\"743\" src=\"https:\/\/www.greenpeace.org\/static\/planet4-brasil-stateless\/2021\/10\/7246642a-acordodeparis.png\" alt=\"\" class=\"wp-image-34330\" srcset=\"https:\/\/www.greenpeace.org\/static\/planet4-brasil-stateless\/2021\/10\/7246642a-acordodeparis.png 433w, https:\/\/www.greenpeace.org\/static\/planet4-brasil-stateless\/2021\/10\/7246642a-acordodeparis-175x300.png 175w, https:\/\/www.greenpeace.org\/static\/planet4-brasil-stateless\/2021\/10\/7246642a-acordodeparis-198x340.png 198w\" sizes=\"auto, (max-width: 433px) 100vw, 433px\" \/><\/figure>\n\n<p>A confer\u00eancia que se aproxima \u00e9 de suma import\u00e2ncia porque estamos na \u00faltima d\u00e9cada para juntar esfor\u00e7os e evitarmos que os impactos do aquecimento global sejam ainda mais perversos. Estamos falando sobre desastres naturais inimagin\u00e1veis, <strong>eventos extremos<\/strong> cada vez mais intensos e frequentes, eleva\u00e7\u00e3o do n\u00edvel do mar e perda irrepar\u00e1vel da biodiversidade.<\/p>\n\n<p>Frente a pandemia da Covid-19, a COP26 tamb\u00e9m \u00e9 uma<strong> oportunidade \u00fanica<\/strong> para que a reconstru\u00e7\u00e3o de uma economia global mais forte, justa e sustent\u00e1vel seja um objetivo comum entre todos os pa\u00edses.<\/p>\n\n<h5 class=\"wp-block-heading\"><strong>Quem participar\u00e1 da COP26?<\/strong><\/h5>\n\n<p>Representantes de governos, organiza\u00e7\u00f5es n\u00e3o-governamentais, empresas, cientistas, grupos religiosos e delega\u00e7\u00f5es de povos ind\u00edgenas de todo o mundo estar\u00e3o presentes na COP26, que tamb\u00e9m contar\u00e1 com intensa cobertura midi\u00e1tica.<\/p>\n\n<p>A confer\u00eancia acontece ao longo de duas semanas e tradicionalmente tem in\u00edcio com negocia\u00e7\u00f5es t\u00e9cnicas, mas, este ano, a estrutura ser\u00e1 um pouco diferente e o evento come\u00e7ar\u00e1 com a C\u00fapula Mundial de L\u00edderes nos dois primeiros dias.<\/p>\n\n<p>Devido \u00e0 desigualdade no acesso aos imunizantes contra a Covid-19, muitos pa\u00edses n\u00e3o participar\u00e3o de forma presencial, mas os organizadores est\u00e3o trabalhando para garantir a confer\u00eancia de uma maneira segura e com a colabora\u00e7\u00e3o de todos. <\/p>\n\n<p>Al\u00e9m disso, n\u00f3s, em conjunto com outras organiza\u00e7\u00f5es, pressionamos para que n\u00e3o houvesse um acesso desigual \u00e0 COP 26, e iremos monitorar tratamentos que n\u00e3o sejam equitativos entre delega\u00e7\u00f5es do Norte e Sul Global.<\/p>\n\n<p>O Greenpeace defende que a COP s\u00f3 deve ser realizada se for<strong> acess\u00edvel e segura<\/strong> a todos os participantes.<\/p>\n\n<h5 class=\"wp-block-heading\"><strong>O que deve ser discutido na COP26?<\/strong><\/h5>\n\n<p>A COP26 \u00e9 o prazo final para que os pa\u00edses apresentem seus planos de redu\u00e7\u00e3o de emiss\u00f5es de gases do efeito estufa. Juntos, estes planos precisam colocar o mundo no caminho certo para deter o aumento da temperatura global de mais de 1,5\u00baC at\u00e9 o final do s\u00e9culo.<\/p>\n\n<p>Apesar de serem um compromisso oficial, <strong>estes planos s\u00e3o muito improv\u00e1veis de serem entregues e executados no atual cen\u00e1rio pol\u00edtico e econ\u00f4mico, em que o incentivo aos combust\u00edveis f\u00f3sseis e a busca pelo lucro em detrimento do meio ambiente s\u00e3o predominantes<\/strong>.<\/p>\n\n<p>Ao assinarem o Acordo de Paris, as na\u00e7\u00f5es mais ricas tamb\u00e9m prometeram US$100 bilh\u00f5es por ano para ajudar os pa\u00edses mais pobres a reduzir suas emiss\u00f5es e se protegerem contra os impactos da mudan\u00e7a clim\u00e1tica. N\u00e3o se espera que isto esteja na agenda formal da COP26, mas ainda deve ser debatido. <\/p>\n\n<p><strong>Os graves danos clim\u00e1ticos n\u00e3o t\u00eam sido tratados, at\u00e9 agora, como uma prioridade nas negocia\u00e7\u00f5es formais &#8211; apesar dos pa\u00edses do Sul Global, os mais afetados pela crise clim\u00e1tica, pedirem que este ponto seja discutido urgentemente.<\/strong><\/p>\n\n<p>Os l\u00edderes precisam ir al\u00e9m dos compromissos j\u00e1 assumidos e respaldar suas promessas em planos, pol\u00edticas e investimentos nacionais concretos. Para manter o aumento da temperatura global abaixo do limite de 1,5\u00baC, por exemplo, cada pa\u00eds precisa parar imediatamente todos os novos projetos de combust\u00edveis f\u00f3sseis.<\/p>\n\n<p>E, novamente, as na\u00e7\u00f5es ricas precisam dar apoio financeiro extra aos pa\u00edses mais pobres para que fa\u00e7am o mesmo e para que lidem com os impactos das altera\u00e7\u00f5es clim\u00e1ticas que j\u00e1 os afetam.<\/p>\n\n<h5 class=\"wp-block-heading\"><strong>Quais s\u00e3o os poss\u00edveis entraves da COP26?<\/strong><\/h5>\n\n<p>As regras para os mercados de carbono tamb\u00e9m est\u00e3o na agenda da COP26. Estas complexas discuss\u00f5es amea\u00e7am inundar as negocia\u00e7\u00f5es, deixando pouco espa\u00e7o para acordos mais urgentes sobre financiamento clim\u00e1tico e elimina\u00e7\u00e3o gradual dos combust\u00edveis f\u00f3sseis.<\/p>\n\n<p><strong>O Greenpeace defende, em n\u00edvel internacional, que os mercados de carbono n\u00e3o devem se tornar uma distra\u00e7\u00e3o em Glasgow. Eles frequentemente d\u00e3o aos pa\u00edses e empresas um &#8220;passe livre&#8221; para continuar a poluir por meio da compensa\u00e7\u00e3o de carbono.<\/strong><\/p>\n\n<p><strong>Ao inv\u00e9s de apostarem e discutirem falsas solu\u00e7\u00f5es, os governos precisam se concentrar na elabora\u00e7\u00e3o de diretrizes firmes para que as empresas reduzam diretamente as emiss\u00f5es em suas atividades.<\/strong><\/p>\n\n<h5 class=\"wp-block-heading\"><strong>E o Brasil nisso tudo?<\/strong><\/h5>\n\n<p>Nosso pa\u00eds enfrenta descr\u00e9dito internacional devido \u00e0 pol\u00edtica antiambiental colocada em pr\u00e1tica pelo governo Bolsonaro. Com taxas recordes de desmatamento e negacionismo em alta no Pal\u00e1cio do Planalto, n\u00e3o podemos esperar nada al\u00e9m do vexame que vivemos recentemente com a <a href=\"https:\/\/www.greenpeace.org\/brasil\/blog\/jair-bolsonaro-no-pais-das-maravilhas\/\">fala do presidente na Assembleia Geral da ONU.<\/a><\/p>\n\n<p>Bolsonaro negligencia a gravidade da crise clim\u00e1tica e apresenta somente falsas solu\u00e7\u00f5es para o problema, como o citado mercado de carbono. Enquanto tenta enganar o mundo com discursos mentirosos, seu governo continua defendendo projetos que atacam os direitos dos povos ind\u00edgenas, os guardi\u00f5es das florestas, e da Amaz\u00f4nia. <\/p>\n\n<p>O Congresso Nacional segue as diretrizes do mandat\u00e1rio, e \u00e9 esperada a participa\u00e7\u00e3o de diversos parlamentares que podem vir a defender falsas e f\u00e1ceis solu\u00e7\u00f5es para o clima, como o cr\u00e9dito de carbono, e envio de recursos sem prerrogativas.<strong> Estamos de olho neles!<\/strong><\/p>\n\n<p>H\u00e1 ainda um grande ponto de interroga\u00e7\u00e3o sobre a participa\u00e7\u00e3o presencial do presidente na confer\u00eancia. Em raz\u00e3o da pandemia, os brit\u00e2nicos exigem o isolamento obrigat\u00f3rio de no m\u00ednimo cinco dias para representantes de pa\u00edses enquadrados na chamada lista vermelha do governo local, situa\u00e7\u00e3o na qual se encontra o Brasil &#8211; segunda na\u00e7\u00e3o com mais v\u00edtimas fatais da Covid-19.<\/p>\n\n<p>Cr\u00edtico \u00e0s limita\u00e7\u00f5es e aos protocolos sanit\u00e1rios mais r\u00edgidos, o Itamaraty tem sinalizado o envio de uma pequena delega\u00e7\u00e3o a Glasgow.<\/p>\n\n<h5 class=\"wp-block-heading\"><strong>O que o Greenpeace faz na COP?<\/strong><\/h5>\n\n<p>O Greenpeace entende ser importante o envio de representantes da sociedade civil \u00e0 COP, <strong>em especial a juventude<\/strong> representante das novas gera\u00e7\u00f5es. \u00c9 crucial para as negocia\u00e7\u00f5es da confer\u00eancia que contem com a participa\u00e7\u00e3o de especialistas e ativistas que est\u00e3o na linha de frente do combate \u00e0 crise clim\u00e1tica &#8211; observando, fazendo contribui\u00e7\u00f5es e assegurando que os pol\u00edticos estejam escutando.<\/p>\n\n<p>N\u00f3s apoiamos grupos de base e representantes de povos ind\u00edgenas que participam da COP, sendo muitas dessas comunidades do Sul Global. O termo Sul Global \u00e9 frequentemente usado para se referir a pa\u00edses economicamente menos ricos que s<a href=\"https:\/\/www.greenpeace.org\/brasil\/justica-climatica\/\">\u00e3o os mais expostos aos impactos clim\u00e1ticos<\/a>, como inc\u00eandios e enchentes, apesar de serem os menos respons\u00e1veis. As decis\u00f5es tomadas na COP26 ir\u00e3o, portanto, afet\u00e1-los mais diretamente.<\/p>\n\n<p>Como uma organiza\u00e7\u00e3o global, o Greenpeace tamb\u00e9m trabalha para <strong>influenciar as negocia\u00e7\u00f5es<\/strong> da COP antes mesmo da confer\u00eancia. Isto significa trabalhar com ativistas em todo o mundo, ajudando-os a pressionar os l\u00edderes para que consigam melhores resultados nas negocia\u00e7\u00f5es.<\/p>\n","protected":false},"excerpt":{"rendered":"<p>Saiba o que ser\u00e1 discutido na confer\u00eancia e o que esperar da participa\u00e7\u00e3o do Brasil\u00a0 <\/p>\n","protected":false},"author":28,"featured_media":34328,"comment_status":"open","ping_status":"closed","sticky":false,"template":"","format":"standard","meta":{"ep_exclude_from_search":false,"p4_og_title":"","p4_og_description":"","p4_og_image":"","p4_og_image_id":"","p4_seo_canonical_url":"","p4_campaign_name":"not set","p4_local_project":"not set","p4_basket_name":"not set","p4_department":"","footnotes":""},"categories":[48],"tags":[42],"p4-page-type":[16],"class_list":["post-34327","post","type-post","status-publish","format-standard","has-post-thumbnail","hentry","category-justica-climatica","tag-justica-climatica","p4-page-type-blog"],"_links":{"self":[{"href":"https:\/\/www.greenpeace.org\/brasil\/wp-json\/wp\/v2\/posts\/34327","targetHints":{"allow":["GET"]}}],"collection":[{"href":"https:\/\/www.greenpeace.org\/brasil\/wp-json\/wp\/v2\/posts"}],"about":[{"href":"https:\/\/www.greenpeace.org\/brasil\/wp-json\/wp\/v2\/types\/post"}],"author":[{"embeddable":true,"href":"https:\/\/www.greenpeace.org\/brasil\/wp-json\/wp\/v2\/users\/28"}],"replies":[{"embeddable":true,"href":"https:\/\/www.greenpeace.org\/brasil\/wp-json\/wp\/v2\/comments?post=34327"}],"version-history":[{"count":5,"href":"https:\/\/www.greenpeace.org\/brasil\/wp-json\/wp\/v2\/posts\/34327\/revisions"}],"predecessor-version":[{"id":51901,"href":"https:\/\/www.greenpeace.org\/brasil\/wp-json\/wp\/v2\/posts\/34327\/revisions\/51901"}],"wp:featuredmedia":[{"embeddable":true,"href":"https:\/\/www.greenpeace.org\/brasil\/wp-json\/wp\/v2\/media\/34328"}],"wp:attachment":[{"href":"https:\/\/www.greenpeace.org\/brasil\/wp-json\/wp\/v2\/media?parent=34327"}],"wp:term":[{"taxonomy":"category","embeddable":true,"href":"https:\/\/www.greenpeace.org\/brasil\/wp-json\/wp\/v2\/categories?post=34327"},{"taxonomy":"post_tag","embeddable":true,"href":"https:\/\/www.greenpeace.org\/brasil\/wp-json\/wp\/v2\/tags?post=34327"},{"taxonomy":"p4-page-type","embeddable":true,"href":"https:\/\/www.greenpeace.org\/brasil\/wp-json\/wp\/v2\/p4-page-type?post=34327"}],"curies":[{"name":"wp","href":"https:\/\/api.w.org\/{rel}","templated":true}]}}