{"id":34403,"date":"2021-10-08T14:41:58","date_gmt":"2021-10-08T17:41:58","guid":{"rendered":"https:\/\/www.greenpeace.org\/brasil\/?p=34403"},"modified":"2021-10-08T14:42:00","modified_gmt":"2021-10-08T17:42:00","slug":"deter-registra-segundo-pior-indice-nos-alertas-para-setembro","status":"publish","type":"post","link":"https:\/\/www.greenpeace.org\/brasil\/blog\/deter-registra-segundo-pior-indice-nos-alertas-para-setembro\/","title":{"rendered":"Deter registra segundo pior \u00edndice nos alertas para setembro"},"content":{"rendered":"\n<h4 class=\"wp-block-heading\">Desmatamento m\u00e9dio para o mesmo m\u00eas nos \u00faltimos tr\u00eas anos \u00e9 85% maior que os tr\u00eas anos anteriores \u00e0 gest\u00e3o Bolsonaro<\/h4>\n\n<div class=\"wp-block-image\"><figure class=\"aligncenter size-full\"><img loading=\"lazy\" decoding=\"async\" width=\"800\" height=\"533\" src=\"https:\/\/www.greenpeace.org\/static\/planet4-brasil-stateless\/2021\/10\/04189508-gp1sw23u_web_size.jpg\" alt=\"\" class=\"wp-image-34404\" srcset=\"https:\/\/www.greenpeace.org\/static\/planet4-brasil-stateless\/2021\/10\/04189508-gp1sw23u_web_size.jpg 800w, https:\/\/www.greenpeace.org\/static\/planet4-brasil-stateless\/2021\/10\/04189508-gp1sw23u_web_size-300x200.jpg 300w, https:\/\/www.greenpeace.org\/static\/planet4-brasil-stateless\/2021\/10\/04189508-gp1sw23u_web_size-768x512.jpg 768w, https:\/\/www.greenpeace.org\/static\/planet4-brasil-stateless\/2021\/10\/04189508-gp1sw23u_web_size-510x340.jpg 510w\" sizes=\"auto, (max-width: 800px) 100vw, 800px\" \/><figcaption>\u00c1rea rec\u00e9m queimada para expans\u00e3o pecu\u00e1ria, em Trair\u00e3o, Par\u00e1. Todos os anos, o Greenpeace Brasil realiza uma s\u00e9rie de sobrevoos de monitoramento para acompanhar o avan\u00e7o do desmatamento e das queimadas na Amaz\u00f4nia. De 12 a 14 de setembro, monitoramos pontos com alertas do Deter e Prodes, al\u00e9m de pontos de calor do Inpe, nos estados de Amazonas, Rond\u00f4nia, Mato Grosso e Par\u00e1.<\/figcaption><\/figure><\/div>\n\n<p>Dados do sistema Deter, do Instituto de Pesquisas Espaciais (Inpe), divulgados hoje, confirmam que o n\u00edvel de destrui\u00e7\u00e3o da  Amaz\u00f4nia segue nas aturas. Em setembro, foram identificados 985 Km\u00b2 com alertas de desmatamento no bioma, o segundo pior setembro da s\u00e9rie hist\u00f3rica do Deter-B, perdendo apenas para setembro de 2019. Isso equivale a 37 vezes o tamanho do arquip\u00e9lago de Fernando de Noronha (PE). <\/p>\n\n<p>Na m\u00e9dia, houve um aumento de <strong>85%<\/strong> na \u00e1rea com alertas de desmatamento nos tr\u00eas anos de governo Bolsonaro (m\u00e9dia de 1.134 km\u00b2 em 2019,2020 e 2021) em rela\u00e7\u00e3o \u00e0 m\u00e9dia dos tr\u00eas anos anteriores (m\u00e9dia de 613 km\u00b2 para os anos de 2018, 2017, 2016).<\/p>\n\n<p>\u201cO efeito da pol\u00edtica do governo federal, claramente contr\u00e1ria ao clima, \u00e0 biodiversidade e aos povos da floresta fica evidente quando observamos os alertas de desmatamento. Basta comparar os tr\u00eas anos pr\u00e9 e p\u00f3s governo Bolsonaro para comprovar que o patamar de destrui\u00e7\u00e3o assumiu n\u00edveis muito superiores, e inaceit\u00e1veis perante \u00e0 emerg\u00eancia clim\u00e1tica que vivemos no Brasil e no mundo\u201d, declara Cristiane Mazzetti, porta-voz da campanha Amaz\u00f4nia do Greenpeace.\u00a0<\/p>\n\n<p>Os alertas de desmatamento em setembro se concentraram nos estados de Par\u00e1 (328km\u00b2), Amazonas (229km\u00b2) e Rond\u00f4nia (209km\u00b2). Em expedi\u00e7\u00e3o recente, que passou por Rond\u00f4nia e Amazonas, o Greenpeace e parceiros documentaram&nbsp; grandes \u00e1reas em processo de desmatamento, com 1000, 2000 hectares e algumas at\u00e9 maiores que isso. Muitas delas localizadas em florestas p\u00fablicas ainda n\u00e3o destinadas, cujas ocupa\u00e7\u00f5es ilegais o Congresso est\u00e1 correndo para aprovar via o projeto de lei 2633\/2020, que na pr\u00e1tica incentiva novos ciclos de ocupa\u00e7\u00e3o ilegal marcados por desmatamento.&nbsp;<\/p>\n<div data-render=\"planet4-blocks\/gallery\" data-attributes=\"{&quot;attributes&quot;:{&quot;multiple_image&quot;:&quot;34406,34407,34408,34409,34410,34411,34412&quot;,&quot;image_data&quot;:[{&quot;url&quot;:&quot;https:\\\/\\\/www.greenpeace.org\\\/static\\\/planet4-brasil-stateless\\\/2021\\\/10\\\/1b496e24-gp1sw23x_web_size.jpg&quot;,&quot;focalPoint&quot;:{&quot;x&quot;:0.5,&quot;y&quot;:0.5},&quot;id&quot;:34406},{&quot;url&quot;:&quot;https:\\\/\\\/www.greenpeace.org\\\/static\\\/planet4-brasil-stateless\\\/2021\\\/10\\\/5347d2c5-gp1sw23r_web_size.jpg&quot;,&quot;focalPoint&quot;:{&quot;x&quot;:0.5,&quot;y&quot;:0.5},&quot;id&quot;:34407},{&quot;url&quot;:&quot;https:\\\/\\\/www.greenpeace.org\\\/static\\\/planet4-brasil-stateless\\\/2021\\\/10\\\/c989a685-gp1sw23m_web_size.jpg&quot;,&quot;focalPoint&quot;:{&quot;x&quot;:0.5,&quot;y&quot;:0.5},&quot;id&quot;:34408},{&quot;url&quot;:&quot;https:\\\/\\\/www.greenpeace.org\\\/static\\\/planet4-brasil-stateless\\\/2021\\\/10\\\/89242b5a-gp1svzx1_web_size.jpg&quot;,&quot;focalPoint&quot;:{&quot;x&quot;:0.5,&quot;y&quot;:0.5},&quot;id&quot;:34409},{&quot;url&quot;:&quot;https:\\\/\\\/www.greenpeace.org\\\/static\\\/planet4-brasil-stateless\\\/2021\\\/10\\\/51a4eb87-gp1svzwu_web_size.jpg&quot;,&quot;focalPoint&quot;:{&quot;x&quot;:0.5,&quot;y&quot;:0.5},&quot;id&quot;:34410},{&quot;url&quot;:&quot;https:\\\/\\\/www.greenpeace.org\\\/static\\\/planet4-brasil-stateless\\\/2021\\\/10\\\/08ecc8c3-gp1svzwt_web_size.jpg&quot;,&quot;focalPoint&quot;:{&quot;x&quot;:0.5,&quot;y&quot;:0.5},&quot;id&quot;:34411},{&quot;url&quot;:&quot;https:\\\/\\\/www.greenpeace.org\\\/static\\\/planet4-brasil-stateless\\\/2021\\\/10\\\/ca937d53-gp1svzwq_web_size.jpg&quot;,&quot;focalPoint&quot;:{&quot;x&quot;:0.5,&quot;y&quot;:0.5},&quot;id&quot;:34412}],&quot;gallery_block_style&quot;:0,&quot;gallery_block_title&quot;:&quot;&quot;,&quot;gallery_block_description&quot;:&quot;&quot;,&quot;gallery_block_focus_points&quot;:&quot;&quot;,&quot;images&quot;:[{&quot;image_src&quot;:&quot;https:\\\/\\\/www.greenpeace.org\\\/static\\\/planet4-brasil-stateless\\\/2021\\\/10\\\/1b496e24-gp1sw23x_web_size.jpg&quot;,&quot;image_srcset&quot;:&quot;https:\\\/\\\/www.greenpeace.org\\\/static\\\/planet4-brasil-stateless\\\/2021\\\/10\\\/1b496e24-gp1sw23x_web_size.jpg 800w, https:\\\/\\\/www.greenpeace.org\\\/static\\\/planet4-brasil-stateless\\\/2021\\\/10\\\/1b496e24-gp1sw23x_web_size-300x200.jpg 300w, https:\\\/\\\/www.greenpeace.org\\\/static\\\/planet4-brasil-stateless\\\/2021\\\/10\\\/1b496e24-gp1sw23x_web_size-768x513.jpg 768w, https:\\\/\\\/www.greenpeace.org\\\/static\\\/planet4-brasil-stateless\\\/2021\\\/10\\\/1b496e24-gp1sw23x_web_size-510x340.jpg 510w&quot;,&quot;image_sizes&quot;:false,&quot;alt_text&quot;:&quot;&quot;,&quot;caption&quot;:&quot;\\u00c1rea queimada na Terra Ind\\u00edgena Kaiabi, em Apiac\\u00e1s, Mato Grosso. (\\u00a9 Victor Moriyama \\\/ Greenpeace)&quot;,&quot;focus_image&quot;:&quot;&quot;,&quot;credits&quot;:&quot;&quot;},{&quot;image_src&quot;:&quot;https:\\\/\\\/www.greenpeace.org\\\/static\\\/planet4-brasil-stateless\\\/2021\\\/10\\\/5347d2c5-gp1sw23r_web_size.jpg&quot;,&quot;image_srcset&quot;:&quot;https:\\\/\\\/www.greenpeace.org\\\/static\\\/planet4-brasil-stateless\\\/2021\\\/10\\\/5347d2c5-gp1sw23r_web_size.jpg 800w, https:\\\/\\\/www.greenpeace.org\\\/static\\\/planet4-brasil-stateless\\\/2021\\\/10\\\/5347d2c5-gp1sw23r_web_size-300x200.jpg 300w, https:\\\/\\\/www.greenpeace.org\\\/static\\\/planet4-brasil-stateless\\\/2021\\\/10\\\/5347d2c5-gp1sw23r_web_size-768x513.jpg 768w, https:\\\/\\\/www.greenpeace.org\\\/static\\\/planet4-brasil-stateless\\\/2021\\\/10\\\/5347d2c5-gp1sw23r_web_size-510x340.jpg 510w&quot;,&quot;image_sizes&quot;:false,&quot;alt_text&quot;:&quot;&quot;,&quot;caption&quot;:&quot;Vista a\\u00e9rea de expans\\u00e3o pecu\\u00e1ria e queimadas na Amaz\\u00f4nia, em Trair\\u00e3o, Par\\u00e1. (\\u00a9 Victor Moriyama \\\/ Greenpeace)&quot;,&quot;focus_image&quot;:&quot;&quot;,&quot;credits&quot;:&quot;&quot;},{&quot;image_src&quot;:&quot;https:\\\/\\\/www.greenpeace.org\\\/static\\\/planet4-brasil-stateless\\\/2021\\\/10\\\/c989a685-gp1sw23m_web_size.jpg&quot;,&quot;image_srcset&quot;:&quot;https:\\\/\\\/www.greenpeace.org\\\/static\\\/planet4-brasil-stateless\\\/2021\\\/10\\\/c989a685-gp1sw23m_web_size.jpg 800w, https:\\\/\\\/www.greenpeace.org\\\/static\\\/planet4-brasil-stateless\\\/2021\\\/10\\\/c989a685-gp1sw23m_web_size-300x200.jpg 300w, https:\\\/\\\/www.greenpeace.org\\\/static\\\/planet4-brasil-stateless\\\/2021\\\/10\\\/c989a685-gp1sw23m_web_size-768x513.jpg 768w, https:\\\/\\\/www.greenpeace.org\\\/static\\\/planet4-brasil-stateless\\\/2021\\\/10\\\/c989a685-gp1sw23m_web_size-510x340.jpg 510w&quot;,&quot;image_sizes&quot;:false,&quot;alt_text&quot;:&quot;&quot;,&quot;caption&quot;:&quot;Estrada abre caminho para a destrui\\u00e7\\u00e3o da floresta, em Trair\\u00e3o, Par\\u00e1. (\\u00a9 Victor Moriyama \\\/ Greenpeace)&quot;,&quot;focus_image&quot;:&quot;&quot;,&quot;credits&quot;:&quot;&quot;},{&quot;image_src&quot;:&quot;https:\\\/\\\/www.greenpeace.org\\\/static\\\/planet4-brasil-stateless\\\/2021\\\/10\\\/89242b5a-gp1svzx1_web_size.jpg&quot;,&quot;image_srcset&quot;:&quot;https:\\\/\\\/www.greenpeace.org\\\/static\\\/planet4-brasil-stateless\\\/2021\\\/10\\\/89242b5a-gp1svzx1_web_size.jpg 800w, https:\\\/\\\/www.greenpeace.org\\\/static\\\/planet4-brasil-stateless\\\/2021\\\/10\\\/89242b5a-gp1svzx1_web_size-300x200.jpg 300w, https:\\\/\\\/www.greenpeace.org\\\/static\\\/planet4-brasil-stateless\\\/2021\\\/10\\\/89242b5a-gp1svzx1_web_size-768x513.jpg 768w, https:\\\/\\\/www.greenpeace.org\\\/static\\\/planet4-brasil-stateless\\\/2021\\\/10\\\/89242b5a-gp1svzx1_web_size-510x340.jpg 510w&quot;,&quot;image_sizes&quot;:false,&quot;alt_text&quot;:&quot;&quot;,&quot;caption&quot;:&quot;Vista a\\u00e9rea de um desmatamento na Amaz\\u00f4nia para expans\\u00e3o pecu\\u00e1ria, em L\\u00e1brea, Amazonas. (\\u00a9 Victor Moriyama \\\/ Amaz\\u00f4nia em Chamas)&quot;,&quot;focus_image&quot;:&quot;&quot;,&quot;credits&quot;:&quot;&quot;},{&quot;image_src&quot;:&quot;https:\\\/\\\/www.greenpeace.org\\\/static\\\/planet4-brasil-stateless\\\/2021\\\/10\\\/51a4eb87-gp1svzwu_web_size.jpg&quot;,&quot;image_srcset&quot;:&quot;https:\\\/\\\/www.greenpeace.org\\\/static\\\/planet4-brasil-stateless\\\/2021\\\/10\\\/51a4eb87-gp1svzwu_web_size.jpg 800w, https:\\\/\\\/www.greenpeace.org\\\/static\\\/planet4-brasil-stateless\\\/2021\\\/10\\\/51a4eb87-gp1svzwu_web_size-300x200.jpg 300w, https:\\\/\\\/www.greenpeace.org\\\/static\\\/planet4-brasil-stateless\\\/2021\\\/10\\\/51a4eb87-gp1svzwu_web_size-768x513.jpg 768w, https:\\\/\\\/www.greenpeace.org\\\/static\\\/planet4-brasil-stateless\\\/2021\\\/10\\\/51a4eb87-gp1svzwu_web_size-510x340.jpg 510w&quot;,&quot;image_sizes&quot;:false,&quot;alt_text&quot;:&quot;&quot;,&quot;caption&quot;:&quot;Gado em pastagem, ao lado de \\u00e1rea desmatada e rec\\u00e9m queimada, em Candeias do Jamari, Rond\\u00f4nia. .(\\u00a9 Victor Moriyama \\\/ Amaz\\u00f4nia em Chamas)&quot;,&quot;focus_image&quot;:&quot;&quot;,&quot;credits&quot;:&quot;&quot;},{&quot;image_src&quot;:&quot;https:\\\/\\\/www.greenpeace.org\\\/static\\\/planet4-brasil-stateless\\\/2021\\\/10\\\/08ecc8c3-gp1svzwt_web_size.jpg&quot;,&quot;image_srcset&quot;:&quot;https:\\\/\\\/www.greenpeace.org\\\/static\\\/planet4-brasil-stateless\\\/2021\\\/10\\\/08ecc8c3-gp1svzwt_web_size.jpg 800w, https:\\\/\\\/www.greenpeace.org\\\/static\\\/planet4-brasil-stateless\\\/2021\\\/10\\\/08ecc8c3-gp1svzwt_web_size-300x200.jpg 300w, https:\\\/\\\/www.greenpeace.org\\\/static\\\/planet4-brasil-stateless\\\/2021\\\/10\\\/08ecc8c3-gp1svzwt_web_size-768x513.jpg 768w, https:\\\/\\\/www.greenpeace.org\\\/static\\\/planet4-brasil-stateless\\\/2021\\\/10\\\/08ecc8c3-gp1svzwt_web_size-510x340.jpg 510w&quot;,&quot;image_sizes&quot;:false,&quot;alt_text&quot;:&quot;&quot;,&quot;caption&quot;:&quot;Queimada e desmatamento na Amaz\\u00f4nia para expans\\u00e3o pecu\\u00e1ria, em Candeias do Jamari, Rond\\u00f4nia. .(\\u00a9 Victor Moriyama \\\/ Amaz\\u00f4nia em Chamas)\\n&quot;,&quot;focus_image&quot;:&quot;&quot;,&quot;credits&quot;:&quot;&quot;},{&quot;image_src&quot;:&quot;https:\\\/\\\/www.greenpeace.org\\\/static\\\/planet4-brasil-stateless\\\/2021\\\/10\\\/ca937d53-gp1svzwq_web_size.jpg&quot;,&quot;image_srcset&quot;:&quot;https:\\\/\\\/www.greenpeace.org\\\/static\\\/planet4-brasil-stateless\\\/2021\\\/10\\\/ca937d53-gp1svzwq_web_size.jpg 800w, https:\\\/\\\/www.greenpeace.org\\\/static\\\/planet4-brasil-stateless\\\/2021\\\/10\\\/ca937d53-gp1svzwq_web_size-300x200.jpg 300w, https:\\\/\\\/www.greenpeace.org\\\/static\\\/planet4-brasil-stateless\\\/2021\\\/10\\\/ca937d53-gp1svzwq_web_size-768x513.jpg 768w, https:\\\/\\\/www.greenpeace.org\\\/static\\\/planet4-brasil-stateless\\\/2021\\\/10\\\/ca937d53-gp1svzwq_web_size-510x340.jpg 510w&quot;,&quot;image_sizes&quot;:false,&quot;alt_text&quot;:&quot;&quot;,&quot;caption&quot;:&quot;Inc\\u00eandio florestal sobre \\u00e1rea de floresta degradada, em processo de desmatamento, em Novo Aripuan\\u00e3, Amazonas. .(\\u00a9 Victor Moriyama \\\/ Amaz\\u00f4nia em Chamas)&quot;,&quot;focus_image&quot;:&quot;&quot;,&quot;credits&quot;:&quot;&quot;}]}}\"><\/div>\n<p><strong>COP 26<\/strong><\/p>\n\n<p>O fechamento dos alertas para setembro chega \u00e0 poucas semanas do in\u00edcio da&nbsp; pr\u00f3xima Confer\u00eancia das Na\u00e7\u00f5es Unidas sobre Mudan\u00e7as Clim\u00e1ticas (COP 26), onde os pa\u00edses devem apresentar planos para reduzir as emiss\u00f5es de gases do efeito estufa. No Brasil mais de 40% das emiss\u00f5es desses gases s\u00e3o provenientes do desmatamento, e at\u00e9 o momento, ap\u00f3s quase tr\u00eas anos de governo, ainda n\u00e3o existem a\u00e7\u00f5es em pr\u00e1tica, ou pol\u00edticas p\u00fablicas robustas que sejam capazes de reverter os altos n\u00edveis de desmatamento.&nbsp;<\/p>\n\n<p>O que existe, por ora, s\u00e3o propostas que levam ao efeito contr\u00e1rio, ou seja, mais desmatamento. Exemplo disso s\u00e3o as altera\u00e7\u00f5es propostas na lei, caminhando rapidamente no Congresso para acabar com o licenciamento ambiental (PL 3729\/2004), abrir terras ind\u00edgenas para explora\u00e7\u00e3o (PL 191\/2020) e inviabilizar a demarca\u00e7\u00e3o ainda pendente em muitos territ\u00f3rios (PL 490\/2007), bem como a legaliza\u00e7\u00e3o da grilagem em terras p\u00fablicas (2633\/2020).&nbsp;<\/p>\n","protected":false},"excerpt":{"rendered":"<p>Desmatamento m\u00e9dio para o mesmo m\u00eas nos \u00faltimos tr\u00eas anos \u00e9 85% maior que os tr\u00eas anos anteriores \u00e0 gest\u00e3o Bolsonaro <\/p>\n","protected":false},"author":24,"featured_media":34410,"comment_status":"open","ping_status":"closed","sticky":false,"template":"","format":"standard","meta":{"ep_exclude_from_search":false,"p4_og_title":"","p4_og_description":"","p4_og_image":"","p4_og_image_id":"","p4_seo_canonical_url":"","p4_campaign_name":"not set","p4_local_project":"not set","p4_basket_name":"not set","p4_department":"","footnotes":""},"categories":[3],"tags":[22],"p4-page-type":[16],"class_list":["post-34403","post","type-post","status-publish","format-standard","has-post-thumbnail","hentry","category-proteja-a-natureza","tag-florestas","p4-page-type-blog"],"_links":{"self":[{"href":"https:\/\/www.greenpeace.org\/brasil\/wp-json\/wp\/v2\/posts\/34403","targetHints":{"allow":["GET"]}}],"collection":[{"href":"https:\/\/www.greenpeace.org\/brasil\/wp-json\/wp\/v2\/posts"}],"about":[{"href":"https:\/\/www.greenpeace.org\/brasil\/wp-json\/wp\/v2\/types\/post"}],"author":[{"embeddable":true,"href":"https:\/\/www.greenpeace.org\/brasil\/wp-json\/wp\/v2\/users\/24"}],"replies":[{"embeddable":true,"href":"https:\/\/www.greenpeace.org\/brasil\/wp-json\/wp\/v2\/comments?post=34403"}],"version-history":[{"count":1,"href":"https:\/\/www.greenpeace.org\/brasil\/wp-json\/wp\/v2\/posts\/34403\/revisions"}],"predecessor-version":[{"id":34415,"href":"https:\/\/www.greenpeace.org\/brasil\/wp-json\/wp\/v2\/posts\/34403\/revisions\/34415"}],"wp:featuredmedia":[{"embeddable":true,"href":"https:\/\/www.greenpeace.org\/brasil\/wp-json\/wp\/v2\/media\/34410"}],"wp:attachment":[{"href":"https:\/\/www.greenpeace.org\/brasil\/wp-json\/wp\/v2\/media?parent=34403"}],"wp:term":[{"taxonomy":"category","embeddable":true,"href":"https:\/\/www.greenpeace.org\/brasil\/wp-json\/wp\/v2\/categories?post=34403"},{"taxonomy":"post_tag","embeddable":true,"href":"https:\/\/www.greenpeace.org\/brasil\/wp-json\/wp\/v2\/tags?post=34403"},{"taxonomy":"p4-page-type","embeddable":true,"href":"https:\/\/www.greenpeace.org\/brasil\/wp-json\/wp\/v2\/p4-page-type?post=34403"}],"curies":[{"name":"wp","href":"https:\/\/api.w.org\/{rel}","templated":true}]}}