{"id":34714,"date":"2021-10-28T10:01:01","date_gmt":"2021-10-28T13:01:01","guid":{"rendered":"https:\/\/www.greenpeace.org\/brasil\/?p=34714"},"modified":"2021-12-01T09:29:22","modified_gmt":"2021-12-01T12:29:22","slug":"mais-veneno-no-prato-dos-brasileiros","status":"publish","type":"post","link":"https:\/\/www.greenpeace.org\/brasil\/blog\/mais-veneno-no-prato-dos-brasileiros\/","title":{"rendered":"Mais veneno no prato dos brasileiros: decreto presidencial altera a regulamenta\u00e7\u00e3o dos agrot\u00f3xicos"},"content":{"rendered":"\n<h4 class=\"wp-block-heading\">Pesquisadores, organiza\u00e7\u00f5es da sociedade civil e parlamentares lan\u00e7am nota t\u00e9cnica contra o Decreto 10.833\/2021, que altera a regulamenta\u00e7\u00e3o sobre uso e registro de agrot\u00f3xicos<\/h4>\n\n<figure class=\"wp-block-image size-full\"><img loading=\"lazy\" decoding=\"async\" width=\"1024\" height=\"683\" src=\"https:\/\/www.greenpeace.org\/static\/planet4-brasil-stateless\/2021\/10\/af79c459-51371578301_357869c872_k-1024x683-2.jpg\" alt=\"\" class=\"wp-image-34715\" srcset=\"https:\/\/www.greenpeace.org\/static\/planet4-brasil-stateless\/2021\/10\/af79c459-51371578301_357869c872_k-1024x683-2.jpg 1024w, https:\/\/www.greenpeace.org\/static\/planet4-brasil-stateless\/2021\/10\/af79c459-51371578301_357869c872_k-1024x683-2-300x200.jpg 300w, https:\/\/www.greenpeace.org\/static\/planet4-brasil-stateless\/2021\/10\/af79c459-51371578301_357869c872_k-1024x683-2-768x512.jpg 768w, https:\/\/www.greenpeace.org\/static\/planet4-brasil-stateless\/2021\/10\/af79c459-51371578301_357869c872_k-1024x683-2-510x340.jpg 510w\" sizes=\"auto, (max-width: 1024px) 100vw, 1024px\" \/><figcaption>Bolsonaro e a ministra Tereza Cristina&nbsp;assinaram o decreto que altera a regulamenta\u00e7\u00e3o dos agrot\u00f3xicos no Brasil. Foto: Guilherme Martimon\/MAPA<\/figcaption><\/figure>\n\n<p>Na sexta-feira (08) de outubro, \u00e0s v\u00e9speras do feriado do dia das crian\u00e7as, sem a participa\u00e7\u00e3o do Congresso Nacional ou da sociedade civil e com uma simples \u201ccanetada\u201d, o presidente Jair Bolsonaro (sem partido), publicou no <a href=\"https:\/\/www.in.gov.br\/web\/dou\/-\/decreto-n-10.833-de-7-de-outubro-de-2021-351524955\">Di\u00e1rio Oficial<\/a> o <em>Decreto Presidencial 10.833\/2021<\/em> que flexibiliza substancialmente a aprova\u00e7\u00e3o de agrot\u00f3xicos no Brasil. O Decreto altera a Lei de Agrot\u00f3xicos e incorpora o que h\u00e1 de mais cr\u00edtico no Pacote do Veneno, segundo&nbsp; aponta uma <a href=\"https:\/\/contraosagrotoxicos.org\/nota-tecnica-sobre-o-decreto-10-833-de-07-de-outubro-de-2021-que-altera-a-regulamentacao-da-lei-de-agrotoxicos\/\">nota t\u00e9cnica<\/a> publicada nesta quarta-feira (27).<\/p>\n\n<p>S<em>aiba mais:<\/em> <br><a href=\"https:\/\/www.greenpeace.org\/brasil\/blog\/veneno-no-prato-dos-outros-e-refresco\/\" data-type=\"URL\" data-id=\"https:\/\/www.greenpeace.org\/brasil\/blog\/veneno-no-prato-dos-outros-e-refresco\/\"><em>Veneno no prato dos outros \u00e9 refresco<\/em><\/a><br><a href=\"https:\/\/www.greenpeace.org\/brasil\/blog\/pacote-do-veneno-pode-ser-votado-a-qualquer-momento\/\" data-type=\"URL\" data-id=\"https:\/\/www.greenpeace.org\/brasil\/blog\/pacote-do-veneno-pode-ser-votado-a-qualquer-momento\/\"><em>Pacote do Veneno pode ser votado a qualquer momento<\/em><\/a><\/p>\n\n<p>A nota foi redigida por pesquisadoras e pesquisadores da \u00e1rea da sa\u00fade, com contribui\u00e7\u00e3o de cientistas de diversas institui\u00e7\u00f5es, como a Funda\u00e7\u00e3o Oswaldo Cruz (Fiocruz) e a Associa\u00e7\u00e3o Brasileira de Sa\u00fade Coletiva (Abrasco), entidades do terceiro setor e legisladores.&nbsp;<\/p>\n\n<p>O documento re\u00fane os graves impactos que a medida ir\u00e1 trazer \u00e0 sa\u00fade humana, ao meio ambiente e \u00e0 agricultura brasileira. A manifesta\u00e7\u00e3o j\u00e1 conta com a ades\u00e3o de<a href=\"https:\/\/docs.google.com\/spreadsheets\/d\/1ODfNvkfAwbeG-9vzS_yDVLQ0iO-aHKcH8QUdRrGyTr4\/edit#gid=977398591\"> 135 pesquisadores e pesquisadoras, mais de 100 organiza\u00e7\u00f5es e coletivos da sociedade civil, e parlamentares da Frente Parlamentar Ambientalista.<\/a>&nbsp;<\/p>\n\n<p>A nota t\u00e9cnica destaca que a medida vai justamente na contram\u00e3o do que os mercados consumidores internacionais pregam e t\u00eam exigido: cadeias de fornecimento livres da destrui\u00e7\u00e3o de florestas, de agrot\u00f3xicos e socialmente justas.&nbsp;<\/p>\n\n<p>O Decreto tamb\u00e9m foi assinado \u00e0s v\u00e9speras da <a href=\"https:\/\/www.greenpeace.org\/brasil\/blog\/tudo-o-que-voce-precisa-saber-sobre-a-cop26-a-cupula-climatica-da-onu\/\" data-type=\"URL\" data-id=\"https:\/\/www.greenpeace.org\/brasil\/blog\/tudo-o-que-voce-precisa-saber-sobre-a-cop26-a-cupula-climatica-da-onu\/\">Confer\u00eancia Mundial do Clima (COP-26)<\/a> e, apesar de o modelo da&nbsp; agricultura brasileira, altamente dependente de qu\u00edmicos,&nbsp; estar diretamente relacionado \u00e0 quest\u00e3o clim\u00e1tica, o clamor por essa urg\u00eancia n\u00e3o acanhou o governo brasileiro em mais um retrocesso ambiental. Para a pesquisadora da Fiocruz e membro do grupo tem\u00e1tico Sa\u00fade e Ambiente da Abrasco, Karen Friederich, as altera\u00e7\u00f5es trazidas pelo decreto s\u00e3o muito preocupantes; \u201cdificultam o acesso a informa\u00e7\u00f5es relevantes para a sociedade e, principalmente, permitem que sejam registrados no pa\u00eds produtos muito t\u00f3xicos para a sa\u00fade das pessoas, como agrot\u00f3xicos reconhecidamente cancer\u00edgenos, que causam problemas hormonais e reprodutivos, al\u00e9m de malforma\u00e7\u00f5es em beb\u00eas\u201d, explica a pesquisadora.&nbsp;<\/p>\n\n<p>\u201cEsse decreto demonstra uma tremenda falta de seriedade do governo, ao empurrar para a sociedade o caminho escolhido por um setor apenas e n\u00e3o pela maioria da popula\u00e7\u00e3o. Esse caminho \u00e9 o do veneno, da prioriza\u00e7\u00e3o das <em>commodities<\/em> sobre alimentos de verdade,da fome e do esgotamento das fontes&#8221;, afirma Marina Lac\u00f4rte, porta-voz da Campanha de Agricultura e Alimenta\u00e7\u00e3o do Greenpeace.&nbsp;<\/p>\n\n<p>A sociedade j\u00e1 demonstrou que busca&nbsp; exatamente o oposto,&nbsp;ou seja,&nbsp; a <a href=\"https:\/\/contraosagrotoxicos.org\/todo-mundo-e-contra-o-pacote-do-veneno-menos-quem-lucra-com-agrotoxicos\/\">redu\u00e7\u00e3o de agrot\u00f3xicos<\/a>. Um caminho capaz de gradualmente transformar nossa agricultura em produtora de alimentos saud\u00e1veis capazes de nutrir a todos e que seja sustent\u00e1vel no sentido de realmente conservar os recursos e de se manter produzindo para as futuras gera\u00e7\u00f5es.&nbsp;<\/p>\n\n<p>&#8220;Esse caminho \u00e9 absolutamente poss\u00edvel a partir de pol\u00edticas p\u00fablicas e investimentos que deveriam estar vindo do Minist\u00e9rio da Agricultura e do Congresso, por\u00e9m nos dois lugares temos no comando lideran\u00e7as que querem agradar apenas aos seus interesses e os do presidente, exatamente o que fazem Tereza Cristina e Arthur Lira.\u201d,&nbsp; conclui Marina Lac\u00f4rte.<\/p>\n\n<h2 class=\"wp-block-heading\"><strong>Disfarce fajuto<\/strong><\/h2>\n\n<p>O atual decreto nada mais \u00e9 do que uma nova roupagem para o Pacote do Veneno, um Projeto de Lei de autoria do ex-senador Blairo Maggi. Essa \u00e9 a avalia\u00e7\u00e3o das organiza\u00e7\u00f5es que v\u00eam acompanhando o tema dos agrot\u00f3xicos e a flexibiliza\u00e7\u00e3o no registro e aprova\u00e7\u00e3o dessas subst\u00e2ncias, que tem batido recordes na atual gest\u00e3o da ministra da agricultura Tereza Cristina. O Pacote do Veneno j\u00e1 foi aprovado pelo Senado Federal e em 2018 tamb\u00e9m fora aprovado na Comiss\u00e3o Especial da C\u00e2mara onde tramitava, sob relatoria do Dep. Luiz Nishimori e a presid\u00eancia da ent\u00e3o Deputada Tereza Cristina, mesmo sob intenso protesto da sociedade. Na \u00e9poca, diversas organiza\u00e7\u00f5es p\u00fablicas se posicionaram contra a medida e quase dois milh\u00f5es de pessoas tamb\u00e9m assinaram um manifesto contra, e em favor da Pol\u00edtica Nacional de Redu\u00e7\u00e3o de Agrot\u00f3xicos (PNARA).&nbsp;<\/p>\n\n<p>O Decreto Presidencial \u00e9 tido ainda como ilegal e inconstitucional, pois, al\u00e9m de derrubar aspectos mais restritivos da Lei, facilitando&nbsp; o registro de subst\u00e2ncias cancer\u00edgenas, mutag\u00eanicas, teratog\u00eanicas, viola princ\u00edpios fundamentais garantidos pela Constitui\u00e7\u00e3o Federal, como os direitos \u00e0 alimenta\u00e7\u00e3o e ao um meio ambiente saud\u00e1veis.<\/p>\n\n<p>Se voc\u00ea \u00e9 contra a libera\u00e7\u00e3o de mais veneno assine j\u00e1: <a href=\"https:\/\/www.chegadeagrotoxicos.org.br\/\" data-type=\"URL\" data-id=\"https:\/\/www.chegadeagrotoxicos.org.br\/\">Chega de Agrot\u00f3xicos! <\/a><\/p>\n\n<p><\/p>\n<div class=\"EmptyMessage\">Block content is empty. Check the block&#8217;s settings or remove it.<\/div>","protected":false},"excerpt":{"rendered":"<p>\u00a0Pesquisadores, organiza\u00e7\u00f5es da sociedade civil e parlamentares lan\u00e7am nota t\u00e9cnica contra o Decreto 10.833\/2021, que altera a regulamenta\u00e7\u00e3o sobre uso e registro de agrot\u00f3xicos<\/p>\n","protected":false},"author":57,"featured_media":34715,"comment_status":"open","ping_status":"closed","sticky":false,"template":"","format":"standard","meta":{"ep_exclude_from_search":false,"p4_og_title":"","p4_og_description":"","p4_og_image":"","p4_og_image_id":"","p4_seo_canonical_url":"","p4_campaign_name":"not set","p4_local_project":"not set","p4_basket_name":"not set","p4_department":"","footnotes":""},"categories":[4],"tags":[18,23],"p4-page-type":[16],"class_list":["post-34714","post","type-post","status-publish","format-standard","has-post-thumbnail","hentry","category-ativismo","tag-agroecologia","tag-mobilizacao","p4-page-type-blog"],"_links":{"self":[{"href":"https:\/\/www.greenpeace.org\/brasil\/wp-json\/wp\/v2\/posts\/34714","targetHints":{"allow":["GET"]}}],"collection":[{"href":"https:\/\/www.greenpeace.org\/brasil\/wp-json\/wp\/v2\/posts"}],"about":[{"href":"https:\/\/www.greenpeace.org\/brasil\/wp-json\/wp\/v2\/types\/post"}],"author":[{"embeddable":true,"href":"https:\/\/www.greenpeace.org\/brasil\/wp-json\/wp\/v2\/users\/57"}],"replies":[{"embeddable":true,"href":"https:\/\/www.greenpeace.org\/brasil\/wp-json\/wp\/v2\/comments?post=34714"}],"version-history":[{"count":7,"href":"https:\/\/www.greenpeace.org\/brasil\/wp-json\/wp\/v2\/posts\/34714\/revisions"}],"predecessor-version":[{"id":35156,"href":"https:\/\/www.greenpeace.org\/brasil\/wp-json\/wp\/v2\/posts\/34714\/revisions\/35156"}],"wp:featuredmedia":[{"embeddable":true,"href":"https:\/\/www.greenpeace.org\/brasil\/wp-json\/wp\/v2\/media\/34715"}],"wp:attachment":[{"href":"https:\/\/www.greenpeace.org\/brasil\/wp-json\/wp\/v2\/media?parent=34714"}],"wp:term":[{"taxonomy":"category","embeddable":true,"href":"https:\/\/www.greenpeace.org\/brasil\/wp-json\/wp\/v2\/categories?post=34714"},{"taxonomy":"post_tag","embeddable":true,"href":"https:\/\/www.greenpeace.org\/brasil\/wp-json\/wp\/v2\/tags?post=34714"},{"taxonomy":"p4-page-type","embeddable":true,"href":"https:\/\/www.greenpeace.org\/brasil\/wp-json\/wp\/v2\/p4-page-type?post=34714"}],"curies":[{"name":"wp","href":"https:\/\/api.w.org\/{rel}","templated":true}]}}