{"id":34754,"date":"2021-11-02T10:16:44","date_gmt":"2021-11-02T13:16:44","guid":{"rendered":"https:\/\/www.greenpeace.org\/brasil\/?p=34754"},"modified":"2022-04-25T10:38:43","modified_gmt":"2022-04-25T13:38:43","slug":"cop26-o-brasil-e-parte-da-solucao-bolsonaro-e-o-problema","status":"publish","type":"post","link":"https:\/\/www.greenpeace.org\/brasil\/blog\/cop26-o-brasil-e-parte-da-solucao-bolsonaro-e-o-problema\/","title":{"rendered":"COP26:  O Brasil \u00e9 parte da solu\u00e7\u00e3o, Bolsonaro \u00e9 o problema"},"content":{"rendered":"\n<h4 class=\"wp-block-heading\"><em>O governo brasileiro anunciou metas clim\u00e1ticas mais ambiciosas somente no discurso; na pr\u00e1tica, s\u00e3o mentirosas e vazias de conte\u00fado<\/em><\/h4>\n\n<figure class=\"wp-block-image size-full\"><img loading=\"lazy\" decoding=\"async\" width=\"800\" height=\"534\" src=\"https:\/\/www.greenpeace.org\/static\/planet4-brasil-stateless\/2021\/11\/b822a8d7-gp1svzwv_web_size.jpg\" alt=\"\" class=\"wp-image-34755\" srcset=\"https:\/\/www.greenpeace.org\/static\/planet4-brasil-stateless\/2021\/11\/b822a8d7-gp1svzwv_web_size.jpg 800w, https:\/\/www.greenpeace.org\/static\/planet4-brasil-stateless\/2021\/11\/b822a8d7-gp1svzwv_web_size-300x200.jpg 300w, https:\/\/www.greenpeace.org\/static\/planet4-brasil-stateless\/2021\/11\/b822a8d7-gp1svzwv_web_size-768x513.jpg 768w, https:\/\/www.greenpeace.org\/static\/planet4-brasil-stateless\/2021\/11\/b822a8d7-gp1svzwv_web_size-510x340.jpg 510w\" sizes=\"auto, (max-width: 800px) 100vw, 800px\" \/><figcaption> Queimada e desmatamento na Amaz\u00f4nia para expans\u00e3o pecu\u00e1ria, em Candeias do Jamari, Rond\u00f4nia. A Amaz\u00f4nia segue encoberta pela fuma\u00e7a e marcada pela devasta\u00e7\u00e3o criminosa e sem controle. Foi o que comprovaram sobrevoos realizados pela Alian\u00e7a Amaz\u00f4nia em Chamas, formada pelas organiza\u00e7\u00f5es Amazon Watch, Greenpeace Brasil e Observat\u00f3rio do Clima. A expedi\u00e7\u00e3o ocorreu entre os dias 13 e 17 de setembro, nos munic\u00edpios de Porto Velho, Rond\u00f4nia, e L\u00e1brea, sul do Amazonas.<\/figcaption><\/figure>\n\n<p>Em um esfor\u00e7o ret\u00f3rico, o governo tenta limpar sua imagem de p\u00e1ria na diplomacia internacional, onde a quest\u00e3o clim\u00e1tica \u00e9 central, com promessas vazias e falsas solu\u00e7\u00f5es.<\/p>\n\n<p><strong>Maquiagem verde<\/strong><\/p>\n\n<p>Enquanto mais de 100 autoridades e chefes de Estado do mundo est\u00e3o em Glasgow, na 26\u00aa Confer\u00eancia da ONU sobre Mudan\u00e7as Clim\u00e1ticas, Bolsonaro preferiu n\u00e3o participar, e se pronunciou por meio de um discurso gravado, com menos de 3 minutos em tom desviante, para n\u00e3o dizer delirante, no qual pinta o Brasil atual como uma pot\u00eancia verde.&nbsp;<\/p>\n\n<p>Ser\u00e1 que em uma \u201cpot\u00eancia verde\u201d o presidente se esconderia no momento de um dos maiores acordos ambientais e clim\u00e1ticos da hist\u00f3ria? Ele disse ainda que: \u201cSempre fomos parte da solu\u00e7\u00e3o e n\u00e3o do problema\u201d. \u00c9, j\u00e1 fomos respeitados mesmo na COP mas, infelizmente, isso mudou. Esse governo, <a href=\"https:\/\/www.greenpeace.org\/brasil\/blog\/e-tao-tragico-a-corrida-pela-aprovacao-de-leis-anti-socioambientais\/\">aliado ao legislativo<\/a>, conseguiu nos tornar um problema para o mundo, com uma pol\u00edtica de destrui\u00e7\u00e3o da maior floresta tropical do planeta, do clima e dos direitos dos povos origin\u00e1rios. <\/p>\n\n<p>A verdade \u00e9 que somos o 6\u00ba pa\u00eds que mais emite gases de efeito estufa, sendo o <a href=\"https:\/\/www.greenpeace.org\/brasil\/blog\/deter-registra-segundo-pior-indice-nos-alertas-para-setembro\/\">desmatamento<\/a> a principal causa dessas emiss\u00f5es. E quais os resultados da pol\u00edtica de Bolsonaro em rela\u00e7\u00e3o a isso?<\/p>\n\n<ul class=\"wp-block-list\"><li>Nos primeiros mil dias de seu governo, completados no dia 27\/09 deste ano, a \u00e1rea desmatada na Amaz\u00f4nia subiu 74% em rela\u00e7\u00e3o ao mesmo per\u00edodo anterior \u00e0 sua posse.<\/li><li>O Brasil teve um aumento de 9,5% nas emiss\u00f5es em 2020 (em plena pandemia), enquanto a m\u00e9dia mundial registrou uma queda de quase 7%.<\/li><\/ul>\n\n<p>\u00c9 esse Brasil que protege o meio ambiente que ele quer vender? \u00c9 s\u00e9rio isso?<\/p>\n\n<p><strong>An\u00fancio de novas metas clim\u00e1ticas<\/strong><\/p>\n\n<p>Ap\u00f3s o v\u00eddeo de Jair Bolsonaro, foi a vez do ministro do Meio Ambiente, Joaquim Leite, anunciar as novas metas de redu\u00e7\u00e3o de emiss\u00f5es do Brasil para as NDCs (Contribui\u00e7\u00f5es Nacionais Determinadas). Vale lembrar que a COP26 tem como um de seus objetivos a revis\u00e3o das NDCs firmadas no Acordo de Paris, em 2015, com a apresenta\u00e7\u00e3o de metas, necessariamente, mais ambiciosas.&nbsp;<\/p>\n\n<p>E finalmente\u2026. a nova meta compromete o pa\u00eds a reduzir os gases de efeito estufa em 50% at\u00e9 2030 e formaliza a neutralidade de carbono at\u00e9 2050.<\/p>\n\n<p><strong>Hmm.. legal. No papel, \u00e9 mais ambiciosa, antes estava 43% at\u00e9 2030 e carbono neutro em 2060. \u00d3timo, n\u00e3o? Infelizmente, n\u00e3o.<\/strong><\/p>\n\n<p><em>\u201cO governo n\u00e3o explica como ser\u00e1 a base de c\u00e1lculo da redu\u00e7\u00e3o de emiss\u00f5es. \u00c9 importante que isso seja feito para que n\u00e3o haja nova <\/em><a href=\"https:\/\/g1.globo.com\/natureza\/noticia\/2021\/04\/14\/jovens-processam-governo-por-pedalada-climatica-e-pedem-anulacao-de-meta-brasileira-no-acordo-de-paris.ghtml\"><em>pedalada clim\u00e1tica<\/em><\/a><em>, como houve em dezembro de 2020, na \u00faltima reformula\u00e7\u00e3o das NDCs brasileiras. A mudan\u00e7a da base de c\u00e1lculo pode fazer com que se permita mais emiss\u00f5es que nas metas passadas\u201d, <\/em>afirma Fabiana Alves, coordenadora de Clima e Justi\u00e7a do Greenpeace Brasil.&nbsp;&nbsp;&nbsp;<\/p>\n\n<p>Quanto ao pa\u00eds se tornar carbono neutro at\u00e9 2050, \u00e9 mais uma promessa de um governo que avan\u00e7a com uma agenda anti ambiental e <a href=\"https:\/\/www.greenpeace.org\/brasil\/blog\/cop26-um-teste-para-humanidade-e-a-hora-da-acao\/\">traz falsas solu\u00e7\u00f5es<\/a>. Infelizmente, o setor privado agroexportador aliado ao governo brasileiro tem como objetivo a compensa\u00e7\u00e3o de emiss\u00f5es por meio do <a href=\"https:\/\/www.youtube.com\/watch?v=2nLvnwjdFl4\">mercado do carbono<\/a>, em vez de enfrentar uma agenda de mudan\u00e7a sist\u00eamica para limitarmos o aquecimento global a 1.5\u00baC focar em mecanismos de n\u00e3o mercado para pensar o financiamento de um mundo habit\u00e1vel para as novas gera\u00e7\u00f5es.<\/p>\n\n<p>Para isso, precisamos de um plano de a\u00e7\u00e3o clim\u00e1tica s\u00e9rio, com investimento em uma transi\u00e7\u00e3o energ\u00e9tica e <a href=\"https:\/\/www.greenpeace.org\/brasil\/blog\/o-papel-da-agroecologia-em-um-pais-que-ja-sente-a-crise-climatica-no-campo-no-bolso-e-no-prato\/\">agroecol\u00f3gica<\/a>, desmatamento zero e medidas de adapta\u00e7\u00e3o \u00e0 crise do clima, principalmente para as <a href=\"https:\/\/www.greenpeace.org\/brasil\/blog\/mudancas-climaticas-se-somam-a-outras-crises-no-brasil-e-aumentam-muros-da-desigualdade\/\">popula\u00e7\u00f5es mais vulnerabilizadas<\/a> pelos impactos das mudan\u00e7as clim\u00e1ticas.<\/p>\n","protected":false},"excerpt":{"rendered":"<p>O governo brasileiro anunciou metas clim\u00e1ticas mais ambiciosas somente no discurso; na pr\u00e1tica, s\u00e3o mentirosas e vazias de conte\u00fado<\/p>\n","protected":false},"author":67,"featured_media":34755,"comment_status":"open","ping_status":"closed","sticky":false,"template":"","format":"standard","meta":{"ep_exclude_from_search":false,"p4_og_title":"","p4_og_description":"","p4_og_image":"","p4_og_image_id":"","p4_seo_canonical_url":"","p4_campaign_name":"not set","p4_local_project":"not set","p4_basket_name":"not set","p4_department":"","footnotes":""},"categories":[48],"tags":[42],"p4-page-type":[16],"class_list":["post-34754","post","type-post","status-publish","format-standard","has-post-thumbnail","hentry","category-justica-climatica","tag-justica-climatica","p4-page-type-blog"],"_links":{"self":[{"href":"https:\/\/www.greenpeace.org\/brasil\/wp-json\/wp\/v2\/posts\/34754","targetHints":{"allow":["GET"]}}],"collection":[{"href":"https:\/\/www.greenpeace.org\/brasil\/wp-json\/wp\/v2\/posts"}],"about":[{"href":"https:\/\/www.greenpeace.org\/brasil\/wp-json\/wp\/v2\/types\/post"}],"author":[{"embeddable":true,"href":"https:\/\/www.greenpeace.org\/brasil\/wp-json\/wp\/v2\/users\/67"}],"replies":[{"embeddable":true,"href":"https:\/\/www.greenpeace.org\/brasil\/wp-json\/wp\/v2\/comments?post=34754"}],"version-history":[{"count":3,"href":"https:\/\/www.greenpeace.org\/brasil\/wp-json\/wp\/v2\/posts\/34754\/revisions"}],"predecessor-version":[{"id":34759,"href":"https:\/\/www.greenpeace.org\/brasil\/wp-json\/wp\/v2\/posts\/34754\/revisions\/34759"}],"wp:featuredmedia":[{"embeddable":true,"href":"https:\/\/www.greenpeace.org\/brasil\/wp-json\/wp\/v2\/media\/34755"}],"wp:attachment":[{"href":"https:\/\/www.greenpeace.org\/brasil\/wp-json\/wp\/v2\/media?parent=34754"}],"wp:term":[{"taxonomy":"category","embeddable":true,"href":"https:\/\/www.greenpeace.org\/brasil\/wp-json\/wp\/v2\/categories?post=34754"},{"taxonomy":"post_tag","embeddable":true,"href":"https:\/\/www.greenpeace.org\/brasil\/wp-json\/wp\/v2\/tags?post=34754"},{"taxonomy":"p4-page-type","embeddable":true,"href":"https:\/\/www.greenpeace.org\/brasil\/wp-json\/wp\/v2\/p4-page-type?post=34754"}],"curies":[{"name":"wp","href":"https:\/\/api.w.org\/{rel}","templated":true}]}}