{"id":34766,"date":"2021-11-05T14:18:39","date_gmt":"2021-11-05T17:18:39","guid":{"rendered":"https:\/\/www.greenpeace.org\/brasil\/?p=34766"},"modified":"2021-11-05T14:18:41","modified_gmt":"2021-11-05T17:18:41","slug":"garanta-o-seu-calendario-greenpeace-2022-edicao-historica-30-anos-de-ativismo-no-brasil","status":"publish","type":"post","link":"https:\/\/www.greenpeace.org\/brasil\/blog\/garanta-o-seu-calendario-greenpeace-2022-edicao-historica-30-anos-de-ativismo-no-brasil\/","title":{"rendered":"Garanta o seu calend\u00e1rio Greenpeace 2022 &#8211; Edi\u00e7\u00e3o hist\u00f3rica: 30 Anos de Ativismo no Brasil"},"content":{"rendered":"\n<p>Em 2022 voc\u00ea vai poder lembrar, todos os dias, que ajudou a natureza de diferentes maneiras. \u00c9 que, doando para o Greenpeace pela&nbsp;<a rel=\"noreferrer noopener\" href=\"https:\/\/nova.kickante.com.br\/crowdfunding\/calendario-greenpeace-2022?&amp;entrypoint=blogcalendario2022&amp;utm_campaign=calendario2022&amp;utm_medium=fundraising&amp;utm_source=blog\" data-type=\"URL\" target=\"_blank\"><strong>nossa campanha na Kickante<\/strong><\/a>, voc\u00ea recebe um calend\u00e1rio com lindas fotos, que contam a hist\u00f3ria de ativismo do Greenpeace Brasil. <\/p>\n\n<figure class=\"wp-block-image size-full\"><img loading=\"lazy\" decoding=\"async\" width=\"800\" height=\"413\" src=\"https:\/\/www.greenpeace.org\/static\/planet4-brasil-stateless\/2021\/11\/bc37dcae-calenda\u2560urio-1.png\" alt=\"\" class=\"wp-image-34791\" srcset=\"https:\/\/www.greenpeace.org\/static\/planet4-brasil-stateless\/2021\/11\/bc37dcae-calenda\u2560urio-1.png 800w, https:\/\/www.greenpeace.org\/static\/planet4-brasil-stateless\/2021\/11\/bc37dcae-calenda\u2560urio-1-300x155.png 300w, https:\/\/www.greenpeace.org\/static\/planet4-brasil-stateless\/2021\/11\/bc37dcae-calenda\u2560urio-1-768x396.png 768w, https:\/\/www.greenpeace.org\/static\/planet4-brasil-stateless\/2021\/11\/bc37dcae-calenda\u2560urio-1-510x263.png 510w\" sizes=\"auto, (max-width: 800px) 100vw, 800px\" \/><figcaption>Calend\u00e1rio Greenpeace 2022 \u2013 Edi\u00e7\u00e3o hist\u00f3rica: 30 Anos de Ativismo no Brasil<\/figcaption><\/figure>\n\n<p>Uma hist\u00f3ria de coragem, independ\u00eancia, solidariedade, resili\u00eancia e, sobretudo, amor \u00e0 incr\u00edvel natureza do nosso pa\u00eds. Estes s\u00e3o os valores que o Greenpeace Brasil vem transmitindo ao longo do caminho. E para voc\u00ea, que se identifica com esses valores e tamb\u00e9m os pratica no seu dia a dia, nada melhor do que ter ao seu lado uma grande fonte de inspira\u00e7\u00e3o: a hist\u00f3ria dos 30 anos de ativismo do Greenpeace Brasil.&nbsp;&nbsp;<\/p>\n\n<p>A cada m\u00eas, uma imagem sobre um evento marcante da nossa trajet\u00f3ria. E tamb\u00e9m as datas mais relevantes sobre o meio ambiente, al\u00e9m dos feriados nacionais. O design permite a visualiza\u00e7\u00e3o do m\u00eas inteiro, facilitando o planejamento das suas atividades.<\/p>\n\n<p>E os motivos para participar dessa campanha v\u00e3o muito al\u00e9m da decora\u00e7\u00e3o do seu espa\u00e7o de trabalho (o que n\u00e3o deixa de ser muito legal \ud83d\ude00) :&nbsp;<\/p>\n\n<p><strong>1. Para ajudar o Greenpeace Brasil a prosseguir em sua hist\u00f3ria de ativismo ambiental. <\/strong>Sua doa\u00e7\u00e3o vai nos apoiar em atividades como monitorar e expor crimes ambientais na Amaz\u00f4nia ou em outro bioma, denunciando e cobrando governos e empresas que insistem em lucrar \u00e0s custas da destrui\u00e7\u00e3o do nosso planeta.<\/p>\n\n<p><strong>2.&nbsp; Porque o Greenpeace Brasil \u00e9 independente e aceita doa\u00e7\u00f5es apenas de pessoas f\u00edsicas. <\/strong>Para realizar as nossas a\u00e7\u00f5es, contamos somente com doa\u00e7\u00f5es de pessoas solid\u00e1rias como voc\u00ea, pois somos independentes, n\u00e3o aceitamos recursos de governos, partidos pol\u00edticos ou empresas, podendo assim denunciar qualquer pessoa que cometa crimes contra o meio ambiente.<\/p>\n\n<p><strong>3. Para ganhar calend\u00e1rios <em>Greenpeace 2022 \u2013 30 Anos de Ativismo no Brasil<\/em>.<\/strong> Uma recompensa hist\u00f3rica para a sua doa\u00e7\u00e3o e um \u00f3timo presente para pessoas amigas.<\/p>\n\n<p><strong>4. Para ganhar um Certificado Digital. <\/strong>Junto com seus calend\u00e1rios, voc\u00ea ganha tamb\u00e9m um Certificado Digital de Doador do Greenpeace Brasil, para compartilhar nas suas redes sociais, usar no seu computador como papel de parede ou tamb\u00e9m imprimir e expor onde quiser, registrando sua participa\u00e7\u00e3o nessa importante campanha.<\/p>\n\n<p><strong>5. Para ganhar exemplares da cole\u00e7\u00e3o Momentos Hist\u00f3ricos do Greeenpeace Brasil. <\/strong>Dependendo do valor da sua doa\u00e7\u00e3o, voc\u00ea ganha um ou mais Momentos Hist\u00f3ricos, que s\u00e3o reprodu\u00e7\u00f5es fotogr\u00e1ficas de a\u00e7\u00f5es memor\u00e1veis de ativismo do Greenpeace Brasil, no tamanho A1 (84,1 cm x 59,4 cm), para enquadrar e pendurar no seu ambiente preferido.<\/p>\n\n<p><strong><strong>Assista ao v\u00eddeo abaixo para saber mais sobre a atua\u00e7\u00e3o do Greenpeace e veja mais detalhes do Calend\u00e1rio Greenpeace 2022 \u2013 Edi\u00e7\u00e3o hist\u00f3rica: 30 Anos de Ativismo no Brasil<\/strong><\/strong><\/p>\n\n<figure class=\"wp-block-embed is-type-video is-provider-youtube wp-block-embed-youtube wp-embed-aspect-16-9 wp-has-aspect-ratio\"><div class=\"wp-block-embed__wrapper\">\n<lite-youtube style=\"background-image: url('https:\/\/i.ytimg.com\/vi\/XN7AQnIJ_E8\/hqdefault.jpg');\" videoid=\"XN7AQnIJ_E8\" params=\"rel=0\"><\/lite-youtube>\n<\/div><\/figure>\n\n<div class=\"wp-block-buttons is-content-justification-center is-layout-flex wp-block-buttons-is-layout-flex\">\n<div class=\"wp-block-button is-style-cta\"><a class=\"wp-block-button__link\" href=\"https:\/\/nova.kickante.com.br\/crowdfunding\/calendario-greenpeace-2022?&amp;entrypoint=blogcalendario2022&amp;utm_campaign=calendario2022&amp;utm_medium=fundraising&amp;utm_source=blog\" target=\"_blank\" rel=\"noreferrer noopener\">Fa\u00e7a uma doa\u00e7\u00e3o agora e garanta o seu calend\u00e1rio<\/a><\/div>\n<\/div>\n\n<p><\/p>\n","protected":false},"excerpt":{"rendered":"<p>Uma hist\u00f3ria de coragem, independ\u00eancia, solidariedade, resili\u00eancia e, sobretudo, amor \u00e0 incr\u00edvel natureza do nosso pa\u00eds. Estes s\u00e3o os valores que o Greenpeace Brasil vem transmitindo ao longo do caminho.&hellip;<\/p>\n","protected":false},"author":85,"featured_media":34791,"comment_status":"open","ping_status":"closed","sticky":false,"template":"","format":"standard","meta":{"ep_exclude_from_search":false,"p4_og_title":"","p4_og_description":"","p4_og_image":"","p4_og_image_id":"","p4_seo_canonical_url":"","p4_campaign_name":"not set","p4_local_project":"not set","p4_basket_name":"not set","p4_department":"","footnotes":""},"categories":[5],"tags":[13],"p4-page-type":[16],"class_list":["post-34766","post","type-post","status-publish","format-standard","has-post-thumbnail","hentry","category-greenpeace","tag-greenpeace","p4-page-type-blog"],"_links":{"self":[{"href":"https:\/\/www.greenpeace.org\/brasil\/wp-json\/wp\/v2\/posts\/34766","targetHints":{"allow":["GET"]}}],"collection":[{"href":"https:\/\/www.greenpeace.org\/brasil\/wp-json\/wp\/v2\/posts"}],"about":[{"href":"https:\/\/www.greenpeace.org\/brasil\/wp-json\/wp\/v2\/types\/post"}],"author":[{"embeddable":true,"href":"https:\/\/www.greenpeace.org\/brasil\/wp-json\/wp\/v2\/users\/85"}],"replies":[{"embeddable":true,"href":"https:\/\/www.greenpeace.org\/brasil\/wp-json\/wp\/v2\/comments?post=34766"}],"version-history":[{"count":12,"href":"https:\/\/www.greenpeace.org\/brasil\/wp-json\/wp\/v2\/posts\/34766\/revisions"}],"predecessor-version":[{"id":36134,"href":"https:\/\/www.greenpeace.org\/brasil\/wp-json\/wp\/v2\/posts\/34766\/revisions\/36134"}],"wp:featuredmedia":[{"embeddable":true,"href":"https:\/\/www.greenpeace.org\/brasil\/wp-json\/wp\/v2\/media\/34791"}],"wp:attachment":[{"href":"https:\/\/www.greenpeace.org\/brasil\/wp-json\/wp\/v2\/media?parent=34766"}],"wp:term":[{"taxonomy":"category","embeddable":true,"href":"https:\/\/www.greenpeace.org\/brasil\/wp-json\/wp\/v2\/categories?post=34766"},{"taxonomy":"post_tag","embeddable":true,"href":"https:\/\/www.greenpeace.org\/brasil\/wp-json\/wp\/v2\/tags?post=34766"},{"taxonomy":"p4-page-type","embeddable":true,"href":"https:\/\/www.greenpeace.org\/brasil\/wp-json\/wp\/v2\/p4-page-type?post=34766"}],"curies":[{"name":"wp","href":"https:\/\/api.w.org\/{rel}","templated":true}]}}